{"id":5322,"date":"2019-07-13T07:52:22","date_gmt":"2019-07-13T07:52:22","guid":{"rendered":"https:\/\/htb.com.pl\/?p=5322"},"modified":"2019-08-25T08:38:28","modified_gmt":"2019-08-25T08:38:28","slug":"koalicja-trwa-i-trwa-mac","status":"publish","type":"post","link":"https:\/\/htb.com.pl\/?p=5322","title":{"rendered":"&#8220;Koalicja trwa i trwa ma\u0107&#8221;"},"content":{"rendered":"\n<figure class=\"wp-block-image\"><img loading=\"lazy\" decoding=\"async\" width=\"730\" height=\"400\" src=\"https:\/\/htb.com.pl\/wp-content\/uploads\/2019\/07\/Susza.jpg\" alt=\"\" class=\"wp-image-5640\" srcset=\"https:\/\/htb.com.pl\/wp-content\/uploads\/2019\/07\/Susza.jpg 730w, https:\/\/htb.com.pl\/wp-content\/uploads\/2019\/07\/Susza-300x164.jpg 300w, https:\/\/htb.com.pl\/wp-content\/uploads\/2019\/07\/Susza-600x329.jpg 600w\" sizes=\"auto, (max-width: 730px) 100vw, 730px\" \/><\/figure>\n\n\n\n<p><\/p>\n\n\n\n<figure class=\"wp-block-image\"><a href=\"https:\/\/htb.com.pl\/wp-content\/uploads\/2019\/08\/z\u0142o-i-dobro.mp3\"><img loading=\"lazy\" decoding=\"async\" width=\"150\" height=\"150\" src=\"https:\/\/htb.com.pl\/wp-content\/uploads\/2018\/04\/posluchaj-150x150.jpg\" alt=\"\" class=\"wp-image-2020\" srcset=\"https:\/\/htb.com.pl\/wp-content\/uploads\/2018\/04\/posluchaj-150x150.jpg 150w, https:\/\/htb.com.pl\/wp-content\/uploads\/2018\/04\/posluchaj-300x300.jpg 300w, https:\/\/htb.com.pl\/wp-content\/uploads\/2018\/04\/posluchaj-100x100.jpg 100w\" sizes=\"auto, (max-width: 150px) 100vw, 150px\" \/><\/a><\/figure>\n\n\n\n<p>Ten dowcipny zwrot Waldemara Pawlaka z czas\u00f3w koalicji PSL SLD, kt\u00f3ra dzi\u015b podobno nie jest mo\u017cliwa, pr\u00f3bowa\u0142 przytoczy\u0107 Pan Jaros\u0142aw Kaczy\u0144ski na konwencji PiS w Katowicach. Jak zwykle m\u00f3wi\u0142 z g\u0142owy, czyli z niczego i nic do powiedzenia nie mia\u0142. Podobnie premier Mateusz Morawiecki &#8211; nauczyli\u015bmy si\u0119 wygrywa\u0107, powiedzia\u0142. Szkoda, \u017ce rz\u0105dzi\u0107 si\u0119 nie nauczyli\u015bcie &#8211; pomy\u015bla\u0142em, gdy to us\u0142ysza\u0142em. By\u0142o jeszcze o sadzeniu drzew ale to do swoich premier m\u00f3wi\u0142, tych bez wyobra\u017ani, 500 milion\u00f3w drzew do ko\u0144ca 2019 roku nie da si\u0119 posadzi\u0107.  No ale jak chodzi o wygrywanie wybor\u00f3w, to rzeczywi\u015bcie musz\u0119 przyzna\u0107, \u017ce umiej\u0119tno\u015b\u0107 t\u0105 \u017ali politycy w Polsce opanowali do perfekcji. Poza rozdawaniem naszych pieni\u0119dzy w programie jest jeszcze; LGBT, seks i przekop mierzei. Nawet Zbigniew Ziobro mia\u0142 ideologiczn\u0105 wypowied\u017a &#8211; o seksualizacji dzieci. I tylko Jaros\u0142aw Gowin pozytywnie  mnie zaskoczy\u0142. Powiedzia\u0142, \u017ce musimy wybudowa\u0107 elektrownie atomow\u0105 &#8211; brawo. Boj\u0119 si\u0119 jednak, \u017ce to nie to b\u0119dzie j\u0119zyczkiem uwagi w kampanii wyborczej do Sejmu i Senatu. \u0179li politycy zauwa\u017cyli bowiem, \u017ce po podpisaniu deklaracji LGBT+ dla Warszawy, przez prezydenta Rafa\u0142a Trzaskowskiego, opowiadaj\u0105c o tym  bzdury, mo\u017cna zmobilizowa\u0107 sw\u00f3j elektorat.  Teraz nadal b\u0119d\u0105 gra\u0107 t\u0105 kart\u0105, maj\u0105 wsparcie biskup\u00f3w, kt\u00f3rzy popieraj\u0105c te brednie maj\u0105 nadziej\u0119 wyj\u015b\u0107 z impasu w jaki popadli przez pedofili\u0119 w ko\u015bciele. To wszystko ideologia, to nie przyczyni si\u0119 do poprawy klimatu, nie spowoduje, \u017ce powstan\u0105 nowe mieszkania, autostrady, nie wywo\u0142a szczerego u\u015bmiechu na naszych twarzach. Sk\u0142\u00f3ci nas tylko jeszcze bardziej, co ucieszy Rosjan &#8211; tych z GRU.<\/p>\n\n\n\n<div class=\"wp-block-media-text alignwide\"><figure class=\"wp-block-media-text__media\"><img decoding=\"async\" src=\"https:\/\/htb.com.pl\/wp-content\/uploads\/2019\/07\/Egipt.jpg\" alt=\"\" class=\"wp-image-5496\"\/><\/figure><div class=\"wp-block-media-text__content\">\n<p class=\"has-medium-font-size\"><a href=\"https:\/\/htb.com.pl\/?product=egipt-przewodnik-ilustrowany\">Warto to przeczyta\u0107 i zobaczy\u0107.<\/a><\/p>\n<\/div><\/div>\n\n\n\n<p>Pad\u0142 rekord temperatury czerwca &#8211; w Radzyniu w&nbsp;woj. lubuskim odnotowano temperatur\u0119 38,2\u2103. Za to w Jakuszycach noc\u0105 temperatura spad\u0142a poni\u017cej zera, to jak na pustyni. Moja \u017bona Dorotka pokazuje mi wilgotno\u015b\u0107 powietrza na naszej &#8220;stacji pogodowej&#8221; 36%, to dlatego ciep\u0142o znika gdy s\u0142o\u0144ce zajdzie m\u00f3wi. Wiem &#8220;kacze&#8221;, przecie\u017c znam si\u0119 na suszeniu drewna. To nie temperatura powoduje, \u017ce drewno schnie. Temperatura jest jedynie jednym z czynnik\u00f3w, g\u0142\u00f3wnie to niska wilgotno\u015b\u0107 wzgl\u0119dna powietrza w suszarni powoduje, \u017ce drewno wysycha. Warunki jakie stworzyli\u015bmy w Polsce, coraz bardziej przypominaj\u0105 te w suszarni do drewna. Tam jednak mo\u017cna regulowa\u0107 obni\u017canie wilgotno\u015bci powietrza w\u0142\u0105czaj\u0105c lub wy\u0142\u0105czaj\u0105c  zraszanie. Steruje tym do\u015bwiadczony suszarnik, cz\u0119sto wspomagany przez komputer. Tarcica musi schn\u0105\u0107 szybko ale nie mo\u017ce pop\u0119ka\u0107 &#8211; to jest sztuka. W naturze wilgotno\u015b\u0107 powietrza reguluje deszcz albo woda ze zbiornik\u00f3w naturalnych, czy retencyjnych, wybudowanych przez cz\u0142owieka. Tylko, \u017ce wody w Polsce te\u017c nie ma. Chocia\u017c le\u017cymy w Europie, to wody mamy tyle co Egipt, kt\u00f3ry le\u017cy w Afryce. Ja wiem co si\u0119 dzieje z tarcic\u0105 jak nawali zraszacz w suszarni &#8211; nawet nie chc\u0119 sobie wyobra\u017ca\u0107, co mo\u017ce si\u0119 sta\u0107 z naszymi lasami, polami &#8211; i z nami. Rz\u0105dzenie to te\u017c sztuka, a rz\u0105dzenie krajem to co\u015b co wymaga nie tylko do\u015bwiadczenia, czy intuicji. \u017beby dobrze dowodzi\u0107, trzeba mie\u0107 szcz\u0119\u015bcie, mawia\u0142 Napoleon Bonaparte. Polska nie ma szcz\u0119\u015bcia do takich rz\u0105dz\u0105cych i tak jest<a href=\"https:\/\/htb.com.pl\/?p=1219\"> od czas\u00f3w upadku Jagiellon\u00f3w<\/a>, wiec raczej tego nie zmienimy. To mo\u017ce przesta\u0144my chrzani\u0107 o LGBT i naprawmy &#8220;sterowanie&#8221;. \u017beby sterowanie dzia\u0142a\u0142o musi by\u0107 procesor, taka Konstytucja, kt\u00f3ra-y pozwoli na dzia\u0142anie tylko pod pewnymi \u015bci\u015ble okre\u015blonymi warunkami i uruchomi sterownik &#8211; rz\u0105d, kt\u00f3ry wyda odpowiednie decyzje, te decyzje musi zaakceptowa\u0107 Parlament, taki bezpiecznik, \u017ceby dzia\u0142anie by\u0142o odporne na g\u0142upot\u0119. W tym procesie bardzo wa\u017cny jest czerwony grzybek, to wy\u0142\u0105cznik bezpiecze\u0144stwa &#8211; prezydent. Ma on weto do ustaw, mo\u017ce wy\u0142\u0105czy\u0107 ka\u017cd\u0105 g\u0142upot\u0119, kt\u00f3r\u0105 przeoczy\u0142 Parlament, zanim ta narobi szk\u00f3d. Teraz w Polsce wszystko jest &#8220;zmostkowane&#8221;, kto\u015b to w\u0142\u0105czy\u0142 i tak sobie dzia\u0142a. Nie ma Konstytucji, Parlamentu, rz\u0105du, a prezydent zamiast pilnowa\u0107 &#8220;grzybka&#8221;, udaje procesor. Pan Jaros\u0142aw Kaczy\u0144skie, te\u017c chce wszystkim sterowa\u0107, to pot\u0119guje ba\u0142agan, jak cho\u0107by problemy z rekrutacj\u0105 podw\u00f3jnego rocznika do szk\u00f3\u0142 ponadpodstawowych i ponadgimnazjalnych. Tu celem nie jest wysuszenie tarcicy ale jej suszenie &#8211; rz\u0105dzenie za wszelk\u0105 cen\u0119, to b\u0119dzie wysoka cena. Zabraknie kasy na pr\u0105d, opa\u0142, a potem na wyp\u0142at\u0119 dla ludzi. <a href=\"https:\/\/htb.com.pl\/?p=155\"> Ju\u017c tak by\u0142o jak rz\u0105dzi\u0142 AWS &#8211; dziura Bauca.<\/a>  Nie da si\u0119 pracowa\u0107 bez sterowania. Oczywi\u015bcie mo\u017cna poblokowa\u0107 wszelkie zabezpieczenia i wmawia\u0107 wszystkim, \u017ce tak ma by\u0107. Jak Pan prezydent Duda w Sosnowcu, gdy m\u00f3wi\u0142, \u017ce to suweren rz\u0105dzi &#8211; a w\u0142a\u015bciwie  to on prezydent, wybrany przez suwerena ma prawo najwy\u017csze, a nie jaka\u015b tam Konstytucja czy S\u0105dy.<\/p>\n\n\n\n<p>Moja dziewczyna Marysia w 1986 roku m\u00f3wi\u0142a, \u017ce tak rz\u0105dzi w\u0142oska mafia. Bardzo \u0142atwo przekszta\u0142ci\u0107 rz\u0105dy demokratyczne w  system mafijny. W swoim kalendarzu mia\u0142a zapisan\u0105 definicj\u0119 czym jest mafia. Cz\u0119sto j\u0105 czyta\u0142a, aby jej decyzje nie mia\u0142y znamion mafijnych. Do polityk\u00f3w, nie tylko z\u0142ych &#8211; Kochani, zapiszcie sobie t\u0105 definicj\u0119 i czytajcie. Marysia to bardzo m\u0105dra dziewczyna by\u0142a, skoro ona tak robi\u0142a, znaczy tak trzeba.<\/p>\n\n\n\n<blockquote class=\"wp-block-quote is-layout-flow wp-block-quote-is-layout-flow\"><p><a href=\"https:\/\/htb.com.pl\/?p=1485\"> \u201cTo organizacja z\u0142oczy\u0144c\u00f3w, maj\u0105ca na celu nielegalne bogacenie si\u0119 jej cz\u0142onk\u00f3w i wyst\u0119puj\u0105ca jako paso\u017cytniczy po\u015brednik, narzucony przemoc\u0105, mi\u0119dzy w\u0142asno\u015bci\u0105 a prac\u0105, produkcj\u0105 a konsumpcj\u0105, mi\u0119dzy obywatelem a pa\u0144stwem. Mafia to kapitalizm paso\u017cytniczy, kt\u00f3ry zarabia, ale nie kreuje niczego, poza z\u0142em&#8221;<\/a><\/p><p><\/p><p><\/p><\/blockquote>\n\n\n\n<p>Kto\u015b mo\u017ce zaprotestowa\u0107. Nasza w\u0142adza nie zosta\u0142a narzucona przemoc\u0105. Naprawd\u0119 &#8211; a szykany wobec S\u0119dzi\u00f3w, Prokurator\u00f3w, ludzi dla kt\u00f3rych LGBT to normalno\u015b\u0107? K\u0142amanie w kampanii wyborczej, przekupywanie grup wyborc\u00f3w, to co to jest &#8211; demokracja? A sprawa Srebrnej &#8211; tak dzia\u0142a prokuratura w pa\u0144stwie demokratycznym? Prosz\u0119 wyobrazi\u0107 sobie siebie na miejscu pana  Geralda Birgfellnera, kt\u00f3ry twierdzi, \u017ce jest poszkodowany przez Jaros\u0142awa Kaczy\u0144skiego, a Prokuratura tak rozpoznawa\u0142a jego spraw\u0119, \u017ce go\u015b\u0107 odpu\u015bci\u0142.<\/p>\n\n\n\n<p>Tu znowu powr\u00f3c\u0119 do Marysi, do  do 1986 roku, gdy sytuacja w Polsce zacz\u0119\u0142a si\u0119 stabilizowa\u0107 po stanie wojennym i r\u00f3\u017cne si\u0142y pr\u00f3bowa\u0142y w\u0142adz\u0119  przej\u0105\u0107. Zab\u00f3jstwo ks. Jerzego Popie\u0142uszki by\u0142o tym, co mia\u0142o t\u0105 stabilizacj\u0119 podwa\u017cy\u0107, mia\u0142o zdyskredytowa\u0107 genera\u0142a Wojciecha Jaruzelskiego. By\u0142 to du\u017cy cios i problem dla Papie\u017ca Jana Paw\u0142a II, on stawia\u0142 na Jaruzelskiego. Dlatego z delegacj\u0105 papieskiego nuncjusza &nbsp;Francesco Colasuonno,  9 kwietnia 1986 roku, na paszporcie dyplomatycznym do Polski przyby\u0142a Marysia i jej <a href=\"https:\/\/htb.com.pl\/?p=3534\">zielona skrzynia z broni\u0105<\/a>. Wiem, \u017ce ta bro\u0144 uratowa\u0142a \u017cycie wielu ludziom &#8211; bardzo wielu. Pami\u0119tam wypowied\u017a pana Korwina Mikke, kt\u00f3ry z \u017calem w g\u0142osie m\u00f3wi\u0142, czemu w Polsce nie ma zamach\u00f3w terrorystycznych; bo gdyby kto\u015b pod\u0142o\u017cy\u0142 bomb\u0119, to kto\u015b inny by ja ukrad\u0142 &#8211; powiedzia\u0142 pan Mikke. R\u00f3wnie\u017c dzi\u015b ten jego \u017cal mo\u017cna zaobserwowa\u0107 u wielu z\u0142ych polityk\u00f3w. Nie &#8211; Kochani, to nasze s\u0142u\u017cby, dobrze dzia\u0142a\u0142y, to ci co dzi\u015b nie maj\u0105 na leki,<a href=\"https:\/\/htb.com.pl\/?product=balsam-q-500-ml\"><img loading=\"lazy\" decoding=\"async\" width=\"150\" height=\"150\" class=\"wp-image-4144\" style=\"width: 150px;\" src=\"https:\/\/htb.com.pl\/wp-content\/uploads\/2019\/06\/odle\u017cyny.png\" alt=\"\" srcset=\"https:\/\/htb.com.pl\/wp-content\/uploads\/2019\/06\/odle\u017cyny.png 800w, https:\/\/htb.com.pl\/wp-content\/uploads\/2019\/06\/odle\u017cyny-150x150.png 150w, https:\/\/htb.com.pl\/wp-content\/uploads\/2019\/06\/odle\u017cyny-300x300.png 300w, https:\/\/htb.com.pl\/wp-content\/uploads\/2019\/06\/odle\u017cyny-768x768.png 768w, https:\/\/htb.com.pl\/wp-content\/uploads\/2019\/06\/odle\u017cyny-600x600.png 600w, https:\/\/htb.com.pl\/wp-content\/uploads\/2019\/06\/odle\u017cyny-100x100.png 100w\" sizes=\"auto, (max-width: 150px) 100vw, 150px\" \/><\/a>bo okrojono ich emerytury. Oni inaczej umawiali si\u0119 z Polsk\u0105, cz\u0119sto nara\u017cali dla niej \u017cycie, nierzadko gin\u0119li. Je\u017celi pope\u0142nili przest\u0119pstwo to jest Sad &#8211; a nie jaki\u015b pajac, tylko przez pomy\u0142k\u0119 zwany politykiem. Tu musz\u0119 doda\u0107, \u017ce walka o kt\u00f3rej teraz pisz\u0119 nie dotyczy\u0142a opozycji solidarno\u015bciowej, to ob\u00f3z w\u0142adzy by\u0142 podzielony. Wielu nie podoba\u0142y si\u0119 przemiany demokratyczne, to by\u0142o zagro\u017cenie i tam by\u0142 front walki dobra ze z\u0142em, kt\u00f3rego jak si\u0119 okaza\u0142o nie da si\u0119 dobrem zwyci\u0119\u017cy\u0107. Dlatego Majka ze swoimi lud\u017ami  walczy\u0142a z tym z\u0142em, ich dzia\u0142ania to nie by\u0142o dobro ale koszt zwyci\u0119stwa dobra nad z\u0142em. Dzi\u015b nikt o tym nie m\u00f3wi, ka\u017cdy sobie przypisuje to zwyci\u0119stwo. Tylko dlaczego tak wielu chce go zamieni\u0107 w kl\u0119sk\u0119? Tu prym wiedzie ob\u00f3z Pana Jaros\u0142awa Kaczy\u0144skiego, otoczyli go dawni przegrani dzia\u0142acze PZPR i <em>apiat ad nawa<\/em> chc\u0105 rewolucj\u0119 robi\u0107. Niech Pan pogoni tych ludzi Panie Jaros\u0142awie, w <a href=\"https:\/\/htb.com.pl\/?p=2699\">Kancelarii Prezydenta, te\u017c nale\u017ca\u0142oby  przewietrzy\u0107<\/a>.<\/p>\n\n\n\n<p>Energetyka &#8211; tu po roku 1990 ponosimy same kl\u0119ski.  Zlikwidowanie buduj\u0105cej si\u0119 elektrowni j\u0105drowej w \u017barnowcu przez premiera Tadeusza Mazowieckiego, stawanie &#8220;okoniem&#8221; w sprawie Nord Stream, czy stawianie na w\u0119giel &#8211; to moim zdaniem najwi\u0119ksze b\u0142\u0119dy. Wybudowano  terminal do gazu LNG im. Prezydenta Lecha Kaczy\u0144skiego w \u015awinouj\u015bciu. Ma on dywersyfikowa\u0107 dostawy gazu i uniezale\u017cni\u0107 nas od dostaw rosyjskich.  Rosjanie do Europy Zachodniej musz\u0105 dostarcza\u0107 gaz, robili to nawet w czasie &#8220;zimnej wojny&#8221;. Co my chcemy osi\u0105gn\u0105\u0107 kupuj\u0105c drogi ameryka\u0144ski gaz? Za rosyjski, za 1000 m3 p\u0142acimy poni\u017cej 200 USD. w Stanach tyle kosztuje 148 USD ale trzeba jeszcze przygotowa\u0107 go do skroplenia i skropli\u0107, to 129 USD, przetransportowa\u0107 21 USD, i regazyfikowa\u0107 (rozpr\u0119\u017cy\u0107) 18 USD. Razem za 1000 m3 ameryka\u0144ski gaz kosztuje 316 USD, to 60 % dro\u017cej! Jest jednak co\u015b jeszcze, Rosjanie te\u017c potrafi\u0105 gaz skrapla\u0107.<a href=\"https:\/\/htb.com.pl\/?p=1083\"> Dostarczali taki Amerykanom jak im zabrak\u0142o<\/a>, oni si\u0119 znaj\u0105. S\u0142ysza\u0142em, \u017ce ten &#8220;ameryka\u0144ski&#8221; skroplony gaz, to z Rosji przyp\u0142ywa. Je\u017celi nawet to bujda, to tak b\u0119dzie, bo to jest biznes, a nie polityka.<\/p>\n\n\n\n<p>Okres Jagiellon\u00f3w (1386-1572) &#8211; byli\u015bmy wtedy najpot\u0119\u017cniejszym pa\u0144stwem Europy. W szkole by\u0142em odporny na przekazywan\u0105 tam wiedz\u0119 ale o Jagiellonach sporo wiem. To \u017ce powinni\u015bmy wzorowa\u0107 si\u0119 na tamtym okresie us\u0142ysza\u0142em od Marysi. K\u0142\u00f3ci\u0142a si\u0119 wtedy ze swoim ch\u0142opakiem, kt\u00f3ry namawia\u0142 ja do emigracji &#8211; m\u00f3wi\u0142, \u017ce w Polsce nigdy nie b\u0119dzie dobrze, bo Polska nie ma dobrych wzorc\u00f3w rz\u0105dzenia.<\/p>\n\n\n\n<blockquote class=\"wp-block-quote is-layout-flow wp-block-quote-is-layout-flow\"><p><a href=\"https:\/\/htb.com.pl\/?p=1007\">&#8220;A okres Jagiellon\u00f3w&#8221;<\/a><\/p><\/blockquote>\n\n\n\n<p>To by\u0142o jedno z pierwszych zda\u0144 jakie od niej us\u0142ysza\u0142em, wtedy wydawa\u0142o mi si\u0119 bez sensu. Jednak prezydentura Aleksandra Kwa\u015bniewskiego, kt\u00f3r\u0105 sprawowa\u0142 jak dobry kr\u00f3l pokaza\u0142a, \u017ce tamta forma rz\u0105dzenia sprawdza si\u0119 w Polsce. Okres Jagiellon\u00f3w to magnateria. Pot\u0119ga tych nieprzeci\u0119tnych ludzi, (Jan Zamoyski) nap\u0119dza\u0142a koniunktur\u0119 i prowadzi\u0142a do dobrobytu. Reforma samorz\u0105dowa Jerzego Buzka w podobny spos\u00f3b jak \u00f3wczesnych magnat\u00f3w, ustawi\u0142a samorz\u0105dowc\u00f3w. To si\u0119 sprawdzi\u0142o! Ale nie &#8211; Lenin m\u00f3wi\u0142, \u017ce mamy jednakowe potrzeby, to \u017ce kto\u015b jest nieprzeci\u0119tny nie upowa\u017cnia go do rz\u0105dzenia i bogacenia si\u0119. Najlepiej ma ten, co si\u0119 nie wychyla &#8211; taki przeci\u0119tny. Po zamachu stanu w 2015 roku zacz\u0119to walczy\u0107 z samorz\u0105dowcami jak z magnateria u schy\u0142ku epoki  Jagiellon\u00f3w. Wprowadzono kadencyjno\u015b\u0107 i obwinia si\u0119 ich o wszystko co si\u0119 nie uda\u0142o rz\u0105dowi, a \u017ce nie uda\u0142o si\u0119 nic, samorz\u0105dowc\u00f3w obwinia si\u0119 o wszystko co z\u0142e. Politycy parlamentarni, dla kt\u00f3rych moim zdaniem nale\u017ca\u0142oby wprowadzi\u0107 kadencyjno\u015b\u0107, stworzyli sobie z polityki spos\u00f3b na \u017cycie &#8211; dobre \u017cycie, swoje i swoich bliskich. Dlatego rz\u0105dz\u0105 nami ludzie przeci\u0119tni, a to \u017ale. Jest jednak co\u015b jeszcze. Senator Waldemar Bonkowski, przemawiaj\u0105c w Senacie nazwa\u0142 prezydent Gda\u0144ska &#8220;<em>Frau Dulkiewicz<\/em>&#8220;. To mo\u017ce si\u0119 zdarzy\u0107 ale to, \u017ce nikt odpowiednio nie zareagowa\u0142 na takie chamstwo, nie! S\u0142uchaj\u0105c tej jego wypowiedzi zastanawia\u0142em si\u0119 na jakim oddziale chirurgii wyl\u0105dowa\u0142by pan senator, gdyby tam by\u0142a Marysia. To nie by\u0142oby dobro ale koszt walki ze z\u0142em, bo jak si\u0119 okazuje, nadal nie mo\u017cna z\u0142a dobrem zwyci\u0119\u017ca\u0107.<\/p>\n","protected":false},"excerpt":{"rendered":"<p>Ten dowcipny zwrot Waldemara Pawlaka z czas\u00f3w koalicji PSL SLD, kt\u00f3ra dzi\u015b podobno nie jest mo\u017cliwa, pr\u00f3bowa\u0142 przytoczy\u0107 Pan Jaros\u0142aw Kaczy\u0144ski na konwencji PiS w Katowicach. Jak zwykle m\u00f3wi\u0142 z g\u0142owy, czyli z niczego i nic do powiedzenia nie mia\u0142. Podobnie premier Mateusz Morawiecki &#8211; nauczyli\u015bmy si\u0119 wygrywa\u0107, powiedzia\u0142. Szkoda, \u017ce rz\u0105dzi\u0107 si\u0119 nie nauczyli\u015bcie [&hellip;]<\/p>\n","protected":false},"author":1,"featured_media":5640,"comment_status":"open","ping_status":"open","sticky":false,"template":"","format":"standard","meta":{"_jetpack_memberships_contains_paid_content":false,"footnotes":""},"categories":[4],"tags":[455],"class_list":["post-5322","post","type-post","status-publish","format-standard","has-post-thumbnail","hentry","category-daty-i-fakty-blog","tag-susza"],"jetpack_sharing_enabled":true,"jetpack_featured_media_url":"https:\/\/htb.com.pl\/wp-content\/uploads\/2019\/07\/Susza.jpg","_links":{"self":[{"href":"https:\/\/htb.com.pl\/index.php?rest_route=\/wp\/v2\/posts\/5322","targetHints":{"allow":["GET"]}}],"collection":[{"href":"https:\/\/htb.com.pl\/index.php?rest_route=\/wp\/v2\/posts"}],"about":[{"href":"https:\/\/htb.com.pl\/index.php?rest_route=\/wp\/v2\/types\/post"}],"author":[{"embeddable":true,"href":"https:\/\/htb.com.pl\/index.php?rest_route=\/wp\/v2\/users\/1"}],"replies":[{"embeddable":true,"href":"https:\/\/htb.com.pl\/index.php?rest_route=%2Fwp%2Fv2%2Fcomments&post=5322"}],"version-history":[{"count":51,"href":"https:\/\/htb.com.pl\/index.php?rest_route=\/wp\/v2\/posts\/5322\/revisions"}],"predecessor-version":[{"id":8131,"href":"https:\/\/htb.com.pl\/index.php?rest_route=\/wp\/v2\/posts\/5322\/revisions\/8131"}],"wp:featuredmedia":[{"embeddable":true,"href":"https:\/\/htb.com.pl\/index.php?rest_route=\/wp\/v2\/media\/5640"}],"wp:attachment":[{"href":"https:\/\/htb.com.pl\/index.php?rest_route=%2Fwp%2Fv2%2Fmedia&parent=5322"}],"wp:term":[{"taxonomy":"category","embeddable":true,"href":"https:\/\/htb.com.pl\/index.php?rest_route=%2Fwp%2Fv2%2Fcategories&post=5322"},{"taxonomy":"post_tag","embeddable":true,"href":"https:\/\/htb.com.pl\/index.php?rest_route=%2Fwp%2Fv2%2Ftags&post=5322"}],"curies":[{"name":"wp","href":"https:\/\/api.w.org\/{rel}","templated":true}]}}