{"id":53308,"date":"2021-08-06T04:47:03","date_gmt":"2021-08-06T04:47:03","guid":{"rendered":"https:\/\/htb.com.pl\/?p=53308"},"modified":"2021-08-06T05:11:29","modified_gmt":"2021-08-06T05:11:29","slug":"sezon-ogorkowy","status":"publish","type":"post","link":"https:\/\/htb.com.pl\/?p=53308","title":{"rendered":"Sezon og\u00f3rkowy"},"content":{"rendered":"\n<p><\/p>\n\n\n\n<figure class=\"wp-block-image size-thumbnail\"><a href=\"https:\/\/htb.com.pl\/wp-content\/uploads\/2021\/08\/Sezon-og\u00f3rkowy.mp3\"><img loading=\"lazy\" decoding=\"async\" width=\"150\" height=\"150\" src=\"https:\/\/htb.com.pl\/wp-content\/uploads\/2018\/04\/posluchaj-150x150.jpg\" alt=\"\" class=\"wp-image-2020\" srcset=\"https:\/\/htb.com.pl\/wp-content\/uploads\/2018\/04\/posluchaj-150x150.jpg 150w, https:\/\/htb.com.pl\/wp-content\/uploads\/2018\/04\/posluchaj-300x300.jpg 300w, https:\/\/htb.com.pl\/wp-content\/uploads\/2018\/04\/posluchaj-100x100.jpg 100w\" sizes=\"auto, (max-width: 150px) 100vw, 150px\" \/><\/a><\/figure>\n\n\n\n<p>Nasze polityczne mi\u0119kiszony zbieraj\u0105 plony swego braku wyobra\u017ani. Piszemy o tym od lat, opisuj\u0105c \u015bwiat z perspektywy Marysi. W sezonie og\u00f3rkowym l\u017cejsze tematy wybieramy ale przychodzi ten dzie\u0144 &#8211; 1 sierpnia, rocznica wybuchu Powstania Warszawskiego, <a href=\"http:\/\/radiomaria.com.pl\/wp-content\/uploads\/2021\/07\/30.07.-Powstanie.mp3\"><img loading=\"lazy\" decoding=\"async\" width=\"150\" height=\"101\" class=\"wp-image-53320\" style=\"width: 150px;\" src=\"https:\/\/htb.com.pl\/wp-content\/uploads\/2021\/08\/Trzaskowski.jpg\" alt=\"\" srcset=\"https:\/\/htb.com.pl\/wp-content\/uploads\/2021\/08\/Trzaskowski.jpg 636w, https:\/\/htb.com.pl\/wp-content\/uploads\/2021\/08\/Trzaskowski-300x201.jpg 300w, https:\/\/htb.com.pl\/wp-content\/uploads\/2021\/08\/Trzaskowski-600x403.jpg 600w\" sizes=\"auto, (max-width: 150px) 100vw, 150px\" \/><\/a> a to nic \u015bmiesznego. Po tym jak bezprawnie zaw\u0142aszczono kotwic\u0119, znak Polskiego Pa\u0144stwa Podziemnego, a nosz\u0105cych go dzi\u015b terytorials\u00f3w kreuje si\u0119 na obro\u0144c\u00f3w pa\u0144stwa mafijnego &#8211; nie b\u0119d\u0119 opisywa\u0142 oficjalnych uroczysto\u015bci z okazji wybuchu Powstania Warszawskiego. <\/p>\n\n\n\n<p>Mo\u017ce za rok. Dziewczyny z UE pieni\u0105dze z funduszu odbudowy nam wstrzyma\u0142y i nasze &#8220;elity polityczne&#8221; niekt\u00f3re orzeczenia europejskich trybuna\u0142\u00f3w uzna\u0142y. Zak\u0142adam, \u017ce za rok, jak dzi\u015b w cudzys\u0142owie elity polityczne b\u0119dziemy pisali ale mo\u017ce zrozumiemy sw\u00f3j b\u0142\u0105d &#8211; jaki zrobili\u015bmy, gdy, tych ludzi \u017ce\u015bmy wybierali. <\/p>\n\n\n\n<p>Trwa olimpiada w Tokio, po\u015bwi\u0119c\u0119 temu nast\u0119pny wpis, teraz wspomn\u0119 jeden fakt. <a href=\"http:\/\/radiomaria.com.pl\/wp-content\/uploads\/2021\/08\/03.08.-Dwa-sukcesy.mp3\"><img loading=\"lazy\" decoding=\"async\" width=\"150\" height=\"113\" class=\"wp-image-53322\" style=\"width: 150px;\" src=\"https:\/\/htb.com.pl\/wp-content\/uploads\/2021\/08\/Kolejne-srebro.jpg\" alt=\"\" srcset=\"https:\/\/htb.com.pl\/wp-content\/uploads\/2021\/08\/Kolejne-srebro.jpg 640w, https:\/\/htb.com.pl\/wp-content\/uploads\/2021\/08\/Kolejne-srebro-300x225.jpg 300w, https:\/\/htb.com.pl\/wp-content\/uploads\/2021\/08\/Kolejne-srebro-600x450.jpg 600w\" sizes=\"auto, (max-width: 150px) 100vw, 150px\" \/><\/a> Bia\u0142oruska sprinterka  Kryscina Cimanouska&nbsp;si\u0119 nie ba\u0142a i przeciwko re\u017cimowi \u0141ukaszenki zaprotestowa\u0142a. Polska ambasada w Tokio w ucieczce jej pomaga\u0142a. W\u0142a\u015bnie  Cimanouska szcz\u0119\u015bliwie w Warszawie wyl\u0105dowa\u0142a. Nie wiem, czy dobrze wybra\u0142a. <a href=\"http:\/\/radiomaria.com.pl\/wp-content\/uploads\/2021\/08\/05.08.-Nie-bac-d.mp3\"><img loading=\"lazy\" decoding=\"async\" width=\"150\" height=\"113\" class=\"wp-image-53324\" style=\"width: 150px;\" src=\"https:\/\/htb.com.pl\/wp-content\/uploads\/2021\/08\/Konferencjaa.jpg\" alt=\"\" srcset=\"https:\/\/htb.com.pl\/wp-content\/uploads\/2021\/08\/Konferencjaa.jpg 640w, https:\/\/htb.com.pl\/wp-content\/uploads\/2021\/08\/Konferencjaa-300x225.jpg 300w, https:\/\/htb.com.pl\/wp-content\/uploads\/2021\/08\/Konferencjaa-600x450.jpg 600w\" sizes=\"auto, (max-width: 150px) 100vw, 150px\" \/><\/a> Wiceminister Pracy, Rozwoju i Technologii Anna Kornecka <a href=\"http:\/\/radiomaria.com.pl\/wp-content\/uploads\/2021\/08\/05.08.-Kornrcka.mp3\"><img loading=\"lazy\" decoding=\"async\" width=\"150\" height=\"100\" class=\"wp-image-53326\" style=\"width: 150px;\" src=\"https:\/\/htb.com.pl\/wp-content\/uploads\/2021\/08\/Kornecka.png\" alt=\"\" srcset=\"https:\/\/htb.com.pl\/wp-content\/uploads\/2021\/08\/Kornecka.png 678w, https:\/\/htb.com.pl\/wp-content\/uploads\/2021\/08\/Kornecka-300x200.png 300w, https:\/\/htb.com.pl\/wp-content\/uploads\/2021\/08\/Kornecka-600x401.png 600w\" sizes=\"auto, (max-width: 150px) 100vw, 150px\" \/><\/a> te\u017c si\u0119 sprzeciwi\u0142a &#8211; na razie ucieka\u0107 nie musia\u0142a. Jak tu b\u0119dzie, wkr\u00f3tce w wyborach ca\u0142a Polska b\u0119dzie decydowa\u0142a.<\/p>\n\n\n\n<p> Dobrze b\u0119dzie, bo jak nie &#8211; Polski nie b\u0119dzie.<\/p>\n","protected":false},"excerpt":{"rendered":"<p>Nasze polityczne mi\u0119kiszony zbieraj\u0105 plony swego braku wyobra\u017ani. Piszemy o tym od lat, opisuj\u0105c \u015bwiat z perspektywy Marysi. W sezonie og\u00f3rkowym l\u017cejsze tematy wybieramy ale przychodzi ten dzie\u0144 &#8211; 1 sierpnia, rocznica wybuchu Powstania Warszawskiego, a to nic \u015bmiesznego. Po tym jak bezprawnie zaw\u0142aszczono kotwic\u0119, znak Polskiego Pa\u0144stwa Podziemnego, a nosz\u0105cych go dzi\u015b terytorials\u00f3w kreuje [&hellip;]<\/p>\n","protected":false},"author":1,"featured_media":53353,"comment_status":"open","ping_status":"open","sticky":false,"template":"","format":"standard","meta":{"_jetpack_memberships_contains_paid_content":false,"footnotes":""},"categories":[4],"tags":[743],"class_list":["post-53308","post","type-post","status-publish","format-standard","has-post-thumbnail","hentry","category-daty-i-fakty-blog","tag-sezon-ogorkowy"],"jetpack_sharing_enabled":true,"jetpack_featured_media_url":"https:\/\/htb.com.pl\/wp-content\/uploads\/2021\/08\/Og\u00f3rki.jpg","_links":{"self":[{"href":"https:\/\/htb.com.pl\/index.php?rest_route=\/wp\/v2\/posts\/53308","targetHints":{"allow":["GET"]}}],"collection":[{"href":"https:\/\/htb.com.pl\/index.php?rest_route=\/wp\/v2\/posts"}],"about":[{"href":"https:\/\/htb.com.pl\/index.php?rest_route=\/wp\/v2\/types\/post"}],"author":[{"embeddable":true,"href":"https:\/\/htb.com.pl\/index.php?rest_route=\/wp\/v2\/users\/1"}],"replies":[{"embeddable":true,"href":"https:\/\/htb.com.pl\/index.php?rest_route=%2Fwp%2Fv2%2Fcomments&post=53308"}],"version-history":[{"count":9,"href":"https:\/\/htb.com.pl\/index.php?rest_route=\/wp\/v2\/posts\/53308\/revisions"}],"predecessor-version":[{"id":53357,"href":"https:\/\/htb.com.pl\/index.php?rest_route=\/wp\/v2\/posts\/53308\/revisions\/53357"}],"wp:featuredmedia":[{"embeddable":true,"href":"https:\/\/htb.com.pl\/index.php?rest_route=\/wp\/v2\/media\/53353"}],"wp:attachment":[{"href":"https:\/\/htb.com.pl\/index.php?rest_route=%2Fwp%2Fv2%2Fmedia&parent=53308"}],"wp:term":[{"taxonomy":"category","embeddable":true,"href":"https:\/\/htb.com.pl\/index.php?rest_route=%2Fwp%2Fv2%2Fcategories&post=53308"},{"taxonomy":"post_tag","embeddable":true,"href":"https:\/\/htb.com.pl\/index.php?rest_route=%2Fwp%2Fv2%2Ftags&post=53308"}],"curies":[{"name":"wp","href":"https:\/\/api.w.org\/{rel}","templated":true}]}}