{"id":53646,"date":"2021-08-13T05:57:21","date_gmt":"2021-08-13T05:57:21","guid":{"rendered":"https:\/\/htb.com.pl\/?p=53646"},"modified":"2021-08-13T07:17:36","modified_gmt":"2021-08-13T07:17:36","slug":"tokyo-2020","status":"publish","type":"post","link":"https:\/\/htb.com.pl\/?p=53646","title":{"rendered":"Tokyo 2020"},"content":{"rendered":"\n<figure class=\"wp-block-image size-thumbnail\"><a href=\"https:\/\/htb.com.pl\/wp-content\/uploads\/2021\/08\/Tokyo-2020.mp3\"><img loading=\"lazy\" decoding=\"async\" width=\"150\" height=\"150\" src=\"https:\/\/htb.com.pl\/wp-content\/uploads\/2018\/04\/posluchaj-150x150.jpg\" alt=\"\" class=\"wp-image-2020\" srcset=\"https:\/\/htb.com.pl\/wp-content\/uploads\/2018\/04\/posluchaj-150x150.jpg 150w, https:\/\/htb.com.pl\/wp-content\/uploads\/2018\/04\/posluchaj-300x300.jpg 300w, https:\/\/htb.com.pl\/wp-content\/uploads\/2018\/04\/posluchaj-100x100.jpg 100w\" sizes=\"auto, (max-width: 150px) 100vw, 150px\" \/><\/a><\/figure>\n\n\n\n<p>Olimpiada w Tokio rozpocz\u0119\u0142a si\u0119 z rocznym op\u00f3\u017anienie. Pandemia koronawirisa&#8230; Gdy zobaczy\u0142em jak ubrano naszych sportowc\u00f3w &#8211; <a href=\"http:\/\/radiomaria.com.pl\/wp-content\/uploads\/2021\/02\/24.07.-Nie-wypali.mp3\"><img loading=\"lazy\" decoding=\"async\" width=\"150\" height=\"100\" class=\"wp-image-52744\" style=\"width: 150px;\" src=\"https:\/\/htb.com.pl\/wp-content\/uploads\/2021\/07\/Olimpiasda.jpg\" alt=\"\" srcset=\"https:\/\/htb.com.pl\/wp-content\/uploads\/2021\/07\/Olimpiasda.jpg 784w, https:\/\/htb.com.pl\/wp-content\/uploads\/2021\/07\/Olimpiasda-300x200.jpg 300w, https:\/\/htb.com.pl\/wp-content\/uploads\/2021\/07\/Olimpiasda-768x512.jpg 768w, https:\/\/htb.com.pl\/wp-content\/uploads\/2021\/07\/Olimpiasda-600x400.jpg 600w\" sizes=\"auto, (max-width: 150px) 100vw, 150px\" \/><\/a> za\u0142ama\u0142em si\u0119. Firma 4 M, kt\u00f3ra ubiera polskich olimpijczyk\u00f3w, to znana marka i nie jest mo\u017cliwe, aby ich projektanci tak strasznie zawalili. Nasi sportowcy wygl\u0105dali, jakby w latach siedemdziesi\u0105tych na szkolnej akademii wyst\u0119powali. Zak\u0142adam, \u017ce to nasi rz\u0105dz\u0105cy zdecydowali, i\u017c Polacy na olimpiadzie b\u0119d\u0105 wygl\u0105dali, jakby pa\u0144stwo wyznaniowe reprezentowali. To ich cel &#8211; mam nadziej\u0119, \u017ce nie wypali, bo wtedy wszystko si\u0119 zawali. <\/p>\n\n\n\n<p>Jak tylko pan prezydent Andrzej Duda i inni oficjele z Tokio wyjechali, sportowcy stroje pochowali i nasz\u0105 cech\u0119 indywidualisty pokazali. Siatkarzy szkoda &#8211; europose\u0142 Ryszard Czarnecki sk\u0105d\u015b si\u0119 na trybunach pojawi\u0142 i ch\u0142opaki z Francuzami przegrali. Inni wi\u0119cej szcz\u0119\u015bcia mieli &#8211; z\u0142ych polityk\u00f3w podczas startu nie widzieli.<\/p>\n\n\n\n<p>Rozpocz\u0119\u0142y wio\u015blarki;  Agnieszka Kobus-Zawojska, Maria Sajdak, Marta Wieliczko oraz Katarzyna Zillmann, zdoby\u0142y srebro. <a href=\"http:\/\/radiomaria.com.pl\/wp-content\/uploads\/2021\/07\/28.07.-Pierwszy-medal.mp3\"><img loading=\"lazy\" decoding=\"async\" width=\"150\" height=\"84\" class=\"wp-image-53655\" style=\"width: 150px;\" src=\"https:\/\/htb.com.pl\/wp-content\/uploads\/2021\/08\/Kajaki-d.jpg\" alt=\"\" srcset=\"https:\/\/htb.com.pl\/wp-content\/uploads\/2021\/08\/Kajaki-d.jpg 860w, https:\/\/htb.com.pl\/wp-content\/uploads\/2021\/08\/Kajaki-d-300x168.jpg 300w, https:\/\/htb.com.pl\/wp-content\/uploads\/2021\/08\/Kajaki-d-768x431.jpg 768w, https:\/\/htb.com.pl\/wp-content\/uploads\/2021\/08\/Kajaki-d-600x337.jpg 600w\" sizes=\"auto, (max-width: 150px) 100vw, 150px\" \/><\/a> <\/p>\n\n\n\n<p>Potem nasza sztafeta mieszana 4&#215;400 metr\u00f3w w sk\u0142adzie;  Karol Zalewski, Natalia Kaczmarek, Justyna \u015awi\u0119ty-Erseti\u0107 i Kajetan Duszy\u0144ski zdoby\u0142a z\u0142oto. <a href=\"http:\/\/radiomaria.com.pl\/wp-content\/uploads\/2021\/07\/31.07.-Zlota-sztafeta.mp3\"><img loading=\"lazy\" decoding=\"async\" width=\"150\" height=\"113\" class=\"wp-image-53659\" style=\"width: 150px;\" src=\"https:\/\/htb.com.pl\/wp-content\/uploads\/2021\/08\/Sztafeta.jpg\" alt=\"\" srcset=\"https:\/\/htb.com.pl\/wp-content\/uploads\/2021\/08\/Sztafeta.jpg 640w, https:\/\/htb.com.pl\/wp-content\/uploads\/2021\/08\/Sztafeta-300x225.jpg 300w, https:\/\/htb.com.pl\/wp-content\/uploads\/2021\/08\/Sztafeta-600x450.jpg 600w\" sizes=\"auto, (max-width: 150px) 100vw, 150px\" \/><\/a> <\/p>\n\n\n\n<p>Kolejny medal zdoby\u0142y panie w kajakach; Karolina Naja i Anna Pu\u0142awska srebro ale trzeba odnotowa\u0107, \u017ce tego dnia sukces r\u00f3wnie\u017c nasza dyplomacja mia\u0142a. Kriscina Cimanouska, bia\u0142oruska sprinterka polsk\u0105 ambasad\u0119 wybra\u0142a, gdy przed bia\u0142oruskim re\u017cimem ucieka\u0142a. <a href=\"http:\/\/radiomaria.com.pl\/wp-content\/uploads\/2021\/08\/03.08.-Dwa-sukcesy.mp3\"><img loading=\"lazy\" decoding=\"async\" width=\"150\" height=\"113\" class=\"wp-image-53661\" style=\"width: 150px;\" src=\"https:\/\/htb.com.pl\/wp-content\/uploads\/2021\/08\/Kolejne-srebro-1.jpg\" alt=\"\" srcset=\"https:\/\/htb.com.pl\/wp-content\/uploads\/2021\/08\/Kolejne-srebro-1.jpg 640w, https:\/\/htb.com.pl\/wp-content\/uploads\/2021\/08\/Kolejne-srebro-1-300x225.jpg 300w, https:\/\/htb.com.pl\/wp-content\/uploads\/2021\/08\/Kolejne-srebro-1-600x450.jpg 600w\" sizes=\"auto, (max-width: 150px) 100vw, 150px\" \/><\/a><\/p>\n\n\n\n<p> <\/p>\n\n\n\n<p>Kolejnu medal to br\u0105z w zapasach. Wywalczy\u0142 go Tadeusz Michalik. <a href=\"http:\/\/radiomaria.com.pl\/wp-content\/uploads\/2021\/08\/03.08.-Zapasy.mp3\"><img loading=\"lazy\" decoding=\"async\" width=\"150\" height=\"89\" class=\"wp-image-53667\" style=\"width: 150px;\" src=\"https:\/\/htb.com.pl\/wp-content\/uploads\/2021\/08\/Mata-d.jpg\" alt=\"\" srcset=\"https:\/\/htb.com.pl\/wp-content\/uploads\/2021\/08\/Mata-d.jpg 639w, https:\/\/htb.com.pl\/wp-content\/uploads\/2021\/08\/Mata-d-300x178.jpg 300w, https:\/\/htb.com.pl\/wp-content\/uploads\/2021\/08\/Mata-d-600x356.jpg 600w\" sizes=\"auto, (max-width: 150px) 100vw, 150px\" \/><\/a><\/p>\n\n\n\n<p>Niesamowitej rzeczy dokona\u0142a Anita W\u0142odarczyk &#8211; zdoby\u0142a trzeci z\u0142oty medal olimpijski w rzucie m\u0142otem. Malwina Kopron br\u0105zowy. <a href=\"http:\/\/radiomaria.com.pl\/wp-content\/uploads\/2021\/08\/03.08.-Daj-spokoj.mp3\"><img loading=\"lazy\" decoding=\"async\" width=\"150\" height=\"113\" class=\"wp-image-53669\" style=\"width: 150px;\" src=\"https:\/\/htb.com.pl\/wp-content\/uploads\/2021\/08\/Mlot.jpg\" alt=\"\" srcset=\"https:\/\/htb.com.pl\/wp-content\/uploads\/2021\/08\/Mlot.jpg 640w, https:\/\/htb.com.pl\/wp-content\/uploads\/2021\/08\/Mlot-300x225.jpg 300w, https:\/\/htb.com.pl\/wp-content\/uploads\/2021\/08\/Mlot-600x450.jpg 600w\" sizes=\"auto, (max-width: 150px) 100vw, 150px\" \/><\/a><\/p>\n\n\n\n<p>Kolejny medal dla Polski to srebro w \u017ceglarskiej klasie 470. Zdoby\u0142y go panie . <\/p>\n\n\n\n<p>Agnieszka Skrzypulec i Jolanta Ogar. <a href=\"http:\/\/radiomaria.com.pl\/wp-content\/uploads\/2021\/08\/04.08.-Kolejny-medal.mp3\"><img loading=\"lazy\" decoding=\"async\" width=\"150\" height=\"78\" class=\"wp-image-53671\" style=\"width: 150px;\" src=\"https:\/\/htb.com.pl\/wp-content\/uploads\/2021\/08\/Zeglarstwo.png\" alt=\"\" srcset=\"https:\/\/htb.com.pl\/wp-content\/uploads\/2021\/08\/Zeglarstwo.png 762w, https:\/\/htb.com.pl\/wp-content\/uploads\/2021\/08\/Zeglarstwo-300x156.png 300w, https:\/\/htb.com.pl\/wp-content\/uploads\/2021\/08\/Zeglarstwo-600x313.png 600w\" sizes=\"auto, (max-width: 150px) 100vw, 150px\" \/><\/a><\/p>\n\n\n\n<p>Rzut m\u0142otem w Tokio to polska konkurencja &#8211; Wojciech Nowicki ze z\u0142otem, a Pawe\u0142 Fajdek z br\u0105zem. Panowie powt\u00f3rzyli wyczyn pa\u0144. <a href=\"http:\/\/radiomaria.com.pl\/wp-content\/uploads\/2021\/08\/04.08.-Idywidualnie.mp3\"><img loading=\"lazy\" decoding=\"async\" width=\"150\" height=\"84\" class=\"wp-image-53673\" style=\"width: 150px;\" src=\"https:\/\/htb.com.pl\/wp-content\/uploads\/2021\/08\/Nowicki-i-Fajdek.jpg\" alt=\"\" srcset=\"https:\/\/htb.com.pl\/wp-content\/uploads\/2021\/08\/Nowicki-i-Fajdek.jpg 820w, https:\/\/htb.com.pl\/wp-content\/uploads\/2021\/08\/Nowicki-i-Fajdek-300x169.jpg 300w, https:\/\/htb.com.pl\/wp-content\/uploads\/2021\/08\/Nowicki-i-Fajdek-768x432.jpg 768w, https:\/\/htb.com.pl\/wp-content\/uploads\/2021\/08\/Nowicki-i-Fajdek-600x337.jpg 600w\" sizes=\"auto, (max-width: 150px) 100vw, 150px\" \/><\/a> I jeszcze jeden medal tego dnia w Tokio. Patryk Dobek zdoby\u0142 br\u0105z w biegu na 800 metr\u00f3w. <a href=\"http:\/\/radiomaria.com.pl\/wp-content\/uploads\/2021\/08\/04.08.-Braz.mp3\"><img loading=\"lazy\" decoding=\"async\" width=\"150\" height=\"106\" class=\"wp-image-53675\" style=\"width: 150px;\" src=\"https:\/\/htb.com.pl\/wp-content\/uploads\/2021\/08\/Patryk-Dobek.jpg\" alt=\"\" srcset=\"https:\/\/htb.com.pl\/wp-content\/uploads\/2021\/08\/Patryk-Dobek.jpg 1024w, https:\/\/htb.com.pl\/wp-content\/uploads\/2021\/08\/Patryk-Dobek-300x213.jpg 300w, https:\/\/htb.com.pl\/wp-content\/uploads\/2021\/08\/Patryk-Dobek-768x545.jpg 768w, https:\/\/htb.com.pl\/wp-content\/uploads\/2021\/08\/Patryk-Dobek-600x425.jpg 600w\" sizes=\"auto, (max-width: 150px) 100vw, 150px\" \/><\/a><\/p>\n\n\n\n<p>Nast\u0119pnego dnia niespodzianka &#8211; Dawid Tomala z\u0142otym medalist\u0105 olimpijskim w chodzie sportowym na 50 km. Wcze\u015bniej nigdy nie startowa\u0142 na &#8220;kr\u00f3lewskim&#8221; dystansie. <img loading=\"lazy\" decoding=\"async\" width=\"150\" height=\"103\" class=\"wp-image-53677\" style=\"width: 150px;\" src=\"https:\/\/htb.com.pl\/wp-content\/uploads\/2021\/08\/Dawid-Tomala.png\" alt=\"\" srcset=\"https:\/\/htb.com.pl\/wp-content\/uploads\/2021\/08\/Dawid-Tomala.png 622w, https:\/\/htb.com.pl\/wp-content\/uploads\/2021\/08\/Dawid-Tomala-300x206.png 300w, https:\/\/htb.com.pl\/wp-content\/uploads\/2021\/08\/Dawid-Tomala-600x413.png 600w\" sizes=\"auto, (max-width: 150px) 100vw, 150px\" \/><\/p>\n\n\n\n<p>Gdy olimpiada si\u0119 ju\u017c ko\u0144czy\u0142a Maria Andrejczyk srebro zdoby\u0142a. W oszczepie &#8211; tylko Chinka dalej rzuci\u0142a. <a href=\"http:\/\/radiomaria.com.pl\/wp-content\/uploads\/2021\/08\/10.08.-Andrejczyk.mp3\"><img loading=\"lazy\" decoding=\"async\" width=\"150\" height=\"84\" class=\"wp-image-53680\" style=\"width: 150px;\" src=\"https:\/\/htb.com.pl\/wp-content\/uploads\/2021\/08\/Andrejczyk.jpg\" alt=\"\" srcset=\"https:\/\/htb.com.pl\/wp-content\/uploads\/2021\/08\/Andrejczyk.jpg 308w, https:\/\/htb.com.pl\/wp-content\/uploads\/2021\/08\/Andrejczyk-300x168.jpg 300w\" sizes=\"auto, (max-width: 150px) 100vw, 150px\" \/><\/a><\/p>\n\n\n\n<p>Karolina Naja, Anna Pu\u0142awska, Justyna Iskrzycka i Helena Wi\u015bniewska zdoby\u0142y br\u0105zowy medal igrzysk olimpijskich w konkurencji K4 500 m. kajakarskich regat w Tokio. To 13. kr\u0105\u017cek dla Bia\u0142o-Czerwonych. <a href=\"http:\/\/radiomaria.com.pl\/wp-content\/uploads\/2021\/08\/09.08.-Trzynasty-medal.mp3\"><img loading=\"lazy\" decoding=\"async\" width=\"150\" height=\"84\" class=\"wp-image-53698\" style=\"width: 150px;\" src=\"https:\/\/htb.com.pl\/wp-content\/uploads\/2021\/08\/Kajakarki.jpg\" alt=\"\" srcset=\"https:\/\/htb.com.pl\/wp-content\/uploads\/2021\/08\/Kajakarki.jpg 1200w, https:\/\/htb.com.pl\/wp-content\/uploads\/2021\/08\/Kajakarki-300x169.jpg 300w, https:\/\/htb.com.pl\/wp-content\/uploads\/2021\/08\/Kajakarki-1024x576.jpg 1024w, https:\/\/htb.com.pl\/wp-content\/uploads\/2021\/08\/Kajakarki-768x432.jpg 768w, https:\/\/htb.com.pl\/wp-content\/uploads\/2021\/08\/Kajakarki-600x338.jpg 600w\" sizes=\"auto, (max-width: 150px) 100vw, 150px\" \/><\/a><\/p>\n\n\n\n<p>A to mo\u017cna by\u0142o przewidzie\u0107 &#8211; polska sztafeta kobiet 4\u00d7400 w sk\u0142adzie; Natalia Kaczmarek, Iga Baumgart-Witan, Ma\u0142gorzata Ho\u0142ub-Kowalik i&nbsp;Justyna \u015awi\u0119ty-Ersetice ze srebrnym medalem Olimpijskim. <a href=\"http:\/\/radiomaria.com.pl\/wp-content\/uploads\/2021\/02\/10.08.-Koncesja-dla-TVN.mp3\"><img loading=\"lazy\" decoding=\"async\" width=\"150\" height=\"100\" class=\"wp-image-53682\" style=\"width: 150px;\" src=\"https:\/\/htb.com.pl\/wp-content\/uploads\/2021\/08\/Szxtafeta-Kobiet.jpg\" alt=\"\" srcset=\"https:\/\/htb.com.pl\/wp-content\/uploads\/2021\/08\/Szxtafeta-Kobiet.jpg 640w, https:\/\/htb.com.pl\/wp-content\/uploads\/2021\/08\/Szxtafeta-Kobiet-300x200.jpg 300w, https:\/\/htb.com.pl\/wp-content\/uploads\/2021\/08\/Szxtafeta-Kobiet-600x399.jpg 600w\" sizes=\"auto, (max-width: 150px) 100vw, 150px\" \/><\/a><\/p>\n\n\n\n<p>Na Olimpiadzie w Tokio zadebiutowa\u0142o karate, to jest nie tylko sport walki &#8211; to jest sztuka. <\/p>\n\n\n\n<figure class=\"wp-block-image size-large\"><img loading=\"lazy\" decoding=\"async\" width=\"843\" height=\"508\" src=\"https:\/\/htb.com.pl\/wp-content\/uploads\/2021\/08\/Mariusz-Pe\u0142ka.jpg\" alt=\"\" class=\"wp-image-53689\" srcset=\"https:\/\/htb.com.pl\/wp-content\/uploads\/2021\/08\/Mariusz-Pe\u0142ka.jpg 843w, https:\/\/htb.com.pl\/wp-content\/uploads\/2021\/08\/Mariusz-Pe\u0142ka-300x181.jpg 300w, https:\/\/htb.com.pl\/wp-content\/uploads\/2021\/08\/Mariusz-Pe\u0142ka-768x463.jpg 768w, https:\/\/htb.com.pl\/wp-content\/uploads\/2021\/08\/Mariusz-Pe\u0142ka-600x362.jpg 600w\" sizes=\"auto, (max-width: 843px) 100vw, 843px\" \/><\/figure>\n\n\n\n<h4 class=\"wp-block-heading\">Zarz\u0105d Polskiej Unii Karate &#8211; m\u00f3j rozm\u00f3wca Mariusz Pe\u0142ka jest wiceprezesem, funkcj\u0119 t\u0105 pe\u0142ni te\u017c w klubie Olimp \u0141\u00f3d\u017a. Na zdj\u0119ciu widzimy r\u00f3wnie\u017c pozosta\u0142ych cz\u0142onk\u00f3w zarz\u0105du; <strong>Paw\u0142a Po\u0142torzeckiego \u2013 Prezesa, Andrzeja Zaleskiego \u2013 Wiceprezesa ds. Organizacji i Rozwoju, Marcina Osiejewskiego \u2013 Wiceprezes ds. operacyjnych oraz Wies\u0142awa Grochowina \u2013 cz\u0142onka Zarz\u0105du<\/strong>.<\/h4>\n\n\n\n<figure class=\"wp-block-audio\"><audio controls src=\"https:\/\/htb.com.pl\/wp-content\/uploads\/2021\/08\/Olimp-Lodz.mp3\"><\/audio><\/figure>\n\n\n\n<p>Polscy karatecy w Tokio nie startowali, w rozmowie ukrai\u0144skiego karatek\u0119  Stanislava Horun\u0119 \u017ce\u015bmy wspominali &#8211; startowa\u0142 w kumite do 75 kg. <a href=\"http:\/\/radiomaria.com.pl\/wp-content\/uploads\/2021\/08\/09.08.-Horuna.mp3\"><img loading=\"lazy\" decoding=\"async\" width=\"150\" height=\"113\" class=\"wp-image-53692\" style=\"width: 150px;\" src=\"https:\/\/htb.com.pl\/wp-content\/uploads\/2021\/08\/Horuna.jpg\" alt=\"\"><\/a><\/p>\n\n\n\n<p><strong>Zdoby\u0142 br\u0105zowy medal!<\/strong>  <strong>\u0420\u0430\u0434\u0456\u043e \u041c\u0430\u0440\u0456\u044f \u0432\u0456\u0442\u0430\u0454 \u0432\u0430\u0441.<\/strong><\/p>\n\n\n\n<p>Nast\u0119pne Letnie Igrzyska Olimpijskie ju\u017c za trzy lata, w Pary\u017cu.<\/p>\n","protected":false},"excerpt":{"rendered":"<p>Olimpiada w Tokio rozpocz\u0119\u0142a si\u0119 z rocznym op\u00f3\u017anienie. Pandemia koronawirisa&#8230; Gdy zobaczy\u0142em jak ubrano naszych sportowc\u00f3w &#8211; za\u0142ama\u0142em si\u0119. Firma 4 M, kt\u00f3ra ubiera polskich olimpijczyk\u00f3w, to znana marka i nie jest mo\u017cliwe, aby ich projektanci tak strasznie zawalili. Nasi sportowcy wygl\u0105dali, jakby w latach siedemdziesi\u0105tych na szkolnej akademii wyst\u0119powali. Zak\u0142adam, \u017ce to nasi rz\u0105dz\u0105cy [&hellip;]<\/p>\n","protected":false},"author":1,"featured_media":53738,"comment_status":"open","ping_status":"open","sticky":false,"template":"","format":"standard","meta":{"_jetpack_memberships_contains_paid_content":false,"footnotes":""},"categories":[4,528],"tags":[744],"class_list":["post-53646","post","type-post","status-publish","format-standard","has-post-thumbnail","hentry","category-daty-i-fakty-blog","category-rower","tag-tokyo-2020"],"jetpack_sharing_enabled":true,"jetpack_featured_media_url":"https:\/\/htb.com.pl\/wp-content\/uploads\/2021\/08\/Stadion.jpg","_links":{"self":[{"href":"https:\/\/htb.com.pl\/index.php?rest_route=\/wp\/v2\/posts\/53646","targetHints":{"allow":["GET"]}}],"collection":[{"href":"https:\/\/htb.com.pl\/index.php?rest_route=\/wp\/v2\/posts"}],"about":[{"href":"https:\/\/htb.com.pl\/index.php?rest_route=\/wp\/v2\/types\/post"}],"author":[{"embeddable":true,"href":"https:\/\/htb.com.pl\/index.php?rest_route=\/wp\/v2\/users\/1"}],"replies":[{"embeddable":true,"href":"https:\/\/htb.com.pl\/index.php?rest_route=%2Fwp%2Fv2%2Fcomments&post=53646"}],"version-history":[{"count":35,"href":"https:\/\/htb.com.pl\/index.php?rest_route=\/wp\/v2\/posts\/53646\/revisions"}],"predecessor-version":[{"id":53744,"href":"https:\/\/htb.com.pl\/index.php?rest_route=\/wp\/v2\/posts\/53646\/revisions\/53744"}],"wp:featuredmedia":[{"embeddable":true,"href":"https:\/\/htb.com.pl\/index.php?rest_route=\/wp\/v2\/media\/53738"}],"wp:attachment":[{"href":"https:\/\/htb.com.pl\/index.php?rest_route=%2Fwp%2Fv2%2Fmedia&parent=53646"}],"wp:term":[{"taxonomy":"category","embeddable":true,"href":"https:\/\/htb.com.pl\/index.php?rest_route=%2Fwp%2Fv2%2Fcategories&post=53646"},{"taxonomy":"post_tag","embeddable":true,"href":"https:\/\/htb.com.pl\/index.php?rest_route=%2Fwp%2Fv2%2Ftags&post=53646"}],"curies":[{"name":"wp","href":"https:\/\/api.w.org\/{rel}","templated":true}]}}