{"id":54035,"date":"2021-08-20T06:44:19","date_gmt":"2021-08-20T06:44:19","guid":{"rendered":"https:\/\/htb.com.pl\/?p=54035"},"modified":"2021-08-20T08:08:30","modified_gmt":"2021-08-20T08:08:30","slug":"matki-boskiej-zielnej","status":"publish","type":"post","link":"https:\/\/htb.com.pl\/?p=54035","title":{"rendered":"Matki Boskiej Zielnej"},"content":{"rendered":"\n<p><\/p>\n\n\n\n<figure class=\"wp-block-image size-thumbnail\"><a href=\"https:\/\/htb.com.pl\/wp-content\/uploads\/2021\/08\/Matki-Boskiej-Zielnej.mp3\"><img loading=\"lazy\" decoding=\"async\" width=\"150\" height=\"150\" src=\"https:\/\/htb.com.pl\/wp-content\/uploads\/2018\/04\/posluchaj-150x150.jpg\" alt=\"\" class=\"wp-image-2020\" srcset=\"https:\/\/htb.com.pl\/wp-content\/uploads\/2018\/04\/posluchaj-150x150.jpg 150w, https:\/\/htb.com.pl\/wp-content\/uploads\/2018\/04\/posluchaj-300x300.jpg 300w, https:\/\/htb.com.pl\/wp-content\/uploads\/2018\/04\/posluchaj-100x100.jpg 100w\" sizes=\"auto, (max-width: 150px) 100vw, 150px\" \/><\/a><\/figure>\n\n\n\n<p>15 sierpnia to \u015bwi\u0105teczny dzie\u0144. \u015awi\u0119to Wojska Polskiego, rocznica Bitwy Warszawskie i \u015awi\u0119to Wniebowzi\u0119cia NMP. W moim rodzinnym domu nazywa\u0142o si\u0119 to \u015awi\u0119tem Matki Boskiej Zielnej. Poka\u017any bukiet zi\u00f3\u0142 nios\u0142o si\u0119 do ko\u015bcio\u0142a, tam by\u0142 \u015bwi\u0119cony, a potem przez ca\u0142y rok s\u0142u\u017cy\u0142 jako lek. Robi\u0142o si\u0119 z tego wyci\u0105gi, napary, wywary. To mi zosta\u0142o &#8211; handluj\u0119 zi\u0142ami. Pomy\u015bla\u0142em o tym, gdy straci\u0142em wzrok, a lekarze powiedzieli, \u017ce tak zostanie &#8211; uda\u0142o si\u0119, widz\u0119. Na pocz\u0105tku zbiera\u0142em zio\u0142a, kt\u00f3re zbiera\u0142a Babcia &#8211; nie pomaga\u0142y.  W roku 2011 by\u0142em ca\u0142kiem \u015blepy, w \u015awi\u0119to Matki Boskiej Zielnej odwiedzili\u015bmy z moj\u0105 \u017bon\u0105 Dorotk\u0105 i Symem Konradem moich Rodzic\u00f3w w Zaklikowie. Wszyscy bardzo si\u0119 martwili moim wzrokiem. Mama szykuj\u0105c bukiet do \u015bwi\u0119cenia, powiedzia\u0142a, \u017ce jest du\u017co \u015bwietlika <a href=\"https:\/\/htb.com.pl\/?product=mieszanka-iwan-czaj-20-g\"><img loading=\"lazy\" decoding=\"async\" width=\"150\" height=\"101\" class=\"wp-image-54042\" style=\"width: 150px;\" src=\"https:\/\/htb.com.pl\/wp-content\/uploads\/2021\/08\/swietlik-370x250-1.jpg\" alt=\"\" srcset=\"https:\/\/htb.com.pl\/wp-content\/uploads\/2021\/08\/swietlik-370x250-1.jpg 370w, https:\/\/htb.com.pl\/wp-content\/uploads\/2021\/08\/swietlik-370x250-1-300x203.jpg 300w\" sizes=\"auto, (max-width: 150px) 100vw, 150px\" \/><\/a> &#8211; to na wzrok. Ja wtedy stosowa\u0142em marchew &#8211; pod ka\u017cd\u0105 postaci\u0105. O Marysi rodzice nigdy przy mnie nie wspominali ale wtedy Tata wtr\u0105ci\u0142 nie\u015bmia\u0142o, \u017ce mo\u017ce trzeba by te zio\u0142a gdzie indziej zbiera\u0107, bo ten komin w  dawnym Rejonie Las ci\u0105gle dymi, a to przecie\u017c nie jest wyj\u0105tek. Przypomnia\u0142em sobie jak Majka w 1986 roku t\u0142umaczy\u0142a mojemu Tacie, \u017ce musi co\u015b zrobi\u0107 z kot\u0142owni\u0105 w Rejonie Las. Tata by\u0142 tam kierownikiem. Z murowanego komina, kt\u00f3ry by\u0142o wida\u0107 z naszego podw\u00f3rka lecia\u0142 czarny dym. Majka t\u0142umaczy\u0142a, \u017ce temperatura na palenisku jest za niska i Ona mo\u017ce pom\u00f3c zmodernizowa\u0107 kot\u0142owni\u0119. Tata zapyta\u0142 po co? Bo kapusta, kt\u00f3r\u0105 ci Anto\u015b Twoja Marysia (moja Mama) posadzi\u0142a, nie b\u0119dzie si\u0119 nadawa\u0142a do jedzenia &#8211; odpowiedzia\u0142a&#8230; No i mnie ol\u015bni\u0142o &#8211; dos\u0142ownie. Od tamtej pory u\u017cywam zi\u00f3\u0142 z Polesia. <strong>Widz\u0119 !!!<\/strong><\/p>\n\n\n\n<figure class=\"wp-block-image size-large\"><a href=\"https:\/\/htb.com.pl\/?product_cat=kosmetyki-marysi\"><img loading=\"lazy\" decoding=\"async\" width=\"501\" height=\"264\" src=\"https:\/\/htb.com.pl\/wp-content\/uploads\/2021\/08\/mapa-polesia-reklama.jpg\" alt=\"\" class=\"wp-image-54041\" srcset=\"https:\/\/htb.com.pl\/wp-content\/uploads\/2021\/08\/mapa-polesia-reklama.jpg 501w, https:\/\/htb.com.pl\/wp-content\/uploads\/2021\/08\/mapa-polesia-reklama-300x158.jpg 300w\" sizes=\"auto, (max-width: 501px) 100vw, 501px\" \/><\/a><\/figure>\n\n\n\n<p> I jak co tydzie\u0144 przedstawiam wydarzenia z ostatniego tygodnia z perspektywy Marysi. Wydawa\u0142o si\u0119, \u017ce jak co roku b\u0119d\u0119 opisywa\u0142 \u015awi\u0119to Wojska Polskiego, jak \u015bpiewano &#8220;My Pierwsza Brygada&#8221;, a ja b\u0119d\u0119 pyta\u0142 dlaczego. Sta\u0142o si\u0119 jednak co\u015b strasznego. W sobot\u0119 14-stego Talibowie stali pod Kabulem <a href=\"http:\/\/radiomaria.com.pl\/wp-content\/uploads\/2021\/08\/15.08.-Afganistan.mp3\"><img loading=\"lazy\" decoding=\"async\" width=\"150\" height=\"84\" class=\"wp-image-54047\" style=\"width: 150px;\" src=\"https:\/\/htb.com.pl\/wp-content\/uploads\/2021\/08\/Talibowie-1024x576-1.jpg\" alt=\"\" srcset=\"https:\/\/htb.com.pl\/wp-content\/uploads\/2021\/08\/Talibowie-1024x576-1.jpg 1024w, https:\/\/htb.com.pl\/wp-content\/uploads\/2021\/08\/Talibowie-1024x576-1-300x169.jpg 300w, https:\/\/htb.com.pl\/wp-content\/uploads\/2021\/08\/Talibowie-1024x576-1-768x432.jpg 768w, https:\/\/htb.com.pl\/wp-content\/uploads\/2021\/08\/Talibowie-1024x576-1-600x338.jpg 600w\" sizes=\"auto, (max-width: 150px) 100vw, 150px\" \/><\/a> , a w niedziel\u0119 byli ju\u017c w pa\u0142acu.  prezydenta <a href=\"http:\/\/radiomaria.com.pl\/wp-content\/uploads\/2021\/08\/16.08.-Kabul-zdobyty-1.mp3\"><img loading=\"lazy\" decoding=\"async\" width=\"150\" height=\"104\" class=\"wp-image-54049\" style=\"width: 150px;\" src=\"https:\/\/htb.com.pl\/wp-content\/uploads\/2021\/08\/Palac-prezydencki.jpg\" alt=\"\" srcset=\"https:\/\/htb.com.pl\/wp-content\/uploads\/2021\/08\/Palac-prezydencki.jpg 840w, https:\/\/htb.com.pl\/wp-content\/uploads\/2021\/08\/Palac-prezydencki-300x209.jpg 300w, https:\/\/htb.com.pl\/wp-content\/uploads\/2021\/08\/Palac-prezydencki-768x534.jpg 768w, https:\/\/htb.com.pl\/wp-content\/uploads\/2021\/08\/Palac-prezydencki-600x417.jpg 600w\" sizes=\"auto, (max-width: 150px) 100vw, 150px\" \/><\/a> Ashrafa Ghaniego. Nie zastali go tam &#8211; uciek\u0142. Znamy takie przypadki r\u00f3wnie\u017c z naszej historii &#8211; nawet tej najnowszej.<\/p>\n\n\n\n<p><\/p>\n\n\n\n<figure class=\"wp-block-image size-large\"><a href=\"http:\/\/radiomaria.com.pl\/wp-content\/uploads\/2021\/08\/Metale-ziem-rzadkich.mp3\"><img loading=\"lazy\" decoding=\"async\" width=\"634\" height=\"309\" src=\"https:\/\/htb.com.pl\/wp-content\/uploads\/2021\/08\/Metale.jpg\" alt=\"\" class=\"wp-image-54104\" srcset=\"https:\/\/htb.com.pl\/wp-content\/uploads\/2021\/08\/Metale.jpg 634w, https:\/\/htb.com.pl\/wp-content\/uploads\/2021\/08\/Metale-300x146.jpg 300w, https:\/\/htb.com.pl\/wp-content\/uploads\/2021\/08\/Metale-600x292.jpg 600w\" sizes=\"auto, (max-width: 634px) 100vw, 634px\" \/><\/a><\/figure>\n\n\n\n<p>Wszystko to Amerykanie spowodowali i nie tym, \u017ce wojska z Afganistanu wycofali, tylko tym, \u017ce \u015bwiat ok\u0142amywali i\u017c napadaj\u0105c 7 pa\u017adziernika 2001 roku  na Afganistan Usamy ibn Ladinna szukali. Oni tam metali ziem rzadkich szukali,  a my\u015bmy im pomagali &#8211; zak\u0142adam, \u017ce tej prawdy \u017ce\u015bmy nie znali. Jeszcze w niedziel\u0119 nasi wojskowi na polityk\u00f3w problemy z tym zwi\u0105zane scedowywali i spokojnie \u015bwi\u0119towali. W Rzeszowie pod pomnikiem genera\u0142a W\u0142adys\u0142awa Sikorskiego kwiaty sk\u0142adali, <a href=\"http:\/\/radiomaria.com.pl\/wp-content\/uploads\/2021\/08\/Swieto-wojska-polskiego.mp3\"><img loading=\"lazy\" decoding=\"async\" width=\"150\" height=\"200\" class=\"wp-image-54085\" style=\"width: 150px;\" src=\"https:\/\/htb.com.pl\/wp-content\/uploads\/2021\/08\/Sikorski.jpg\" alt=\"\" srcset=\"https:\/\/htb.com.pl\/wp-content\/uploads\/2021\/08\/Sikorski.jpg 526w, https:\/\/htb.com.pl\/wp-content\/uploads\/2021\/08\/Sikorski-225x300.jpg 225w\" sizes=\"auto, (max-width: 150px) 100vw, 150px\" \/><\/a> a przed Urz\u0119dem Wojew\u00f3dzkim piknik zorganizowali. w Mielcu te\u017c bez jakichkolwiek refleksji &#8220;My Pierwsza Brygada&#8221; za\u015bpiewali. <a href=\"http:\/\/radiomaria.com.pl\/wp-content\/uploads\/2021\/08\/Mundur-na-nim-szary.mp3\"><img loading=\"lazy\" decoding=\"async\" width=\"150\" height=\"84\" class=\"wp-image-54087\" style=\"width: 150px;\" src=\"https:\/\/htb.com.pl\/wp-content\/uploads\/2021\/08\/Mundur-jegio-szary-1024x575-1.jpg\" alt=\"\" srcset=\"https:\/\/htb.com.pl\/wp-content\/uploads\/2021\/08\/Mundur-jegio-szary-1024x575-1.jpg 1024w, https:\/\/htb.com.pl\/wp-content\/uploads\/2021\/08\/Mundur-jegio-szary-1024x575-1-300x168.jpg 300w, https:\/\/htb.com.pl\/wp-content\/uploads\/2021\/08\/Mundur-jegio-szary-1024x575-1-768x431.jpg 768w, https:\/\/htb.com.pl\/wp-content\/uploads\/2021\/08\/Mundur-jegio-szary-1024x575-1-600x337.jpg 600w\" sizes=\"auto, (max-width: 150px) 100vw, 150px\" \/><\/a> Dopiero w poniedzia\u0142ek, pod wp\u0142ywem opinii spo\u0142ecznej  rz\u0105dz\u0105cy si\u0119 zreflektowali i do Kabulu samoloty wys\u0142ali. <a href=\"http:\/\/radiomaria.com.pl\/wp-content\/uploads\/2021\/08\/17.08.-Polskie-samoloty-wylecialy.mp3\"><img loading=\"lazy\" decoding=\"async\" width=\"150\" height=\"100\" class=\"wp-image-54089\" style=\"width: 150px;\" src=\"https:\/\/htb.com.pl\/wp-content\/uploads\/2021\/08\/Lockheed-c-130-Hercules.jpg\" alt=\"\" srcset=\"https:\/\/htb.com.pl\/wp-content\/uploads\/2021\/08\/Lockheed-c-130-Hercules.jpg 840w, https:\/\/htb.com.pl\/wp-content\/uploads\/2021\/08\/Lockheed-c-130-Hercules-300x200.jpg 300w, https:\/\/htb.com.pl\/wp-content\/uploads\/2021\/08\/Lockheed-c-130-Hercules-768x512.jpg 768w, https:\/\/htb.com.pl\/wp-content\/uploads\/2021\/08\/Lockheed-c-130-Hercules-600x400.jpg 600w\" sizes=\"auto, (max-width: 150px) 100vw, 150px\" \/><\/a>  Po tych co przed Talibami uciekali &#8211; ale migrant\u00f3w na polsko-bia\u0142oruskiej granicy zatrzymali. <a href=\"http:\/\/radiomaria.com.pl\/wp-content\/uploads\/2021\/08\/18.08.-OMON.mp3\"><img loading=\"lazy\" decoding=\"async\" width=\"150\" height=\"113\" class=\"wp-image-54091\" style=\"width: 150px;\" src=\"https:\/\/htb.com.pl\/wp-content\/uploads\/2021\/08\/Granica-bialoruska.jpg\" alt=\"\" srcset=\"https:\/\/htb.com.pl\/wp-content\/uploads\/2021\/08\/Granica-bialoruska.jpg 640w, https:\/\/htb.com.pl\/wp-content\/uploads\/2021\/08\/Granica-bialoruska-300x225.jpg 300w, https:\/\/htb.com.pl\/wp-content\/uploads\/2021\/08\/Granica-bialoruska-600x450.jpg 600w\" sizes=\"auto, (max-width: 150px) 100vw, 150px\" \/><\/a> Po jednej stronie pasa granicznego uzbrojeni Polacy stali, a po drugiej, bia\u0142oruskiej ich pogranicznicy. Po \u015brodku ci biedni migranci, <a href=\"http:\/\/radiomaria.com.pl\/wp-content\/uploads\/2021\/08\/Migrancia.mp3\"><img loading=\"lazy\" decoding=\"async\" width=\"150\" height=\"84\" class=\"wp-image-54111\" style=\"width: 150px;\" src=\"https:\/\/htb.com.pl\/wp-content\/uploads\/2021\/08\/Pogranicznicy.jpg\" alt=\"\" srcset=\"https:\/\/htb.com.pl\/wp-content\/uploads\/2021\/08\/Pogranicznicy.jpg 740w, https:\/\/htb.com.pl\/wp-content\/uploads\/2021\/08\/Pogranicznicy-300x169.jpg 300w, https:\/\/htb.com.pl\/wp-content\/uploads\/2021\/08\/Pogranicznicy-600x337.jpg 600w\" sizes=\"auto, (max-width: 150px) 100vw, 150px\" \/><\/a> w\u015br\u00f3d nich matki z dzie\u0107mi. Bia\u0142orusini si\u0119 &#8220;z\u0142amali&#8221;, tych kt\u00f3rym dzieci p\u0142aka\u0142y do swoich pomieszcze\u0144 zabrali. Nawet \u017ce\u015bmy im za to podzi\u0119kowali. Nasi rz\u0105dz\u0105cy zdecydowali, \u017ce drutem kolczastym b\u0119d\u0105 tych ludzi odgradzali. \u017beby si\u0119 nie okaza\u0142o, \u017ce to my jeste\u015bmy w \u015brodku tych zasiek\u00f3w &#8211; bo do tego naprawd\u0119 ma\u0142o zosta\u0142o. <\/p>\n\n\n\n<p>Nasi politycy to ludzie mali <a href=\"http:\/\/radiomaria.com.pl\/wp-content\/uploads\/2021\/08\/11.08.-Kult-jednostki.mp3\"><img loading=\"lazy\" decoding=\"async\" width=\"150\" height=\"100\" class=\"wp-image-54097\" style=\"width: 150px;\" src=\"https:\/\/htb.com.pl\/wp-content\/uploads\/2021\/08\/Kaczynski.jpg\" alt=\"\" srcset=\"https:\/\/htb.com.pl\/wp-content\/uploads\/2021\/08\/Kaczynski.jpg 784w, https:\/\/htb.com.pl\/wp-content\/uploads\/2021\/08\/Kaczynski-300x200.jpg 300w, https:\/\/htb.com.pl\/wp-content\/uploads\/2021\/08\/Kaczynski-768x512.jpg 768w, https:\/\/htb.com.pl\/wp-content\/uploads\/2021\/08\/Kaczynski-600x400.jpg 600w\" sizes=\"auto, (max-width: 150px) 100vw, 150px\" \/><\/a> , jako form\u0119 rz\u0105dzenia sanacyjny kult jednostki wybrali i praktycznie wszystko ju\u017c zdewastowali. Ostatnio  pani marsza\u0142ek Sejmu El\u017cbiety Witek reasumpcj\u0119  g\u0142osowania przeprowadzi\u0142a. <a href=\"http:\/\/radiomaria.com.pl\/wp-content\/uploads\/2021\/08\/12.08.-Lex-Anty-TVN.mp3\"><img loading=\"lazy\" decoding=\"async\" width=\"150\" height=\"100\" class=\"wp-image-54095\" style=\"width: 150px;\" src=\"https:\/\/htb.com.pl\/wp-content\/uploads\/2021\/08\/Sejm-lex.jpg\" alt=\"\" srcset=\"https:\/\/htb.com.pl\/wp-content\/uploads\/2021\/08\/Sejm-lex.jpg 796w, https:\/\/htb.com.pl\/wp-content\/uploads\/2021\/08\/Sejm-lex-300x200.jpg 300w, https:\/\/htb.com.pl\/wp-content\/uploads\/2021\/08\/Sejm-lex-768x512.jpg 768w, https:\/\/htb.com.pl\/wp-content\/uploads\/2021\/08\/Sejm-lex-600x400.jpg 600w\" sizes=\"auto, (max-width: 150px) 100vw, 150px\" \/><\/a>  Zrobi\u0142a to tak, \u017ce reszta autorytetu drugiej osoby w pa\u0144stwie si\u0119 zawali\u0142a.<\/p>\n\n\n\n<p>  Rz\u0105dz\u0105cy Jaros\u0142awa Gowina, prezesa koalicyjnego   Porozumienia  zdymisjonowali, <a href=\"http:\/\/radiomaria.com.pl\/wp-content\/uploads\/2021\/08\/14.08.-Dymisja-Gowina.mp3\"><img loading=\"lazy\" decoding=\"async\" width=\"150\" height=\"84\" class=\"wp-image-54100\" style=\"width: 150px;\" src=\"https:\/\/htb.com.pl\/wp-content\/uploads\/2021\/08\/Duda-Gowin.jpg\" alt=\"\" srcset=\"https:\/\/htb.com.pl\/wp-content\/uploads\/2021\/08\/Duda-Gowin.jpg 740w, https:\/\/htb.com.pl\/wp-content\/uploads\/2021\/08\/Duda-Gowin-300x169.jpg 300w, https:\/\/htb.com.pl\/wp-content\/uploads\/2021\/08\/Duda-Gowin-600x337.jpg 600w\" sizes=\"auto, (max-width: 150px) 100vw, 150px\" \/><\/a> a cz\u0119\u015b\u0107 jego pos\u0142\u00f3w skorumpowali.<\/p>\n\n\n\n<p> Tylko Pani V\u011bry Jourov\u00e1wej si\u0119 bali i wyrok TSUE w sprawie Izby Dyscyplinarnej wykonali. W prawdzie po swojemu ale bud\u017cet si\u0119 wali, <a href=\"http:\/\/radiomaria.com.pl\/wp-content\/uploads\/2021\/08\/14.08.-Inflacja.mp3\"><img loading=\"lazy\" decoding=\"async\" width=\"150\" height=\"100\" class=\"wp-image-54102\" style=\"width: 150px;\" src=\"https:\/\/htb.com.pl\/wp-content\/uploads\/2021\/08\/Inflacja.png\" alt=\"\" srcset=\"https:\/\/htb.com.pl\/wp-content\/uploads\/2021\/08\/Inflacja.png 353w, https:\/\/htb.com.pl\/wp-content\/uploads\/2021\/08\/Inflacja-300x201.png 300w\" sizes=\"auto, (max-width: 150px) 100vw, 150px\" \/><\/a> a unijni urz\u0119dnicy wyp\u0142at\u0119 \u015brodk\u00f3w z funduszu odbudowy zablokowali. <\/p>\n\n\n\n<p>No ciekawe, czy Pani\u0105 komisarz nabrali, b\u0119dziemy si\u0119 temu przygl\u0105dali.<\/p>\n","protected":false},"excerpt":{"rendered":"<p>15 sierpnia to \u015bwi\u0105teczny dzie\u0144. \u015awi\u0119to Wojska Polskiego, rocznica Bitwy Warszawskie i \u015awi\u0119to Wniebowzi\u0119cia NMP. W moim rodzinnym domu nazywa\u0142o si\u0119 to \u015awi\u0119tem Matki Boskiej Zielnej. Poka\u017any bukiet zi\u00f3\u0142 nios\u0142o si\u0119 do ko\u015bcio\u0142a, tam by\u0142 \u015bwi\u0119cony, a potem przez ca\u0142y rok s\u0142u\u017cy\u0142 jako lek. Robi\u0142o si\u0119 z tego wyci\u0105gi, napary, wywary. To mi zosta\u0142o &#8211; [&hellip;]<\/p>\n","protected":false},"author":1,"featured_media":54106,"comment_status":"open","ping_status":"open","sticky":false,"template":"","format":"standard","meta":{"_jetpack_memberships_contains_paid_content":false,"footnotes":""},"categories":[4],"tags":[],"class_list":["post-54035","post","type-post","status-publish","format-standard","has-post-thumbnail","hentry","category-daty-i-fakty-blog"],"jetpack_sharing_enabled":true,"jetpack_featured_media_url":"https:\/\/htb.com.pl\/wp-content\/uploads\/2021\/08\/Boing-600.jpg","_links":{"self":[{"href":"https:\/\/htb.com.pl\/index.php?rest_route=\/wp\/v2\/posts\/54035","targetHints":{"allow":["GET"]}}],"collection":[{"href":"https:\/\/htb.com.pl\/index.php?rest_route=\/wp\/v2\/posts"}],"about":[{"href":"https:\/\/htb.com.pl\/index.php?rest_route=\/wp\/v2\/types\/post"}],"author":[{"embeddable":true,"href":"https:\/\/htb.com.pl\/index.php?rest_route=\/wp\/v2\/users\/1"}],"replies":[{"embeddable":true,"href":"https:\/\/htb.com.pl\/index.php?rest_route=%2Fwp%2Fv2%2Fcomments&post=54035"}],"version-history":[{"count":22,"href":"https:\/\/htb.com.pl\/index.php?rest_route=\/wp\/v2\/posts\/54035\/revisions"}],"predecessor-version":[{"id":54119,"href":"https:\/\/htb.com.pl\/index.php?rest_route=\/wp\/v2\/posts\/54035\/revisions\/54119"}],"wp:featuredmedia":[{"embeddable":true,"href":"https:\/\/htb.com.pl\/index.php?rest_route=\/wp\/v2\/media\/54106"}],"wp:attachment":[{"href":"https:\/\/htb.com.pl\/index.php?rest_route=%2Fwp%2Fv2%2Fmedia&parent=54035"}],"wp:term":[{"taxonomy":"category","embeddable":true,"href":"https:\/\/htb.com.pl\/index.php?rest_route=%2Fwp%2Fv2%2Fcategories&post=54035"},{"taxonomy":"post_tag","embeddable":true,"href":"https:\/\/htb.com.pl\/index.php?rest_route=%2Fwp%2Fv2%2Ftags&post=54035"}],"curies":[{"name":"wp","href":"https:\/\/api.w.org\/{rel}","templated":true}]}}