{"id":54403,"date":"2021-08-27T08:23:07","date_gmt":"2021-08-27T08:23:07","guid":{"rendered":"https:\/\/htb.com.pl\/?p=54403"},"modified":"2021-08-27T08:26:29","modified_gmt":"2021-08-27T08:26:29","slug":"na-straganie","status":"publish","type":"post","link":"https:\/\/htb.com.pl\/?p=54403","title":{"rendered":"Na straganie"},"content":{"rendered":"\n<p><\/p>\n\n\n\n<figure class=\"wp-block-image size-thumbnail\"><a href=\"https:\/\/htb.com.pl\/wp-content\/uploads\/2021\/08\/Na-straganieN.mp3\"><img loading=\"lazy\" decoding=\"async\" width=\"150\" height=\"150\" src=\"https:\/\/htb.com.pl\/wp-content\/uploads\/2018\/04\/posluchaj-150x150.jpg\" alt=\"\" class=\"wp-image-2020\" srcset=\"https:\/\/htb.com.pl\/wp-content\/uploads\/2018\/04\/posluchaj-150x150.jpg 150w, https:\/\/htb.com.pl\/wp-content\/uploads\/2018\/04\/posluchaj-300x300.jpg 300w, https:\/\/htb.com.pl\/wp-content\/uploads\/2018\/04\/posluchaj-100x100.jpg 100w\" sizes=\"auto, (max-width: 150px) 100vw, 150px\" \/><\/a><\/figure>\n\n\n\n<p>Jest taki wspania\u0142y wiersz Jana Brzechwy, jak to na straganie w dzie\u0144 targowy warzywa toczy\u0142y rozmowy. Na koniec spory rozs\u0105dzi\u0142a kapusta; &#8220;Po co wasze swary g\u0142upie, Wnet i tak zginiemy w zupie!&#8221;<\/p>\n\n\n\n<p>Ja ten wiersz sparafrazowa\u0142em i sytuacj\u0119 na polsko-bia\u0142oruskiej granicy opisa\u0142em. <\/p>\n\n\n\n<figure class=\"wp-block-image size-large\"><a href=\"http:\/\/radiomaria.com.pl\/wp-content\/uploads\/2021\/08\/Muzulmanie.mp3\"><img loading=\"lazy\" decoding=\"async\" width=\"600\" height=\"324\" src=\"https:\/\/htb.com.pl\/wp-content\/uploads\/2021\/08\/karakorum.jpg\" alt=\"\" class=\"wp-image-54414\" srcset=\"https:\/\/htb.com.pl\/wp-content\/uploads\/2021\/08\/karakorum.jpg 600w, https:\/\/htb.com.pl\/wp-content\/uploads\/2021\/08\/karakorum-300x162.jpg 300w\" sizes=\"auto, (max-width: 600px) 100vw, 600px\" \/><\/a><figcaption>Szczyt Karakorum &#8211; zdj\u0119cie jest aktywne, kliknij, archiwalny materia\u0142 Radia MARIA,  wprowadzi w temat.<\/figcaption><\/figure>\n\n\n\n<p>Usnarz G\u00f3rny<\/p>\n\n\n\n<p>Na granicy w\u015br\u00f3d d\u0105browy, <\/p>\n\n\n\n<p>takie s\u0142yszy si\u0119 rozmowy.<\/p>\n\n\n\n<p>Ocalenie &#8211; co wam trzeba?<\/p>\n\n\n\n<p>Uchod\u017acy &#8211; chorujemy <a href=\"http:\/\/radiomaria.com.pl\/wp-content\/uploads\/2021\/08\/23.08.-Solodarnosc.mp3\"><img loading=\"lazy\" decoding=\"async\" width=\"150\" height=\"104\" class=\"wp-image-54410\" style=\"width: 150px;\" src=\"https:\/\/htb.com.pl\/wp-content\/uploads\/2021\/08\/32-migrantow.jpg\" alt=\"\" srcset=\"https:\/\/htb.com.pl\/wp-content\/uploads\/2021\/08\/32-migrantow.jpg 564w, https:\/\/htb.com.pl\/wp-content\/uploads\/2021\/08\/32-migrantow-300x209.jpg 300w\" sizes=\"auto, (max-width: 150px) 100vw, 150px\" \/><\/a> ale z wolno\u015bci nie zrezygnujemy.<\/p>\n\n\n\n<p>Ocalenie &#8211; my wam pom\u00f3c nie umiemy. <a href=\"http:\/\/radiomaria.com.pl\/wp-content\/uploads\/2021\/08\/21.08.-Wstyd.mp3\"><img loading=\"lazy\" decoding=\"async\" width=\"150\" height=\"113\" class=\"wp-image-54412\" style=\"width: 150px;\" src=\"https:\/\/htb.com.pl\/wp-content\/uploads\/2021\/08\/Lekarka.jpg\" alt=\"\" srcset=\"https:\/\/htb.com.pl\/wp-content\/uploads\/2021\/08\/Lekarka.jpg 640w, https:\/\/htb.com.pl\/wp-content\/uploads\/2021\/08\/Lekarka-300x225.jpg 300w, https:\/\/htb.com.pl\/wp-content\/uploads\/2021\/08\/Lekarka-600x450.jpg 600w\" sizes=\"auto, (max-width: 150px) 100vw, 150px\" \/><\/a><\/p>\n\n\n\n<p>Uchod\u017aczy &#8211; wiemy ale i tak dzi\u0119kujemy.<\/p>\n\n\n\n<p>Na to premier charcz\u0105c krzyczy, <\/p>\n\n\n\n<p>Bia\u0142oru\u015b nasze pomocy dla was sobie nie \u017cyczy. <a href=\"http:\/\/radiomaria.com.pl\/wp-content\/uploads\/2021\/08\/24.08.-Co-tu-pomoze.mp3\"><img loading=\"lazy\" decoding=\"async\" width=\"150\" height=\"76\" class=\"wp-image-54408\" style=\"width: 150px;\" src=\"https:\/\/htb.com.pl\/wp-content\/uploads\/2021\/08\/Ciezarowki.png\" alt=\"\" srcset=\"https:\/\/htb.com.pl\/wp-content\/uploads\/2021\/08\/Ciezarowki.png 846w, https:\/\/htb.com.pl\/wp-content\/uploads\/2021\/08\/Ciezarowki-300x153.png 300w, https:\/\/htb.com.pl\/wp-content\/uploads\/2021\/08\/Ciezarowki-768x391.png 768w, https:\/\/htb.com.pl\/wp-content\/uploads\/2021\/08\/Ciezarowki-600x306.png 600w\" sizes=\"auto, (max-width: 150px) 100vw, 150px\" \/><\/a><\/p>\n\n\n\n<p>Dobrze, \u017ce uchod\u017acy tego nie s\u0142yszeli,<\/p>\n\n\n\n<p>k\u0142ami\u0105cych rz\u0105dz\u0105cych r\u00f3wnie\u017c w swoim kraju mieli.<\/p>\n\n\n\n<p><\/p>\n\n\n\n<p>Pisa\u0142em jak Majka z Pani\u0105 Joasi\u0105, czyli Joann\u0105 Micha\u0142owsk\u0105-Gumowsk\u0105, minister o\u015bwiaty i wychowania w rz\u0105dzie Zbigniewa Messnera przygotowywa\u0142y zmiany w programie nauczania, jakie mia\u0142y nast\u0105pi\u0107 w wyniku zmiany pokoleniowej. By\u0142 koniec lat osiemdziesi\u0105tych i ludzie pami\u0119taj\u0105cy okropno\u015bci wojny odchodzili. Nale\u017ca\u0142o zrobi\u0107 wszystko, aby to co by\u0142o &#8211; ju\u017c nigdy si\u0119 nie powt\u00f3rzy\u0142o. Nie ze wszystkim co Marysia proponowa\u0142 si\u0119 zgadza\u0142em, raz nawet w takiej dyskusji g\u0142os zabra\u0142em. Chodzi\u0142o o religi\u0119 w szkole. Majka by\u0142a temu kategorycznie przeciwna. Kardyna\u0142 J\u00f3zef Glemp nawet Pani\u0105 Joasi\u0119 do tego przekona\u0142. Ja powiedzia\u0142em, \u017ce s\u0142ysza\u0142em, i\u017c ludzie, kt\u00f3rzy w latach pi\u0119\u0107dziesi\u0105tych krzy\u017ce w klasach lekcyjnych zdejmowali, w kr\u00f3tce poumierali. Majka odpowiedzia\u0142a, \u017ce ona w Hiszpanii widzia\u0142a, jak ci kt\u00f3rzy takie krzy\u017ce zawieszali, potem zabijali. Tu pot\u0119\u017cn\u0105 blizn\u0119 na nodze pokaza\u0142a i doda\u0142a. Mnie rady nie dali i wy te\u017c nie dacie, a jak jakim\u015b cudem dacie &#8211; przegracie. <\/p>\n\n\n\n<p>W walce o krzy\u017ce \u017ce\u015bmy wygrali &#8211; ale czy nie jest tak, jak Marysia m\u00f3wi\u0142a&#8230;<\/p>\n\n\n\n<p>W\u0142a\u015bnie rolnicy strajkowali <a href=\"http:\/\/radiomaria.com.pl\/wp-content\/uploads\/2021\/08\/24.08.-Strtajki.mp3\"><img loading=\"lazy\" decoding=\"async\" width=\"150\" height=\"100\" class=\"wp-image-54418\" style=\"width: 150px;\" src=\"https:\/\/htb.com.pl\/wp-content\/uploads\/2021\/08\/przyczepa.jpg\" alt=\"\" srcset=\"https:\/\/htb.com.pl\/wp-content\/uploads\/2021\/08\/przyczepa.jpg 863w, https:\/\/htb.com.pl\/wp-content\/uploads\/2021\/08\/przyczepa-300x200.jpg 300w, https:\/\/htb.com.pl\/wp-content\/uploads\/2021\/08\/przyczepa-768x512.jpg 768w, https:\/\/htb.com.pl\/wp-content\/uploads\/2021\/08\/przyczepa-600x400.jpg 600w\" sizes=\"auto, (max-width: 150px) 100vw, 150px\" \/><\/a> przeciwko tym, na kt\u00f3rych g\u0142osowali, a w programie TVN &#8220;Taki jest&#8221; &#8211;  wydawa\u0107 by si\u0119 mog\u0142o normalni ludzie, redaktor Andrzej Mrozowski i jego go\u015b\u0107 prof. Marcin Wi\u0105cek, rzecznik praw obywatelskich g\u0142upoty gadali, <a href=\"http:\/\/radiomaria.com.pl\/wp-content\/uploads\/2021\/08\/24.08.-Tak-Jest.mp3\"><img loading=\"lazy\" decoding=\"async\" width=\"150\" height=\"113\" class=\"wp-image-54420\" style=\"width: 150px;\" src=\"https:\/\/htb.com.pl\/wp-content\/uploads\/2021\/08\/Tak-Jest.jpg\" alt=\"\" srcset=\"https:\/\/htb.com.pl\/wp-content\/uploads\/2021\/08\/Tak-Jest.jpg 640w, https:\/\/htb.com.pl\/wp-content\/uploads\/2021\/08\/Tak-Jest-300x225.jpg 300w, https:\/\/htb.com.pl\/wp-content\/uploads\/2021\/08\/Tak-Jest-600x450.jpg 600w\" sizes=\"auto, (max-width: 150px) 100vw, 150px\" \/><\/a> \u017ce to \u017ale, i\u017c \u017co\u0142nierze rozkaz wykonali i migrant\u00f3w spacyfikowali. Oni ten rozkaz od  Mariusza B\u0142aszczaka, ministra obrony narodowej  dostali &#8211; <a href=\"http:\/\/radiomaria.com.pl\/wp-content\/uploads\/2021\/08\/23.08.-Mariusz-Blaszczak.mp3\"><img loading=\"lazy\" decoding=\"async\" width=\"150\" height=\"101\" class=\"wp-image-54422\" style=\"width: 150px;\" src=\"https:\/\/htb.com.pl\/wp-content\/uploads\/2021\/08\/Blaszczak.jpg\" alt=\"\" srcset=\"https:\/\/htb.com.pl\/wp-content\/uploads\/2021\/08\/Blaszczak.jpg 636w, https:\/\/htb.com.pl\/wp-content\/uploads\/2021\/08\/Blaszczak-300x202.jpg 300w, https:\/\/htb.com.pl\/wp-content\/uploads\/2021\/08\/Blaszczak-600x404.jpg 600w\" sizes=\"auto, (max-width: 150px) 100vw, 150px\" \/><\/a> ale to my tak \u017ce\u015bmy wybrali, wi\u0119c prosz\u0119, aby\u015bmy na wojsko nie zganiali. W\u0142a\u015bnie kolejny rozkaz dostali, \u017ceby si\u0119 z  ewakuacji Afganistanu wycofali. <a href=\"http:\/\/radiomaria.com.pl\/wp-content\/uploads\/2021\/08\/26.08.-Ewakuacja.mp3\"><img loading=\"lazy\" decoding=\"async\" width=\"150\" height=\"113\" class=\"wp-image-54433\" style=\"width: 150px;\" src=\"https:\/\/htb.com.pl\/wp-content\/uploads\/2021\/08\/Ewakuacja.jpg\" alt=\"\" srcset=\"https:\/\/htb.com.pl\/wp-content\/uploads\/2021\/08\/Ewakuacja.jpg 640w, https:\/\/htb.com.pl\/wp-content\/uploads\/2021\/08\/Ewakuacja-300x225.jpg 300w, https:\/\/htb.com.pl\/wp-content\/uploads\/2021\/08\/Ewakuacja-600x450.jpg 600w\" sizes=\"auto, (max-width: 150px) 100vw, 150px\" \/><\/a> Piewcy geniuszu J\u00f3zefa Pi\u0142sudskiego go wydali, na jego genialnym manewrze &#8211; czyli ucieczce z fronty w 1914 roku si\u0119 wzorowali, (Ulinia Ma\u0142a). Dzi\u015b te\u017c propagandzi\u015bci rz\u0105dowi b\u0119d\u0105 opowiadali, \u017ce nasi rz\u0105dz\u0105cy genialny ruch wykonali &#8211; bo w Kabulu terrory\u015bci zamachu dokonali. <a href=\"http:\/\/radiomaria.com.pl\/wp-content\/uploads\/2021\/08\/27.08.-Ulinia-Mala.mp3\"><img loading=\"lazy\" decoding=\"async\" width=\"150\" height=\"81\" class=\"wp-image-54472\" style=\"width: 150px;\" src=\"https:\/\/htb.com.pl\/wp-content\/uploads\/2021\/08\/Zamach.jpg\" alt=\"\" srcset=\"https:\/\/htb.com.pl\/wp-content\/uploads\/2021\/08\/Zamach.jpg 636w, https:\/\/htb.com.pl\/wp-content\/uploads\/2021\/08\/Zamach-300x161.jpg 300w, https:\/\/htb.com.pl\/wp-content\/uploads\/2021\/08\/Zamach-600x323.jpg 600w\" sizes=\"auto, (max-width: 150px) 100vw, 150px\" \/><\/a><\/p>\n\n\n\n<p> Na koniec co\u015b pozytywnego z tygodnia ostatniego. W Gda\u0144sku i Cz\u0119stochowie odby\u0142y si\u0119 parady r\u00f3wno\u015bci. <a href=\"http:\/\/radiomaria.com.pl\/wp-content\/uploads\/2021\/08\/21.08.-Kochaj.mp3\"><img loading=\"lazy\" decoding=\"async\" width=\"150\" height=\"113\" class=\"wp-image-54427\" style=\"width: 150px;\" src=\"https:\/\/htb.com.pl\/wp-content\/uploads\/2021\/08\/Kochaj.jpg\" alt=\"\" srcset=\"https:\/\/htb.com.pl\/wp-content\/uploads\/2021\/08\/Kochaj.jpg 640w, https:\/\/htb.com.pl\/wp-content\/uploads\/2021\/08\/Kochaj-300x225.jpg 300w, https:\/\/htb.com.pl\/wp-content\/uploads\/2021\/08\/Kochaj-600x450.jpg 600w\" sizes=\"auto, (max-width: 150px) 100vw, 150px\" \/><\/a> Jak si\u0119 bowiem okazuje, pa\u0144stwo polskie wrogo\u015b\u0107 nie tylko migrantom okazuje, r\u00f3wnie\u017c Polacy co inaczej kochaj\u0105, podobne problemy maj\u0105. <\/p>\n\n\n\n<p>Mo\u017ce wi\u0119c racj\u0119 Marysi przyznamy, religi\u0119 od w\u0142adzy \u015bwieckiej oddzielimy, a pacierz wieczorem, w domowym zaciszu, z Radiem MARIA odm\u00f3wimy.<\/p>\n","protected":false},"excerpt":{"rendered":"<p>Jest taki wspania\u0142y wiersz Jana Brzechwy, jak to na straganie w dzie\u0144 targowy warzywa toczy\u0142y rozmowy. Na koniec spory rozs\u0105dzi\u0142a kapusta; &#8220;Po co wasze swary g\u0142upie, Wnet i tak zginiemy w zupie!&#8221; Ja ten wiersz sparafrazowa\u0142em i sytuacj\u0119 na polsko-bia\u0142oruskiej granicy opisa\u0142em. Usnarz G\u00f3rny Na granicy w\u015br\u00f3d d\u0105browy, takie s\u0142yszy si\u0119 rozmowy. Ocalenie &#8211; co [&hellip;]<\/p>\n","protected":false},"author":1,"featured_media":54479,"comment_status":"open","ping_status":"open","sticky":false,"template":"","format":"standard","meta":{"_jetpack_memberships_contains_paid_content":false,"footnotes":""},"categories":[4],"tags":[745],"class_list":["post-54403","post","type-post","status-publish","format-standard","has-post-thumbnail","hentry","category-daty-i-fakty-blog","tag-na-straganie"],"jetpack_sharing_enabled":true,"jetpack_featured_media_url":"https:\/\/htb.com.pl\/wp-content\/uploads\/2021\/08\/Stragan.jpg","_links":{"self":[{"href":"https:\/\/htb.com.pl\/index.php?rest_route=\/wp\/v2\/posts\/54403","targetHints":{"allow":["GET"]}}],"collection":[{"href":"https:\/\/htb.com.pl\/index.php?rest_route=\/wp\/v2\/posts"}],"about":[{"href":"https:\/\/htb.com.pl\/index.php?rest_route=\/wp\/v2\/types\/post"}],"author":[{"embeddable":true,"href":"https:\/\/htb.com.pl\/index.php?rest_route=\/wp\/v2\/users\/1"}],"replies":[{"embeddable":true,"href":"https:\/\/htb.com.pl\/index.php?rest_route=%2Fwp%2Fv2%2Fcomments&post=54403"}],"version-history":[{"count":17,"href":"https:\/\/htb.com.pl\/index.php?rest_route=\/wp\/v2\/posts\/54403\/revisions"}],"predecessor-version":[{"id":54481,"href":"https:\/\/htb.com.pl\/index.php?rest_route=\/wp\/v2\/posts\/54403\/revisions\/54481"}],"wp:featuredmedia":[{"embeddable":true,"href":"https:\/\/htb.com.pl\/index.php?rest_route=\/wp\/v2\/media\/54479"}],"wp:attachment":[{"href":"https:\/\/htb.com.pl\/index.php?rest_route=%2Fwp%2Fv2%2Fmedia&parent=54403"}],"wp:term":[{"taxonomy":"category","embeddable":true,"href":"https:\/\/htb.com.pl\/index.php?rest_route=%2Fwp%2Fv2%2Fcategories&post=54403"},{"taxonomy":"post_tag","embeddable":true,"href":"https:\/\/htb.com.pl\/index.php?rest_route=%2Fwp%2Fv2%2Ftags&post=54403"}],"curies":[{"name":"wp","href":"https:\/\/api.w.org\/{rel}","templated":true}]}}