{"id":54759,"date":"2021-09-03T06:12:03","date_gmt":"2021-09-03T06:12:03","guid":{"rendered":"https:\/\/htb.com.pl\/?p=54759"},"modified":"2021-09-03T07:34:23","modified_gmt":"2021-09-03T07:34:23","slug":"to-nie-historia-sie-powtarza","status":"publish","type":"post","link":"https:\/\/htb.com.pl\/?p=54759","title":{"rendered":"To nie historia si\u0119 powtarza"},"content":{"rendered":"\n<p><\/p>\n\n\n\n<figure class=\"wp-block-image size-thumbnail\"><a href=\"https:\/\/htb.com.pl\/wp-content\/uploads\/2021\/09\/To-nie-historia-si\u0119-powtarza.mp3\"><img loading=\"lazy\" decoding=\"async\" width=\"150\" height=\"150\" src=\"https:\/\/htb.com.pl\/wp-content\/uploads\/2018\/04\/posluchaj-150x150.jpg\" alt=\"\" class=\"wp-image-2020\" srcset=\"https:\/\/htb.com.pl\/wp-content\/uploads\/2018\/04\/posluchaj-150x150.jpg 150w, https:\/\/htb.com.pl\/wp-content\/uploads\/2018\/04\/posluchaj-300x300.jpg 300w, https:\/\/htb.com.pl\/wp-content\/uploads\/2018\/04\/posluchaj-100x100.jpg 100w\" sizes=\"auto, (max-width: 150px) 100vw, 150px\" \/><\/a><\/figure>\n\n\n\n<p>Tytu\u0142 to cze\u015b\u0107 s\u0142\u00f3w Marysi &#8211; o nas. Ca\u0142o\u015b\u0107 brzmia\u0142a tak; &#8220;To nie historia si\u0119 powtarza, to my pope\u0142niamy te same b\u0142\u0119dy&#8221;. Poprzedni tydzie\u0144 to migranci w Usnarzu G\u00f3rnym. Sprawy nadal si\u0119 nie rozwi\u0105za\u0142o i my\u015bl\u0119, \u017ce jeszcze jaki\u015b czas b\u0119dzie to trwa\u0142o.  <a href=\"http:\/\/radiomaria.com.pl\/wp-content\/uploads\/2021\/08\/28.08.-Leje.mp3\"><img loading=\"lazy\" decoding=\"async\" width=\"150\" height=\"113\" class=\"wp-image-54782\" style=\"width: 150px;\" src=\"https:\/\/htb.com.pl\/wp-content\/uploads\/2021\/09\/Leje.jpg\" alt=\"\" srcset=\"https:\/\/htb.com.pl\/wp-content\/uploads\/2021\/09\/Leje.jpg 640w, https:\/\/htb.com.pl\/wp-content\/uploads\/2021\/09\/Leje-300x225.jpg 300w, https:\/\/htb.com.pl\/wp-content\/uploads\/2021\/09\/Leje-600x450.jpg 600w\" sizes=\"auto, (max-width: 150px) 100vw, 150px\" \/><\/a> W tym tygodniu przypad\u0142a 82 rocznica wybuchu II wojny \u015bwiatowej. <a href=\"http:\/\/radiomaria.com.pl\/wp-content\/uploads\/2021\/08\/Wrzesin.mp3\"><img loading=\"lazy\" decoding=\"async\" width=\"150\" height=\"84\" class=\"wp-image-54766\" style=\"width: 150px;\" src=\"https:\/\/htb.com.pl\/wp-content\/uploads\/2021\/09\/Wielun.jpg\" alt=\"\" srcset=\"https:\/\/htb.com.pl\/wp-content\/uploads\/2021\/09\/Wielun.jpg 640w, https:\/\/htb.com.pl\/wp-content\/uploads\/2021\/09\/Wielun-300x169.jpg 300w, https:\/\/htb.com.pl\/wp-content\/uploads\/2021\/09\/Wielun-600x338.jpg 600w\" sizes=\"auto, (max-width: 150px) 100vw, 150px\" \/><\/a> Gdy t\u0105 tragedi\u0119 wspomina\u0142em, w marzeniach widzia\u0142em prezydenta, <a href=\"http:\/\/radiomaria.com.pl\/wp-content\/uploads\/2021\/09\/Marzenie-Brawo-Panie-Prezydencie.mp3\"><img loading=\"lazy\" decoding=\"async\" width=\"150\" height=\"75\" class=\"wp-image-54764\" style=\"width: 150px;\" src=\"https:\/\/htb.com.pl\/wp-content\/uploads\/2021\/09\/Prezydent-Wielu\u0144.jpg\" alt=\"\" srcset=\"https:\/\/htb.com.pl\/wp-content\/uploads\/2021\/09\/Prezydent-Wielu\u0144.jpg 750w, https:\/\/htb.com.pl\/wp-content\/uploads\/2021\/09\/Prezydent-Wielu\u0144-300x150.jpg 300w, https:\/\/htb.com.pl\/wp-content\/uploads\/2021\/09\/Prezydent-Wielu\u0144-600x300.jpg 600w\" sizes=\"auto, (max-width: 150px) 100vw, 150px\" \/><\/a> kt\u00f3ry nasz\u0105 przekor\u0119 zmieni w pokor\u0119, a Polska przestanie by\u0107 ugorem, na kt\u00f3rym pr\u00f3buje si\u0119 zbiera\u0107 plony, cho\u0107 si\u0119 nie zasia\u0142o. <a href=\"http:\/\/radiomaria.com.pl\/wp-content\/uploads\/2021\/08\/Adam-Bielan.mp3\"><img loading=\"lazy\" decoding=\"async\" width=\"150\" height=\"100\" class=\"wp-image-922\" style=\"width: 150px;\" src=\"https:\/\/htb.com.pl\/wp-content\/uploads\/2018\/06\/las.jpg\" alt=\"\"><\/a> \u017beby \u015bmiesznie nie wygl\u0105da\u0142o stan wyj\u0105tkowy si\u0119 zorganizowa\u0142o <a href=\"http:\/\/radiomaria.com.pl\/wp-content\/uploads\/2021\/09\/03.09.-Romantyzm-i-Oswiecenie.mp3\"><img loading=\"lazy\" decoding=\"async\" width=\"150\" height=\"112\" class=\"wp-image-54827\" style=\"width: 150px;\" src=\"https:\/\/htb.com.pl\/wp-content\/uploads\/2021\/09\/Jan\u00f3w.jpg\" alt=\"\" srcset=\"https:\/\/htb.com.pl\/wp-content\/uploads\/2021\/09\/Jan\u00f3w.jpg 719w, https:\/\/htb.com.pl\/wp-content\/uploads\/2021\/09\/Jan\u00f3w-300x225.jpg 300w, https:\/\/htb.com.pl\/wp-content\/uploads\/2021\/09\/Jan\u00f3w-600x450.jpg 600w\" sizes=\"auto, (max-width: 150px) 100vw, 150px\" \/><\/a> i obserwator\u00f3w tych zbior\u00f3w, b\u0119dzie si\u0119 usuwa\u0142o. Ale ja wierz\u0119, \u017ce jeszcze normalnie b\u0119dzie. I nie szlachta na ko\u0144 wsi\u0119dzie &#8211; ale rozumu przyb\u0119dzie i Polska normalnym, spokojnym krajem b\u0119dzie. Wtedy nas przyb\u0119dzie. Ju\u017c raz tak by\u0142o. 40 lat temu genera\u0142 Wojciech Jaruzelski s\u0142owa s\u0119dziego Soplicy inaczej ni\u017c romantycy potraktowa\u0142 i nar\u00f3d pozytywnie zareagowa\u0142. Bardzo du\u017co nas si\u0119 wtedy urodzi\u0142o, bo spokojnie i przewidywalnie by\u0142o. 500+ te\u017c by\u0142o, pa\u0144stwo rodzinne p\u0142aci\u0142o. Niewiele brakowa\u0142o i EJ\u017b  uko\u0144czy\u0107 by si\u0119 uda\u0142o i dzi\u015b dro\u017cyzn\u0105 spowodowan\u0105 wzrostem cen energii nie przejmowa\u0142o. A z tych stu Polak\u00f3w, kt\u00f3rzy umieraj\u0105 ka\u017cdego dnia z powodu smogu, przynajmniej 70-ciu prze\u017cy\u0107 by si\u0119 uda\u0142o. Dlaczego wi\u0119c wszystko inaczej si\u0119 potoczy\u0142o? Bo w sierpniu 1980 roku socjalizm z ludzk\u0105 twarz\u0105 si\u0119 wymy\u015bli\u0142o <a href=\"http:\/\/radiomaria.com.pl\/wp-content\/uploads\/2021\/08\/31.08.-Porozumienia-sierpniowe.mp3\"><img loading=\"lazy\" decoding=\"async\" width=\"150\" height=\"102\" class=\"wp-image-54773\" style=\"width: 150px;\" src=\"https:\/\/htb.com.pl\/wp-content\/uploads\/2021\/09\/porozumienie_gdanskie.jpg\" alt=\"\" srcset=\"https:\/\/htb.com.pl\/wp-content\/uploads\/2021\/09\/porozumienie_gdanskie.jpg 750w, https:\/\/htb.com.pl\/wp-content\/uploads\/2021\/09\/porozumienie_gdanskie-300x204.jpg 300w, https:\/\/htb.com.pl\/wp-content\/uploads\/2021\/09\/porozumienie_gdanskie-600x407.jpg 600w\" sizes=\"auto, (max-width: 150px) 100vw, 150px\" \/><\/a> i gdy dw\u00f3ch najwi\u0119kszych Polak\u00f3w tamtego okresu, Jan Pawe\u0142 II i genera\u0142 Jaruzelski demokracje wprowadzi\u0142o, tamto sierpniowe marzenie, nazwano porozumienie i wszystko si\u0119 schrzani\u0142o. To po prosu b\u0142\u0119dem by\u0142o. Marysia racj\u0119 mia\u0142a &#8211; a tak pozosta\u0142e wydarzenia z tego tygodnia by widzia\u0142a;<\/p>\n\n\n\n<p>Zako\u0144czono ewakuacj\u0119 w Afganistanie. Niemcy bez gadania, <a href=\"http:\/\/radiomaria.com.pl\/wp-content\/uploads\/2021\/08\/29.08.-Pani-minister.mp3\"><img loading=\"lazy\" decoding=\"async\" width=\"150\" height=\"84\" class=\"wp-image-54775\" style=\"width: 150px;\" src=\"https:\/\/htb.com.pl\/wp-content\/uploads\/2021\/09\/Kramp.jpg\" alt=\"\" srcset=\"https:\/\/htb.com.pl\/wp-content\/uploads\/2021\/09\/Kramp.jpg 700w, https:\/\/htb.com.pl\/wp-content\/uploads\/2021\/09\/Kramp-300x169.jpg 300w, https:\/\/htb.com.pl\/wp-content\/uploads\/2021\/09\/Kramp-600x338.jpg 600w\" sizes=\"auto, (max-width: 150px) 100vw, 150px\" \/><\/a> amerykanie z poczuciem winy. <a href=\"http:\/\/radiomaria.com.pl\/wp-content\/uploads\/2021\/08\/28.07.-Zal-bic-swoich.mp3\"><img loading=\"lazy\" decoding=\"async\" width=\"150\" height=\"79\" class=\"wp-image-54778\" style=\"width: 150px;\" src=\"https:\/\/htb.com.pl\/wp-content\/uploads\/2021\/09\/Komunikat.png\" alt=\"\" srcset=\"https:\/\/htb.com.pl\/wp-content\/uploads\/2021\/09\/Komunikat.png 914w, https:\/\/htb.com.pl\/wp-content\/uploads\/2021\/09\/Komunikat-300x158.png 300w, https:\/\/htb.com.pl\/wp-content\/uploads\/2021\/09\/Komunikat-768x403.png 768w, https:\/\/htb.com.pl\/wp-content\/uploads\/2021\/09\/Komunikat-850x450.png 850w, https:\/\/htb.com.pl\/wp-content\/uploads\/2021\/09\/Komunikat-600x315.png 600w\" sizes=\"auto, (max-width: 150px) 100vw, 150px\" \/><\/a> Zawsze jest czas, aby schowa\u0107 bro\u0144 i poda\u0107 d\u0142o\u0144 &#8211; to kolejne powiedzenie Marysi. Wojna jest dla polityk\u00f3w, \u017ceby si\u0119 mogli lansowa\u0107, potem i tak przy stole r\u0119k\u0119 trzeba poda\u0107 ale wcze\u015bniej miliony ludzi trzeba by\u0142o wymordowa\u0107. Po co!? Retorycznie pyta\u0142a &#8211; Ona odpowied\u017a zna\u0142a. Walcz\u0105c z terrorystami du\u017co bezsensownych ofiar widzia\u0142a. Teraz ju\u017c tylko z Radia MARIA b\u0119dzie krzycza\u0142a. S\u0142uchajcie &#8211; Ona tego by chcia\u0142a.<\/p>\n","protected":false},"excerpt":{"rendered":"<p>Tytu\u0142 to cze\u015b\u0107 s\u0142\u00f3w Marysi &#8211; o nas. Ca\u0142o\u015b\u0107 brzmia\u0142a tak; &#8220;To nie historia si\u0119 powtarza, to my pope\u0142niamy te same b\u0142\u0119dy&#8221;. Poprzedni tydzie\u0144 to migranci w Usnarzu G\u00f3rnym. Sprawy nadal si\u0119 nie rozwi\u0105za\u0142o i my\u015bl\u0119, \u017ce jeszcze jaki\u015b czas b\u0119dzie to trwa\u0142o. W tym tygodniu przypad\u0142a 82 rocznica wybuchu II wojny \u015bwiatowej. Gdy t\u0105 [&hellip;]<\/p>\n","protected":false},"author":1,"featured_media":54766,"comment_status":"open","ping_status":"open","sticky":false,"template":"","format":"standard","meta":{"_jetpack_memberships_contains_paid_content":false,"footnotes":""},"categories":[4],"tags":[749],"class_list":["post-54759","post","type-post","status-publish","format-standard","has-post-thumbnail","hentry","category-daty-i-fakty-blog","tag-to-nie-historia-sie-powtarza"],"jetpack_sharing_enabled":true,"jetpack_featured_media_url":"https:\/\/htb.com.pl\/wp-content\/uploads\/2021\/09\/Wielun.jpg","_links":{"self":[{"href":"https:\/\/htb.com.pl\/index.php?rest_route=\/wp\/v2\/posts\/54759","targetHints":{"allow":["GET"]}}],"collection":[{"href":"https:\/\/htb.com.pl\/index.php?rest_route=\/wp\/v2\/posts"}],"about":[{"href":"https:\/\/htb.com.pl\/index.php?rest_route=\/wp\/v2\/types\/post"}],"author":[{"embeddable":true,"href":"https:\/\/htb.com.pl\/index.php?rest_route=\/wp\/v2\/users\/1"}],"replies":[{"embeddable":true,"href":"https:\/\/htb.com.pl\/index.php?rest_route=%2Fwp%2Fv2%2Fcomments&post=54759"}],"version-history":[{"count":18,"href":"https:\/\/htb.com.pl\/index.php?rest_route=\/wp\/v2\/posts\/54759\/revisions"}],"predecessor-version":[{"id":54837,"href":"https:\/\/htb.com.pl\/index.php?rest_route=\/wp\/v2\/posts\/54759\/revisions\/54837"}],"wp:featuredmedia":[{"embeddable":true,"href":"https:\/\/htb.com.pl\/index.php?rest_route=\/wp\/v2\/media\/54766"}],"wp:attachment":[{"href":"https:\/\/htb.com.pl\/index.php?rest_route=%2Fwp%2Fv2%2Fmedia&parent=54759"}],"wp:term":[{"taxonomy":"category","embeddable":true,"href":"https:\/\/htb.com.pl\/index.php?rest_route=%2Fwp%2Fv2%2Fcategories&post=54759"},{"taxonomy":"post_tag","embeddable":true,"href":"https:\/\/htb.com.pl\/index.php?rest_route=%2Fwp%2Fv2%2Ftags&post=54759"}],"curies":[{"name":"wp","href":"https:\/\/api.w.org\/{rel}","templated":true}]}}