{"id":55138,"date":"2021-09-10T07:12:44","date_gmt":"2021-09-10T07:12:44","guid":{"rendered":"https:\/\/htb.com.pl\/?p=55138"},"modified":"2021-09-10T12:28:18","modified_gmt":"2021-09-10T12:28:18","slug":"polexsit","status":"publish","type":"post","link":"https:\/\/htb.com.pl\/?p=55138","title":{"rendered":"Polexit"},"content":{"rendered":"\n<p><\/p>\n\n\n\n<figure class=\"wp-block-image size-thumbnail\"><a href=\"https:\/\/htb.com.pl\/wp-content\/uploads\/2021\/09\/Polexit.mp3\"><img loading=\"lazy\" decoding=\"async\" width=\"150\" height=\"150\" src=\"https:\/\/htb.com.pl\/wp-content\/uploads\/2018\/04\/posluchaj-150x150.jpg\" alt=\"\" class=\"wp-image-2020\" srcset=\"https:\/\/htb.com.pl\/wp-content\/uploads\/2018\/04\/posluchaj-150x150.jpg 150w, https:\/\/htb.com.pl\/wp-content\/uploads\/2018\/04\/posluchaj-300x300.jpg 300w, https:\/\/htb.com.pl\/wp-content\/uploads\/2018\/04\/posluchaj-100x100.jpg 100w\" sizes=\"auto, (max-width: 150px) 100vw, 150px\" \/><\/a><\/figure>\n\n\n\n<p>Wreszcie s\u0142owo to oficjalnie wybrzmia\u0142o. Wicemarsza\u0142ek Sejmu, pan Ryszard Terlecki oficjalnie wpisa\u0142 si\u0119 w dzia\u0142ania GRU. <a href=\"http:\/\/radiomaria.com.pl\/wp-content\/uploads\/2021\/09\/09.09.-No-i-co.mp3\"><img loading=\"lazy\" decoding=\"async\" width=\"150\" height=\"96\" class=\"wp-image-55142\" style=\"width: 150px;\" src=\"https:\/\/htb.com.pl\/wp-content\/uploads\/2021\/09\/Terleckiok.jpg\" alt=\"\" srcset=\"https:\/\/htb.com.pl\/wp-content\/uploads\/2021\/09\/Terleckiok.jpg 636w, https:\/\/htb.com.pl\/wp-content\/uploads\/2021\/09\/Terleckiok-300x192.jpg 300w, https:\/\/htb.com.pl\/wp-content\/uploads\/2021\/09\/Terleckiok-600x383.jpg 600w\" sizes=\"auto, (max-width: 150px) 100vw, 150px\" \/><\/a> Rosjan, kt\u00f3rym Anglik\u00f3w z UE wyprowadzi\u0107 si\u0119 uda\u0142o &#8211; chwali\u0142 anglik\u00f3w, \u017ce tak wielu w referendum za wyj\u015bciem z UE g\u0142osowa\u0142o, cho\u0107 za czym g\u0142osuj\u0105, poj\u0119cia nie mia\u0142o. W\u0142a\u015bnie nasi pi\u0142karze w eliminacjach do mistrzostw \u015bwiata w Katarze,  z Anglikami zremisowali. A wiecie dlaczego nie przegrali, cho\u0107 prawie wszyscy si\u0119 tego spodziewali. Bo trenera Paulo Sousy przed meczem s\u0142uchali i inn\u0105 ni\u017c polska mentalno\u015b\u0107 wybrali.<\/p>\n\n\n\n<p>Politycy maj\u0105 polsk\u0105 mentalno\u015b\u0107 i dlatego na arenie mi\u0119dzynarodowej widz\u0105 nas w kszta\u0142tach Polski porozbiorowej. Kiedy wszyscy ze wszystkimi si\u0119 k\u0142\u00f3cili, a rady Ignacego Jana Paderewskiego &#8211; takiego dzisiejszego celebryty \u015bwiatowego ale w dobrym znaczeniu tego s\u0142owa odrzucili. Nie uwierzyli, \u017ce wolno\u015b\u0107 mo\u017cna wygra\u0107 na fortepianie. Mo\u017ce teraz by\u015bmy w to uwierzyli i jeszcze raz nasz\u0105 drog\u0119 do wolno\u015bci powt\u00f3rzyli. Bo to co \u017ce\u015bmy w ostatnim trzydziestoleciu zrobili, mo\u017ce sprawi\u0107, \u017ce znowu pod zaborami b\u0119dziemy &#8211; i co naszym dzieciom powiemy?<\/p>\n\n\n\n<p>Gdy s\u0142ucha\u0142em pana Donalda Tuska w Go\u0142dapi, strasz\u0105cego rosyjsk\u0105 energetyk\u0105 j\u0105drow\u0105, przypomnia\u0142em sobie demonstracje przeciwko EJ\u017b. Demonstranci has\u0142o &#8220;\u017bARNOBUL&#8221; na transparentach umie\u015bcili &#8211; i tak mentalno\u015b\u0107 zwyci\u0119zc\u00f3w, w mentalno\u015b\u0107 wystraszonych zmienili. Potem EJ\u017b \u017ce\u015bmy rozwalili, a dzi\u015b <strong>18 mld. z\u0142otych rocznie za emisj\u0119 gaz\u00f3w cieplarnianych b\u0119dziemy p\u0142acili.<\/strong> Teraz \u017ali politycy <strong>tym<\/strong> b\u0119d\u0105 nas straszyli, \u017ceby\u015bmy UE opu\u015bcili. Czy jest szansa, aby jacy\u015b politycy si\u0119 temu przeciwstawili? Prosz\u0119 klikn\u0105\u0107 zdj\u0119cia z dw\u00f3ch wydarze\u0144;  Campus Polska Przysz\u0142o\u015bci <a href=\"http:\/\/radiomaria.com.pl\/wp-content\/uploads\/2021\/09\/04.09.-Campus.mp3\"><img loading=\"lazy\" decoding=\"async\" width=\"150\" height=\"100\" class=\"wp-image-55144\" style=\"width: 150px;\" src=\"https:\/\/htb.com.pl\/wp-content\/uploads\/2021\/09\/Campusu-Polska.jpg\" alt=\"\" srcset=\"https:\/\/htb.com.pl\/wp-content\/uploads\/2021\/09\/Campusu-Polska.jpg 960w, https:\/\/htb.com.pl\/wp-content\/uploads\/2021\/09\/Campusu-Polska-300x200.jpg 300w, https:\/\/htb.com.pl\/wp-content\/uploads\/2021\/09\/Campusu-Polska-768x512.jpg 768w, https:\/\/htb.com.pl\/wp-content\/uploads\/2021\/09\/Campusu-Polska-600x400.jpg 600w\" sizes=\"auto, (max-width: 150px) 100vw, 150px\" \/><\/a> i Kongres Polska 50 <a href=\"http:\/\/radiomaria.com.pl\/wp-content\/uploads\/2021\/09\/05.09.-Jasmina.mp3\"><img loading=\"lazy\" decoding=\"async\" width=\"150\" height=\"74\" class=\"wp-image-55146\" style=\"width: 150px;\" src=\"https:\/\/htb.com.pl\/wp-content\/uploads\/2021\/09\/Jasmina-1024x508-1.png\" alt=\"\" srcset=\"https:\/\/htb.com.pl\/wp-content\/uploads\/2021\/09\/Jasmina-1024x508-1.png 1024w, https:\/\/htb.com.pl\/wp-content\/uploads\/2021\/09\/Jasmina-1024x508-1-300x149.png 300w, https:\/\/htb.com.pl\/wp-content\/uploads\/2021\/09\/Jasmina-1024x508-1-768x381.png 768w, https:\/\/htb.com.pl\/wp-content\/uploads\/2021\/09\/Jasmina-1024x508-1-600x298.png 600w\" sizes=\"auto, (max-width: 150px) 100vw, 150px\" \/><\/a> &#8211;  pos\u0142ucha\u0107 i pomy\u015ble\u0107, czy oni naprawd\u0119 chc\u0105 wolno\u015bci? <\/p>\n\n\n\n<p>Gdzie tkwi\u0142 b\u0142\u0105d? Od lat go wskazujemy&#8230;  Kim by\u0142 J\u00f3zef Pi\u0142sudski wiemy, a kim Ignacy Jan Paderewski, Wincenty Witos, czy genera\u0142 Tadeusz Rozwadowski, nie wiemy. Chc\u0119, \u017ceby\u015bcie Kochani wiedzieli, \u017ce kim naprawd\u0119 by\u0142 J\u00f3zef Pi\u0142sudski &#8211; te\u017c nie wiemy i nawet z podobno wolnych medi\u00f3w, si\u0119 nie dowiemy. <a href=\"http:\/\/radiomaria.com.pl\/wp-content\/uploads\/2021\/09\/03.09.-Romantyzm-i-Oswiecenie.mp3\"><img loading=\"lazy\" decoding=\"async\" width=\"150\" height=\"100\" class=\"wp-image-37797\" style=\"width: 150px;\" src=\"https:\/\/htb.com.pl\/wp-content\/uploads\/2021\/02\/Bitwa.png\" alt=\"\" srcset=\"https:\/\/htb.com.pl\/wp-content\/uploads\/2021\/02\/Bitwa.png 879w, https:\/\/htb.com.pl\/wp-content\/uploads\/2021\/02\/Bitwa-300x200.png 300w, https:\/\/htb.com.pl\/wp-content\/uploads\/2021\/02\/Bitwa-768x511.png 768w, https:\/\/htb.com.pl\/wp-content\/uploads\/2021\/02\/Bitwa-600x399.png 600w\" sizes=\"auto, (max-width: 150px) 100vw, 150px\" \/><\/a> Dlatego bzdury o stanie wyj\u0105tkowym, jako prawd\u0119 przyjmujemy. <a href=\"http:\/\/radiomaria.com.pl\/wp-content\/uploads\/2021\/09\/07.09.-Chlopaki.mp3\"><img loading=\"lazy\" decoding=\"async\" width=\"150\" height=\"84\" class=\"wp-image-55152\" style=\"width: 150px;\" src=\"https:\/\/htb.com.pl\/wp-content\/uploads\/2021\/09\/Sejm.jpg\" alt=\"\" srcset=\"https:\/\/htb.com.pl\/wp-content\/uploads\/2021\/09\/Sejm.jpg 740w, https:\/\/htb.com.pl\/wp-content\/uploads\/2021\/09\/Sejm-300x169.jpg 300w, https:\/\/htb.com.pl\/wp-content\/uploads\/2021\/09\/Sejm-600x337.jpg 600w\" sizes=\"auto, (max-width: 150px) 100vw, 150px\" \/><\/a> Przepraszam &#8211; troch\u0119 tu generalizujemy. Sytuacja jednak jest powa\u017cna, jak tego nie zrozumiemy &#8211; zginiemy. Zbli\u017ca si\u0119 bowiem czwarta fala pandemii koronawirisa COVID-19, a my ze swoj\u0105 mentalno\u015bci\u0105 przera\u017conego &#8211; jej nie odeprzemy. <a href=\"http:\/\/radiomaria.com.pl\/wp-content\/uploads\/2021\/09\/08.09.-Wiesz-dlaczego.mp3\"><img loading=\"lazy\" decoding=\"async\" width=\"150\" height=\"106\" class=\"wp-image-55154\" style=\"width: 150px;\" src=\"https:\/\/htb.com.pl\/wp-content\/uploads\/2021\/09\/coronavirus-maly.png\" alt=\"\" srcset=\"https:\/\/htb.com.pl\/wp-content\/uploads\/2021\/09\/coronavirus-maly.png 819w, https:\/\/htb.com.pl\/wp-content\/uploads\/2021\/09\/coronavirus-maly-300x212.png 300w, https:\/\/htb.com.pl\/wp-content\/uploads\/2021\/09\/coronavirus-maly-768x542.png 768w, https:\/\/htb.com.pl\/wp-content\/uploads\/2021\/09\/coronavirus-maly-600x423.png 600w\" sizes=\"auto, (max-width: 150px) 100vw, 150px\" \/><\/a><\/p>\n\n\n\n<p>W Radiu MARIA  wiemy dlaczego tak jest i bardzo si\u0119 tym przejmujemy. Ale w soboty i niedziele powa\u017cne sprawy na bok odk\u0142adamy i do ta\u0144ca ruszamy. Zapraszamy. <\/p>\n\n\n\n<p>ABBA wraca <a href=\"http:\/\/radiomaria.com.pl\/wp-content\/uploads\/2021\/09\/04.09.-ABBA-powraca.mp3\"><img loading=\"lazy\" decoding=\"async\" width=\"150\" height=\"100\" class=\"wp-image-55157\" style=\"width: 150px;\" src=\"https:\/\/htb.com.pl\/wp-content\/uploads\/2021\/09\/Abba655.jpg\" alt=\"\" srcset=\"https:\/\/htb.com.pl\/wp-content\/uploads\/2021\/09\/Abba655.jpg 655w, https:\/\/htb.com.pl\/wp-content\/uploads\/2021\/09\/Abba655-300x199.jpg 300w, https:\/\/htb.com.pl\/wp-content\/uploads\/2021\/09\/Abba655-600x398.jpg 600w\" sizes=\"auto, (max-width: 150px) 100vw, 150px\" \/><\/a> &#8211; w audycji MUZYKA MARYSI podobne klimaty gramy. <\/p>\n","protected":false},"excerpt":{"rendered":"<p>Wreszcie s\u0142owo to oficjalnie wybrzmia\u0142o. Wicemarsza\u0142ek Sejmu, pan Ryszard Terlecki oficjalnie wpisa\u0142 si\u0119 w dzia\u0142ania GRU. Rosjan, kt\u00f3rym Anglik\u00f3w z UE wyprowadzi\u0107 si\u0119 uda\u0142o &#8211; chwali\u0142 anglik\u00f3w, \u017ce tak wielu w referendum za wyj\u015bciem z UE g\u0142osowa\u0142o, cho\u0107 za czym g\u0142osuj\u0105, poj\u0119cia nie mia\u0142o. W\u0142a\u015bnie nasi pi\u0142karze w eliminacjach do mistrzostw \u015bwiata w Katarze, z [&hellip;]<\/p>\n","protected":false},"author":1,"featured_media":55221,"comment_status":"open","ping_status":"open","sticky":false,"template":"","format":"standard","meta":{"_jetpack_memberships_contains_paid_content":false,"footnotes":""},"categories":[4],"tags":[],"class_list":["post-55138","post","type-post","status-publish","format-standard","has-post-thumbnail","hentry","category-daty-i-fakty-blog"],"jetpack_sharing_enabled":true,"jetpack_featured_media_url":"https:\/\/htb.com.pl\/wp-content\/uploads\/2021\/09\/Kolemi.jpg","_links":{"self":[{"href":"https:\/\/htb.com.pl\/index.php?rest_route=\/wp\/v2\/posts\/55138","targetHints":{"allow":["GET"]}}],"collection":[{"href":"https:\/\/htb.com.pl\/index.php?rest_route=\/wp\/v2\/posts"}],"about":[{"href":"https:\/\/htb.com.pl\/index.php?rest_route=\/wp\/v2\/types\/post"}],"author":[{"embeddable":true,"href":"https:\/\/htb.com.pl\/index.php?rest_route=\/wp\/v2\/users\/1"}],"replies":[{"embeddable":true,"href":"https:\/\/htb.com.pl\/index.php?rest_route=%2Fwp%2Fv2%2Fcomments&post=55138"}],"version-history":[{"count":14,"href":"https:\/\/htb.com.pl\/index.php?rest_route=\/wp\/v2\/posts\/55138\/revisions"}],"predecessor-version":[{"id":55220,"href":"https:\/\/htb.com.pl\/index.php?rest_route=\/wp\/v2\/posts\/55138\/revisions\/55220"}],"wp:featuredmedia":[{"embeddable":true,"href":"https:\/\/htb.com.pl\/index.php?rest_route=\/wp\/v2\/media\/55221"}],"wp:attachment":[{"href":"https:\/\/htb.com.pl\/index.php?rest_route=%2Fwp%2Fv2%2Fmedia&parent=55138"}],"wp:term":[{"taxonomy":"category","embeddable":true,"href":"https:\/\/htb.com.pl\/index.php?rest_route=%2Fwp%2Fv2%2Fcategories&post=55138"},{"taxonomy":"post_tag","embeddable":true,"href":"https:\/\/htb.com.pl\/index.php?rest_route=%2Fwp%2Fv2%2Ftags&post=55138"}],"curies":[{"name":"wp","href":"https:\/\/api.w.org\/{rel}","templated":true}]}}