{"id":55488,"date":"2021-09-17T07:25:53","date_gmt":"2021-09-17T07:25:53","guid":{"rendered":"https:\/\/htb.com.pl\/?p=55488"},"modified":"2021-09-19T06:13:02","modified_gmt":"2021-09-19T06:13:02","slug":"partyzantka","status":"publish","type":"post","link":"https:\/\/htb.com.pl\/?p=55488","title":{"rendered":"Partyzantka"},"content":{"rendered":"\n<p><\/p>\n\n\n\n<figure class=\"wp-block-image size-thumbnail\"><a href=\"https:\/\/htb.com.pl\/wp-content\/uploads\/2021\/09\/Partyzantkaa.mp3\"><img loading=\"lazy\" decoding=\"async\" width=\"150\" height=\"150\" src=\"https:\/\/htb.com.pl\/wp-content\/uploads\/2018\/04\/posluchaj-150x150.jpg\" alt=\"\" class=\"wp-image-2020\" srcset=\"https:\/\/htb.com.pl\/wp-content\/uploads\/2018\/04\/posluchaj-150x150.jpg 150w, https:\/\/htb.com.pl\/wp-content\/uploads\/2018\/04\/posluchaj-300x300.jpg 300w, https:\/\/htb.com.pl\/wp-content\/uploads\/2018\/04\/posluchaj-100x100.jpg 100w\" sizes=\"auto, (max-width: 150px) 100vw, 150px\" \/><\/a><\/figure>\n\n\n\n<p>S\u0142owo, kt\u00f3rego znaczenie bardzo d\u0142ugo poznawa\u0142em. W latach 60-tych oznacza\u0142o tych, co w czasie wojny w wojsku nie byli ale z Niemcami walczyli &#8211; albo przynajmniej si\u0119 tym chwalili. W epoce Gierka, (1971-1981) s\u0142owo partyzantka oznacza\u0142o fuszerk\u0119. M\u00f3wi\u0142o si\u0119 tak, jak ludzie co\u015b bez g\u0142owy i planu robili, a jak schrzanili, to si\u0119 tym chwalili. Opowiadanie bzdur si\u0119 op\u0142aca\u0142o, kombatant\u00f3w i fuszerek przybywa\u0142o. W 1981 roku wojskowym si\u0119 to nie spodoba\u0142o i na jaki\u015b czas partyzantk\u0119 si\u0119 zatrzyma\u0142o. Gdy wszystko si\u0119 wyprostowa\u0142o, rz\u0105dzenie wojskowych g\u0142upio wygl\u0105da\u0142o i to co kiedy\u015b partyzantk\u0105 by\u0142o, w nowej formie si\u0119 ujawni\u0142o. Ju\u017c wcze\u015bniej Solidarno\u015bci\u0105 z du\u017cej litery nazwane zosta\u0142o i pokaza\u0142o, co teraz to pi\u0119kne s\u0142owo b\u0119dzie oznacza\u0142o. Gdy ju\u017c wszystko \u017ale wygl\u0105da\u0107 zaczyna\u0142o i solidarno\u015b\u0107 z ma\u0142ej litery pisa\u0107 nale\u017ca\u0142o. Towarzystwo co na partyzantk\u0119 stawia\u0142o, w\u0142adz\u0119 odda\u0142o. Wtedy wej\u015bcie do UE nas uratowa\u0142o i znowu \u017cycie partyzanckie nam si\u0119 spodoba\u0142o. Nawet &#8220;si\u0142y bojowe&#8221; WOT oparte na etosie partyzant\u00f3w si\u0119 powo\u0142a\u0142o. To b\u0119dzie kosztowa\u0142o, armii pieni\u0119dzy b\u0119dzie brakowa\u0142o. I to w\u0142a\u015bnie naszym wrogom si\u0119 spodoba\u0142o.  Gdy partyzanckie \u017cycie coraz mniej nam si\u0119 podoba\u0142o, ich GRU zadzia\u0142a\u0142o i w &#8220;demokratyczny&#8221; spos\u00f3b zamachu stanu dokona\u0142o. \u0179li politycy w kampanii wyborczej k\u0142amali i korumpowali. S\u0105downictwo zaspa\u0142o  &#8211; no i si\u0119 sta\u0142o, 2015 rok. W strukturach UE byli\u015bmy, nikt nie wierzy\u0142, \u017ce to si\u0119 sta\u0142o. Nawet towarzystwo co na partyzantk\u0119 stawia\u0142o, swoim zwyci\u0119stwem zaskoczone zosta\u0142o. Przyk\u0142ad\u00f3w czego\u015b podobnego w historii szuka\u0142o, bo co dalej robi\u0107, poj\u0119cia nie mia\u0142o. GRU to wykorzysta\u0142o. Ruscy ju\u017c od ponad dw\u00f3ch dekad atak ten planowali i teraz go dokonali. <\/p>\n\n\n\n<p>I tu chcia\u0142by, \u017ceby\u015bcie czego\u015b pos\u0142uchali. W\u0142a\u015bnie beatyfikowano kardyna\u0142a Stefana Wyszy\u0144skiego i Matk\u0119 El\u017cbiet\u0119 &#8211; R\u00f3\u017c\u0119 Czack\u0105. <a href=\"http:\/\/radiomaria.com.pl\/wp-content\/uploads\/2021\/09\/12.09.-Przeslanie.mp3\"><img loading=\"lazy\" decoding=\"async\" width=\"150\" height=\"85\" class=\"wp-image-55547\" style=\"width: 150px;\" src=\"https:\/\/htb.com.pl\/wp-content\/uploads\/2021\/09\/Msza-beatyfikacyjnazak.jpg\" alt=\"\" srcset=\"https:\/\/htb.com.pl\/wp-content\/uploads\/2021\/09\/Msza-beatyfikacyjnazak.jpg 535w, https:\/\/htb.com.pl\/wp-content\/uploads\/2021\/09\/Msza-beatyfikacyjnazak-300x170.jpg 300w\" sizes=\"auto, (max-width: 150px) 100vw, 150px\" \/><\/a> Zapraszam do pos\u0142uchanie moich rozmowy z &#8220;Frankiem&#8221;, <a href=\"http:\/\/radiomaria.com.pl\/wp-content\/uploads\/2021\/09\/Sztutm-Kosciuszkowcowa.mp3\"><img loading=\"lazy\" decoding=\"async\" width=\"28\" height=\"28\" class=\"wp-image-55549\" style=\"width: 28px;\" src=\"https:\/\/htb.com.pl\/wp-content\/uploads\/2021\/09\/play-mikro.png\" alt=\"\"><\/a> osadzonym odbywaj\u0105cym d\u0142ugoletni wyrok. A teraz wspomn\u0119 Marysi\u0119. Ona walczy\u0142a o to, o co kardyna\u0142 Wyszy\u0144ski &#8211; aby encyklika Papie\u017ca Pijusa XII Ad Caeli Reginamie do Kr\u00f3lowej Niebios, gdzie zmieniono m.in. imi\u0119 Matki Jezusa z Maria na Marynia, w Polsce si\u0119 nie pojawi\u0142a w formie, jak\u0105 ona w Hiszpanii pozna\u0142a. Majka z terrorystami ETA tam walczy\u0142a i widzia\u0142a, jak encyklika, kt\u00f3ra przykazanie mi\u0142o\u015bci pomija\u0142a dzia\u0142a. By\u0142 1987 rok, m\u00f3j \u015bp. Te\u015b\u0107 Tadeusz Strza\u0142a widzia\u0142 jak Majka dzia\u0142a i ju\u017c po jej \u015bmierci, gdy si\u0119 zorientowa\u0142, \u017ce b\u0119d\u0119 jego zi\u0119ciem poprosi\u0142, abym nigdy Marysi nie wspomina\u0142, bo by\u0142a potworem. \u017beby to wyja\u015bni\u0107, przywo\u0142am ostatni incydent z naszego Sejmu, gdzie pose\u0142 Juliusz Braun rozpocz\u0105\u0142 przem\u00f3wienie katolickim pozdrowieniem, a zako\u0144czy\u0142 \u017cyczeniem, kt\u00f3re dla ministra zdrowia mia\u0142o by\u0107 powieszeniem. W czasach Marysi co\u015b takiego r\u00f3wnie\u017c si\u0119 zdarza\u0142o, w prawdzie nie w Sejmie. Zawsze reagowa\u0142a &#8211; z li\u015bcia raczej nie uderza\u0142a, tylko leciutko z bani. Krew z nosa pokapa\u0142a, sprawa si\u0119 rozwi\u0105za\u0142a. Wtedy Matka Jezusa Maria si\u0119 nazywa\u0142a. Jeszcze tablica nagrobna mojego te\u015bcia z 1990 tak j\u0105 okre\u015bla\u0142a. Dopiero potem ch\u0142opaki z razwietpura, przed kt\u00f3rymi Marysia ostrzega\u0142a tak pok\u0105binowali, \u017ce coraz cz\u0119\u015bciej Mari\u0119 Maryj\u0105 \u017ce\u015bmy nazywali i o przykazaniu mi\u0142o\u015bci zapominali. Przytocz\u0119 go teraz. Prosz\u0119, \u017ceby\u015bcie to zapami\u0119tali. Mo\u017ce b\u0142ogos\u0142awiony kardyna\u0142 Wyszy\u0144ski i m\u00f3j Anio\u0142ek, b\u0119d\u0105 wam to pami\u0119tali: <strong>B\u0119dziesz mi\u0142owa\u0142 Pana Boga twego z ca\u0142ego serca swego, z ca\u0142ej duszy swojej i ze wszystkich my\u015bli swoich, A BLI\u0179NIEGO SWEGO JAK SIEBIE SAMEGO.<\/strong> <\/p>\n\n\n\n<p>Wr\u00f3\u0107my jednak do naszych wsp\u00f3\u0142czesnych partyzant\u00f3w, kt\u00f3rzy histori\u0119 genera\u0142a  Francisco Franco wybrali. I to wa\u015bnie t\u0105, jak w Hiszpanii w roku 1954 z Papie\u017cem Pijusem XII monarchi\u0119&nbsp;katolick\u0105, spo\u0142eczn\u0105 i tradycyjn\u0105&nbsp;proklamowali. Niekt\u00f3rzy hierarchowie ko\u015bcio\u0142a rzymskokatolickiego troch\u0119 si\u0119 stawiali ale ostatecznie &nbsp;27 \u2013 29 wrze\u015bnia 2020 roku, na Jasnej G\u00f3rze podczas  Konferencja Episkopatu Polski skapitulowali. Ustalono, \u017ce Matk\u0119 Jezusa Mari\u0119 Maryj\u0105 b\u0119dziemy nazywali i encyklik\u0119 papie\u017ca Pijusa XII Ad Caeli Reginamie, (Do Kr\u00f3lowej Niebios) stosowali. \u0179li politycy si\u0119 uradowali i natychmiast za organizowanie katolickiego s\u0105downictwa si\u0119 zabrali. W UE si\u0119 zorientowali i kas\u0119 przyblokowali. Teraz trzeba \u017ceby ch\u0142opaki z razwietpura zadzia\u0142ali i to odblokowali. Maj\u0105 do\u015bwiadczenie. Anglik\u00f3w z UE  wyprowadzili tak, \u017ce sami Anglicy si\u0119 zdziwili, \u017ce ruscy co\u015b takiego im zrobili. Chc\u0119 tylko zauwa\u017cy\u0107, \u017ce gdy my 22 stycznia 1863 roku Powstanie Styczniowe \u017ce\u015bmy zaczynali, Anglicy w Londynie metrem podr\u00f3\u017cowali.<\/p>\n\n\n\n<p>A teraz chc\u0119 \u017ceby\u015bcie Pa\u0144stwo o pozosta\u0142ych wydarzeniach z ostatniego tygodnia, widzianych z perspektywy Marysi poczytali. Tej, kt\u00f3r\u0105 czytaj\u0105c mojego bloga <a href=\"https:\/\/htb.com.pl\/?cat=4\">DATY I FAKTY<\/a> \u017ce\u015bcie poznali, a jak \u017ce\u015bcie nie czytali, to w\u0142a\u015bnie najnowsz\u0105 histori\u0119 Polski, z jej perspektywy \u017ce\u015bcie poznali.<\/p>\n\n\n\n<p>POLSKI \u0141AD &#8211; tak teraz partyzantka si\u0119 nazywa. Na razie na przyk\u0142adzie s\u0142u\u017cby zdrowia to poka\u017cemy, a potem do innych katastrof przejdziemy. Zdesperowani medycy Warszaw\u0119 najechali. Prezydentowi pomachali <a href=\"http:\/\/radiomaria.com.pl\/wp-content\/uploads\/2021\/09\/11.09.-Bedzie-smierdzialo.mp3\"><img loading=\"lazy\" decoding=\"async\" width=\"150\" height=\"113\" class=\"wp-image-55551\" style=\"width: 150px;\" src=\"https:\/\/htb.com.pl\/wp-content\/uploads\/2021\/09\/Palac.jpg\" alt=\"\" srcset=\"https:\/\/htb.com.pl\/wp-content\/uploads\/2021\/09\/Palac.jpg 640w, https:\/\/htb.com.pl\/wp-content\/uploads\/2021\/09\/Palac-300x225.jpg 300w, https:\/\/htb.com.pl\/wp-content\/uploads\/2021\/09\/Palac-600x450.jpg 600w\" sizes=\"auto, (max-width: 150px) 100vw, 150px\" \/><\/a> i przez Plac Trzech Krzy\u017cy, <a href=\"http:\/\/radiomaria.com.pl\/wp-content\/uploads\/2021\/09\/11.09.-Zjednoczeni-medysy.mp3\"><img loading=\"lazy\" decoding=\"async\" width=\"150\" height=\"113\" class=\"wp-image-55554\" style=\"width: 150px;\" src=\"https:\/\/htb.com.pl\/wp-content\/uploads\/2021\/09\/Plac-trzech.jpg\" alt=\"\" srcset=\"https:\/\/htb.com.pl\/wp-content\/uploads\/2021\/09\/Plac-trzech.jpg 640w, https:\/\/htb.com.pl\/wp-content\/uploads\/2021\/09\/Plac-trzech-300x225.jpg 300w, https:\/\/htb.com.pl\/wp-content\/uploads\/2021\/09\/Plac-trzech-600x450.jpg 600w\" sizes=\"auto, (max-width: 150px) 100vw, 150px\" \/><\/a> w kierunku kancelarii premiera pomaszerowali. Tu obozem stan\u0119li. <a href=\"http:\/\/radiomaria.com.pl\/wp-content\/uploads\/2021\/09\/14.09.-Nie-stanie-sie-nam-nic.mp3\"><img loading=\"lazy\" decoding=\"async\" width=\"150\" height=\"113\" class=\"wp-image-55556\" style=\"width: 150px;\" src=\"https:\/\/htb.com.pl\/wp-content\/uploads\/2021\/09\/Parkk.jpg\" alt=\"\" srcset=\"https:\/\/htb.com.pl\/wp-content\/uploads\/2021\/09\/Parkk.jpg 640w, https:\/\/htb.com.pl\/wp-content\/uploads\/2021\/09\/Parkk-300x225.jpg 300w, https:\/\/htb.com.pl\/wp-content\/uploads\/2021\/09\/Parkk-600x450.jpg 600w\" sizes=\"auto, (max-width: 150px) 100vw, 150px\" \/><\/a> W\u0142a\u015bnie si\u0119 zorientowali w co si\u0119 wpakowali. Rz\u0105dz\u0105cy podzieli\u0107 b\u0119d\u0105 ich pr\u00f3bowali, a oni my\u015bleli, \u017ce b\u0119d\u0105 z nimi rozmawiali.  Nauczyciele te\u017c czego\u015b takiego pr\u00f3bowali i nic nie wsk\u00f3rali. Tylko g\u00f3rnicy kas\u0119 dostali. Oni partyzanckie zasady opanowali.<\/p>\n\n\n\n<p>Zawsze mo\u017ce by\u0107 gorzej, mawia\u0142 m\u00f3j dow\u00f3dca kompanii. Kiedy\u015b podczas \u0107wicze\u0144 na poligonie komenda granat zasta\u0142a mnie w miejscu, gdzie nie mo\u017cna by\u0142o wbi\u0107 saperki, tak by\u0142o twardo. Zast\u0119pca dow\u00f3dcy pu\u0142ku ds. liniowych, \u017co\u0142nierz frontowy widz\u0105 moje pr\u00f3by okopania si\u0119 powiedzia\u0142, dajcie spok\u00f3j \u017co\u0142nierzu &#8211; pos\u0142uchajcie. Opowiedzia\u0142 mi histori\u0119, jak  11 wrze\u015bnia 1944 roku z przycz\u00f3\u0142ka warecko-magnuszewskiego si\u0119 wycofali i w kierunku walcz\u0105cej Warszawy pomaszerowali. Na praskim brzegi stan\u0119li i wtedy zrozumieli, \u017ce to co do tej pory widzieli, nie by\u0142o najgorsze. Wis\u0142\u0119 przed sob\u0105 mieli i wroga, kt\u00f3rego nie widzieli. Niemcy, kt\u00f3rzy z Borem Komorowskim w sprawie poddana Warszawy si\u0119 dogadali, te\u017c na praskim brzegu zostali. Ich niemieccy koledzy, kt\u00f3rzy si\u0119 nie dogadali, teraz do nich strzelali. I w\u0142a\u015bnie ci Niemcy \u017cycie mi uratowali, powiedzia\u0142 oficer. Jako je\u0144c\u00f3w na ty\u0142y wyprowadzi\u0107 mi ich kazali. Ci co tam zostali&#8230; <a href=\"http:\/\/radiomaria.com.pl\/wp-content\/uploads\/2021\/09\/Dwie-tragadie1.mp3\"><img loading=\"lazy\" decoding=\"async\" width=\"150\" height=\"77\" class=\"wp-image-55558\" style=\"width: 150px;\" src=\"https:\/\/htb.com.pl\/wp-content\/uploads\/2021\/09\/Desant.png\" alt=\"\" srcset=\"https:\/\/htb.com.pl\/wp-content\/uploads\/2021\/09\/Desant.png 807w, https:\/\/htb.com.pl\/wp-content\/uploads\/2021\/09\/Desant-300x153.png 300w, https:\/\/htb.com.pl\/wp-content\/uploads\/2021\/09\/Desant-768x392.png 768w, https:\/\/htb.com.pl\/wp-content\/uploads\/2021\/09\/Desant-600x306.png 600w\" sizes=\"auto, (max-width: 150px) 100vw, 150px\" \/><\/a> Ogie\u0144 artylerii z przodu, komend\u0119 podali, wszyscy si\u0119 poderwali i pognali. Zosta\u0144cie &#8211; powiedzia\u0142 stary wiarus, rannych b\u0119dziemy udawali. Do wieczora w sanitarce \u017ce\u015bmy gadali. Na koniec prosi\u0142, aby\u015bmy o tragedii \u017co\u0142nierzy Berlina pami\u0119tali. To by\u0142 1982 rok, gdy pi\u0119\u0107 lat p\u00f3\u017aniej us\u0142ysza\u0142em opowie\u015b\u0107 Marysi o radzieckich dywersantach, co rozkazu pomocy Berlingowi nie wykonali, bo ich Polacy na Kielecczy\u017anie wymordowali, odwiedzi\u0142em mojego oficera. Napisa\u0142, \u017ce umiera. Nic by to nie da\u0142o powiedzia\u0142. Mleko po katastrofie gibraltarskiej si\u0119 rozla\u0142o. Gdy genera\u0142a W\u0142adys\u0142awa Sikorskiego si\u0119 zamordowa\u0142o, polskie wojsko na zachodzie bardzie partyzantk\u0119 ni\u017c regularn\u0105 armi\u0119 przypomina\u0142o. Ju\u017c drugi raz w tamtej wojnie z ojczyzny ucieka\u0107 musia\u0142o &#8211; ale to by\u0142a nasza tragedia. Nasza wsp\u00f3lna &#8211; zr\u00f3bcie wszystko \u017co\u0142nierzu, \u017ceby to tak zapami\u0119tane zosta\u0142o. Tak jest &#8211; wtedy powiedzia\u0142em ale rozkazu nie wykona\u0142em. Na swoj\u0105 obron\u0119 mam jedynie to, \u017ce pr\u00f3bowa\u0142em i nie przesta\u0142em.<\/p>\n\n\n\n<p>Religia w polityce jak wida\u0107 jest problemem ale r\u00f3wnie\u017c polityka w gospodarce rynkowej zbli\u017ca do wojny domowej. <a href=\"http:\/\/radiomaria.com.pl\/wp-content\/uploads\/2021\/09\/14.09.-Okradaja-nas.mp3\"><img loading=\"lazy\" decoding=\"async\" width=\"150\" height=\"84\" class=\"wp-image-55566\" style=\"width: 150px;\" src=\"https:\/\/htb.com.pl\/wp-content\/uploads\/2021\/09\/Fabryka.png\" alt=\"\" srcset=\"https:\/\/htb.com.pl\/wp-content\/uploads\/2021\/09\/Fabryka.png 922w, https:\/\/htb.com.pl\/wp-content\/uploads\/2021\/09\/Fabryka-300x168.png 300w, https:\/\/htb.com.pl\/wp-content\/uploads\/2021\/09\/Fabryka-768x430.png 768w, https:\/\/htb.com.pl\/wp-content\/uploads\/2021\/09\/Fabryka-600x336.png 600w\" sizes=\"auto, (max-width: 150px) 100vw, 150px\" \/><\/a> W Polsce takie kombinacje na razie wywo\u0142a\u0142y inflacje. <a href=\"http:\/\/radiomaria.com.pl\/wp-content\/uploads\/2021\/09\/15.09.-Panie-Prezesie.mp3\"><img loading=\"lazy\" decoding=\"async\" width=\"150\" height=\"60\" class=\"wp-image-55560\" style=\"width: 150px;\" src=\"https:\/\/htb.com.pl\/wp-content\/uploads\/2021\/09\/Inflacjad.jpg\" alt=\"\" srcset=\"https:\/\/htb.com.pl\/wp-content\/uploads\/2021\/09\/Inflacjad.jpg 784w, https:\/\/htb.com.pl\/wp-content\/uploads\/2021\/09\/Inflacjad-300x119.jpg 300w, https:\/\/htb.com.pl\/wp-content\/uploads\/2021\/09\/Inflacjad-768x305.jpg 768w, https:\/\/htb.com.pl\/wp-content\/uploads\/2021\/09\/Inflacjad-600x238.jpg 600w\" sizes=\"auto, (max-width: 150px) 100vw, 150px\" \/><\/a> <a href=\"http:\/\/radiomaria.com.pl\/wp-content\/uploads\/2021\/09\/16.09.-Kaczynski-odchodzi.mp3\"><img loading=\"lazy\" decoding=\"async\" width=\"150\" height=\"79\" class=\"wp-image-55562\" style=\"width: 150px;\" src=\"https:\/\/htb.com.pl\/wp-content\/uploads\/2021\/09\/Bezrobociem.png\" alt=\"\" srcset=\"https:\/\/htb.com.pl\/wp-content\/uploads\/2021\/09\/Bezrobociem.png 916w, https:\/\/htb.com.pl\/wp-content\/uploads\/2021\/09\/Bezrobociem-300x159.png 300w, https:\/\/htb.com.pl\/wp-content\/uploads\/2021\/09\/Bezrobociem-768x407.png 768w, https:\/\/htb.com.pl\/wp-content\/uploads\/2021\/09\/Bezrobociem-850x450.png 850w, https:\/\/htb.com.pl\/wp-content\/uploads\/2021\/09\/Bezrobociem-600x318.png 600w\" sizes=\"auto, (max-width: 150px) 100vw, 150px\" \/><\/a>Mam informacje, \u017ce pan Jaros\u0142aw Kaczy\u0144ski od polityku zrobi sobie wakacje. Oby m\u00f3j informator mia\u0142 rac\u0119.<\/p>\n\n\n\n<p>Na zako\u0144czenie mam kolejna z\u0142\u0105 informacj\u0119. <a href=\"http:\/\/radiomaria.com.pl\/wp-content\/uploads\/2021\/09\/11.09.-Angela-Merkel.mp3\"><img loading=\"lazy\" decoding=\"async\" width=\"150\" height=\"84\" class=\"wp-image-55564\" style=\"width: 150px;\" src=\"https:\/\/htb.com.pl\/wp-content\/uploads\/2021\/09\/Angela-Merkel.jpg\" alt=\"\" srcset=\"https:\/\/htb.com.pl\/wp-content\/uploads\/2021\/09\/Angela-Merkel.jpg 639w, https:\/\/htb.com.pl\/wp-content\/uploads\/2021\/09\/Angela-Merkel-300x168.jpg 300w, https:\/\/htb.com.pl\/wp-content\/uploads\/2021\/09\/Angela-Merkel-600x335.jpg 600w\" sizes=\"auto, (max-width: 150px) 100vw, 150px\" \/><\/a> Kanclerz Niemiec Agela Merkel odchodzi. Jak nikt na \u015bwiecie wiem, \u017ce kobieta w polityce partyzantce szkodzi. Dobrze, \u017ce Ursula von der Leyen w UE dowodzi, a komisarz<strong> <\/strong>V\u011bra Jourov\u00e1 te\u017c ka\u017cdemu bezprawiu przeszkodzi.<\/p>\n\n\n\n<p><\/p>\n","protected":false},"excerpt":{"rendered":"<p>S\u0142owo, kt\u00f3rego znaczenie bardzo d\u0142ugo poznawa\u0142em. W latach 60-tych oznacza\u0142o tych, co w czasie wojny w wojsku nie byli ale z Niemcami walczyli &#8211; albo przynajmniej si\u0119 tym chwalili. W epoce Gierka, (1971-1981) s\u0142owo partyzantka oznacza\u0142o fuszerk\u0119. M\u00f3wi\u0142o si\u0119 tak, jak ludzie co\u015b bez g\u0142owy i planu robili, a jak schrzanili, to si\u0119 tym chwalili. [&hellip;]<\/p>\n","protected":false},"author":1,"featured_media":55581,"comment_status":"open","ping_status":"open","sticky":false,"template":"","format":"standard","meta":{"_jetpack_memberships_contains_paid_content":false,"footnotes":""},"categories":[4],"tags":[752],"class_list":["post-55488","post","type-post","status-publish","format-standard","has-post-thumbnail","hentry","category-daty-i-fakty-blog","tag-partyzantka"],"jetpack_sharing_enabled":true,"jetpack_featured_media_url":"https:\/\/htb.com.pl\/wp-content\/uploads\/2021\/09\/Fabryka-dobra.png","_links":{"self":[{"href":"https:\/\/htb.com.pl\/index.php?rest_route=\/wp\/v2\/posts\/55488","targetHints":{"allow":["GET"]}}],"collection":[{"href":"https:\/\/htb.com.pl\/index.php?rest_route=\/wp\/v2\/posts"}],"about":[{"href":"https:\/\/htb.com.pl\/index.php?rest_route=\/wp\/v2\/types\/post"}],"author":[{"embeddable":true,"href":"https:\/\/htb.com.pl\/index.php?rest_route=\/wp\/v2\/users\/1"}],"replies":[{"embeddable":true,"href":"https:\/\/htb.com.pl\/index.php?rest_route=%2Fwp%2Fv2%2Fcomments&post=55488"}],"version-history":[{"count":22,"href":"https:\/\/htb.com.pl\/index.php?rest_route=\/wp\/v2\/posts\/55488\/revisions"}],"predecessor-version":[{"id":55668,"href":"https:\/\/htb.com.pl\/index.php?rest_route=\/wp\/v2\/posts\/55488\/revisions\/55668"}],"wp:featuredmedia":[{"embeddable":true,"href":"https:\/\/htb.com.pl\/index.php?rest_route=\/wp\/v2\/media\/55581"}],"wp:attachment":[{"href":"https:\/\/htb.com.pl\/index.php?rest_route=%2Fwp%2Fv2%2Fmedia&parent=55488"}],"wp:term":[{"taxonomy":"category","embeddable":true,"href":"https:\/\/htb.com.pl\/index.php?rest_route=%2Fwp%2Fv2%2Fcategories&post=55488"},{"taxonomy":"post_tag","embeddable":true,"href":"https:\/\/htb.com.pl\/index.php?rest_route=%2Fwp%2Fv2%2Ftags&post=55488"}],"curies":[{"name":"wp","href":"https:\/\/api.w.org\/{rel}","templated":true}]}}