{"id":55855,"date":"2021-09-24T13:02:23","date_gmt":"2021-09-24T13:02:23","guid":{"rendered":"https:\/\/htb.com.pl\/?p=55855"},"modified":"2021-09-24T13:05:03","modified_gmt":"2021-09-24T13:05:03","slug":"wolne-media","status":"publish","type":"post","link":"https:\/\/htb.com.pl\/?p=55855","title":{"rendered":"Wolne media"},"content":{"rendered":"\n<p><\/p>\n\n\n\n<figure class=\"wp-block-image size-thumbnail\"><a href=\"https:\/\/htb.com.pl\/wp-content\/uploads\/2021\/09\/Wolne-media.mp3\"><img loading=\"lazy\" decoding=\"async\" width=\"150\" height=\"150\" src=\"https:\/\/htb.com.pl\/wp-content\/uploads\/2018\/04\/posluchaj-150x150.jpg\" alt=\"\" class=\"wp-image-2020\" srcset=\"https:\/\/htb.com.pl\/wp-content\/uploads\/2018\/04\/posluchaj-150x150.jpg 150w, https:\/\/htb.com.pl\/wp-content\/uploads\/2018\/04\/posluchaj-300x300.jpg 300w, https:\/\/htb.com.pl\/wp-content\/uploads\/2018\/04\/posluchaj-100x100.jpg 100w\" sizes=\"auto, (max-width: 150px) 100vw, 150px\" \/><\/a><\/figure>\n\n\n\n<p>Ostatnio to okre\u015blenie s\u0142ysz\u0119 nawet po otwarciu lod\u00f3wki. W moim \u017cyciu to ju\u017c kolejne, kt\u00f3re utkwi mi w g\u0142owie &#8211; mam nadziej\u0119, \u017ce nie ostatnie.  Kilka tam ju\u017c tkwi; &#8220;cukier krzepi&#8221; z epoki Gierka, &#8220;nie ma wolno\u015bci bez Solidarno\u015bci&#8221; i &#8220;Solidarno\u015b\u0107 musi odej\u015b\u0107&#8221; z czas\u00f3w Wa\u0142\u0119sy, &#8220;Unia Europejska&#8221;, to Aleksander Kwa\u015bniewski i aktualne &#8220;wolne media&#8221;. Zastanawiam si\u0119 jak okre\u015bli\u0107 obecne czasy, \u017ceby pasowa\u0142o do ram\u00f3wki <a href=\"http:\/\/radiomaria.com.pl\/?p=152\">Radia MARIA<\/a>, gdzie przedstawiam \u015bwiat z perspektywy Marysi. Ona ju\u017c w 1976 roku, w czasach reklamy cukru, kt\u00f3ry notabene by\u0142 na kartki powiedzia\u0142a mi co to s\u0105 <strong>wolne media. To jest wtedy, jak na antenie nie m\u00f3wi si\u0119 \u017ale o nieobecnych.<\/strong> Nie tylko to zapami\u0119ta\u0142em ale i stosowa\u0142em &#8211; ot cho\u0107by Radia Wolna Europa nie s\u0142ucha\u0142em. Gdy po dziesi\u0119ciu latach, Pani\u0105 Mari\u0119 ponownie spotka\u0142em, bardzo jej podzi\u0119kowa\u0142em. I ju\u017c nie Pani\u0105 Mari\u0105 ale moj\u0105 Majk\u0105 nazywa\u0142em &#8211; bardzo ja pokocha\u0142em. Ona te\u017c mnie potrzebowa\u0142a, wtedy mord na ks. Jerzym Popie\u0142uszko wyja\u015bnia\u0142a ale pomimo swojego do\u015bwiadczenia w walce terroryzmem i zagranicznego wykszta\u0142cenia, nie wszystko rozumia\u0142a. Rozmawiaj\u0105c ze mn\u0105 &#8211; ch\u0142opakiem, kt\u00f3ry na \u015bwiat patrzy\u0142 przez w\u0142asny pryzmat, wiele zrozumia\u0142a. My\u015bl\u0119, \u017ce gdyby \u017cy\u0142a, obecny czas jako mafijny by okre\u015bli\u0142a i z nim walczy\u0142a. Wyobra\u017cam sobie jak z Pani\u0105  V\u011br\u0105 Jourov\u0105 wiceszefow\u0105 UE mafi\u0119 od pieni\u0119dzy odcina. Marysia te\u017c to wiedzia\u0142a, \u017ce na mafie tylko ta metoda dzia\u0142a. Wtedy w Polsce mafia PZPR si\u0119 nazywa\u0142a i Majka ze \u015brodowiskami  watyka\u0144skimi, (tak ich nazywa\u0142a) j\u0105 pokona\u0142a. Ale nie tym, \u017ce pieni\u0105dze im  zabra\u0142a. PZPR pieni\u0119dzy nie mia\u0142a. Ona si\u0119 z nimi dogada\u0142a. Rad\u0119 Koordynacyjn\u0105 zainicjowa\u0142am, a genera\u0142a Wojciech Jaruzelskiego, jako patrona zaproponowa\u0142a.  Po \u015bmierci Marysi (13 pa\u017adziernik 1987 rok) obserwowa\u0142em, jak to co zrobi\u0142a, przez brak wolnych medi\u00f3w z jej filozofi\u0105  <strong>Lesefer<\/strong> si\u0119 rozmija. Jak co\u015b w kodeksach nie jest zabronione, to jest dozwolone i finito &#8211; m\u00f3wi\u0142a. A jak kto\u015b pr\u00f3bowa\u0142 jakie\u015b dodatkowe zakazy stosowa\u0107 &#8211; <strong>daj spok\u00f3j &#8211; daj spok\u00f3j!<\/strong> M\u00f3wi\u0142a. Trzeci raz nie powtarza\u0142a, tylko w pysk la\u0142a &#8211; moim zdaniem dzi\u015b by si\u0119 przyda\u0142a. <\/p>\n\n\n\n<p>Ona walk\u0119 TVN o koncesj\u0119 inaczej by widzia\u0142a. S\u0105, by\u0142y i b\u0119d\u0105 dwa wrogie nam wywiady, GRU czyli Rosjanie i CIA &#8211; Amerykanie. Wr\u00f3g jest wr\u00f3g &#8211; m\u00f3wi\u0142a, nawet jak z nim rami\u0119 w rami\u0119 ze z\u0142em walczy\u0142a. My\u015bl\u0119 &#8211; \u017ce gdyby to od niej zale\u017ca\u0142o, koncesji Amerykanom dla TVN by  nie udzieli\u0142a, a wszystkie si\u0142y dla odebrania medi\u00f3w publicznych mafii, by skierowa\u0142a. TVPiS i TVN tak nasz\u0105 histori\u0119 zak\u0142amali, \u017ce w 2015 roku, w wyborach demokratycznych, \u017ali politycy zamachu stanu dokonali i w\u0142adz\u0119 mafii przekazali. A oto czego w tym tygodniu dokonali:<\/p>\n\n\n\n<p>Rz\u0105dz\u0105cy bardzo si\u0119 zdenerwowali raportem NIK. Kiedy\u015b jej prezesa Mariana Banasia  za swojego uznali i wkr\u00f3tce bardzo tego po\u017ca\u0142owali. To mocny cz\u0142owiek &#8211; spowodowa\u0142, \u017ce jego kontrolerzy kontrolowa\u0107 pa\u0144stwowych sp\u00f3\u0142ek si\u0119 nie bali i gdyby\u015bcie tego raporty w nocy z pi\u0105tku na sobot\u0119 w Sejmie pos\u0142uchali, to by\u015bcie si\u0119 przekonali, \u017ce Radio MARIA  ma racj\u0119, gdy m\u00f3wi, \u017ce bud\u017cet si\u0119 wali. <a href=\"http:\/\/radiomaria.com.pl\/wp-content\/uploads\/2021\/09\/18.09.-Raport-NIKa.mp3\"><img loading=\"lazy\" decoding=\"async\" width=\"150\" height=\"100\" class=\"wp-image-55861\" style=\"width: 150px;\" src=\"https:\/\/htb.com.pl\/wp-content\/uploads\/2021\/09\/Banasd.jpg\" alt=\"\" srcset=\"https:\/\/htb.com.pl\/wp-content\/uploads\/2021\/09\/Banasd.jpg 840w, https:\/\/htb.com.pl\/wp-content\/uploads\/2021\/09\/Banasd-300x200.jpg 300w, https:\/\/htb.com.pl\/wp-content\/uploads\/2021\/09\/Banasd-768x512.jpg 768w, https:\/\/htb.com.pl\/wp-content\/uploads\/2021\/09\/Banasd-600x400.jpg 600w\" sizes=\"auto, (max-width: 150px) 100vw, 150px\" \/><\/a><\/p>\n\n\n\n<p>Obchodzili\u015bmy 82 rocznice napa\u015bci na Polsk\u0119  Zwi\u0105zku Radzieckiego i ucieczk\u0119 wodza naczelnego marsza\u0142ka Edwarda Rydza \u015amig\u0142ego. <a href=\"http:\/\/radiomaria.com.pl\/wp-content\/uploads\/2021\/09\/Ucieczka.mp3\"><img loading=\"lazy\" decoding=\"async\" width=\"150\" height=\"96\" class=\"wp-image-55912\" style=\"width: 150px;\" src=\"https:\/\/htb.com.pl\/wp-content\/uploads\/2021\/09\/Ucieczka.jpg\" alt=\"\" srcset=\"https:\/\/htb.com.pl\/wp-content\/uploads\/2021\/09\/Ucieczka.jpg 637w, https:\/\/htb.com.pl\/wp-content\/uploads\/2021\/09\/Ucieczka-300x191.jpg 300w, https:\/\/htb.com.pl\/wp-content\/uploads\/2021\/09\/Ucieczka-600x382.jpg 600w\" sizes=\"auto, (max-width: 150px) 100vw, 150px\" \/><\/a> <a href=\"http:\/\/radiomaria.com.pl\/wp-content\/uploads\/2021\/09\/17.09.-Wrog-w-granicach.mp3\"><img loading=\"lazy\" decoding=\"async\" width=\"150\" height=\"156\" class=\"wp-image-55863\" style=\"width: 150px;\" src=\"https:\/\/htb.com.pl\/wp-content\/uploads\/2021\/09\/17_wrzesnia_1939.jpg\" alt=\"\" srcset=\"https:\/\/htb.com.pl\/wp-content\/uploads\/2021\/09\/17_wrzesnia_1939.jpg 575w, https:\/\/htb.com.pl\/wp-content\/uploads\/2021\/09\/17_wrzesnia_1939-289x300.jpg 289w\" sizes=\"auto, (max-width: 150px) 100vw, 150px\" \/><\/a> To jakby dope\u0142ni\u0142o kl\u0119sk\u0119 Narodu Polskiego z wrze\u015bnia 1939. Podnie\u015bli\u015bmy si\u0119 po przej\u0119ciu w\u0142adzy przez genera\u0142a W\u0142adys\u0142awa Sikorskiego, niestety &#8211; po nieudanym starcie jego samolotu z lotniska Gibraltarskiego, (4 lipca 1943) powr\u00f3cili\u015bmy do starego &#8211; &#8220;piekie\u0142ka polskiego&#8221;. Bardzo podobnego do tego obecnego. Dlaczego?<strong> Bo we wszystkich mediach pluje si\u0119 na nieobecnego.<\/strong><\/p>\n\n\n\n<p>Pan Donald Tusk w Pu\u0142tusku konflikt na polskiej scenie politycznej  eskaluje, bo zak\u0142ada, \u017ce to go wypromuje \u2013 nie wie, \u017ce to nie Kaczy\u0144ski ale Putin go kiwa i do szachisty pokerowym \u201esprawdzam\u201d si\u0119 odzywa.<strong> Polska przegrywa, bo to co dla reklamodawc\u00f3w za sensacja goni &#8211; wolnymi mediami nazywa. <\/strong><a href=\"http:\/\/radiomaria.com.pl\/wp-content\/uploads\/2021\/09\/20.09.-To-szachy.mp3\"><img loading=\"lazy\" decoding=\"async\" width=\"150\" height=\"94\" class=\"wp-image-55869\" style=\"width: 150px;\" src=\"https:\/\/htb.com.pl\/wp-content\/uploads\/2021\/09\/Pultusk.jpg\" alt=\"\" srcset=\"https:\/\/htb.com.pl\/wp-content\/uploads\/2021\/09\/Pultusk.jpg 948w, https:\/\/htb.com.pl\/wp-content\/uploads\/2021\/09\/Pultusk-300x187.jpg 300w, https:\/\/htb.com.pl\/wp-content\/uploads\/2021\/09\/Pultusk-768x480.jpg 768w, https:\/\/htb.com.pl\/wp-content\/uploads\/2021\/09\/Pultusk-600x375.jpg 600w\" sizes=\"auto, (max-width: 150px) 100vw, 150px\" \/><\/a><\/p>\n\n\n\n<p>Natomiast pan Rados\u0142aw Sikorski w Pu\u0142tusku zab\u0142ysn\u0105. Zak\u0142adam, \u017ce dzi\u0119ki swojej \u017conie Anne Applebaum. M\u00f3wi\u0142 jak sprawi\u0107, \u017ceby Polska by\u0142a wiarygodna na arenie mi\u0119dzynarodowej. Wy\u015bmia\u0142 ludzi z TVPiS relacjonuj\u0105cych obrady, wspomnia\u0142 tragedi\u0119 Bia\u0142orusi i pr\u00f3bowa\u0142 wystraszy\u0107 \u0141ukaszenk\u0119. Marysia zrobi\u0142a by dok\u0142adnie to samo. <a href=\"http:\/\/radiomaria.com.pl\/wp-content\/uploads\/2021\/09\/19.09.-Nie-bedzie-nas.mp3\"><img loading=\"lazy\" decoding=\"async\" width=\"150\" height=\"113\" class=\"wp-image-55916\" style=\"width: 150px;\" src=\"https:\/\/htb.com.pl\/wp-content\/uploads\/2021\/09\/Atak.jpg\" alt=\"\" srcset=\"https:\/\/htb.com.pl\/wp-content\/uploads\/2021\/09\/Atak.jpg 640w, https:\/\/htb.com.pl\/wp-content\/uploads\/2021\/09\/Atak-300x225.jpg 300w, https:\/\/htb.com.pl\/wp-content\/uploads\/2021\/09\/Atak-600x450.jpg 600w\" sizes=\"auto, (max-width: 150px) 100vw, 150px\" \/><\/a> Dodatkowo TVPiS by wywali\u0142a, a \u0141ukaszenk\u0119 ze swoimi przystojniakami odwiedzi\u0142a. Ona taka by\u0142a. A w rocznic\u0119 kl\u0119ski wrze\u015bniowej, nie o napa\u015bci Rosjan ale o bohaterstwie obro\u0144c\u00f3w &#8211; cz\u0119sto bezimiennych,  pozbawionych sztabowego dowodzenia by m\u00f3wi\u0142a. Pan Sikorski straszy\u0142 Kaczy\u0144skim. Marysia by nie straszy\u0142a, po prosty w drodze do \u0141ukaszenki na \u015bniadanie do pana Kaczy\u0144skiego by si\u0119 wprosi\u0142a. Jajka na mi\u0119kko bardzo lubi\u0142a.<\/p>\n\n\n\n<p>Rz\u0105dz\u0105cy moim zdanie przesadnie o zdrowie psychiczne pana Jaros\u0142awa Kaczy\u0144skiego dbaj\u0105. Wojn\u0119 na bia\u0142orusko-polskiej granicy wymy\u015blili i dziennikarzy stamt\u0105d wywalili. \u017beby ci nie pokazywali, jak tam ludzie b\u0119d\u0105 umierali. Chc\u0119, \u017ceby\u015bcie panowie pami\u0119tali, \u017ce ci nieszcz\u0119\u015bnicy, podobnie jak wy, tylko jedno \u017cycie dostali. Pomy\u015blcie o tym, jak kolejny raz narad\u0119 wojenn\u0105 b\u0119dziecie udawali. <a href=\"http:\/\/radiomaria.com.pl\/wp-content\/uploads\/2021\/09\/20.09.-Konferencja.mp3\"><img loading=\"lazy\" decoding=\"async\" width=\"150\" height=\"84\" class=\"wp-image-55919\" style=\"width: 150px;\" src=\"https:\/\/htb.com.pl\/wp-content\/uploads\/2021\/09\/Konferencja-dobra.jpg\" alt=\"\" srcset=\"https:\/\/htb.com.pl\/wp-content\/uploads\/2021\/09\/Konferencja-dobra.jpg 903w, https:\/\/htb.com.pl\/wp-content\/uploads\/2021\/09\/Konferencja-dobra-300x169.jpg 300w, https:\/\/htb.com.pl\/wp-content\/uploads\/2021\/09\/Konferencja-dobra-768x432.jpg 768w, https:\/\/htb.com.pl\/wp-content\/uploads\/2021\/09\/Konferencja-dobra-600x338.jpg 600w\" sizes=\"auto, (max-width: 150px) 100vw, 150px\" \/><\/a><\/p>\n\n\n\n<p>Mo\u017cna by pomy\u015ble\u0107 , \u017ce przesadzamy, \u017ce si\u0119 czepiamy. Mo\u017cliwe ale to dzia\u0142a. G\u0142upot\u0119 z pot\u0119pianiem \u015brodowisk LGBT samorz\u0105dowcom \u017ce\u015bmy wypominali i ci b\u0119d\u0105 si\u0119 z tego wycofywali. <a href=\"http:\/\/radiomaria.com.pl\/wp-content\/uploads\/2021\/09\/Uchwaly-LGBT.mp3\"><img loading=\"lazy\" decoding=\"async\" width=\"150\" height=\"133\" class=\"wp-image-55921\" style=\"width: 150px;\" src=\"https:\/\/htb.com.pl\/wp-content\/uploads\/2021\/09\/LGBTmapa.png\" alt=\"\" srcset=\"https:\/\/htb.com.pl\/wp-content\/uploads\/2021\/09\/LGBTmapa.png 891w, https:\/\/htb.com.pl\/wp-content\/uploads\/2021\/09\/LGBTmapa-300x266.png 300w, https:\/\/htb.com.pl\/wp-content\/uploads\/2021\/09\/LGBTmapa-768x682.png 768w, https:\/\/htb.com.pl\/wp-content\/uploads\/2021\/09\/LGBTmapa-600x533.png 600w\" sizes=\"auto, (max-width: 150px) 100vw, 150px\" \/><\/a> Zobaczycie. Gdyby\u015bcie si\u0119 tak o utrat\u0119 500+ nie bali, ch\u0142opaki z razwietputa a\u017c tak bezpardonowo by nas nie atakowali. Wiem to &#8211; s\u0142ysza\u0142em jak si\u0119 z nas \u015bmiali. <\/p>\n\n\n\n<p>Ja te\u017c chcia\u0142bym wierzy\u0107 premierowi, jak m\u00f3wi, \u017ce Polska ju\u017c wkr\u00f3tce dor\u00f3wna zachodowi. <a href=\"http:\/\/radiomaria.com.pl\/wp-content\/uploads\/2021\/09\/21.09.Poistanowienie-a-nie-wyrok.mp3\"><img loading=\"lazy\" decoding=\"async\" width=\"150\" height=\"65\" class=\"wp-image-55925\" style=\"width: 150px;\" src=\"https:\/\/htb.com.pl\/wp-content\/uploads\/2021\/09\/Nowelizacja.jpg\" alt=\"\" srcset=\"https:\/\/htb.com.pl\/wp-content\/uploads\/2021\/09\/Nowelizacja.jpg 586w, https:\/\/htb.com.pl\/wp-content\/uploads\/2021\/09\/Nowelizacja-300x130.jpg 300w\" sizes=\"auto, (max-width: 150px) 100vw, 150px\" \/><\/a> Niestety panie Morawiecki &#8211; ja ju\u017c to raz s\u0142ysza\u0142em, a potem tragedi\u0119 lat osiemdziesi\u0105tych widzia\u0142em. Do tych co kredyty hipoteczne wzi\u0119li &#8211; pami\u0119tajcie, \u017ce rz\u0105dz\u0105cy od 2015 roku s\u0142owa prawdy o stanie naszej gospodarki nie powiedzieli. Dla was lepiej by by\u0142o, \u017ceby\u015bmy EUR mieli. Nasi pustego pieni\u0105dza by nie drukowali i jak Grecja by\u015bmy si\u0119 uratowali. Ci ludzie o rz\u0105dzeniu poj\u0119cia nie maj\u0105, z Czechami o Turowi tak rozmawiaj\u0105, \u017ce ci sympatyczni ludzie ca\u0142\u0105 t\u0105 dla nas sympati\u0119  w d..ie maj\u0105 i spraw\u0119 worka turoszowskiego jak my kiedy\u015b Zaolzie rozgrywaj\u0105. <a href=\"http:\/\/radiomaria.com.pl\/wp-content\/uploads\/2021\/09\/20.09.-Kary-dla-Turowa.mp3\"><img loading=\"lazy\" decoding=\"async\" width=\"150\" height=\"96\" class=\"wp-image-55927\" style=\"width: 150px;\" src=\"https:\/\/htb.com.pl\/wp-content\/uploads\/2021\/09\/Tutow.jpg\" alt=\"\" srcset=\"https:\/\/htb.com.pl\/wp-content\/uploads\/2021\/09\/Tutow.jpg 640w, https:\/\/htb.com.pl\/wp-content\/uploads\/2021\/09\/Tutow-300x192.jpg 300w, https:\/\/htb.com.pl\/wp-content\/uploads\/2021\/09\/Tutow-600x384.jpg 600w\" sizes=\"auto, (max-width: 150px) 100vw, 150px\" \/><\/a><\/p>\n\n\n\n<p>Na koniec co\u015b pozytywnego. Takiego ameryka\u0144skiego ale jak\u017ce innego od tego dotychczasowego.  Joe Biden podobnie jak Rados\u0142aw Sikorki kobiety pos\u0142ucha\u0142. Zak\u0142adam, \u017ce tu Kamali Harris, swojej wceprezydent . Na sesji ONZ w Nowym Jorku to by\u0142o. <a href=\"http:\/\/radiomaria.com.pl\/wp-content\/uploads\/2021\/09\/22.09.-Joe-Biden.mp3\"><img loading=\"lazy\" decoding=\"async\" width=\"150\" height=\"104\" class=\"wp-image-55932\" style=\"width: 150px;\" src=\"https:\/\/htb.com.pl\/wp-content\/uploads\/2021\/09\/Bidena.jpg\" alt=\"\" srcset=\"https:\/\/htb.com.pl\/wp-content\/uploads\/2021\/09\/Bidena.jpg 840w, https:\/\/htb.com.pl\/wp-content\/uploads\/2021\/09\/Bidena-300x208.jpg 300w, https:\/\/htb.com.pl\/wp-content\/uploads\/2021\/09\/Bidena-768x532.jpg 768w, https:\/\/htb.com.pl\/wp-content\/uploads\/2021\/09\/Bidena-600x416.jpg 600w\" sizes=\"auto, (max-width: 150px) 100vw, 150px\" \/><\/a> O\u015bwiadczenie, \u017ce stawia na pomaganie i rozmawianie, a nie strzelanie, zapami\u0119tane zostanie. Przem\u00f3wienie prezydenta Andrzeja dudy szerzej do medi\u00f3w si\u0119 nie przebi\u0142o. <a href=\"http:\/\/radiomaria.com.pl\/wp-content\/uploads\/2021\/09\/22.09.-Andrzej-Duda.mp3\"><img loading=\"lazy\" decoding=\"async\" width=\"150\" height=\"113\" class=\"wp-image-55934\" style=\"width: 150px;\" src=\"https:\/\/htb.com.pl\/wp-content\/uploads\/2021\/09\/Duda.jpg\" alt=\"\" srcset=\"https:\/\/htb.com.pl\/wp-content\/uploads\/2021\/09\/Duda.jpg 640w, https:\/\/htb.com.pl\/wp-content\/uploads\/2021\/09\/Duda-300x225.jpg 300w, https:\/\/htb.com.pl\/wp-content\/uploads\/2021\/09\/Duda-600x450.jpg 600w\" sizes=\"auto, (max-width: 150px) 100vw, 150px\" \/><\/a> Wida\u0107, \u017ce  swojej ma\u0142\u017conki pierwszej damy nie s\u0142ucha. Serdecznie Pani\u0105 Pani Agato pozdrawiamy.  Pani wizyt\u0119 w Mielcu, w Szkole nr 9 pami\u0119tamy. Prosimy co\u015b z promocj\u0105 szczepie\u0144 zrobi\u0107, bo my tu umieramy.<\/p>\n\n\n\n<figure class=\"wp-block-image size-large\"><img loading=\"lazy\" decoding=\"async\" width=\"1024\" height=\"682\" src=\"https:\/\/htb.com.pl\/wp-content\/uploads\/2020\/02\/Pierwsza-dama.jpg\" alt=\"\" class=\"wp-image-18795\" srcset=\"https:\/\/htb.com.pl\/wp-content\/uploads\/2020\/02\/Pierwsza-dama.jpg 1024w, https:\/\/htb.com.pl\/wp-content\/uploads\/2020\/02\/Pierwsza-dama-300x200.jpg 300w, https:\/\/htb.com.pl\/wp-content\/uploads\/2020\/02\/Pierwsza-dama-768x512.jpg 768w, https:\/\/htb.com.pl\/wp-content\/uploads\/2020\/02\/Pierwsza-dama-600x400.jpg 600w\" sizes=\"auto, (max-width: 1024px) 100vw, 1024px\" \/><\/figure>\n\n\n\n<p>To zdj\u0119cie przed ostatnimi wyborami prezydenckimi robione by\u0142o. Gdyby podkarpacie odrobink\u0119 inaczej zag\u0142osowa\u0142o, i ponad 70 procent g\u0142os\u00f3w na Andrzeja Dud\u0119 nie oddali, Rafa\u0142a Trzaskowskiego jako prezydenta by\u015bmy mieli. Nie wiem czy tu na podkarpaciu w szczepienia by\u015bmy uwierzyli ale na pewno dzia\u0142alno\u015b\u0107 Trybuna\u0142u Konstytucyjnego by\u015bmy przywr\u00f3cili i o Polexicie w jego dawnej siedzibie nie m\u00f3wili. <a href=\"http:\/\/radiomaria.com.pl\/wp-content\/uploads\/2021\/09\/22.09.-Szkoda-czasu.mp3\"><img loading=\"lazy\" decoding=\"async\" width=\"150\" height=\"84\" class=\"wp-image-55938\" style=\"width: 150px;\" src=\"https:\/\/htb.com.pl\/wp-content\/uploads\/2021\/09\/Ludzie.jpg\" alt=\"\" srcset=\"https:\/\/htb.com.pl\/wp-content\/uploads\/2021\/09\/Ludzie.jpg 640w, https:\/\/htb.com.pl\/wp-content\/uploads\/2021\/09\/Ludzie-300x168.jpg 300w, https:\/\/htb.com.pl\/wp-content\/uploads\/2021\/09\/Ludzie-600x337.jpg 600w\" sizes=\"auto, (max-width: 150px) 100vw, 150px\" \/><\/a><\/p>\n","protected":false},"excerpt":{"rendered":"<p>Ostatnio to okre\u015blenie s\u0142ysz\u0119 nawet po otwarciu lod\u00f3wki. W moim \u017cyciu to ju\u017c kolejne, kt\u00f3re utkwi mi w g\u0142owie &#8211; mam nadziej\u0119, \u017ce nie ostatnie. Kilka tam ju\u017c tkwi; &#8220;cukier krzepi&#8221; z epoki Gierka, &#8220;nie ma wolno\u015bci bez Solidarno\u015bci&#8221; i &#8220;Solidarno\u015b\u0107 musi odej\u015b\u0107&#8221; z czas\u00f3w Wa\u0142\u0119sy, &#8220;Unia Europejska&#8221;, to Aleksander Kwa\u015bniewski i aktualne &#8220;wolne media&#8221;. [&hellip;]<\/p>\n","protected":false},"author":1,"featured_media":55949,"comment_status":"open","ping_status":"open","sticky":false,"template":"","format":"standard","meta":{"_jetpack_memberships_contains_paid_content":false,"footnotes":""},"categories":[4],"tags":[502],"class_list":["post-55855","post","type-post","status-publish","format-standard","has-post-thumbnail","hentry","category-daty-i-fakty-blog","tag-wolne-media"],"jetpack_sharing_enabled":true,"jetpack_featured_media_url":"https:\/\/htb.com.pl\/wp-content\/uploads\/2021\/09\/wolnem.jpeg","_links":{"self":[{"href":"https:\/\/htb.com.pl\/index.php?rest_route=\/wp\/v2\/posts\/55855","targetHints":{"allow":["GET"]}}],"collection":[{"href":"https:\/\/htb.com.pl\/index.php?rest_route=\/wp\/v2\/posts"}],"about":[{"href":"https:\/\/htb.com.pl\/index.php?rest_route=\/wp\/v2\/types\/post"}],"author":[{"embeddable":true,"href":"https:\/\/htb.com.pl\/index.php?rest_route=\/wp\/v2\/users\/1"}],"replies":[{"embeddable":true,"href":"https:\/\/htb.com.pl\/index.php?rest_route=%2Fwp%2Fv2%2Fcomments&post=55855"}],"version-history":[{"count":23,"href":"https:\/\/htb.com.pl\/index.php?rest_route=\/wp\/v2\/posts\/55855\/revisions"}],"predecessor-version":[{"id":55952,"href":"https:\/\/htb.com.pl\/index.php?rest_route=\/wp\/v2\/posts\/55855\/revisions\/55952"}],"wp:featuredmedia":[{"embeddable":true,"href":"https:\/\/htb.com.pl\/index.php?rest_route=\/wp\/v2\/media\/55949"}],"wp:attachment":[{"href":"https:\/\/htb.com.pl\/index.php?rest_route=%2Fwp%2Fv2%2Fmedia&parent=55855"}],"wp:term":[{"taxonomy":"category","embeddable":true,"href":"https:\/\/htb.com.pl\/index.php?rest_route=%2Fwp%2Fv2%2Fcategories&post=55855"},{"taxonomy":"post_tag","embeddable":true,"href":"https:\/\/htb.com.pl\/index.php?rest_route=%2Fwp%2Fv2%2Ftags&post=55855"}],"curies":[{"name":"wp","href":"https:\/\/api.w.org\/{rel}","templated":true}]}}