{"id":56559,"date":"2021-10-10T08:02:04","date_gmt":"2021-10-10T08:02:04","guid":{"rendered":"https:\/\/htb.com.pl\/?p=56559"},"modified":"2021-10-10T08:16:46","modified_gmt":"2021-10-10T08:16:46","slug":"cud-polskiej-gospodarki","status":"publish","type":"post","link":"https:\/\/htb.com.pl\/?p=56559","title":{"rendered":"\u201eCud polskiej gospodarki\u201d"},"content":{"rendered":"\n<figure class=\"wp-block-image size-thumbnail\"><a href=\"https:\/\/htb.com.pl\/wp-content\/uploads\/2021\/10\/Cud-polskiej-gospodarki.mp3\"><img loading=\"lazy\" decoding=\"async\" width=\"150\" height=\"150\" src=\"https:\/\/htb.com.pl\/wp-content\/uploads\/2018\/04\/posluchaj-150x150.jpg\" alt=\"\" class=\"wp-image-2020\" srcset=\"https:\/\/htb.com.pl\/wp-content\/uploads\/2018\/04\/posluchaj-150x150.jpg 150w, https:\/\/htb.com.pl\/wp-content\/uploads\/2018\/04\/posluchaj-300x300.jpg 300w, https:\/\/htb.com.pl\/wp-content\/uploads\/2018\/04\/posluchaj-100x100.jpg 100w\" sizes=\"auto, (max-width: 150px) 100vw, 150px\" \/><\/a><\/figure>\n\n\n\n<p><\/p>\n\n\n\n<p>Cytat z wyst\u0105pienia prezesa NBP na Kongresie 590. <a href=\"http:\/\/radiomaria.com.pl\/wp-content\/uploads\/2021\/10\/07.10.-Cud-gospodaeczy.mp3\"><img loading=\"lazy\" decoding=\"async\" width=\"150\" height=\"78\" class=\"wp-image-56706\" style=\"width: 150px;\" src=\"https:\/\/htb.com.pl\/wp-content\/uploads\/2021\/10\/Glapi\u0144ski.png\" alt=\"\" srcset=\"https:\/\/htb.com.pl\/wp-content\/uploads\/2021\/10\/Glapi\u0144ski.png 977w, https:\/\/htb.com.pl\/wp-content\/uploads\/2021\/10\/Glapi\u0144ski-300x155.png 300w, https:\/\/htb.com.pl\/wp-content\/uploads\/2021\/10\/Glapi\u0144ski-768x398.png 768w, https:\/\/htb.com.pl\/wp-content\/uploads\/2021\/10\/Glapi\u0144ski-850x450.png 850w, https:\/\/htb.com.pl\/wp-content\/uploads\/2021\/10\/Glapi\u0144ski-600x311.png 600w\" sizes=\"auto, (max-width: 150px) 100vw, 150px\" \/><\/a> To taka impreza s\u0142u\u017c\u0105ca propagandzie sukcesu. <\/p>\n\n\n\n<p>Czekaj\u0105 nas nieprawdopodobne podwy\u017cki cen gazu i pr\u0105du, a co za tym idzie wszystkiego. Bo koszt energii jest uwzgl\u0119dniany w cenach produkt\u00f3w i opowiadanie, \u017ce tak nie b\u0119dzie, bo pa\u0144stwo pomaga\u0107 b\u0119dzie &#8211; jest k\u0142amstwem wyborczym. Kiedy\u015b  EJ\u017b \u017ce\u015bmy rozwalili, potem na rosyjski gaz si\u0119 obrazili &#8211; no to teraz b\u0119dziemy p\u0142acili.<\/p>\n\n\n\n<p> Ca\u0142a ta impreza wpisuj\u0119 si\u0119 r\u00f3wnie\u017c w ten segment propagandy rz\u0105du, kt\u00f3ry odpowiada za zohydzanie Unii Europejskiej <a href=\"http:\/\/radiomaria.com.pl\/wp-content\/uploads\/2021\/10\/08.10.-Bzdury-ktore-odchudzaja.mp3\"><img loading=\"lazy\" decoding=\"async\" width=\"150\" height=\"200\" class=\"wp-image-56702\" style=\"width: 150px;\" src=\"https:\/\/htb.com.pl\/wp-content\/uploads\/2021\/10\/Slup-ogloszeniowy.jpg\" alt=\"\" srcset=\"https:\/\/htb.com.pl\/wp-content\/uploads\/2021\/10\/Slup-ogloszeniowy.jpg 480w, https:\/\/htb.com.pl\/wp-content\/uploads\/2021\/10\/Slup-ogloszeniowy-225x300.jpg 225w\" sizes=\"auto, (max-width: 150px) 100vw, 150px\" \/><\/a> i by\u0142a preludium przed orzeczeniem tzw. trybuna\u0142u konstytucyjnego o niestosowaniu prawa europejskiego przez premiera Morawieckiego. Kult jednostki nie pasuje do \u015bwiata demokratycznego <a href=\"http:\/\/radiomaria.com.pl\/wp-content\/uploads\/2021\/10\/08.10.-Zwyciestwo-Kaczynskiego.mp3\"><img loading=\"lazy\" decoding=\"async\" width=\"150\" height=\"86\" class=\"wp-image-56704\" style=\"width: 150px;\" src=\"https:\/\/htb.com.pl\/wp-content\/uploads\/2021\/10\/azawyrik-2.png\" alt=\"\" srcset=\"https:\/\/htb.com.pl\/wp-content\/uploads\/2021\/10\/azawyrik-2.png 954w, https:\/\/htb.com.pl\/wp-content\/uploads\/2021\/10\/azawyrik-2-300x172.png 300w, https:\/\/htb.com.pl\/wp-content\/uploads\/2021\/10\/azawyrik-2-768x440.png 768w, https:\/\/htb.com.pl\/wp-content\/uploads\/2021\/10\/azawyrik-2-600x343.png 600w\" sizes=\"auto, (max-width: 150px) 100vw, 150px\" \/><\/a> &#8211; raczej bizantyjskiego. Boj\u0119 si\u0119, \u017ce to mo\u017ce doprowadzi\u0107 do stworzenia pa\u0144stwa katolickiego. Boj\u0119 si\u0119, bo Marysia mi kiedy\u015b powiedzia\u0142a, co jest w tym z\u0142ego. W\u0142a\u015bciwie to swoje blizny mi pokaza\u0142a. Ona je mia\u0142a, bo  z terrorystami ETA w Hiszpanii walczy\u0142a. Hiszpania genera\u0142a Franco w 1954 na katolicyzm w polityce postawi\u0142a. Gdy zakatowano ks. Jerzego Popie\u0142uszk\u0119 Majka do Polski ze swoimi lud\u017ami przyby\u0142a i rodz\u0105cy si\u0119  terroryzm w zarodku zdusi\u0142a ale go nie zabi\u0142a. Bro\u0144 schowa\u0142a, d\u0142o\u0144 poda\u0142a i Polska (ju\u017c po jej \u015bmierci) przy okr\u0105g\u0142ym stole si\u0119 dogada\u0142a. Mo\u017ce w archiwach Radia MARIA  o niej pos\u0142uchacie. Ona o  public relations&nbsp;nie dba\u0142a, tylko dzia\u0142a\u0142a. Zawsze m\u00f3wi\u0142a, \u017ce w jedno\u015bci si\u0142a.<\/p>\n\n\n\n<p>Teraz prosz\u0119 pos\u0142ucha\u0107 o innych wydarzeniach z ostatniego tygodnia z jej perspektywy.<\/p>\n\n\n\n<p>Obchodzili\u015bmy 77 rocznic\u0119 upadku Powstania Warszawskiego. Marysia zawsze  wspomina\u0142a, podanie r\u0119ki przez genera\u0142a Tadeusza Bora Komorowskiego i  SS-Obergrupenf\u00fchrerera Ericha von dem Bacha-Zelewskiego &#8211; <strong>po zako\u0144czeniu walk Powstania Warszawskiego<\/strong>. <a href=\"http:\/\/radiomaria.com.pl\/wp-content\/uploads\/2021\/10\/0210-Upadek-Powstania-Warszawskiego.mp3\"><img loading=\"lazy\" decoding=\"async\" width=\"150\" height=\"111\" class=\"wp-image-56710\" style=\"width: 150px;\" src=\"https:\/\/htb.com.pl\/wp-content\/uploads\/2021\/10\/Dlon.jpg\" alt=\"\" srcset=\"https:\/\/htb.com.pl\/wp-content\/uploads\/2021\/10\/Dlon.jpg 663w, https:\/\/htb.com.pl\/wp-content\/uploads\/2021\/10\/Dlon-300x222.jpg 300w, https:\/\/htb.com.pl\/wp-content\/uploads\/2021\/10\/Dlon-600x443.jpg 600w\" sizes=\"auto, (max-width: 150px) 100vw, 150px\" \/><\/a> Dlatego tworz\u0105c Rad\u0119 Konsultacyjn\u0105 sprawi\u0142a, \u017ce usiedli\u015bmy przy okr\u0105g\u0142ym stole <strong>zanim doprowadzili\u015bmy do kolejnej tragedii Narodu Polskiego<\/strong>. Dzi\u015b pr\u00f3buje si\u0119 nas przekona\u0107, \u017ce to by\u0142o co\u015b z\u0142ego i tworzy si\u0119 prawo, umo\u017cliwiaj\u0105ce powr\u00f3t to pa\u0144stwa mafijnego. <a href=\"http:\/\/radiomaria.com.pl\/wp-content\/uploads\/2021\/10\/05.10.-Tak-nie-moze-byc.mp3\"><img loading=\"lazy\" decoding=\"async\" width=\"150\" height=\"100\" class=\"wp-image-56708\" style=\"width: 150px;\" src=\"https:\/\/htb.com.pl\/wp-content\/uploads\/2021\/10\/Przemyta.jpg\" alt=\"\" srcset=\"https:\/\/htb.com.pl\/wp-content\/uploads\/2021\/10\/Przemyta.jpg 644w, https:\/\/htb.com.pl\/wp-content\/uploads\/2021\/10\/Przemyta-300x200.jpg 300w, https:\/\/htb.com.pl\/wp-content\/uploads\/2021\/10\/Przemyta-600x400.jpg 600w\" sizes=\"auto, (max-width: 150px) 100vw, 150px\" \/><\/a> Nie dopu\u015bcimy do tego  &#8211; poinformujcie o tym pana Jaros\u0142awa Kaczy\u0144skiego.<\/p>\n\n\n\n<p><\/p>\n","protected":false},"excerpt":{"rendered":"<p>Cytat z wyst\u0105pienia prezesa NBP na Kongresie 590. To taka impreza s\u0142u\u017c\u0105ca propagandzie sukcesu. Czekaj\u0105 nas nieprawdopodobne podwy\u017cki cen gazu i pr\u0105du, a co za tym idzie wszystkiego. Bo koszt energii jest uwzgl\u0119dniany w cenach produkt\u00f3w i opowiadanie, \u017ce tak nie b\u0119dzie, bo pa\u0144stwo pomaga\u0107 b\u0119dzie &#8211; jest k\u0142amstwem wyborczym. Kiedy\u015b EJ\u017b \u017ce\u015bmy rozwalili, potem [&hellip;]<\/p>\n","protected":false},"author":1,"featured_media":56716,"comment_status":"open","ping_status":"open","sticky":false,"template":"","format":"standard","meta":{"_jetpack_memberships_contains_paid_content":false,"footnotes":""},"categories":[4],"tags":[753],"class_list":["post-56559","post","type-post","status-publish","format-standard","has-post-thumbnail","hentry","category-daty-i-fakty-blog","tag-cud-polskiej-gospodarki"],"jetpack_sharing_enabled":true,"jetpack_featured_media_url":"https:\/\/htb.com.pl\/wp-content\/uploads\/2021\/10\/D\u0142ugabc.jpg","_links":{"self":[{"href":"https:\/\/htb.com.pl\/index.php?rest_route=\/wp\/v2\/posts\/56559","targetHints":{"allow":["GET"]}}],"collection":[{"href":"https:\/\/htb.com.pl\/index.php?rest_route=\/wp\/v2\/posts"}],"about":[{"href":"https:\/\/htb.com.pl\/index.php?rest_route=\/wp\/v2\/types\/post"}],"author":[{"embeddable":true,"href":"https:\/\/htb.com.pl\/index.php?rest_route=\/wp\/v2\/users\/1"}],"replies":[{"embeddable":true,"href":"https:\/\/htb.com.pl\/index.php?rest_route=%2Fwp%2Fv2%2Fcomments&post=56559"}],"version-history":[{"count":10,"href":"https:\/\/htb.com.pl\/index.php?rest_route=\/wp\/v2\/posts\/56559\/revisions"}],"predecessor-version":[{"id":56719,"href":"https:\/\/htb.com.pl\/index.php?rest_route=\/wp\/v2\/posts\/56559\/revisions\/56719"}],"wp:featuredmedia":[{"embeddable":true,"href":"https:\/\/htb.com.pl\/index.php?rest_route=\/wp\/v2\/media\/56716"}],"wp:attachment":[{"href":"https:\/\/htb.com.pl\/index.php?rest_route=%2Fwp%2Fv2%2Fmedia&parent=56559"}],"wp:term":[{"taxonomy":"category","embeddable":true,"href":"https:\/\/htb.com.pl\/index.php?rest_route=%2Fwp%2Fv2%2Fcategories&post=56559"},{"taxonomy":"post_tag","embeddable":true,"href":"https:\/\/htb.com.pl\/index.php?rest_route=%2Fwp%2Fv2%2Ftags&post=56559"}],"curies":[{"name":"wp","href":"https:\/\/api.w.org\/{rel}","templated":true}]}}