{"id":56904,"date":"2021-10-15T08:56:54","date_gmt":"2021-10-15T08:56:54","guid":{"rendered":"https:\/\/htb.com.pl\/?p=56904"},"modified":"2021-10-18T05:17:33","modified_gmt":"2021-10-18T05:17:33","slug":"rosna-ceny","status":"publish","type":"post","link":"https:\/\/htb.com.pl\/?p=56904","title":{"rendered":"Rosn\u0105 ceny"},"content":{"rendered":"\n<p><\/p>\n\n\n\n<figure class=\"wp-block-image size-thumbnail\"><a href=\"https:\/\/htb.com.pl\/wp-content\/uploads\/2021\/10\/Rosn\u0105-ceny.mp3\"><img loading=\"lazy\" decoding=\"async\" width=\"150\" height=\"150\" src=\"https:\/\/htb.com.pl\/wp-content\/uploads\/2018\/04\/posluchaj-150x150.jpg\" alt=\"\" class=\"wp-image-2020\" srcset=\"https:\/\/htb.com.pl\/wp-content\/uploads\/2018\/04\/posluchaj-150x150.jpg 150w, https:\/\/htb.com.pl\/wp-content\/uploads\/2018\/04\/posluchaj-300x300.jpg 300w, https:\/\/htb.com.pl\/wp-content\/uploads\/2018\/04\/posluchaj-100x100.jpg 100w\" sizes=\"auto, (max-width: 150px) 100vw, 150px\" \/><\/a><\/figure>\n\n\n\n<p>To co dzieje si\u0119 na \u015bwiatowych rynkach paliw kopalnych, niew\u0105tpliwie zachwieje rz\u0105dami w wielu krajach. I o ile rz\u0105dy totalitarne, czy mafijne jak w Polsce, raczej dadz\u0105 sobie rad\u0119 &#8211; a je\u017celi ju\u017c to tylko zmieni\u0105 si\u0119 przy &#8220;korycie&#8221;, to pa\u0144stwa o ugruntowanej demokracji mog\u0105 mie\u0107 problemy. Zastanawiam si\u0119, jak d\u0142ugo jeszcze  rosn\u0105ce ceny ropy i gazu da si\u0119 usprawiedliwia\u0107 wybudowaniem Nord Stream? Jak to robi\u0105 polscy politycy? Ceny rosn\u0105, bo Chiny rosn\u0105 i wykupuj\u0105 wszystko co si\u0119 pali. Rosjanie zwi\u0119kszyli dostawy gazu do Europy &#8211; w tym do Polski!<\/p>\n\n\n\n<p>&nbsp;Turcja (+157,7%), Serbia (+125,9%), Bu\u0142garia (+52,3%), Niemcy (+35,8%), W\u0142ochy (+15%), Rumunia, Finlandia (+19%), Grecja (+12,8%)<strong> oraz Polska (+11,4%).<\/strong><\/p>\n\n\n\n<p> Ro\u015bnie te\u017c eksport rosyjskiego gazu do Chin, nowo wybudowanym gazoci\u0105giem Si\u0142a Syberii. Co\u015b mi si\u0119 jednak zdaje, \u017ce przychody z tego eksportu nie rosn\u0105.  Chi\u0144czycy maj\u0105 sw\u00f3j gaz, a jak ju\u017c maj\u0105 kupowa\u0107, to wol\u0105 LNG &#8211; skroplony.  Dlatego cena za jak\u0105 Gazprom dostarcza gaz Chinom jest niska. Te\u017c mogli\u015bmy t\u0105 kart\u0105 gra\u0107 &#8211; zamiast przeciwko inwestycjom Gazpromu protestowa\u0107. Gazu na z\u0142o\u017cu nie da si\u0119 zakr\u0119ci\u0107, wi\u0119c Rosjanie do Chin b\u0119d\u0105 tani gaz pompowa\u0107, a do Europy drogi &#8211; \u017ceby nie zbankrutowa\u0107. Pasmatrim uwidim &#8211; bo kto\u015b tu musi zbankrutowa\u0107. <\/p>\n\n\n\n<p>Pami\u0119tam wiosn\u0119 1987 roku. Po zniesieniu embarga przez prezydenta USA Ronalda Reagana nasza gospodarka ruszy\u0142a, jak dzi\u015b po pandemii, a EJ\u017b jeszcze gotowa nie by\u0142a. Pomimo to energii elektrycznej \u017ce\u015bmy nie importowali &#8211; dzi\u015b tak, w 2021 roku zabrak\u0142o 13,6 TWh pr\u0105du, ( sze\u015b\u0107 elektrowni). Pewnego dnia Marysia Hotel Rzesz\u00f3w odwiedzi\u0142a, nie by\u0142 tak okaza\u0142y jak dzi\u015b ale te\u017c robi\u0142 wra\u017cenie. Gdy jechali\u015bmy do Rzeszowa, zatrzymali\u015bmy si\u0119 w Wide\u0142ce, pod najwi\u0119ksz\u0105 na \u015bwiecie lini\u0105 elektroenergetyczna Wide\u0142ka-Chmielnicka. <\/p>\n\n\n\n<figure class=\"wp-block-image size-large\"><img loading=\"lazy\" decoding=\"async\" width=\"954\" height=\"446\" src=\"https:\/\/htb.com.pl\/wp-content\/uploads\/2021\/10\/Wida\u0142kama\u0142y.png\" alt=\"\" class=\"wp-image-56943\" srcset=\"https:\/\/htb.com.pl\/wp-content\/uploads\/2021\/10\/Wida\u0142kama\u0142y.png 954w, https:\/\/htb.com.pl\/wp-content\/uploads\/2021\/10\/Wida\u0142kama\u0142y-300x140.png 300w, https:\/\/htb.com.pl\/wp-content\/uploads\/2021\/10\/Wida\u0142kama\u0142y-768x359.png 768w, https:\/\/htb.com.pl\/wp-content\/uploads\/2021\/10\/Wida\u0142kama\u0142y-600x281.png 600w\" sizes=\"auto, (max-width: 954px) 100vw, 954px\" \/><\/figure>\n\n\n\n<p>Jeden przew\u00f3d ma ponad p\u00f3\u0142 metra kwadratowego. Ta linia wtedy dzia\u0142a\u0142a, dopiero w 1993 roku przesta\u0142a. Gdyby Marysia \u017cy\u0142a, nigdy wy\u0142\u0105czy\u0107 tej linii by nie pozwoli\u0142a. Radio Maria przedstawia \u015bwiat z jej perspektywy &#8211; my\u015bl\u0119, \u017ce Marysia, dzi\u015b by t\u0105 lini\u0119  uruchomi\u0142a. Na Ukrain\u0119 by pojecha\u0142a, wiadro w\u00f3dki z oligarchami od energii wypi\u0142a i tych od w\u0119gla z tymi od atomu pogodzi\u0142a. Ukraina swoje rezerwy energetyczne by uruchomi\u0142a i Polska zanim sw\u00f3j atom wybuduje, jako\u015b by \u017cy\u0142a i na pewno z ca\u0142ym \u015bwiatem by si\u0119 nie k\u0142\u00f3ci\u0142a<\/p>\n\n\n\n<p>Niestety Marysi nie ma&#8230; Oto jak klasa polityczna, kt\u00f3ra w jej rozumieniu nigdy \u017cadn\u0105 klas\u0105 nie by\u0142a, w ostatnim tygodniu rz\u0105dzi\u0142a.<\/p>\n\n\n\n<p>W Warszawie i ponad stu innych miastach zorganizowano manifestacje popieraj\u0105ce nasz\u0105 obecno\u015b\u0107 w Unii Europejskie. <a href=\"http:\/\/radiomaria.com.pl\/wp-content\/uploads\/2021\/10\/10.10.-Marysia-racje.mp3\"><img loading=\"lazy\" decoding=\"async\" width=\"150\" height=\"113\" class=\"wp-image-56958\" style=\"width: 150px;\" src=\"https:\/\/htb.com.pl\/wp-content\/uploads\/2021\/10\/Europa.jpg\" alt=\"\" srcset=\"https:\/\/htb.com.pl\/wp-content\/uploads\/2021\/10\/Europa.jpg 640w, https:\/\/htb.com.pl\/wp-content\/uploads\/2021\/10\/Europa-300x225.jpg 300w, https:\/\/htb.com.pl\/wp-content\/uploads\/2021\/10\/Europa-600x450.jpg 600w\" sizes=\"auto, (max-width: 150px) 100vw, 150px\" \/><\/a> Na czele stali politycy, co ostatnie wybory ci\u0105giem przegrywali. Ci co te wybory wygrywali, ostatnio Uni\u0119 Europejska nam zohydzali. Po demonstracjach przekaz zmienili i w Sejmie kabaret zrobili. Premier Mateusz Morawiecki wyst\u0105pi\u0142 ze starym skeczem &#8220;Wina Tuska&#8221;. <a href=\"http:\/\/radiomaria.com.pl\/wp-content\/uploads\/2021\/10\/14.10.-Polexit.mp3\"><img loading=\"lazy\" decoding=\"async\" width=\"150\" height=\"100\" class=\"wp-image-56952\" style=\"width: 150px;\" src=\"https:\/\/htb.com.pl\/wp-content\/uploads\/2021\/10\/Ziobroab.jpg\" alt=\"\" srcset=\"https:\/\/htb.com.pl\/wp-content\/uploads\/2021\/10\/Ziobroab.jpg 828w, https:\/\/htb.com.pl\/wp-content\/uploads\/2021\/10\/Ziobroab-300x200.jpg 300w, https:\/\/htb.com.pl\/wp-content\/uploads\/2021\/10\/Ziobroab-768x512.jpg 768w, https:\/\/htb.com.pl\/wp-content\/uploads\/2021\/10\/Ziobroab-600x400.jpg 600w\" sizes=\"auto, (max-width: 150px) 100vw, 150px\" \/><\/a> Teraz do starych tekst\u00f3w do\u0142o\u017cyli, \u017ce gdyby oni w UE rz\u0105dzili, to Anglicy wsp\u00f3lnoty europejskiej by nie opu\u015bcili. Jeszcze ostatnio Anglik\u00f3w za t\u0105 decyzj\u0119 chwalili &#8211; czy\u017cby problemy z zaopatrzeniem na wyspach zauwa\u017cyli?<\/p>\n\n\n\n<figure class=\"wp-block-image size-large\"><a href=\"http:\/\/radiomaria.com.pl\/wp-content\/uploads\/2021\/10\/11.10.-Zadzwonciea.mp3\"><img loading=\"lazy\" decoding=\"async\" width=\"640\" height=\"480\" src=\"https:\/\/htb.com.pl\/wp-content\/uploads\/2021\/10\/Migrancia.jpg\" alt=\"\" class=\"wp-image-56945\" srcset=\"https:\/\/htb.com.pl\/wp-content\/uploads\/2021\/10\/Migrancia.jpg 640w, https:\/\/htb.com.pl\/wp-content\/uploads\/2021\/10\/Migrancia-300x225.jpg 300w, https:\/\/htb.com.pl\/wp-content\/uploads\/2021\/10\/Migrancia-600x450.jpg 600w\" sizes=\"auto, (max-width: 640px) 100vw, 640px\" \/><\/a><\/figure>\n\n\n\n<p>27 wrze\u015bnia z Micha\u0142owa wywieziono w kierunku polsko-bia\u0142oruskiej granicy grup\u0119 migrant\u00f3w, w\u015br\u00f3d nich by\u0142y dzieci. Robi\u0105c o tym materia\u0142 dla Radia Maria sfotografowa\u0142em dziewczynk\u0119 \u2013 nazwa\u0142em j\u0105 \u201eMiriam\u201d. My\u015bl\u0119, \u017ce jest Kurdyjk\u0105, mo\u017cliwe, \u017ce Jazydk\u0105, a to oznacza, \u017ce jej rodzina chce si\u0119 dosta\u0107 do Niemiec, Tam jest wielu Jazyd\u00f3w. Po dw\u00f3ch tygodniach znowu j\u0105 zobaczy\u0142em, (zdj\u0119cie w prawym g\u00f3rnym rogu). Ci ludzie nadal koczuj\u0105 w lesie! <\/p>\n\n\n\n<figure class=\"wp-block-image size-large\"><a href=\"http:\/\/radiomaria.com.pl\/wp-content\/uploads\/2021\/10\/12.10.-Rocznica.mp3\"><img loading=\"lazy\" decoding=\"async\" width=\"800\" height=\"589\" src=\"https:\/\/htb.com.pl\/wp-content\/uploads\/2019\/08\/Lenino.jpg\" alt=\"\" class=\"wp-image-7575\" srcset=\"https:\/\/htb.com.pl\/wp-content\/uploads\/2019\/08\/Lenino.jpg 800w, https:\/\/htb.com.pl\/wp-content\/uploads\/2019\/08\/Lenino-300x221.jpg 300w, https:\/\/htb.com.pl\/wp-content\/uploads\/2019\/08\/Lenino-768x565.jpg 768w, https:\/\/htb.com.pl\/wp-content\/uploads\/2019\/08\/Lenino-600x442.jpg 600w\" sizes=\"auto, (max-width: 800px) 100vw, 800px\" \/><\/a><\/figure>\n\n\n\n<p>W<a href=\"http:\/\/radiomaria.com.pl\/?p=152\"> Radiu MARIA<\/a> obchodzili\u015bmy 78 rocznic\u0119 Bitwy pode Lenino. To jedna z tych dat, o kt\u00f3rem zapomnieli\u015bmy. Jest taki program w TVN &#8220;Szk\u0142o kontaktowe&#8221;, zawsze o godzinie 22. Tam mo\u017cna zadzwoni\u0107 i powiedzie\u0107 co si\u0119 chce. Od kilku lat dzwoni\u0119 w po\u0142owie pa\u017adziernika i przypominam Lenino. Jakie\u017c by\u0142o moje zdziwienie, gdy w tym roku redaktor Grzegorz Markowski sam o tym powiedzia\u0142. Brawo!<\/p>\n\n\n\n<p>Obchodzili\u015bmy r\u00f3wnie\u017c Dzie\u0144 Nauczyciela. To \u015bwi\u0119to nadal jest obchodzone. Minister Przemys\u0142aw Czarnek nie dokopa\u0142 si\u0119 do jego genezy, wi\u0119c tu nikt si\u0119 nie boi i w tym dniu o nauczycielach m\u00f3wi si\u0119 dobrze. Szkoda, \u017ce tylko w tym dniu. Radio MARIA w tym roku do \u017cycze\u0144 do\u0142\u0105czy\u0142o powsta\u0144cz\u0105 pie\u015b\u0144; &#8220;Za Niemen hen precz&#8221;. Kochani Pedagodzy, bardzo by\u015bmy sobie \u017cyczyli, \u017ceby\u015bcie wreszcie romantyzm w Polsce zako\u0144czyli.<\/p>\n\n\n\n<figure class=\"wp-block-image size-large\"><a href=\"http:\/\/radiomaria.com.pl\/wp-content\/uploads\/2021\/10\/Dzien-Nauczyciela.mp3\"><img loading=\"lazy\" decoding=\"async\" width=\"1020\" height=\"571\" src=\"https:\/\/htb.com.pl\/wp-content\/uploads\/2021\/10\/Czarnek.png\" alt=\"\" class=\"wp-image-56955\" srcset=\"https:\/\/htb.com.pl\/wp-content\/uploads\/2021\/10\/Czarnek.png 1020w, https:\/\/htb.com.pl\/wp-content\/uploads\/2021\/10\/Czarnek-300x168.png 300w, https:\/\/htb.com.pl\/wp-content\/uploads\/2021\/10\/Czarnek-768x430.png 768w, https:\/\/htb.com.pl\/wp-content\/uploads\/2021\/10\/Czarnek-600x336.png 600w\" sizes=\"auto, (max-width: 1020px) 100vw, 1020px\" \/><\/a><\/figure>\n","protected":false},"excerpt":{"rendered":"<p>To co dzieje si\u0119 na \u015bwiatowych rynkach paliw kopalnych, niew\u0105tpliwie zachwieje rz\u0105dami w wielu krajach. I o ile rz\u0105dy totalitarne, czy mafijne jak w Polsce, raczej dadz\u0105 sobie rad\u0119 &#8211; a je\u017celi ju\u017c to tylko zmieni\u0105 si\u0119 przy &#8220;korycie&#8221;, to pa\u0144stwa o ugruntowanej demokracji mog\u0105 mie\u0107 problemy. Zastanawiam si\u0119, jak d\u0142ugo jeszcze rosn\u0105ce ceny ropy [&hellip;]<\/p>\n","protected":false},"author":1,"featured_media":56962,"comment_status":"open","ping_status":"open","sticky":false,"template":"","format":"standard","meta":{"_jetpack_memberships_contains_paid_content":false,"footnotes":""},"categories":[4],"tags":[754],"class_list":["post-56904","post","type-post","status-publish","format-standard","has-post-thumbnail","hentry","category-daty-i-fakty-blog","tag-rosna-ceny"],"jetpack_sharing_enabled":true,"jetpack_featured_media_url":"https:\/\/htb.com.pl\/wp-content\/uploads\/2021\/10\/ceny_energii_ma\u0142ya.png","_links":{"self":[{"href":"https:\/\/htb.com.pl\/index.php?rest_route=\/wp\/v2\/posts\/56904","targetHints":{"allow":["GET"]}}],"collection":[{"href":"https:\/\/htb.com.pl\/index.php?rest_route=\/wp\/v2\/posts"}],"about":[{"href":"https:\/\/htb.com.pl\/index.php?rest_route=\/wp\/v2\/types\/post"}],"author":[{"embeddable":true,"href":"https:\/\/htb.com.pl\/index.php?rest_route=\/wp\/v2\/users\/1"}],"replies":[{"embeddable":true,"href":"https:\/\/htb.com.pl\/index.php?rest_route=%2Fwp%2Fv2%2Fcomments&post=56904"}],"version-history":[{"count":12,"href":"https:\/\/htb.com.pl\/index.php?rest_route=\/wp\/v2\/posts\/56904\/revisions"}],"predecessor-version":[{"id":57092,"href":"https:\/\/htb.com.pl\/index.php?rest_route=\/wp\/v2\/posts\/56904\/revisions\/57092"}],"wp:featuredmedia":[{"embeddable":true,"href":"https:\/\/htb.com.pl\/index.php?rest_route=\/wp\/v2\/media\/56962"}],"wp:attachment":[{"href":"https:\/\/htb.com.pl\/index.php?rest_route=%2Fwp%2Fv2%2Fmedia&parent=56904"}],"wp:term":[{"taxonomy":"category","embeddable":true,"href":"https:\/\/htb.com.pl\/index.php?rest_route=%2Fwp%2Fv2%2Fcategories&post=56904"},{"taxonomy":"post_tag","embeddable":true,"href":"https:\/\/htb.com.pl\/index.php?rest_route=%2Fwp%2Fv2%2Ftags&post=56904"}],"curies":[{"name":"wp","href":"https:\/\/api.w.org\/{rel}","templated":true}]}}