{"id":57255,"date":"2021-10-22T06:33:31","date_gmt":"2021-10-22T06:33:31","guid":{"rendered":"https:\/\/htb.com.pl\/?p=57255"},"modified":"2021-10-22T07:03:20","modified_gmt":"2021-10-22T07:03:20","slug":"autokracja-kontra-demokracja","status":"publish","type":"post","link":"https:\/\/htb.com.pl\/?p=57255","title":{"rendered":"Autokracja kontra demokracja"},"content":{"rendered":"\n<p><\/p>\n\n\n\n<figure class=\"wp-block-image size-thumbnail\"><a href=\"https:\/\/htb.com.pl\/wp-content\/uploads\/2021\/10\/Autokracja-kontra-demokracja.mp3\"><img loading=\"lazy\" decoding=\"async\" width=\"150\" height=\"150\" src=\"https:\/\/htb.com.pl\/wp-content\/uploads\/2018\/04\/posluchaj-150x150.jpg\" alt=\"\" class=\"wp-image-2020\" srcset=\"https:\/\/htb.com.pl\/wp-content\/uploads\/2018\/04\/posluchaj-150x150.jpg 150w, https:\/\/htb.com.pl\/wp-content\/uploads\/2018\/04\/posluchaj-300x300.jpg 300w, https:\/\/htb.com.pl\/wp-content\/uploads\/2018\/04\/posluchaj-100x100.jpg 100w\" sizes=\"auto, (max-width: 150px) 100vw, 150px\" \/><\/a><\/figure>\n\n\n\n<p>Dzisiejsze pa\u0144stwa demokratyczne, kiedy\u015b by\u0142y autokratyczne ale kultu jednostki si\u0119 pozby\u0142y i demokracj\u0119 wprowadzi\u0142y. W Polsce rz\u0105dy J\u00f3zefa Pi\u0142sudskiego za wz\u00f3r \u017ce\u015bmy obrali i pa\u0144stwem autokratycznym si\u0119 stali. Rz\u0105dy w\u0105skiej grupie cwaniak\u00f3w oddali i teraz b\u0119dziemy kombinowali, \u017ceby\u015bmy przetrwali. Demokratyczni b\u0119d\u0105 nam pomagali, <a href=\"http:\/\/radiomaria.com.pl\/wp-content\/uploads\/2021\/10\/20.10.-Demokracja-i-autokracja.mp3\"><img loading=\"lazy\" decoding=\"async\" width=\"150\" height=\"84\" class=\"wp-image-57295\" style=\"width: 150px;\" src=\"https:\/\/htb.com.pl\/wp-content\/uploads\/2021\/10\/Urs.jpg\" alt=\"\" srcset=\"https:\/\/htb.com.pl\/wp-content\/uploads\/2021\/10\/Urs.jpg 815w, https:\/\/htb.com.pl\/wp-content\/uploads\/2021\/10\/Urs-300x169.jpg 300w, https:\/\/htb.com.pl\/wp-content\/uploads\/2021\/10\/Urs-768x432.jpg 768w, https:\/\/htb.com.pl\/wp-content\/uploads\/2021\/10\/Urs-600x337.jpg 600w\" sizes=\"auto, (max-width: 150px) 100vw, 150px\" \/><\/a> w ich filozofii nie jeste\u015bmy mali &#8211; jedynie takich przedstawicieli \u017ce\u015bmy sobie wybrali. Mam  nadziej\u0119, \u017ce to nas ocali. Sk\u0105d ta nadzieja? Ot\u00f3\u017c na forum Parlamentu Europejskiego, nasi rz\u0105dz\u0105cy autokraci, od parlamentarzyst\u00f3w UE za\u017c\u0105dali, aby ci demokracj\u0119 obalili i autokracj\u0119 wprowadzili &#8211; oni to tam g\u0142osowali ale kolejny raz nasi \u017ali politycy  sromotnie przegrali; 502 : 153. <a href=\"http:\/\/radiomaria.com.pl\/wp-content\/uploads\/2021\/10\/19.10.-Madrosc-narodowa.mp3\"><img loading=\"lazy\" decoding=\"async\" width=\"150\" height=\"113\" class=\"wp-image-57299\" style=\"width: 150px;\" src=\"https:\/\/htb.com.pl\/wp-content\/uploads\/2021\/10\/PrzemowienieM.jpg\" alt=\"\" srcset=\"https:\/\/htb.com.pl\/wp-content\/uploads\/2021\/10\/PrzemowienieM.jpg 640w, https:\/\/htb.com.pl\/wp-content\/uploads\/2021\/10\/PrzemowienieM-300x225.jpg 300w, https:\/\/htb.com.pl\/wp-content\/uploads\/2021\/10\/PrzemowienieM-600x450.jpg 600w\" sizes=\"auto, (max-width: 150px) 100vw, 150px\" \/><\/a><\/p>\n\n\n\n<p>W swoich mediach autokraci konserwatystami si\u0119 nazywali, a demokrat\u00f3w lewakami i libera\u0142ami. Jak na razie, te media w Unii Europejskiej, tylko w Polsce i na W\u0119grzech wi\u0119kszo\u015b\u0107 do z\u0142a przekona\u0142y.  A oto czego jeszcze w tym tygodniu nasi autokraci dokonali.<\/p>\n\n\n\n<p>Plan gospodarczy, kt\u00f3ry nowym \u0142adem nazwali, na razie pustym pieni\u0105dzem b\u0119d\u0105 finansowali. <a href=\"http:\/\/radiomaria.com.pl\/wp-content\/uploads\/2021\/10\/16.10.-Cwaniacy.mp3\"><img loading=\"lazy\" decoding=\"async\" width=\"150\" height=\"100\" class=\"wp-image-57307\" style=\"width: 150px;\" src=\"https:\/\/htb.com.pl\/wp-content\/uploads\/2021\/10\/Jaroslaw-Kaczynski.jpg\" alt=\"\" srcset=\"https:\/\/htb.com.pl\/wp-content\/uploads\/2021\/10\/Jaroslaw-Kaczynski.jpg 960w, https:\/\/htb.com.pl\/wp-content\/uploads\/2021\/10\/Jaroslaw-Kaczynski-300x200.jpg 300w, https:\/\/htb.com.pl\/wp-content\/uploads\/2021\/10\/Jaroslaw-Kaczynski-768x511.jpg 768w, https:\/\/htb.com.pl\/wp-content\/uploads\/2021\/10\/Jaroslaw-Kaczynski-600x399.jpg 600w\" sizes=\"auto, (max-width: 150px) 100vw, 150px\" \/><\/a> Kasy z Unii Europejskiej nie dostali, wi\u0119c dodrukowali i ogromna inflacj\u0119 spowodowali. <a href=\"http:\/\/radiomaria.com.pl\/wp-content\/uploads\/2021\/10\/15.10.-Brak-wyobrazni.mp3\"><img loading=\"lazy\" decoding=\"async\" width=\"150\" height=\"100\" class=\"wp-image-57309\" style=\"width: 150px;\" src=\"https:\/\/htb.com.pl\/wp-content\/uploads\/2021\/10\/paliwa.jpg\" alt=\"\" srcset=\"https:\/\/htb.com.pl\/wp-content\/uploads\/2021\/10\/paliwa.jpg 615w, https:\/\/htb.com.pl\/wp-content\/uploads\/2021\/10\/paliwa-300x200.jpg 300w, https:\/\/htb.com.pl\/wp-content\/uploads\/2021\/10\/paliwa-600x400.jpg 600w\" sizes=\"auto, (max-width: 150px) 100vw, 150px\" \/><\/a><\/p>\n\n\n\n<p>Na prezesa NIK Mariana Banasia hak\u00f3w szukali ale go nie wystraszyli i na razie zostawili. Co\u015b o sejmowej komisji \u015bledczej m\u00f3wili. <a href=\"http:\/\/radiomaria.com.pl\/wp-content\/uploads\/2021\/10\/18.10.-Wojna-gruo-mafijnycha.mp3\"><img loading=\"lazy\" decoding=\"async\" width=\"150\" height=\"113\" class=\"wp-image-57303\" style=\"width: 150px;\" src=\"https:\/\/htb.com.pl\/wp-content\/uploads\/2021\/10\/Banas.jpg\" alt=\"\" srcset=\"https:\/\/htb.com.pl\/wp-content\/uploads\/2021\/10\/Banas.jpg 640w, https:\/\/htb.com.pl\/wp-content\/uploads\/2021\/10\/Banas-300x225.jpg 300w, https:\/\/htb.com.pl\/wp-content\/uploads\/2021\/10\/Banas-600x450.jpg 600w\" sizes=\"auto, (max-width: 150px) 100vw, 150px\" \/><\/a><\/p>\n\n\n\n<p>Na polsko-bia\u0142oruskiej granicy ogromny &#8220;wa\u0142&#8221; &#8211; na p\u00f3\u0142tora miliarda z\u0142otych b\u0119d\u0105 robili. P\u0142ot wymy\u015blili. My\u015bl\u0119, \u017ce migranci ju\u017c wymy\u015blili, jak przez ten p\u0142ot b\u0119d\u0105 przechodzili. <a href=\"http:\/\/radiomaria.com.pl\/wp-content\/uploads\/2021\/10\/21.10.-Rzady-religijne.mp3\"><img loading=\"lazy\" decoding=\"async\" width=\"150\" height=\"113\" class=\"wp-image-57291\" style=\"width: 150px;\" src=\"https:\/\/htb.com.pl\/wp-content\/uploads\/2021\/10\/Irakijczycy.jpg\" alt=\"\" srcset=\"https:\/\/htb.com.pl\/wp-content\/uploads\/2021\/10\/Irakijczycy.jpg 640w, https:\/\/htb.com.pl\/wp-content\/uploads\/2021\/10\/Irakijczycy-300x225.jpg 300w, https:\/\/htb.com.pl\/wp-content\/uploads\/2021\/10\/Irakijczycy-600x450.jpg 600w\" sizes=\"auto, (max-width: 150px) 100vw, 150px\" \/><\/a><\/p>\n\n\n\n<p>&#8220;Karma wraca&#8221; &#8211; ta wywodz\u0105ca si\u0119 z dalekiego wschodu filozofia, kolejny raz pokaza\u0142a, \u017ce dzia\u0142a. Pan prezydent Andrzej Duda podczas wizyty na Litwie narzeka\u0142 na UE, \u017ce nie pomaga rozwi\u0105za\u0107 problem\u00f3w z uchod\u017acami. Zapomnia\u0142, \u017ce my kilka lat temu byli\u015bmy tacy sami. <a href=\"http:\/\/radiomaria.com.pl\/wp-content\/uploads\/2021\/10\/20.10.-Karma-wrocila.mp3\"><img loading=\"lazy\" decoding=\"async\" width=\"150\" height=\"100\" class=\"wp-image-57293\" style=\"width: 150px;\" src=\"https:\/\/htb.com.pl\/wp-content\/uploads\/2021\/10\/Litwa.jpg\" alt=\"\" srcset=\"https:\/\/htb.com.pl\/wp-content\/uploads\/2021\/10\/Litwa.jpg 940w, https:\/\/htb.com.pl\/wp-content\/uploads\/2021\/10\/Litwa-300x200.jpg 300w, https:\/\/htb.com.pl\/wp-content\/uploads\/2021\/10\/Litwa-768x512.jpg 768w, https:\/\/htb.com.pl\/wp-content\/uploads\/2021\/10\/Litwa-600x400.jpg 600w\" sizes=\"auto, (max-width: 150px) 100vw, 150px\" \/><\/a><\/p>\n\n\n\n<p><a href=\"http:\/\/radiomaria.com.pl\/wp-content\/uploads\/2021\/10\/17.10.-Solidarnosc-z-migrantami.mp3\"><img loading=\"lazy\" decoding=\"async\" width=\"150\" height=\"113\" class=\"wp-image-57305\" style=\"width: 150px;\" src=\"https:\/\/htb.com.pl\/wp-content\/uploads\/2021\/10\/Solidarnosc.jpg\" alt=\"\" srcset=\"https:\/\/htb.com.pl\/wp-content\/uploads\/2021\/10\/Solidarnosc.jpg 640w, https:\/\/htb.com.pl\/wp-content\/uploads\/2021\/10\/Solidarnosc-300x225.jpg 300w, https:\/\/htb.com.pl\/wp-content\/uploads\/2021\/10\/Solidarnosc-600x450.jpg 600w\" sizes=\"auto, (max-width: 150px) 100vw, 150px\" \/><\/a> Mo\u017ce w ko\u0144cu by\u015bmy si\u0119 zmienili i autokrat\u00f3w na demokrat\u00f3w zamienili?<\/p>\n","protected":false},"excerpt":{"rendered":"<p>Dzisiejsze pa\u0144stwa demokratyczne, kiedy\u015b by\u0142y autokratyczne ale kultu jednostki si\u0119 pozby\u0142y i demokracj\u0119 wprowadzi\u0142y. W Polsce rz\u0105dy J\u00f3zefa Pi\u0142sudskiego za wz\u00f3r \u017ce\u015bmy obrali i pa\u0144stwem autokratycznym si\u0119 stali. Rz\u0105dy w\u0105skiej grupie cwaniak\u00f3w oddali i teraz b\u0119dziemy kombinowali, \u017ceby\u015bmy przetrwali. Demokratyczni b\u0119d\u0105 nam pomagali, w ich filozofii nie jeste\u015bmy mali &#8211; jedynie takich przedstawicieli \u017ce\u015bmy sobie [&hellip;]<\/p>\n","protected":false},"author":1,"featured_media":57311,"comment_status":"open","ping_status":"open","sticky":false,"template":"","format":"standard","meta":{"_jetpack_memberships_contains_paid_content":false,"footnotes":""},"categories":[4],"tags":[756],"class_list":["post-57255","post","type-post","status-publish","format-standard","has-post-thumbnail","hentry","category-daty-i-fakty-blog","tag-autokracja-kontra-demokracja"],"jetpack_sharing_enabled":true,"jetpack_featured_media_url":"https:\/\/htb.com.pl\/wp-content\/uploads\/2021\/10\/Autokracjama\u0142y.png","_links":{"self":[{"href":"https:\/\/htb.com.pl\/index.php?rest_route=\/wp\/v2\/posts\/57255","targetHints":{"allow":["GET"]}}],"collection":[{"href":"https:\/\/htb.com.pl\/index.php?rest_route=\/wp\/v2\/posts"}],"about":[{"href":"https:\/\/htb.com.pl\/index.php?rest_route=\/wp\/v2\/types\/post"}],"author":[{"embeddable":true,"href":"https:\/\/htb.com.pl\/index.php?rest_route=\/wp\/v2\/users\/1"}],"replies":[{"embeddable":true,"href":"https:\/\/htb.com.pl\/index.php?rest_route=%2Fwp%2Fv2%2Fcomments&post=57255"}],"version-history":[{"count":14,"href":"https:\/\/htb.com.pl\/index.php?rest_route=\/wp\/v2\/posts\/57255\/revisions"}],"predecessor-version":[{"id":57315,"href":"https:\/\/htb.com.pl\/index.php?rest_route=\/wp\/v2\/posts\/57255\/revisions\/57315"}],"wp:featuredmedia":[{"embeddable":true,"href":"https:\/\/htb.com.pl\/index.php?rest_route=\/wp\/v2\/media\/57311"}],"wp:attachment":[{"href":"https:\/\/htb.com.pl\/index.php?rest_route=%2Fwp%2Fv2%2Fmedia&parent=57255"}],"wp:term":[{"taxonomy":"category","embeddable":true,"href":"https:\/\/htb.com.pl\/index.php?rest_route=%2Fwp%2Fv2%2Fcategories&post=57255"},{"taxonomy":"post_tag","embeddable":true,"href":"https:\/\/htb.com.pl\/index.php?rest_route=%2Fwp%2Fv2%2Ftags&post=57255"}],"curies":[{"name":"wp","href":"https:\/\/api.w.org\/{rel}","templated":true}]}}