{"id":57695,"date":"2021-10-30T15:18:19","date_gmt":"2021-10-30T15:18:19","guid":{"rendered":"https:\/\/htb.com.pl\/?p=57695"},"modified":"2021-10-30T16:39:27","modified_gmt":"2021-10-30T16:39:27","slug":"inflacja-wystrzelila","status":"publish","type":"post","link":"https:\/\/htb.com.pl\/?p=57695","title":{"rendered":"Inflacja wystrzeli\u0142a"},"content":{"rendered":"\n<figure class=\"wp-block-image size-thumbnail\"><a href=\"https:\/\/htb.com.pl\/wp-content\/uploads\/2021\/10\/Inflacja-wystrzeli\u0142a.mp3\"><img loading=\"lazy\" decoding=\"async\" width=\"150\" height=\"150\" src=\"https:\/\/htb.com.pl\/wp-content\/uploads\/2018\/04\/posluchaj-150x150.jpg\" alt=\"\" class=\"wp-image-2020\" srcset=\"https:\/\/htb.com.pl\/wp-content\/uploads\/2018\/04\/posluchaj-150x150.jpg 150w, https:\/\/htb.com.pl\/wp-content\/uploads\/2018\/04\/posluchaj-300x300.jpg 300w, https:\/\/htb.com.pl\/wp-content\/uploads\/2018\/04\/posluchaj-100x100.jpg 100w\" sizes=\"auto, (max-width: 150px) 100vw, 150px\" \/><\/a><\/figure>\n\n\n\n<figure class=\"wp-block-image size-large\"><a href=\"http:\/\/radiomaria.com.pl\/wp-content\/uploads\/2021\/10\/30.10.-Inflacja.mp3\"><img loading=\"lazy\" decoding=\"async\" width=\"916\" height=\"591\" src=\"https:\/\/htb.com.pl\/wp-content\/uploads\/2021\/10\/Inflacjanapis.jpg\" alt=\"\" class=\"wp-image-57696\" srcset=\"https:\/\/htb.com.pl\/wp-content\/uploads\/2021\/10\/Inflacjanapis.jpg 916w, https:\/\/htb.com.pl\/wp-content\/uploads\/2021\/10\/Inflacjanapis-300x194.jpg 300w, https:\/\/htb.com.pl\/wp-content\/uploads\/2021\/10\/Inflacjanapis-768x496.jpg 768w, https:\/\/htb.com.pl\/wp-content\/uploads\/2021\/10\/Inflacjanapis-600x387.jpg 600w\" sizes=\"auto, (max-width: 916px) 100vw, 916px\" \/><\/a><\/figure>\n\n\n\n<p>W mediach mo\u017cemy us\u0142ysze\u0107, \u017ce 20 lat temu, inflacje te\u017c taka du\u017ca by\u0142a. Radio Maria dzia\u0142a od roku 1987 i pami\u0119ta co\u015b takiego. Wtedy Marysia rz\u0105dzi\u0142a i wszystko robi\u0142a, \u017ceby Ameryka z embargiem nam odpu\u015bci\u0142a. Polska dewiz nie mia\u0142a, bo to co produkowa\u0142a, za ruble sprzedawa\u0142a. Ale \u017ceby wyprodukowa\u0107 &#8211; dewiz potrzebowa\u0142a. Te dewizy z przemys\u0142u drzewnego bra\u0142a. Polskie tartaki tarcic\u0119 Arabom sprzedawa\u0142y i dolary dostawa\u0142y. Zak\u0142ady zbrojeniowe, przemys\u0142 ci\u0119\u017cki te dolary zabiera\u0142y i w to co produkowa\u0142y \u201e\u0142adowa\u0142y\u201d. Gdy na przyk\u0142ad, w Hucie Stalowa Wola kopark\u0119 wyprodukowali, do ZSSR wysy\u0142ali, a jak wyp\u0142at\u0119 za ma\u0142\u0105 dostali, to strajkowali. Tartacznicy w tartakach nie strajkowali, tylko na trzy zmiany pracowali i cho\u0107 wszystkich ratowali, tak jak wszyscy ma\u0142o zarabiali. Rz\u0105dz\u0105cy tak zdecydowali, kraj przed inflacj\u0105 ratowali. Dzisiejsi rz\u0105dz\u0105cy inna metod\u0119 wybrali \u2013 po prostu pieni\u0119dzy dodrukowali. 19 lutego 1987r. Amerykanie embargo zlikwidowali &#8211; niestety, wkr\u00f3tce \u017ali politycy do w\u0142adzy si\u0119 dorwali. O inflacj\u0119 nie dbali, tartaki zlikwidowali &#8211; bo dolary za mied\u017a dostawali. By\u0142 to czas, gdy zwi\u0105zkowcy co Solidarno\u015bci\u0105 si\u0119 nazywali, parti\u0105 polityczn\u0105 si\u0119 stali. Ich przewodnicz\u0105cego, Lecha Wa\u0142\u0119s\u0119 na prezydenta \u017ce\u015bmy wybrali i wtedy wszystko poki\u0107kali. Jeszcze kilka razy politycy co \u201ePierwszej brygady\u201d nie \u015bpiewali Polsk\u0119 ratowali i w ko\u0144cu cz\u0142onkiem Unii Europejskiej \u017ce\u015bmy zostali ale to ju\u017c b\u0119dziecie pami\u0119tali. Chcia\u0142bym \u017ceby\u015bmy w tej unii zostali. Mo\u017ce t\u0105 \u201ePierwsz\u0105 brygad\u0119\u201d &#8211; troch\u0119 cisze by\u015bmy \u015bpiewali?<\/p>\n\n\n\n<p>A teraz to czego \u017ali politycy w tym tygodniu dokonali. Ci z Solidarno\u015bci w Brukseli demonstrowali <a href=\"http:\/\/radiomaria.com.pl\/wp-content\/uploads\/2021\/10\/22.10.-Demonstracja-w-Brukselia.mp3\"><img loading=\"lazy\" decoding=\"async\" width=\"150\" height=\"113\" class=\"wp-image-57719\" style=\"width: 150px;\" src=\"https:\/\/htb.com.pl\/wp-content\/uploads\/2021\/10\/Bruksela.jpg\" alt=\"\" srcset=\"https:\/\/htb.com.pl\/wp-content\/uploads\/2021\/10\/Bruksela.jpg 640w, https:\/\/htb.com.pl\/wp-content\/uploads\/2021\/10\/Bruksela-300x225.jpg 300w, https:\/\/htb.com.pl\/wp-content\/uploads\/2021\/10\/Bruksela-600x450.jpg 600w\" sizes=\"auto, (max-width: 150px) 100vw, 150px\" \/><\/a> \u2013 gro\u017abami do naszego kultu jednostki przekonywali.<\/p>\n\n\n\n<p>Mafiozi, co kiedy\u015b si\u0119 ukrywali, teraz ju\u017c oficjalnie swego premiera Mateusza Morawieckiego do Brukseli po kas\u0119 wys\u0142ali <a href=\"http:\/\/radiomaria.com.pl\/wp-content\/uploads\/2021\/10\/25.10.-Wyciagnieta-dlon.mp3\"><img loading=\"lazy\" decoding=\"async\" width=\"150\" height=\"84\" class=\"wp-image-57709\" style=\"width: 150px;\" src=\"https:\/\/htb.com.pl\/wp-content\/uploads\/2021\/10\/dlon-1.jpg\" alt=\"\" srcset=\"https:\/\/htb.com.pl\/wp-content\/uploads\/2021\/10\/dlon-1.jpg 700w, https:\/\/htb.com.pl\/wp-content\/uploads\/2021\/10\/dlon-1-300x169.jpg 300w, https:\/\/htb.com.pl\/wp-content\/uploads\/2021\/10\/dlon-1-600x338.jpg 600w\" sizes=\"auto, (max-width: 150px) 100vw, 150px\" \/><\/a> ale ten wszystko zawali\u0142 <a href=\"http:\/\/radiomaria.com.pl\/wp-content\/uploads\/2021\/10\/22.10.-Prawie-wszyscy-to-niektorzy.mp3\"><img loading=\"lazy\" decoding=\"async\" width=\"150\" height=\"113\" class=\"wp-image-57717\" style=\"width: 150px;\" src=\"https:\/\/htb.com.pl\/wp-content\/uploads\/2021\/10\/Morawiecki.jpg\" alt=\"\" srcset=\"https:\/\/htb.com.pl\/wp-content\/uploads\/2021\/10\/Morawiecki.jpg 640w, https:\/\/htb.com.pl\/wp-content\/uploads\/2021\/10\/Morawiecki-300x225.jpg 300w, https:\/\/htb.com.pl\/wp-content\/uploads\/2021\/10\/Morawiecki-600x450.jpg 600w\" sizes=\"auto, (max-width: 150px) 100vw, 150px\" \/><\/a> i maj\u0105 problem &#8211; od kasy odci\u0119ci zostali. Politycy, kt\u00f3rzy ich w Sejmie reprezentowali, wniosek pana prezydenta Andrzeja Dudy o Izbie Dyscyplinarnej przeg\u0142osowali i teraz nie do\u015b\u0107, \u017ce kasy nam nie dali, to jeszcze w TSUE kolejny raz nas ukarali. <a href=\"http:\/\/radiomaria.com.pl\/wp-content\/uploads\/2021\/10\/27.10.-To-co-dookola.mp3\"><img loading=\"lazy\" decoding=\"async\" width=\"150\" height=\"100\" class=\"wp-image-38596\" style=\"width: 150px;\" src=\"https:\/\/htb.com.pl\/wp-content\/uploads\/2021\/03\/FREE_840.jpg\" alt=\"\" srcset=\"https:\/\/htb.com.pl\/wp-content\/uploads\/2021\/03\/FREE_840.jpg 840w, https:\/\/htb.com.pl\/wp-content\/uploads\/2021\/03\/FREE_840-300x200.jpg 300w, https:\/\/htb.com.pl\/wp-content\/uploads\/2021\/03\/FREE_840-768x512.jpg 768w, https:\/\/htb.com.pl\/wp-content\/uploads\/2021\/03\/FREE_840-600x400.jpg 600w\" sizes=\"auto, (max-width: 150px) 100vw, 150px\" \/><\/a> Prosz\u0119 aby pracownicy kancelarii pana prezydenta uwa\u017cali. Ostatnio m\u00f3wi\u0105c do laureat\u00f3w konkursu Chopinowskiego, nie powiedzia\u0142 tego, co \u017ce\u015bcie mu napisali i wszyscy si\u0119 \u015bmiali. <a href=\"http:\/\/radiomaria.com.pl\/wp-content\/uploads\/2021\/10\/24.10.-Wystapienie-Prezydenta-Andrzeja-Dudy.mp3\"><img loading=\"lazy\" decoding=\"async\" width=\"150\" height=\"100\" class=\"wp-image-57715\" style=\"width: 150px;\" src=\"https:\/\/htb.com.pl\/wp-content\/uploads\/2021\/10\/Galaab.jpg\" alt=\"\" srcset=\"https:\/\/htb.com.pl\/wp-content\/uploads\/2021\/10\/Galaab.jpg 840w, https:\/\/htb.com.pl\/wp-content\/uploads\/2021\/10\/Galaab-300x200.jpg 300w, https:\/\/htb.com.pl\/wp-content\/uploads\/2021\/10\/Galaab-768x512.jpg 768w, https:\/\/htb.com.pl\/wp-content\/uploads\/2021\/10\/Galaab-600x400.jpg 600w\" sizes=\"auto, (max-width: 150px) 100vw, 150px\" \/><\/a><\/p>\n\n\n\n<p>Min\u0105\u0142 rok jak dziewczyny przeciwko zerwaniu kompromisu aborcyjnego zaprotestowa\u0142y. Dzi\u015b te\u017c demonstrowa\u0142y \u2013 ale nie \u015bwi\u0119towa\u0142y, aborcje nie wyhamowa\u0142y.<\/p>\n\n\n\n<p>Aborcja<\/p>\n\n\n\n<figure class=\"wp-block-image size-large\"><a href=\"http:\/\/radiomaria.com.pl\/wp-content\/uploads\/2021\/10\/Aborcja.mp3\"><img loading=\"lazy\" decoding=\"async\" width=\"500\" height=\"375\" src=\"https:\/\/htb.com.pl\/wp-content\/uploads\/2021\/10\/aborcja-zdjecie.jpg\" alt=\"\" class=\"wp-image-57700\" srcset=\"https:\/\/htb.com.pl\/wp-content\/uploads\/2021\/10\/aborcja-zdjecie.jpg 500w, https:\/\/htb.com.pl\/wp-content\/uploads\/2021\/10\/aborcja-zdjecie-300x225.jpg 300w\" sizes=\"auto, (max-width: 500px) 100vw, 500px\" \/><\/a><\/figure>\n\n\n\n<h2 class=\"wp-block-heading\">Zanim to zrobisz zadzwo\u0144 798636493 \u2013 to mo\u017ce pos\u0142uchaj jak faceci o tym gadaj\u0105 i si\u0119 nie zgadzaj\u0105. Chocia\u017c?<\/h2>\n\n\n\n<p>\u201eMatki na granic\u0119\u201d \u2013 t\u0105 wspania\u0142\u0105 akcj\u0119 te\u017c Panie zorganizowa\u0142y. Empati\u0119 w\u015br\u00f3d pogranicznik\u00f3w wywo\u0142a\u0142y. Nad losem migrant\u00f3w na polsko-bia\u0142oruskiej granicy wszyscy p\u0142akali. <a href=\"http:\/\/radiomaria.com.pl\/wp-content\/uploads\/2021\/10\/24.10.-Matki-na-granice.mp3\"><img loading=\"lazy\" decoding=\"async\" width=\"150\" height=\"101\" class=\"wp-image-57711\" style=\"width: 150px;\" src=\"https:\/\/htb.com.pl\/wp-content\/uploads\/2021\/10\/Damy.png\" alt=\"\" srcset=\"https:\/\/htb.com.pl\/wp-content\/uploads\/2021\/10\/Damy.png 978w, https:\/\/htb.com.pl\/wp-content\/uploads\/2021\/10\/Damy-300x202.png 300w, https:\/\/htb.com.pl\/wp-content\/uploads\/2021\/10\/Damy-768x518.png 768w, https:\/\/htb.com.pl\/wp-content\/uploads\/2021\/10\/Damy-600x405.png 600w\" sizes=\"auto, (max-width: 150px) 100vw, 150px\" \/><\/a><\/p>\n\n\n\n<p>Ci co rok temu polskim dziewczynom koszmar stworzyli, <a href=\"http:\/\/radiomaria.com.pl\/wp-content\/uploads\/2021\/10\/22.10.-Aborcja-nie-zmalala.mp3\"><img loading=\"lazy\" decoding=\"async\" width=\"150\" height=\"113\" class=\"wp-image-57713\" style=\"width: 150px;\" src=\"https:\/\/htb.com.pl\/wp-content\/uploads\/2021\/10\/Rocznica.jpg\" alt=\"\" srcset=\"https:\/\/htb.com.pl\/wp-content\/uploads\/2021\/10\/Rocznica.jpg 640w, https:\/\/htb.com.pl\/wp-content\/uploads\/2021\/10\/Rocznica-300x225.jpg 300w, https:\/\/htb.com.pl\/wp-content\/uploads\/2021\/10\/Rocznica-600x450.jpg 600w\" sizes=\"auto, (max-width: 150px) 100vw, 150px\" \/><\/a> teraz za kochaj\u0105cych inaczej si\u0119 wzi\u0119li ale tego co przy tym w Sejmie powiedzieli, lepiej \u017ceby\u015bcie nie wiedzieli. <a href=\"http:\/\/radiomaria.com.pl\/wp-content\/uploads\/2021\/10\/29.10.-Dwa-marsze.mp3\"><img loading=\"lazy\" decoding=\"async\" width=\"150\" height=\"83\" class=\"wp-image-57698\" style=\"width: 150px;\" src=\"https:\/\/htb.com.pl\/wp-content\/uploads\/2021\/10\/Godek.png\" alt=\"\" srcset=\"https:\/\/htb.com.pl\/wp-content\/uploads\/2021\/10\/Godek.png 972w, https:\/\/htb.com.pl\/wp-content\/uploads\/2021\/10\/Godek-300x166.png 300w, https:\/\/htb.com.pl\/wp-content\/uploads\/2021\/10\/Godek-768x425.png 768w, https:\/\/htb.com.pl\/wp-content\/uploads\/2021\/10\/Godek-600x332.png 600w\" sizes=\"auto, (max-width: 150px) 100vw, 150px\" \/><\/a><\/p>\n\n\n\n<p>Najgorsz\u0105 sytuacje mamy w energetyce. Pani Anna Moskwa zosta\u0142a tu ministrem. <a href=\"http:\/\/radiomaria.com.pl\/wp-content\/uploads\/2021\/10\/26.10.-Annaq-Moskwa.mp3\"><img loading=\"lazy\" decoding=\"async\" width=\"150\" height=\"100\" class=\"wp-image-57703\" style=\"width: 150px;\" src=\"https:\/\/htb.com.pl\/wp-content\/uploads\/2021\/10\/Anna-Moskwam.png\" alt=\"\" srcset=\"https:\/\/htb.com.pl\/wp-content\/uploads\/2021\/10\/Anna-Moskwam.png 924w, https:\/\/htb.com.pl\/wp-content\/uploads\/2021\/10\/Anna-Moskwam-300x200.png 300w, https:\/\/htb.com.pl\/wp-content\/uploads\/2021\/10\/Anna-Moskwam-768x512.png 768w, https:\/\/htb.com.pl\/wp-content\/uploads\/2021\/10\/Anna-Moskwam-600x400.png 600w\" sizes=\"auto, (max-width: 150px) 100vw, 150px\" \/><\/a> Pani Anno, ci co tak zdecydowali ostatnio jak\u0105\u015b wojn\u0119 planowali i przy tym przysypiali. <a href=\"http:\/\/radiomaria.com.pl\/wp-content\/uploads\/2021\/10\/26.10.-Spokojnie-Panie-Jaroslawie.mp3\"><img loading=\"lazy\" decoding=\"async\" width=\"150\" height=\"94\" class=\"wp-image-57705\" style=\"width: 150px;\" src=\"https:\/\/htb.com.pl\/wp-content\/uploads\/2021\/10\/Ustawa.jpg\" alt=\"\" srcset=\"https:\/\/htb.com.pl\/wp-content\/uploads\/2021\/10\/Ustawa.jpg 948w, https:\/\/htb.com.pl\/wp-content\/uploads\/2021\/10\/Ustawa-300x187.jpg 300w, https:\/\/htb.com.pl\/wp-content\/uploads\/2021\/10\/Ustawa-768x480.jpg 768w, https:\/\/htb.com.pl\/wp-content\/uploads\/2021\/10\/Ustawa-600x375.jpg 600w\" sizes=\"auto, (max-width: 150px) 100vw, 150px\" \/><\/a> Niech Pani to wykorzysta i po cichutku uruchomi lini\u0119 elektroenergetyczn\u0105 Wide\u0142ka-Chmielnicka \u2013 ju\u017c samo to mn\u00f3stwo ludzi ocali.<\/p>\n","protected":false},"excerpt":{"rendered":"<p>W mediach mo\u017cemy us\u0142ysze\u0107, \u017ce 20 lat temu, inflacje te\u017c taka du\u017ca by\u0142a. Radio Maria dzia\u0142a od roku 1987 i pami\u0119ta co\u015b takiego. Wtedy Marysia rz\u0105dzi\u0142a i wszystko robi\u0142a, \u017ceby Ameryka z embargiem nam odpu\u015bci\u0142a. Polska dewiz nie mia\u0142a, bo to co produkowa\u0142a, za ruble sprzedawa\u0142a. Ale \u017ceby wyprodukowa\u0107 &#8211; dewiz potrzebowa\u0142a. Te dewizy z [&hellip;]<\/p>\n","protected":false},"author":1,"featured_media":57721,"comment_status":"open","ping_status":"open","sticky":false,"template":"","format":"standard","meta":{"_jetpack_memberships_contains_paid_content":false,"footnotes":""},"categories":[4],"tags":[757],"class_list":["post-57695","post","type-post","status-publish","format-standard","has-post-thumbnail","hentry","category-daty-i-fakty-blog","tag-inflacja-wystrzelila"],"jetpack_sharing_enabled":true,"jetpack_featured_media_url":"https:\/\/htb.com.pl\/wp-content\/uploads\/2021\/10\/zdj\u0119cie-inflacja.jpg","_links":{"self":[{"href":"https:\/\/htb.com.pl\/index.php?rest_route=\/wp\/v2\/posts\/57695","targetHints":{"allow":["GET"]}}],"collection":[{"href":"https:\/\/htb.com.pl\/index.php?rest_route=\/wp\/v2\/posts"}],"about":[{"href":"https:\/\/htb.com.pl\/index.php?rest_route=\/wp\/v2\/types\/post"}],"author":[{"embeddable":true,"href":"https:\/\/htb.com.pl\/index.php?rest_route=\/wp\/v2\/users\/1"}],"replies":[{"embeddable":true,"href":"https:\/\/htb.com.pl\/index.php?rest_route=%2Fwp%2Fv2%2Fcomments&post=57695"}],"version-history":[{"count":14,"href":"https:\/\/htb.com.pl\/index.php?rest_route=\/wp\/v2\/posts\/57695\/revisions"}],"predecessor-version":[{"id":57726,"href":"https:\/\/htb.com.pl\/index.php?rest_route=\/wp\/v2\/posts\/57695\/revisions\/57726"}],"wp:featuredmedia":[{"embeddable":true,"href":"https:\/\/htb.com.pl\/index.php?rest_route=\/wp\/v2\/media\/57721"}],"wp:attachment":[{"href":"https:\/\/htb.com.pl\/index.php?rest_route=%2Fwp%2Fv2%2Fmedia&parent=57695"}],"wp:term":[{"taxonomy":"category","embeddable":true,"href":"https:\/\/htb.com.pl\/index.php?rest_route=%2Fwp%2Fv2%2Fcategories&post=57695"},{"taxonomy":"post_tag","embeddable":true,"href":"https:\/\/htb.com.pl\/index.php?rest_route=%2Fwp%2Fv2%2Ftags&post=57695"}],"curies":[{"name":"wp","href":"https:\/\/api.w.org\/{rel}","templated":true}]}}