{"id":58353,"date":"2021-11-12T11:56:20","date_gmt":"2021-11-12T11:56:20","guid":{"rendered":"https:\/\/htb.com.pl\/?p=58353"},"modified":"2021-11-12T14:30:32","modified_gmt":"2021-11-12T14:30:32","slug":"nad-przepascia","status":"publish","type":"post","link":"https:\/\/htb.com.pl\/?p=58353","title":{"rendered":"Nad przepa\u015bci\u0105"},"content":{"rendered":"\n<figure class=\"wp-block-image size-thumbnail\"><a href=\"https:\/\/htb.com.pl\/wp-content\/uploads\/2021\/11\/Na-kraw\u0119dzi.mp3\"><img loading=\"lazy\" decoding=\"async\" width=\"150\" height=\"150\" src=\"https:\/\/htb.com.pl\/wp-content\/uploads\/2018\/04\/posluchaj-150x150.jpg\" alt=\"\" class=\"wp-image-2020\" srcset=\"https:\/\/htb.com.pl\/wp-content\/uploads\/2018\/04\/posluchaj-150x150.jpg 150w, https:\/\/htb.com.pl\/wp-content\/uploads\/2018\/04\/posluchaj-300x300.jpg 300w, https:\/\/htb.com.pl\/wp-content\/uploads\/2018\/04\/posluchaj-100x100.jpg 100w\" sizes=\"auto, (max-width: 150px) 100vw, 150px\" \/><\/a><\/figure>\n\n\n\n<p><\/p>\n\n\n\n<p>Jak by\u0142em dzieckiem lubi\u0142em s\u0142ucha\u0107 radia, telewizora nie mieli\u015bmy. W roku 1968 zacz\u0105\u0142em chodzi\u0107 do szko\u0142y i moje horyzonty bardzo si\u0119 zmieni\u0142y. Zapomnia\u0142em to co umia\u0142em i to co na lekcji si\u0119 dowiedzia\u0142em. W radiu Czes\u0142awa Niemena us\u0142ysza\u0142em &#8211; jak \u015bpiewa\u0142, \u017ce dziwny jest ten \u015bwiat i wtedy zrozumia\u0142em, dlaczego nic nie rozumia\u0142em. Dzi\u015b gdy patrz\u0119 na nienawistny t\u0142um \u201enarodowc\u00f3w\u201d <a href=\"http:\/\/radiomaria.com.pl\/wp-content\/uploads\/2021\/11\/11.10.-Marsz-Narodowcow.mp3\"><img loading=\"lazy\" decoding=\"async\" width=\"150\" height=\"113\" class=\"wp-image-58357\" style=\"width: 150px;\" src=\"https:\/\/htb.com.pl\/wp-content\/uploads\/2021\/11\/Marsz.jpg\" alt=\"\" srcset=\"https:\/\/htb.com.pl\/wp-content\/uploads\/2021\/11\/Marsz.jpg 640w, https:\/\/htb.com.pl\/wp-content\/uploads\/2021\/11\/Marsz-300x225.jpg 300w, https:\/\/htb.com.pl\/wp-content\/uploads\/2021\/11\/Marsz-600x450.jpg 600w\" sizes=\"auto, (max-width: 150px) 100vw, 150px\" \/><\/a>  \u2013 to go rozumiem. Bo wiem, \u017ce on nic nie rozumie. Podobnie jak pan Jaros\u0142aw Kaczy\u0144ski, kt\u00f3ry my\u015bli, \u017ce ma oparcie w tym t\u0142umie. On te\u017c nic nie rozumie, a jedyne co umie, to udawa\u0107 W\u0142adys\u0142awa Gomu\u0142k\u0119, dawnego przyw\u00f3dc\u0119 PRL-owskiego. Pami\u0119tam taki dowcip, gdzie parafrazowano przem\u00f3wienie Gomu\u0142ki, kt\u00f3ry m\u00f3wi\u0142; \u201estali\u015bmy nad przepa\u015bci\u0105 ale zrobili\u015bmy ogromny krok naprz\u00f3d\u201d. wtedy ten krok \u201eormowcy\u201d zrobili \u2013 \u00f3wczesne boj\u00f3wki w\u0142adzy student\u00f3w pobi\u0142y. To by\u0142 1968 rok. W 2015 roku w\u0142adza nikogo nie bi\u0142a, tylko pieni\u0105dze po\u017cyczy\u0142a, ludzi przekupi\u0142a i wszelkie autorytety obali\u0142a. To te\u017c si\u0119 nie uda. W roku 1968 \u2013 Gomu\u0142ka pope\u0142ni ten sam b\u0142\u0105d co dzi\u015b Kaczy\u0144ski. Chc\u0105c si\u0119 utrzyma\u0107 przy w\u0142adzy, potrzebowa\u0142 wroga. Postawi\u0142 na inteligencj\u0119 &#8211; zdj\u0119cie \u201eDziad\u00f3w\u201d i \u017byd\u00f3w. Przegra\u0142&#8230; Pan Kaczy\u0144ski te\u017c z \u017bydami walczy\u0107 pr\u00f3bowa\u0142 ale zrezygnowa\u0142. Na walk\u0119 z \u00a0LGBT postawi\u0142 i nar\u00f3d na razie przy w\u0142adzy go zostawi\u0142. Teraz dla umocnienia tej w\u0142adzy, wrogiem jest wszystko, czego pan Kaczy\u0144ski nie rozumie. Wymieni\u0119 tylko i UE i USA &#8211; w tym t\u0142umie. Jego boj\u00f3wki te\u017c inaczej ni\u017c ormowcy wygl\u0105daj\u0105, a dodatkowo Wojska Obrony Terytorialnej ich wspieraj\u0105. Na razie policjanci rad\u0119 sobie z nimi daj\u0105. <a href=\"http:\/\/radiomaria.com.pl\/wp-content\/uploads\/2021\/11\/12.11.-Przekaz-z-zaswiatow.mp3\"><img loading=\"lazy\" decoding=\"async\" width=\"150\" height=\"99\" class=\"wp-image-58355\" style=\"width: 150px;\" src=\"https:\/\/htb.com.pl\/wp-content\/uploads\/2021\/11\/Zabezpieczenie.png\" alt=\"\" srcset=\"https:\/\/htb.com.pl\/wp-content\/uploads\/2021\/11\/Zabezpieczenie.png 980w, https:\/\/htb.com.pl\/wp-content\/uploads\/2021\/11\/Zabezpieczenie-300x198.png 300w, https:\/\/htb.com.pl\/wp-content\/uploads\/2021\/11\/Zabezpieczenie-768x508.png 768w, https:\/\/htb.com.pl\/wp-content\/uploads\/2021\/11\/Zabezpieczenie-600x397.png 600w\" sizes=\"auto, (max-width: 150px) 100vw, 150px\" \/><\/a> \u0141\u0105czy ich znak Polski Walcz\u0105cej. Gdyby Marysia to zobaczy\u0142a &#8211; kotwic\u0119 na ich mundurach, czapkach, bluzach. Razem z \u201etrybami\u201d z g\u0142\u00f3w by im to wybi\u0142a. Ona ze skutkami takiej polityki w Hiszpanii walczy\u0142a. Hiszpania genera\u0142a Franco w 1954 roku te\u017c pa\u0144stwo katolickie utworzy\u0142a. Dekad\u0119 p\u00f3\u017aniej, terrorystyczna organizacja ETA, z kt\u00f3r\u0105 Majka walczy\u0142a, bomb\u0119 w jej kwaterze pod\u0142o\u017cy\u0142a. Marysia wybuch prze\u017cy\u0142a i ranna zamachowc\u00f3w dogoni\u0142a. Jej ludzie mi opowiadali, jak ta banda o lito\u015b\u0107 j\u0105 prosi\u0142a. Nie wiem dlaczego mi si\u0119 to przypomnia\u0142o w momencie, gdy na Placu Pi\u0142sudskiego ch\u00f3ralne \u201eMy Pierwsza Brygada\u201d zabrzmia\u0142o? <a href=\"http:\/\/radiomaria.com.pl\/wp-content\/uploads\/2021\/11\/11.10.-Wieniec-od-Narodu.mp3\"><img loading=\"lazy\" decoding=\"async\" width=\"150\" height=\"113\" class=\"wp-image-58359\" style=\"width: 150px;\" src=\"https:\/\/htb.com.pl\/wp-content\/uploads\/2021\/11\/Orkiestra.jpg\" alt=\"\" srcset=\"https:\/\/htb.com.pl\/wp-content\/uploads\/2021\/11\/Orkiestra.jpg 640w, https:\/\/htb.com.pl\/wp-content\/uploads\/2021\/11\/Orkiestra-300x225.jpg 300w, https:\/\/htb.com.pl\/wp-content\/uploads\/2021\/11\/Orkiestra-600x450.jpg 600w\" sizes=\"auto, (max-width: 150px) 100vw, 150px\" \/><\/a><\/p>\n\n\n\n<p>A oto co jeszcze w tym tygodniu si\u0119 dzia\u0142o:<\/p>\n\n\n\n<p>Pandemia koronawirusa COVID-19 parali\u017cuje s\u0142u\u017cb\u0119 zdrowia. Planowe zabiegi i wizyty si\u0119 odwo\u0142uje, a tu pan Roman Terlecki, wicemarsza\u0142ek Sejmu brak jodu w organizmie wykazuje <a href=\"http:\/\/radiomaria.com.pl\/wp-content\/uploads\/2021\/11\/06.11.-kretyn.mp3\"><img loading=\"lazy\" decoding=\"async\" width=\"150\" height=\"84\" class=\"wp-image-58373\" style=\"width: 150px;\" src=\"https:\/\/htb.com.pl\/wp-content\/uploads\/2021\/11\/Kretyn.png\" alt=\"\" srcset=\"https:\/\/htb.com.pl\/wp-content\/uploads\/2021\/11\/Kretyn.png 937w, https:\/\/htb.com.pl\/wp-content\/uploads\/2021\/11\/Kretyn-300x169.png 300w, https:\/\/htb.com.pl\/wp-content\/uploads\/2021\/11\/Kretyn-768x432.png 768w, https:\/\/htb.com.pl\/wp-content\/uploads\/2021\/11\/Kretyn-600x337.png 600w\" sizes=\"auto, (max-width: 150px) 100vw, 150px\" \/><\/a> i polityk\u0105 Zjednoczonej Prawicy si\u0119 denerwuje. <a href=\"http:\/\/radiomaria.com.pl\/wp-content\/uploads\/2021\/11\/06.11.-Ani-jednej-wiecej.mp3\"><img loading=\"lazy\" decoding=\"async\" width=\"150\" height=\"113\" class=\"wp-image-58371\" style=\"width: 150px;\" src=\"https:\/\/htb.com.pl\/wp-content\/uploads\/2021\/11\/Ani-jednej-wiecej.jpg\" alt=\"\" srcset=\"https:\/\/htb.com.pl\/wp-content\/uploads\/2021\/11\/Ani-jednej-wiecej.jpg 640w, https:\/\/htb.com.pl\/wp-content\/uploads\/2021\/11\/Ani-jednej-wiecej-300x225.jpg 300w, https:\/\/htb.com.pl\/wp-content\/uploads\/2021\/11\/Ani-jednej-wiecej-600x450.jpg 600w\" sizes=\"auto, (max-width: 150px) 100vw, 150px\" \/><\/a><\/p>\n\n\n\n<p>W\u0142adimir Putin sw\u0105 sprawdzon\u0105 strategie na polski-bia\u0142oruskiej granicy realizuje. <a href=\"http:\/\/radiomaria.com.pl\/wp-content\/uploads\/2021\/11\/08.11.-Prowokacja.mp3\"><img loading=\"lazy\" decoding=\"async\" width=\"150\" height=\"113\" class=\"wp-image-58369\" style=\"width: 150px;\" src=\"https:\/\/htb.com.pl\/wp-content\/uploads\/2021\/11\/Ucho.jpg\" alt=\"\" srcset=\"https:\/\/htb.com.pl\/wp-content\/uploads\/2021\/11\/Ucho.jpg 640w, https:\/\/htb.com.pl\/wp-content\/uploads\/2021\/11\/Ucho-300x225.jpg 300w, https:\/\/htb.com.pl\/wp-content\/uploads\/2021\/11\/Ucho-600x450.jpg 600w\" sizes=\"auto, (max-width: 150px) 100vw, 150px\" \/><\/a> Pomoc w rozwi\u0105zaniu problemu Angeli Merkel obiecuje, a jednocze\u015bnie \u0141ukaszenk\u0119 i Polsk\u0119 roluje. <a href=\"http:\/\/radiomaria.com.pl\/wp-content\/uploads\/2021\/11\/0911-Kto-go-powstrzyma.mp3\"><img loading=\"lazy\" decoding=\"async\" width=\"150\" height=\"113\" class=\"wp-image-58367\" style=\"width: 150px;\" src=\"https:\/\/htb.com.pl\/wp-content\/uploads\/2021\/11\/Front.jpg\" alt=\"\" srcset=\"https:\/\/htb.com.pl\/wp-content\/uploads\/2021\/11\/Front.jpg 640w, https:\/\/htb.com.pl\/wp-content\/uploads\/2021\/11\/Front-300x225.jpg 300w, https:\/\/htb.com.pl\/wp-content\/uploads\/2021\/11\/Front-600x450.jpg 600w\" sizes=\"auto, (max-width: 150px) 100vw, 150px\" \/><\/a> Napisa\u0142em Polsk\u0119, bo nie wiem kto z krajowych polityk\u00f3w w tej rozgrywce nas reprezentuje. Jako obywatele UE swych przedstawicieli mamy. Ursula von der Leyen w naszej sprawie z Joe Bidenem rozmawia\u0142a. <a href=\"http:\/\/radiomaria.com.pl\/wp-content\/uploads\/2021\/11\/11.10.-Pomoc-dla-Polski.mp3\"><img loading=\"lazy\" decoding=\"async\" width=\"150\" height=\"84\" class=\"wp-image-58365\" style=\"width: 150px;\" src=\"https:\/\/htb.com.pl\/wp-content\/uploads\/2021\/11\/Ursula-w-Ameryce.jpg\" alt=\"\" srcset=\"https:\/\/htb.com.pl\/wp-content\/uploads\/2021\/11\/Ursula-w-Ameryce.jpg 740w, https:\/\/htb.com.pl\/wp-content\/uploads\/2021\/11\/Ursula-w-Ameryce-300x169.jpg 300w, https:\/\/htb.com.pl\/wp-content\/uploads\/2021\/11\/Ursula-w-Ameryce-600x337.jpg 600w\" sizes=\"auto, (max-width: 150px) 100vw, 150px\" \/><\/a> My\u015bl\u0119 \u017ce mu powiedzia\u0142a, \u017ce tu Ona dzia\u0142a i \u017ceby Ameryka si\u0119 nie wpierdziela\u0142a.<\/p>\n\n\n\n<figure class=\"wp-block-image size-large\"><a href=\"http:\/\/radiomaria.com.pl\/wp-content\/uploads\/2021\/11\/Niepodlegla.mp3\"><img loading=\"lazy\" decoding=\"async\" width=\"666\" height=\"1000\" src=\"https:\/\/htb.com.pl\/wp-content\/uploads\/2021\/11\/Poznan.jpg\" alt=\"\" class=\"wp-image-58361\" srcset=\"https:\/\/htb.com.pl\/wp-content\/uploads\/2021\/11\/Poznan.jpg 666w, https:\/\/htb.com.pl\/wp-content\/uploads\/2021\/11\/Poznan-200x300.jpg 200w, https:\/\/htb.com.pl\/wp-content\/uploads\/2021\/11\/Poznan-600x901.jpg 600w\" sizes=\"auto, (max-width: 666px) 100vw, 666px\" \/><\/a><\/figure>\n\n\n\n<p>W <a href=\"http:\/\/stacja.radiohost.pl\/customBoxes\/link\/568\/8d5a0\/type\/aplayer2\/\">Radiu MARIA <\/a>obchodzili\u015bmy Narodowe \u015awi\u0119to Niepodleg\u0142o\u015bci Polaki. Tradycyjnie wspomnieli\u015bmy Ignacego Jana Paderewskiego \u2013 wy\u017cej napisa\u0142em dlaczego, nie wspominali\u015bmy J\u00f3zefa Pi\u0142sudskiego.<\/p>\n","protected":false},"excerpt":{"rendered":"<p>Jak by\u0142em dzieckiem lubi\u0142em s\u0142ucha\u0107 radia, telewizora nie mieli\u015bmy. W roku 1968 zacz\u0105\u0142em chodzi\u0107 do szko\u0142y i moje horyzonty bardzo si\u0119 zmieni\u0142y. Zapomnia\u0142em to co umia\u0142em i to co na lekcji si\u0119 dowiedzia\u0142em. W radiu Czes\u0142awa Niemena us\u0142ysza\u0142em &#8211; jak \u015bpiewa\u0142, \u017ce dziwny jest ten \u015bwiat i wtedy zrozumia\u0142em, dlaczego nic nie rozumia\u0142em. Dzi\u015b gdy [&hellip;]<\/p>\n","protected":false},"author":1,"featured_media":58375,"comment_status":"open","ping_status":"open","sticky":false,"template":"","format":"standard","meta":{"_jetpack_memberships_contains_paid_content":false,"footnotes":""},"categories":[4],"tags":[759],"class_list":["post-58353","post","type-post","status-publish","format-standard","has-post-thumbnail","hentry","category-daty-i-fakty-blog","tag-nad-przepascia"],"jetpack_sharing_enabled":true,"jetpack_featured_media_url":"https:\/\/htb.com.pl\/wp-content\/uploads\/2021\/11\/Przepa\u015b\u0107.jpg","_links":{"self":[{"href":"https:\/\/htb.com.pl\/index.php?rest_route=\/wp\/v2\/posts\/58353","targetHints":{"allow":["GET"]}}],"collection":[{"href":"https:\/\/htb.com.pl\/index.php?rest_route=\/wp\/v2\/posts"}],"about":[{"href":"https:\/\/htb.com.pl\/index.php?rest_route=\/wp\/v2\/types\/post"}],"author":[{"embeddable":true,"href":"https:\/\/htb.com.pl\/index.php?rest_route=\/wp\/v2\/users\/1"}],"replies":[{"embeddable":true,"href":"https:\/\/htb.com.pl\/index.php?rest_route=%2Fwp%2Fv2%2Fcomments&post=58353"}],"version-history":[{"count":12,"href":"https:\/\/htb.com.pl\/index.php?rest_route=\/wp\/v2\/posts\/58353\/revisions"}],"predecessor-version":[{"id":58383,"href":"https:\/\/htb.com.pl\/index.php?rest_route=\/wp\/v2\/posts\/58353\/revisions\/58383"}],"wp:featuredmedia":[{"embeddable":true,"href":"https:\/\/htb.com.pl\/index.php?rest_route=\/wp\/v2\/media\/58375"}],"wp:attachment":[{"href":"https:\/\/htb.com.pl\/index.php?rest_route=%2Fwp%2Fv2%2Fmedia&parent=58353"}],"wp:term":[{"taxonomy":"category","embeddable":true,"href":"https:\/\/htb.com.pl\/index.php?rest_route=%2Fwp%2Fv2%2Fcategories&post=58353"},{"taxonomy":"post_tag","embeddable":true,"href":"https:\/\/htb.com.pl\/index.php?rest_route=%2Fwp%2Fv2%2Ftags&post=58353"}],"curies":[{"name":"wp","href":"https:\/\/api.w.org\/{rel}","templated":true}]}}