{"id":59036,"date":"2021-11-26T08:58:23","date_gmt":"2021-11-26T08:58:23","guid":{"rendered":"https:\/\/htb.com.pl\/?p=59036"},"modified":"2021-11-26T09:48:11","modified_gmt":"2021-11-26T09:48:11","slug":"gen-sprzeciwu","status":"publish","type":"post","link":"https:\/\/htb.com.pl\/?p=59036","title":{"rendered":"Gen sprzeciwu"},"content":{"rendered":"\n<p><\/p>\n\n\n\n<figure class=\"wp-block-image size-thumbnail\"><a href=\"https:\/\/htb.com.pl\/wp-content\/uploads\/2021\/11\/Gen-sprzeciwu.mp3\"><img loading=\"lazy\" decoding=\"async\" width=\"150\" height=\"150\" src=\"https:\/\/htb.com.pl\/wp-content\/uploads\/2018\/04\/posluchaj-150x150.jpg\" alt=\"\" class=\"wp-image-2020\" srcset=\"https:\/\/htb.com.pl\/wp-content\/uploads\/2018\/04\/posluchaj-150x150.jpg 150w, https:\/\/htb.com.pl\/wp-content\/uploads\/2018\/04\/posluchaj-300x300.jpg 300w, https:\/\/htb.com.pl\/wp-content\/uploads\/2018\/04\/posluchaj-100x100.jpg 100w\" sizes=\"auto, (max-width: 150px) 100vw, 150px\" \/><\/a><\/figure>\n\n\n\n<p>Tak wiceminister zdrowia Waldemar Kraska okre\u015bli\u0142 to, co my nazywamy polskim romantyzmem. Inni to nasz\u0105 g\u0142upot\u0105 nazywaj\u0105, a jeszcze inni patriotyzmem. Chodzi o sprzeciw przeciwko szczepieniom na COVID-19. W Europie stosuje si\u0119 obostrzenia, kt\u00f3re maj\u0105 zmusi\u0107 ludzi do zaszczepienia. <a href=\"http:\/\/radiomaria.com.pl\/wp-content\/uploads\/2021\/11\/22.11.-Modmy-sie.mp3\"><img loading=\"lazy\" decoding=\"async\" width=\"150\" height=\"96\" class=\"wp-image-59038\" style=\"width: 150px;\" src=\"https:\/\/htb.com.pl\/wp-content\/uploads\/2021\/11\/restrykcje.jpg\" alt=\"\" srcset=\"https:\/\/htb.com.pl\/wp-content\/uploads\/2021\/11\/restrykcje.jpg 640w, https:\/\/htb.com.pl\/wp-content\/uploads\/2021\/11\/restrykcje-300x191.jpg 300w, https:\/\/htb.com.pl\/wp-content\/uploads\/2021\/11\/restrykcje-600x383.jpg 600w\" sizes=\"auto, (max-width: 150px) 100vw, 150px\" \/><\/a> Polska ma gdzie\u015b takie obostrzenia i rz\u0105dz\u0105cy bior\u0105 to na swoje sumienia. <\/p>\n\n\n\n<figure class=\"wp-block-image size-large\"><a href=\"http:\/\/radiomaria.com.pl\/wp-content\/uploads\/2021\/11\/21.11.-Trzeba-myslec.mp3\"><img loading=\"lazy\" decoding=\"async\" width=\"889\" height=\"628\" src=\"https:\/\/htb.com.pl\/wp-content\/uploads\/2021\/11\/coronavirus-data-maly.png\" alt=\"\" class=\"wp-image-59040\" srcset=\"https:\/\/htb.com.pl\/wp-content\/uploads\/2021\/11\/coronavirus-data-maly.png 889w, https:\/\/htb.com.pl\/wp-content\/uploads\/2021\/11\/coronavirus-data-maly-300x212.png 300w, https:\/\/htb.com.pl\/wp-content\/uploads\/2021\/11\/coronavirus-data-maly-768x543.png 768w, https:\/\/htb.com.pl\/wp-content\/uploads\/2021\/11\/coronavirus-data-maly-600x424.png 600w\" sizes=\"auto, (max-width: 889px) 100vw, 889px\" \/><\/a><\/figure>\n\n\n\n<p>Nie pierwszy raz. Du\u017co \u017ce\u015bmy pisali jak politycy Polak\u00f3w pos\u0142uchali i program polskie energetyki j\u0105drowej zlikwidowali. Ludzie po katastrofie w Czarnobylu elektrowni j\u0105drowych si\u0119 bali i na ostrze\u017cenia naukowc\u00f3w, \u017ce b\u0119d\u0105 od zanieczyszczonego powietrza umierali nie reagowali. <strong>Dzi\u015b jak co dzie\u0144 z powodu smogu umrze ponad stu Polak\u00f3w!<\/strong><\/p>\n\n\n\n<p>Media, kt\u00f3re wydawa\u0107 by si\u0119 mog\u0142o te\u017c rol\u0119 do odegrania tu maj\u0105, g\u0142upoty opowiadaj\u0105 i w ten spos\u00f3b reklamodawc\u00f3w zdobywaj\u0105. Naukowcy ze swym przekazem sami na placu boju pozostaj\u0105 i Polacy umieraj\u0105. <a href=\"http:\/\/radiomaria.com.pl\/wp-content\/uploads\/2021\/11\/22.11.-Nasdzieja.mp3\"><img loading=\"lazy\" decoding=\"async\" width=\"150\" height=\"84\" class=\"wp-image-59042\" style=\"width: 150px;\" src=\"https:\/\/htb.com.pl\/wp-content\/uploads\/2021\/11\/lozaprasowa2021-655.jpg\" alt=\"\" srcset=\"https:\/\/htb.com.pl\/wp-content\/uploads\/2021\/11\/lozaprasowa2021-655.jpg 655w, https:\/\/htb.com.pl\/wp-content\/uploads\/2021\/11\/lozaprasowa2021-655-300x169.jpg 300w, https:\/\/htb.com.pl\/wp-content\/uploads\/2021\/11\/lozaprasowa2021-655-600x337.jpg 600w\" sizes=\"auto, (max-width: 150px) 100vw, 150px\" \/><\/a><\/p>\n\n\n\n<p>Inny nasz problem to politycy &#8211; kt\u00f3rych sami wybieramy. Jednak przy urnach ich stosunek do naszego genu sprzeciwu uwzgl\u0119dniamy i najcz\u0119\u015bciej takich co b\u0119d\u0105 nas s\u0142uchali do urny wrzucamy. Dlatego potem problemy mamy i cz\u0119sto w urnach ten \u015bwiat opuszczamy. A nawet jak si\u0119 uda, nawet jak choroby pokonamy, ogromne rachunki za pr\u0105d otrzymamy.<\/p>\n\n\n\n<p>Politycy, kt\u00f3rych \u017ce\u015bmy wybrali, ze wszystkimi si\u0119 skonfliktowali i unijn\u0105 kas\u0105 nam zablokowali, a jakby tego by\u0142o ma\u0142o, kary p\u0142aci\u0107 kazali. Politycy zdecydowali, \u017ce pieni\u0105dze b\u0119d\u0105 drukowali. Straszn\u0105 inflacj\u0119 tym spowodowali <a href=\"http:\/\/radiomaria.com.pl\/wp-content\/uploads\/2021\/11\/23.11.-Ona-taka-byla.mp3\"><img loading=\"lazy\" decoding=\"async\" width=\"150\" height=\"138\" class=\"wp-image-59044\" style=\"width: 150px;\" src=\"https:\/\/htb.com.pl\/wp-content\/uploads\/2021\/11\/banknot-300x276-1.jpg\" alt=\"\"><\/a> i dalej tak b\u0119d\u0105 dzia\u0142ali. <img loading=\"lazy\" decoding=\"async\" width=\"150\" height=\"84\" class=\"wp-image-59046\" style=\"width: 150px;\" src=\"https:\/\/htb.com.pl\/wp-content\/uploads\/2021\/11\/Tarcza.jpg\" alt=\"\" srcset=\"https:\/\/htb.com.pl\/wp-content\/uploads\/2021\/11\/Tarcza.jpg 784w, https:\/\/htb.com.pl\/wp-content\/uploads\/2021\/11\/Tarcza-300x169.jpg 300w, https:\/\/htb.com.pl\/wp-content\/uploads\/2021\/11\/Tarcza-768x432.jpg 768w, https:\/\/htb.com.pl\/wp-content\/uploads\/2021\/11\/Tarcza-600x338.jpg 600w\" sizes=\"auto, (max-width: 150px) 100vw, 150px\" \/> <\/p>\n\n\n\n<div class=\"wp-block-group\"><div class=\"wp-block-group__inner-container is-layout-flow wp-block-group-is-layout-flow\">\n<div class=\"wp-block-group\"><div class=\"wp-block-group__inner-container is-layout-flow wp-block-group-is-layout-flow\">\n<p>p<\/p>\n<\/div><\/div>\n<\/div><\/div>\n\n\n\n<p> Trzeba te\u017c wspomnie\u0107, \u017ce ostatnio prezydent i premier innej strategii popr\u00f3bowali, <a href=\"http:\/\/radiomaria.com.pl\/wp-content\/uploads\/2021\/11\/25.11.-Zostalo-drukowanie.mp3\"><img loading=\"lazy\" decoding=\"async\" width=\"150\" height=\"100\" class=\"wp-image-59047\" style=\"width: 150px;\" src=\"https:\/\/htb.com.pl\/wp-content\/uploads\/2021\/11\/Stontenberg-Duda.png\" alt=\"\" srcset=\"https:\/\/htb.com.pl\/wp-content\/uploads\/2021\/11\/Stontenberg-Duda.png 775w, https:\/\/htb.com.pl\/wp-content\/uploads\/2021\/11\/Stontenberg-Duda-300x200.png 300w, https:\/\/htb.com.pl\/wp-content\/uploads\/2021\/11\/Stontenberg-Duda-768x512.png 768w, https:\/\/htb.com.pl\/wp-content\/uploads\/2021\/11\/Stontenberg-Duda-600x400.png 600w\" sizes=\"auto, (max-width: 150px) 100vw, 150px\" \/><img loading=\"lazy\" decoding=\"async\" width=\"150\" height=\"84\" class=\"wp-image-59048\" style=\"width: 150px;\" src=\"https:\/\/htb.com.pl\/wp-content\/uploads\/2021\/11\/Merkel-Morawiecki.jpg\" alt=\"\" srcset=\"https:\/\/htb.com.pl\/wp-content\/uploads\/2021\/11\/Merkel-Morawiecki.jpg 740w, https:\/\/htb.com.pl\/wp-content\/uploads\/2021\/11\/Merkel-Morawiecki-300x169.jpg 300w, https:\/\/htb.com.pl\/wp-content\/uploads\/2021\/11\/Merkel-Morawiecki-600x337.jpg 600w\" sizes=\"auto, (max-width: 150px) 100vw, 150px\" \/><\/a> gdzie si\u0119 tylko da\u0142o opowiadali, \u017ce mur na polsko-bia\u0142oruskiej granicy b\u0119d\u0105 budowali, \u017ceby uchod\u017acy do UE si\u0119 nie przedostawali. Kas\u0119 na ten \u201ewa\u0142\u201d wy\u0142udzi\u0107 pr\u00f3bowali ale nic nie wsk\u00f3rali. A mo\u017ce by\u015bcie si\u0119 kochani do dymisji podali \u2013 Polsk\u0119 by\u015bcie uratowali.<\/p>\n","protected":false},"excerpt":{"rendered":"<p>Tak wiceminister zdrowia Waldemar Kraska okre\u015bli\u0142 to, co my nazywamy polskim romantyzmem. Inni to nasz\u0105 g\u0142upot\u0105 nazywaj\u0105, a jeszcze inni patriotyzmem. Chodzi o sprzeciw przeciwko szczepieniom na COVID-19. W Europie stosuje si\u0119 obostrzenia, kt\u00f3re maj\u0105 zmusi\u0107 ludzi do zaszczepienia. Polska ma gdzie\u015b takie obostrzenia i rz\u0105dz\u0105cy bior\u0105 to na swoje sumienia. Nie pierwszy raz. Du\u017co [&hellip;]<\/p>\n","protected":false},"author":1,"featured_media":59038,"comment_status":"open","ping_status":"open","sticky":false,"template":"","format":"standard","meta":{"_jetpack_memberships_contains_paid_content":false,"footnotes":""},"categories":[4],"tags":[761],"class_list":["post-59036","post","type-post","status-publish","format-standard","has-post-thumbnail","hentry","category-daty-i-fakty-blog","tag-gen-sprzeciwu"],"jetpack_sharing_enabled":true,"jetpack_featured_media_url":"https:\/\/htb.com.pl\/wp-content\/uploads\/2021\/11\/restrykcje.jpg","_links":{"self":[{"href":"https:\/\/htb.com.pl\/index.php?rest_route=\/wp\/v2\/posts\/59036","targetHints":{"allow":["GET"]}}],"collection":[{"href":"https:\/\/htb.com.pl\/index.php?rest_route=\/wp\/v2\/posts"}],"about":[{"href":"https:\/\/htb.com.pl\/index.php?rest_route=\/wp\/v2\/types\/post"}],"author":[{"embeddable":true,"href":"https:\/\/htb.com.pl\/index.php?rest_route=\/wp\/v2\/users\/1"}],"replies":[{"embeddable":true,"href":"https:\/\/htb.com.pl\/index.php?rest_route=%2Fwp%2Fv2%2Fcomments&post=59036"}],"version-history":[{"count":10,"href":"https:\/\/htb.com.pl\/index.php?rest_route=\/wp\/v2\/posts\/59036\/revisions"}],"predecessor-version":[{"id":59059,"href":"https:\/\/htb.com.pl\/index.php?rest_route=\/wp\/v2\/posts\/59036\/revisions\/59059"}],"wp:featuredmedia":[{"embeddable":true,"href":"https:\/\/htb.com.pl\/index.php?rest_route=\/wp\/v2\/media\/59038"}],"wp:attachment":[{"href":"https:\/\/htb.com.pl\/index.php?rest_route=%2Fwp%2Fv2%2Fmedia&parent=59036"}],"wp:term":[{"taxonomy":"category","embeddable":true,"href":"https:\/\/htb.com.pl\/index.php?rest_route=%2Fwp%2Fv2%2Fcategories&post=59036"},{"taxonomy":"post_tag","embeddable":true,"href":"https:\/\/htb.com.pl\/index.php?rest_route=%2Fwp%2Fv2%2Ftags&post=59036"}],"curies":[{"name":"wp","href":"https:\/\/api.w.org\/{rel}","templated":true}]}}