{"id":59392,"date":"2021-12-04T08:52:39","date_gmt":"2021-12-04T08:52:39","guid":{"rendered":"https:\/\/htb.com.pl\/?p=59392"},"modified":"2021-12-04T09:33:53","modified_gmt":"2021-12-04T09:33:53","slug":"zaloba-cividowa","status":"publish","type":"post","link":"https:\/\/htb.com.pl\/?p=59392","title":{"rendered":"\u017ba\u0142oba covidowa"},"content":{"rendered":"\n<figure class=\"wp-block-image size-large\"><a href=\"http:\/\/radiomaria.com.pl\/wp-content\/uploads\/2021\/12\/03.12.-Dzien-Zaloby.mp3\"><img loading=\"lazy\" decoding=\"async\" width=\"643\" height=\"337\" src=\"https:\/\/htb.com.pl\/wp-content\/uploads\/2021\/12\/dzien-zalobyma\u0142y.jpg\" alt=\"\" class=\"wp-image-59444\" srcset=\"https:\/\/htb.com.pl\/wp-content\/uploads\/2021\/12\/dzien-zalobyma\u0142y.jpg 643w, https:\/\/htb.com.pl\/wp-content\/uploads\/2021\/12\/dzien-zalobyma\u0142y-300x157.jpg 300w, https:\/\/htb.com.pl\/wp-content\/uploads\/2021\/12\/dzien-zalobyma\u0142y-600x314.jpg 600w\" sizes=\"auto, (max-width: 643px) 100vw, 643px\" \/><\/a><\/figure>\n\n\n\n<p><\/p>\n\n\n\n<figure class=\"wp-block-image size-thumbnail\"><a href=\"https:\/\/htb.com.pl\/wp-content\/uploads\/2021\/12\/Za\u0142oba-covidowa.mp3\"><img loading=\"lazy\" decoding=\"async\" width=\"150\" height=\"150\" src=\"https:\/\/htb.com.pl\/wp-content\/uploads\/2018\/04\/posluchaj-150x150.jpg\" alt=\"\" class=\"wp-image-2020\" srcset=\"https:\/\/htb.com.pl\/wp-content\/uploads\/2018\/04\/posluchaj-150x150.jpg 150w, https:\/\/htb.com.pl\/wp-content\/uploads\/2018\/04\/posluchaj-300x300.jpg 300w, https:\/\/htb.com.pl\/wp-content\/uploads\/2018\/04\/posluchaj-100x100.jpg 100w\" sizes=\"auto, (max-width: 150px) 100vw, 150px\" \/><\/a><\/figure>\n\n\n\n<p>3 grudnia odbywa si\u0119 w Polsce dzie\u0144 covidowej \u017ca\u0142oby narodowej. Organizuje go psychoterapeuta Maciej Roszkowski wraz z osobami ze \u015brodowiska lekarskiego, psychoterapeutycznego, akademickiego i nauczycielskiego. &#8211; Chcemy zwr\u00f3ci\u0107 uwag\u0119 na 150 tys. ofiar pandemii, a tak\u017ce na to, \u017ce \u017ca\u0142oba z powodu nadmiarowych zgon\u00f3w w pandemii dotyczy blisko miliona os\u00f3b w Polsce &#8211; m\u00f3wi Roszkowski.<\/p>\n\n\n\n<p>Ile\u017c to razy przytacza\u0142em s\u0142owa Marysi, jak ostrzega\u0142a, \u017ceby ludziom bez wyobra\u017ani Polska w\u0142adzy nie dawa\u0142a. Polska z jakiego\u015b powodu nigdy jej nie s\u0142ucha\u0142a, tylko wyzywa\u0142a, zamyka\u0142a, a nawet do niej strzela\u0142a. Ona o to pretensji nie mia\u0142a \u2013 nawet jak umiera\u0142a drog\u0119 do wolno\u015bci wskazywa\u0142a. Niestety Polska inn\u0105 drog\u0119 wybra\u0142a \u2013 mo\u017ce czas aby Polska Marysi wreszcie pos\u0142ucha\u0142a? <a href=\"http:\/\/radiomaria.com.pl\/wp-content\/uploads\/2021\/11\/30.11.-Tusk-TV.mp3\"><img loading=\"lazy\" decoding=\"async\" width=\"150\" height=\"89\" class=\"wp-image-59435\" style=\"width: 150px;\" src=\"https:\/\/htb.com.pl\/wp-content\/uploads\/2021\/12\/TVP.png\" alt=\"\" srcset=\"https:\/\/htb.com.pl\/wp-content\/uploads\/2021\/12\/TVP.png 1182w, https:\/\/htb.com.pl\/wp-content\/uploads\/2021\/12\/TVP-300x177.png 300w, https:\/\/htb.com.pl\/wp-content\/uploads\/2021\/12\/TVP-1024x605.png 1024w, https:\/\/htb.com.pl\/wp-content\/uploads\/2021\/12\/TVP-768x454.png 768w, https:\/\/htb.com.pl\/wp-content\/uploads\/2021\/12\/TVP-600x354.png 600w\" sizes=\"auto, (max-width: 150px) 100vw, 150px\" \/><\/a><\/p>\n\n\n\n<p>Pierwsze czego Marysia si\u0119 ba\u0142a, to \u017ceby Polska krajem wyznaniowym si\u0119 nie sta\u0142a. <a href=\"http:\/\/radiomaria.com.pl\/wp-content\/uploads\/2021\/12\/02.12.-Niszczenie-wiary.mp3\"><img loading=\"lazy\" decoding=\"async\" width=\"150\" height=\"94\" class=\"wp-image-59439\" style=\"width: 150px;\" src=\"https:\/\/htb.com.pl\/wp-content\/uploads\/2021\/12\/Stop.jpg\" alt=\"\" srcset=\"https:\/\/htb.com.pl\/wp-content\/uploads\/2021\/12\/Stop.jpg 948w, https:\/\/htb.com.pl\/wp-content\/uploads\/2021\/12\/Stop-300x187.jpg 300w, https:\/\/htb.com.pl\/wp-content\/uploads\/2021\/12\/Stop-768x480.jpg 768w, https:\/\/htb.com.pl\/wp-content\/uploads\/2021\/12\/Stop-600x375.jpg 600w\" sizes=\"auto, (max-width: 150px) 100vw, 150px\" \/><\/a>  Ona ekstremizm religijny jak nikt zna\u0142a \u2013 terroryzmem go nazywa\u0142a. <a href=\"http:\/\/radiomaria.com.pl\/wp-content\/uploads\/2021\/12\/30.11.-Ruszam-na-granice.mp3\"><img loading=\"lazy\" decoding=\"async\" width=\"150\" height=\"106\" class=\"wp-image-59437\" style=\"width: 150px;\" src=\"https:\/\/htb.com.pl\/wp-content\/uploads\/2021\/12\/Kuznica.jpg\" alt=\"\" srcset=\"https:\/\/htb.com.pl\/wp-content\/uploads\/2021\/12\/Kuznica.jpg 637w, https:\/\/htb.com.pl\/wp-content\/uploads\/2021\/12\/Kuznica-300x213.jpg 300w, https:\/\/htb.com.pl\/wp-content\/uploads\/2021\/12\/Kuznica-600x426.jpg 600w\" sizes=\"auto, (max-width: 150px) 100vw, 150px\" \/><\/a> Gdy tu racj\u0119 sw\u0105 udowadnia\u0142a, blizny pokazywa\u0142a. Z terrorystami walczy\u0142a i st\u0105d je mia\u0142a.<\/p>\n\n\n\n<p>Polski romantyzm g\u0142upot\u0105 nazywa\u0142a ale cytaty z Adama Mickiewicza ch\u0119tnie przytacza\u0142a, z Dziad\u00f3w, czy Pana Tadeusza.<\/p>\n\n\n\n<p>Reform\u0119 nauczania historii proponowa\u0142a. Jej reforma na tym polega\u0142a, \u017ce uczymy m\u0142odzie\u017c o Wojnie Peloponeskiej, a potem s\u0142uchamy jak wsp\u00f3\u0142czesno\u015b\u0107 do  fakt\u00f3w z roku 431\u2013404 p.n.e. b\u0119dzie por\u00f3wnywa\u0142a. Taka m\u0142odzie\u017c Jaros\u0142awa Kaczy\u0144skiego <a href=\"http:\/\/radiomaria.com.pl\/wp-content\/uploads\/2021\/11\/30.11.-Rzadzacy-nie-uciekaja.mp3\"><img loading=\"lazy\" decoding=\"async\" width=\"150\" height=\"86\" class=\"wp-image-59433\" style=\"width: 150px;\" src=\"https:\/\/htb.com.pl\/wp-content\/uploads\/2021\/12\/Wychodzi.png\" alt=\"\" srcset=\"https:\/\/htb.com.pl\/wp-content\/uploads\/2021\/12\/Wychodzi.png 992w, https:\/\/htb.com.pl\/wp-content\/uploads\/2021\/12\/Wychodzi-300x172.png 300w, https:\/\/htb.com.pl\/wp-content\/uploads\/2021\/12\/Wychodzi-768x441.png 768w, https:\/\/htb.com.pl\/wp-content\/uploads\/2021\/12\/Wychodzi-600x345.png 600w\" sizes=\"auto, (max-width: 150px) 100vw, 150px\" \/><\/a> by nie s\u0142ucha\u0142a i \u0141ukasza Mejzy <a href=\"http:\/\/radiomaria.com.pl\/wp-content\/uploads\/2021\/11\/27.11.Lukasz-Mejza.mp3\"><img loading=\"lazy\" decoding=\"async\" width=\"150\" height=\"97\" class=\"wp-image-59431\" style=\"width: 150px;\" src=\"https:\/\/htb.com.pl\/wp-content\/uploads\/2021\/12\/Mejza.png\" alt=\"\" srcset=\"https:\/\/htb.com.pl\/wp-content\/uploads\/2021\/12\/Mejza.png 1162w, https:\/\/htb.com.pl\/wp-content\/uploads\/2021\/12\/Mejza-300x194.png 300w, https:\/\/htb.com.pl\/wp-content\/uploads\/2021\/12\/Mejza-1024x662.png 1024w, https:\/\/htb.com.pl\/wp-content\/uploads\/2021\/12\/Mejza-768x496.png 768w, https:\/\/htb.com.pl\/wp-content\/uploads\/2021\/12\/Mejza-600x388.png 600w\" sizes=\"auto, (max-width: 150px) 100vw, 150px\" \/><\/a> do Sejmu nie wybra\u0142a. Ludzie, kt\u00f3rzy mechanizm wojny by znali, do Wojsk Obrony Terytorialnej by nie wst\u0119powali <a href=\"http:\/\/radiomaria.com.pl\/wp-content\/uploads\/2021\/11\/27.11.-Jestesmy-pokonani.mp3\"><img loading=\"lazy\" decoding=\"async\" width=\"150\" height=\"84\" class=\"wp-image-59429\" style=\"width: 150px;\" src=\"https:\/\/htb.com.pl\/wp-content\/uploads\/2021\/12\/wotzatrzymuje.png\" alt=\"\" srcset=\"https:\/\/htb.com.pl\/wp-content\/uploads\/2021\/12\/wotzatrzymuje.png 1021w, https:\/\/htb.com.pl\/wp-content\/uploads\/2021\/12\/wotzatrzymuje-300x168.png 300w, https:\/\/htb.com.pl\/wp-content\/uploads\/2021\/12\/wotzatrzymuje-768x430.png 768w, https:\/\/htb.com.pl\/wp-content\/uploads\/2021\/12\/wotzatrzymuje-600x336.png 600w\" sizes=\"auto, (max-width: 150px) 100vw, 150px\" \/><\/a> i naszej wrodzonej przedsi\u0119biorczo\u015bci do oszust nie wykorzystywali, <a href=\"http:\/\/radiomaria.com.pl\/wp-content\/uploads\/2021\/11\/26.11.-Premier-kalamie.mp3\"><img loading=\"lazy\" decoding=\"async\" width=\"150\" height=\"87\" class=\"wp-image-59427\" style=\"width: 150px;\" src=\"https:\/\/htb.com.pl\/wp-content\/uploads\/2021\/12\/zabierzow.png\" alt=\"\" srcset=\"https:\/\/htb.com.pl\/wp-content\/uploads\/2021\/12\/zabierzow.png 1060w, https:\/\/htb.com.pl\/wp-content\/uploads\/2021\/12\/zabierzow-300x174.png 300w, https:\/\/htb.com.pl\/wp-content\/uploads\/2021\/12\/zabierzow-1024x595.png 1024w, https:\/\/htb.com.pl\/wp-content\/uploads\/2021\/12\/zabierzow-768x446.png 768w, https:\/\/htb.com.pl\/wp-content\/uploads\/2021\/12\/zabierzow-600x349.png 600w\" sizes=\"auto, (max-width: 150px) 100vw, 150px\" \/><\/a> tylko Polsk\u0119 rozwijali.<\/p>\n\n\n\n<p>Politycy wnioski z tego jak ma\u0142a Sparta, gdy si\u0119 szybko rozwija\u0142a, dla du\u017cych Aten wrogiem, a nie partnerem handlowym si\u0119 sta\u0142a &#8211; te\u017c by wyci\u0105gn\u0119li. Rosji i Chinom pomogli by produkowa\u0107 wod\u00f3r na ogromn\u0105 skal\u0119, a ruroci\u0105g Nord  Stream 2 do przesy\u0142u tego wodoru by wykorzystywali, a nie  g\u0142upoty o tym gadali i do wojny prowokowali.<\/p>\n\n\n\n<p>Na koniec do m\u0142odych z M\u0142odzie\u017cowego Strajku Klimatycznego. Kochani \u2013 gdyby\u015bcie planet\u0119 ziemi\u0119 uratowa\u0107 chcieli, a nie tylko na polityk\u00f3w si\u0119 uwzi\u0119li, lub co gorsza politykami zosta\u0107 chcieli &#8211; prosz\u0119 aby\u015bcie pod uwag\u0119 wzi\u0119li, to co Marysia m\u00f3wi\u0142a. My\u015bmy nie umieli.<\/p>\n","protected":false},"excerpt":{"rendered":"<p>3 grudnia odbywa si\u0119 w Polsce dzie\u0144 covidowej \u017ca\u0142oby narodowej. Organizuje go psychoterapeuta Maciej Roszkowski wraz z osobami ze \u015brodowiska lekarskiego, psychoterapeutycznego, akademickiego i nauczycielskiego. &#8211; Chcemy zwr\u00f3ci\u0107 uwag\u0119 na 150 tys. ofiar pandemii, a tak\u017ce na to, \u017ce \u017ca\u0142oba z powodu nadmiarowych zgon\u00f3w w pandemii dotyczy blisko miliona os\u00f3b w Polsce &#8211; m\u00f3wi Roszkowski. [&hellip;]<\/p>\n","protected":false},"author":1,"featured_media":59444,"comment_status":"open","ping_status":"open","sticky":false,"template":"","format":"standard","meta":{"_jetpack_memberships_contains_paid_content":false,"footnotes":""},"categories":[4],"tags":[763],"class_list":["post-59392","post","type-post","status-publish","format-standard","has-post-thumbnail","hentry","category-daty-i-fakty-blog","tag-zaloba-covidowa"],"jetpack_sharing_enabled":true,"jetpack_featured_media_url":"https:\/\/htb.com.pl\/wp-content\/uploads\/2021\/12\/dzien-zalobyma\u0142y.jpg","_links":{"self":[{"href":"https:\/\/htb.com.pl\/index.php?rest_route=\/wp\/v2\/posts\/59392","targetHints":{"allow":["GET"]}}],"collection":[{"href":"https:\/\/htb.com.pl\/index.php?rest_route=\/wp\/v2\/posts"}],"about":[{"href":"https:\/\/htb.com.pl\/index.php?rest_route=\/wp\/v2\/types\/post"}],"author":[{"embeddable":true,"href":"https:\/\/htb.com.pl\/index.php?rest_route=\/wp\/v2\/users\/1"}],"replies":[{"embeddable":true,"href":"https:\/\/htb.com.pl\/index.php?rest_route=%2Fwp%2Fv2%2Fcomments&post=59392"}],"version-history":[{"count":14,"href":"https:\/\/htb.com.pl\/index.php?rest_route=\/wp\/v2\/posts\/59392\/revisions"}],"predecessor-version":[{"id":59450,"href":"https:\/\/htb.com.pl\/index.php?rest_route=\/wp\/v2\/posts\/59392\/revisions\/59450"}],"wp:featuredmedia":[{"embeddable":true,"href":"https:\/\/htb.com.pl\/index.php?rest_route=\/wp\/v2\/media\/59444"}],"wp:attachment":[{"href":"https:\/\/htb.com.pl\/index.php?rest_route=%2Fwp%2Fv2%2Fmedia&parent=59392"}],"wp:term":[{"taxonomy":"category","embeddable":true,"href":"https:\/\/htb.com.pl\/index.php?rest_route=%2Fwp%2Fv2%2Fcategories&post=59392"},{"taxonomy":"post_tag","embeddable":true,"href":"https:\/\/htb.com.pl\/index.php?rest_route=%2Fwp%2Fv2%2Ftags&post=59392"}],"curies":[{"name":"wp","href":"https:\/\/api.w.org\/{rel}","templated":true}]}}