{"id":59722,"date":"2021-12-10T13:42:51","date_gmt":"2021-12-10T13:42:51","guid":{"rendered":"https:\/\/htb.com.pl\/?p=59722"},"modified":"2021-12-10T14:18:39","modified_gmt":"2021-12-10T14:18:39","slug":"demokracja-to-nie-stan-tylko-dzialanie","status":"publish","type":"post","link":"https:\/\/htb.com.pl\/?p=59722","title":{"rendered":"Demokracja to nie stan tylko dzia\u0142anie."},"content":{"rendered":"\n<p><\/p>\n\n\n\n<figure class=\"wp-block-image size-thumbnail\"><a href=\"https:\/\/htb.com.pl\/wp-content\/uploads\/2021\/12\/Demokrascja-to-nie-stan.mp3\"><img loading=\"lazy\" decoding=\"async\" width=\"150\" height=\"150\" src=\"https:\/\/htb.com.pl\/wp-content\/uploads\/2018\/04\/posluchaj-150x150.jpg\" alt=\"\" class=\"wp-image-2020\" srcset=\"https:\/\/htb.com.pl\/wp-content\/uploads\/2018\/04\/posluchaj-150x150.jpg 150w, https:\/\/htb.com.pl\/wp-content\/uploads\/2018\/04\/posluchaj-300x300.jpg 300w, https:\/\/htb.com.pl\/wp-content\/uploads\/2018\/04\/posluchaj-100x100.jpg 100w\" sizes=\"auto, (max-width: 150px) 100vw, 150px\" \/><\/a><\/figure>\n\n\n\n<p>Tak powiedzia\u0142 Joe Biden, prezydent Stan\u00f3w Zjednoczonych podczas wirtualego spotkania z przyw\u00f3dcami ponad stu kraj\u00f3w. <a href=\"http:\/\/radiomaria.com.pl\/wp-content\/uploads\/2021\/12\/09.12.-Demokracja.mp3\"><img loading=\"lazy\" decoding=\"async\" width=\"150\" height=\"98\" class=\"wp-image-59748\" style=\"width: 150px;\" src=\"https:\/\/htb.com.pl\/wp-content\/uploads\/2021\/12\/Przywodcy.jpg\" alt=\"\" srcset=\"https:\/\/htb.com.pl\/wp-content\/uploads\/2021\/12\/Przywodcy.jpg 960w, https:\/\/htb.com.pl\/wp-content\/uploads\/2021\/12\/Przywodcy-300x197.jpg 300w, https:\/\/htb.com.pl\/wp-content\/uploads\/2021\/12\/Przywodcy-768x504.jpg 768w, https:\/\/htb.com.pl\/wp-content\/uploads\/2021\/12\/Przywodcy-600x394.jpg 600w\" sizes=\"auto, (max-width: 150px) 100vw, 150px\" \/><\/a> Doda\u0142, \u017ce cytuje Nelsona Mandel\u0119. Mo\u017cliwe, \u017ce ten niezwyk\u0142y bojownik w walce z aparthei.dem to powiedzia\u0142 &#8211; dla mnie s\u0105 to s\u0142owa Marysi.  Nigdy nie s\u0142ysza\u0142em \u017ceby tak powiedzia\u0142a ale widzia\u0142em jak dzia\u0142a\u0142a, gdy w Polsce w 1987 roku demokracj\u0119 wprowadzi\u0107 pr\u00f3bowa\u0142a. Polska jej nie rozumia\u0142a i do dzi\u015b na tym etapie demokracji zosta\u0142a. A oto czego w tym tygodniu dokona\u0142a:<\/p>\n\n\n\n<p>Zacz\u0119\u0142o si\u0119 od warszawskiego spotkania europejskich nacjonalist\u00f3w, <a href=\"http:\/\/radiomaria.com.pl\/wp-content\/uploads\/2021\/12\/04.12.-Reformatorzy.mp3\"><img loading=\"lazy\" decoding=\"async\" width=\"150\" height=\"88\" class=\"wp-image-59736\" style=\"width: 150px;\" src=\"https:\/\/htb.com.pl\/wp-content\/uploads\/2021\/12\/Reformatorzy.jpg\" alt=\"\" srcset=\"https:\/\/htb.com.pl\/wp-content\/uploads\/2021\/12\/Reformatorzy.jpg 637w, https:\/\/htb.com.pl\/wp-content\/uploads\/2021\/12\/Reformatorzy-300x177.jpg 300w, https:\/\/htb.com.pl\/wp-content\/uploads\/2021\/12\/Reformatorzy-600x353.jpg 600w\" sizes=\"auto, (max-width: 150px) 100vw, 150px\" \/><\/a> kt\u00f3rzy jak na razie nie maj\u0105 nic do gadania poza nadziej\u0105, \u017ce kiedy\u015b b\u0119d\u0105 wi\u0119kszo\u015bci\u0105 nie do pokonania.<\/p>\n\n\n\n<p>Po \u015brodku naszej sceny politycznej jest PSL &#8211; w Warszawie kongres mieli ale poza sw\u00f3j \u015brodek wyj\u015b\u0107 nie umieli. Rehabilitacj\u0105 Wincentego Witosa by\u015bcie si\u0119 zaj\u0119li, bo to dzi\u0119ki niemu w polityce \u017ce\u015bcie si\u0119 wzi\u0119li. <a href=\"http:\/\/radiomaria.com.pl\/wp-content\/uploads\/2021\/12\/05.12-Wybory-w-PSL.mp3\"><img loading=\"lazy\" decoding=\"async\" width=\"150\" height=\"84\" class=\"wp-image-59740\" style=\"width: 150px;\" src=\"https:\/\/htb.com.pl\/wp-content\/uploads\/2021\/12\/PSL.jpg\" alt=\"\" srcset=\"https:\/\/htb.com.pl\/wp-content\/uploads\/2021\/12\/PSL.jpg 740w, https:\/\/htb.com.pl\/wp-content\/uploads\/2021\/12\/PSL-300x169.jpg 300w, https:\/\/htb.com.pl\/wp-content\/uploads\/2021\/12\/PSL-600x337.jpg 600w\" sizes=\"auto, (max-width: 150px) 100vw, 150px\" \/><\/a><\/p>\n\n\n\n<p>Na drugim biegunie politycznego dzia\u0142anie mamy Polsk\u0105 Lewic\u0119, kt\u00f3ra pokaza\u0142a, \u017ce gdyby rz\u0105dzi\u0142a z tym co mamy teraz nic wsp\u00f3lnego by nie mia\u0142a. Obowi\u0105zkowe szczepienia przeciwko COVID-19 by zarz\u0105dzi\u0142a i zamach stanu zako\u0144czy\u0142a. <a href=\"http:\/\/radiomaria.com.pl\/wp-content\/uploads\/2021\/12\/06.12.-Lewica.mp3\"><img loading=\"lazy\" decoding=\"async\" width=\"150\" height=\"84\" class=\"wp-image-59742\" style=\"width: 150px;\" src=\"https:\/\/htb.com.pl\/wp-content\/uploads\/2021\/12\/Tak-dla-szczepien.jpg\" alt=\"\" srcset=\"https:\/\/htb.com.pl\/wp-content\/uploads\/2021\/12\/Tak-dla-szczepien.jpg 740w, https:\/\/htb.com.pl\/wp-content\/uploads\/2021\/12\/Tak-dla-szczepien-300x169.jpg 300w, https:\/\/htb.com.pl\/wp-content\/uploads\/2021\/12\/Tak-dla-szczepien-600x337.jpg 600w\" sizes=\"auto, (max-width: 150px) 100vw, 150px\" \/><\/a><\/p>\n\n\n\n<p>Ci kt\u00f3rzy tego zamachu w 2015 roku dokonali, prezydenta Andrzeja Dud\u0119 jako swojego przedstawiciela na spotkanie grypy B9 do Koszyc wys\u0142ali. <a href=\"http:\/\/radiomaria.com.pl\/wp-content\/uploads\/2021\/12\/10.12.-Spotkanie-B9.mp3\"><img loading=\"lazy\" decoding=\"async\" width=\"150\" height=\"100\" class=\"wp-image-59750\" style=\"width: 150px;\" src=\"https:\/\/htb.com.pl\/wp-content\/uploads\/2021\/12\/B9Maly.jpg\" alt=\"\" srcset=\"https:\/\/htb.com.pl\/wp-content\/uploads\/2021\/12\/B9Maly.jpg 900w, https:\/\/htb.com.pl\/wp-content\/uploads\/2021\/12\/B9Maly-300x200.jpg 300w, https:\/\/htb.com.pl\/wp-content\/uploads\/2021\/12\/B9Maly-768x512.jpg 768w, https:\/\/htb.com.pl\/wp-content\/uploads\/2021\/12\/B9Maly-600x400.jpg 600w\" sizes=\"auto, (max-width: 150px) 100vw, 150px\" \/><\/a>Chyba nie poczytali, \u017ce w Koszycach b\u0119d\u0105 \u015bwi\u0119towali, bo prezydentowi przem\u00f3wienie o jakiej\u015b wojnie z Rosj\u0105 przygotowali.<\/p>\n\n\n\n<p>By\u0142 to niew\u0105tpliwie tydzie\u0144 prezydenta USA Joe Bidena i do niego nale\u017ca\u0142a polityczna scena. Pom tym jak nazwa\u0142 prezydenta Rosji morderc\u0105, czym wprowadzi\u0142 w zak\u0142opotanie rosyjsk\u0105 dyplomacj\u0119. Ch\u0142opaki z razwietpura maj\u0105 nowe zadanie. Musz\u0105 przeanalizowa\u0107 co si\u0119 stanie, jak Rosja w sw\u00f3j najs\u0142abszy punkt dostanie &#8211; gospodark\u0119. <a href=\"http:\/\/radiomaria.com.pl\/wp-content\/uploads\/2021\/12\/07.12.-Biden-Putin.mp3\"><img loading=\"lazy\" decoding=\"async\" width=\"150\" height=\"54\" class=\"wp-image-59744\" style=\"width: 150px;\" src=\"https:\/\/htb.com.pl\/wp-content\/uploads\/2021\/12\/Biden-Putin.jpg\" alt=\"\" srcset=\"https:\/\/htb.com.pl\/wp-content\/uploads\/2021\/12\/Biden-Putin.jpg 617w, https:\/\/htb.com.pl\/wp-content\/uploads\/2021\/12\/Biden-Putin-300x108.jpg 300w, https:\/\/htb.com.pl\/wp-content\/uploads\/2021\/12\/Biden-Putin-600x216.jpg 600w\" sizes=\"auto, (max-width: 150px) 100vw, 150px\" \/><\/a> Marysia te\u017c zawsze u przeciwnika najs\u0142abszy punkt wybiera\u0142a i tam uderza\u0142a. To dzia\u0142a &#8211; pami\u0119tam, \u017ce ta ho\u0142ota si\u0119 jej ba\u0142a i na wszelki wypadek za krocze trzyma\u0142a. Ursula&nbsp;Gertrud&nbsp;von der Leyen te\u017c tak dzia\u0142a i my\u015bl\u0119 \u017ce to ona Amerykan\u00f3w do tej metody przekona\u0142a. Bo przecie\u017c Unia Europejska militarnie Rosji rad\u0119 by da\u0142a i Amerykan\u00f3w do tego nie potrzebowa\u0142a. <a href=\"http:\/\/radiomaria.com.pl\/wp-content\/uploads\/2021\/12\/08.12.-Po-spotkaniu.mp3\"><img loading=\"lazy\" decoding=\"async\" width=\"150\" height=\"87\" class=\"wp-image-59746\" style=\"width: 150px;\" src=\"https:\/\/htb.com.pl\/wp-content\/uploads\/2021\/12\/Tankowanie.png\" alt=\"\" srcset=\"https:\/\/htb.com.pl\/wp-content\/uploads\/2021\/12\/Tankowanie.png 961w, https:\/\/htb.com.pl\/wp-content\/uploads\/2021\/12\/Tankowanie-300x173.png 300w, https:\/\/htb.com.pl\/wp-content\/uploads\/2021\/12\/Tankowanie-768x444.png 768w, https:\/\/htb.com.pl\/wp-content\/uploads\/2021\/12\/Tankowanie-600x347.png 600w\" sizes=\"auto, (max-width: 150px) 100vw, 150px\" \/><\/a><\/p>\n\n\n\n<p> \u017beby tylko nam kas\u0119 da\u0142a i polskiej gospodarki do ko\u0144ca nie zrujnowa\u0142a. Bo Polska tylko dzi\u0119ki UE dzia\u0142a, a o demokracji nie zapomnia\u0142a &#8211; Polska nigdy demokracji nie mia\u0142a.<\/p>\n","protected":false},"excerpt":{"rendered":"<p>Tak powiedzia\u0142 Joe Biden, prezydent Stan\u00f3w Zjednoczonych podczas wirtualego spotkania z przyw\u00f3dcami ponad stu kraj\u00f3w. Doda\u0142, \u017ce cytuje Nelsona Mandel\u0119. Mo\u017cliwe, \u017ce ten niezwyk\u0142y bojownik w walce z aparthei.dem to powiedzia\u0142 &#8211; dla mnie s\u0105 to s\u0142owa Marysi. Nigdy nie s\u0142ysza\u0142em \u017ceby tak powiedzia\u0142a ale widzia\u0142em jak dzia\u0142a\u0142a, gdy w Polsce w 1987 roku demokracj\u0119 [&hellip;]<\/p>\n","protected":false},"author":1,"featured_media":59752,"comment_status":"open","ping_status":"open","sticky":false,"template":"","format":"standard","meta":{"_jetpack_memberships_contains_paid_content":false,"footnotes":""},"categories":[4],"tags":[764],"class_list":["post-59722","post","type-post","status-publish","format-standard","has-post-thumbnail","hentry","category-daty-i-fakty-blog","tag-demokracja-to-nie-stan-tylko-dzialanie"],"jetpack_sharing_enabled":true,"jetpack_featured_media_url":"https:\/\/htb.com.pl\/wp-content\/uploads\/2021\/12\/protesting-5441816_640.png","_links":{"self":[{"href":"https:\/\/htb.com.pl\/index.php?rest_route=\/wp\/v2\/posts\/59722","targetHints":{"allow":["GET"]}}],"collection":[{"href":"https:\/\/htb.com.pl\/index.php?rest_route=\/wp\/v2\/posts"}],"about":[{"href":"https:\/\/htb.com.pl\/index.php?rest_route=\/wp\/v2\/types\/post"}],"author":[{"embeddable":true,"href":"https:\/\/htb.com.pl\/index.php?rest_route=\/wp\/v2\/users\/1"}],"replies":[{"embeddable":true,"href":"https:\/\/htb.com.pl\/index.php?rest_route=%2Fwp%2Fv2%2Fcomments&post=59722"}],"version-history":[{"count":12,"href":"https:\/\/htb.com.pl\/index.php?rest_route=\/wp\/v2\/posts\/59722\/revisions"}],"predecessor-version":[{"id":59757,"href":"https:\/\/htb.com.pl\/index.php?rest_route=\/wp\/v2\/posts\/59722\/revisions\/59757"}],"wp:featuredmedia":[{"embeddable":true,"href":"https:\/\/htb.com.pl\/index.php?rest_route=\/wp\/v2\/media\/59752"}],"wp:attachment":[{"href":"https:\/\/htb.com.pl\/index.php?rest_route=%2Fwp%2Fv2%2Fmedia&parent=59722"}],"wp:term":[{"taxonomy":"category","embeddable":true,"href":"https:\/\/htb.com.pl\/index.php?rest_route=%2Fwp%2Fv2%2Fcategories&post=59722"},{"taxonomy":"post_tag","embeddable":true,"href":"https:\/\/htb.com.pl\/index.php?rest_route=%2Fwp%2Fv2%2Ftags&post=59722"}],"curies":[{"name":"wp","href":"https:\/\/api.w.org\/{rel}","templated":true}]}}