{"id":60084,"date":"2021-12-18T11:42:10","date_gmt":"2021-12-18T11:42:10","guid":{"rendered":"https:\/\/htb.com.pl\/?p=60084"},"modified":"2021-12-21T17:00:17","modified_gmt":"2021-12-21T17:00:17","slug":"40-rocznica-wprowadzenia-stanu-wojennego","status":"publish","type":"post","link":"https:\/\/htb.com.pl\/?p=60084","title":{"rendered":"40 rocznica wprowadzenia stanu wojennego"},"content":{"rendered":"\n<p><\/p>\n\n\n\n<figure class=\"wp-block-image size-large\"><a href=\"http:\/\/radiomaria.com.pl\/wp-content\/uploads\/2021\/12\/13.12.-40-rocznica-stanu-wojennego.mp3\"><img loading=\"lazy\" decoding=\"async\" width=\"600\" height=\"421\" src=\"https:\/\/htb.com.pl\/wp-content\/uploads\/2018\/04\/stw.jpg\" alt=\"\" class=\"wp-image-176\" srcset=\"https:\/\/htb.com.pl\/wp-content\/uploads\/2018\/04\/stw.jpg 600w, https:\/\/htb.com.pl\/wp-content\/uploads\/2018\/04\/stw-300x211.jpg 300w\" sizes=\"auto, (max-width: 600px) 100vw, 600px\" \/><\/a><\/figure>\n\n\n\n<p><\/p>\n\n\n\n<figure class=\"wp-block-image size-thumbnail\"><a href=\"https:\/\/htb.com.pl\/wp-content\/uploads\/2021\/12\/40-rocznica-wprowadzenia-stanu-wojennego-blog.mp3\"><img loading=\"lazy\" decoding=\"async\" width=\"150\" height=\"150\" src=\"https:\/\/htb.com.pl\/wp-content\/uploads\/2018\/04\/posluchaj-150x150.jpg\" alt=\"\" class=\"wp-image-2020\" srcset=\"https:\/\/htb.com.pl\/wp-content\/uploads\/2018\/04\/posluchaj-150x150.jpg 150w, https:\/\/htb.com.pl\/wp-content\/uploads\/2018\/04\/posluchaj-300x300.jpg 300w, https:\/\/htb.com.pl\/wp-content\/uploads\/2018\/04\/posluchaj-100x100.jpg 100w\" sizes=\"auto, (max-width: 150px) 100vw, 150px\" \/><\/a><\/figure>\n\n\n\n<p>W stanie wojennym s\u0142u\u017cy\u0142em w wojsku i ju\u017c ten fakt nie upowa\u017cnia mnie do wypowiadania si\u0119 w tym temacie. Materia\u0142y w archiwum Radia MARIA pokazuj\u0105ce stan wojenny z mojej perspektywy s\u0105 wzgl\u0119dne. Kto\u015b mo\u017ce powiedzie\u0107, \u017ce mo\u017cna uwzgl\u0119dni\u0107 t\u0105 perspektyw\u0119 i m\u00f3wi\u0107 o stanie wojennym  w formacie bezwzgl\u0119dnym.  Mo\u017cliwe ale ja tak nie potrafi\u0119. Opisa\u0142em tylko to co widzia\u0142em, nic nie doda\u0142em, a jak co\u015b pomin\u0105\u0142em, to tylko dlatego, \u017ce zapomnia\u0142em. <\/p>\n\n\n\n<p>O wiele lepsza perspektywa, kt\u00f3ra nawet ukryt\u0105 prawd\u0119 odkrywa, to Marysi perspektywa. I teraz spr\u00f3buj\u0119 z jej perspektywy pokaza\u0107 to, co dzisiejsza w\u0142adze chce zamaza\u0107 i ze swojej perspektywy pokaza\u0107.<\/p>\n\n\n\n<p><strong>Stan wojenny wprowadzili komuni\u015bci<\/strong>. <a href=\"http:\/\/radiomaria.com.pl\/wp-content\/uploads\/2021\/12\/16.12.-Przemowienie-Prezydenta.mp3\"><img loading=\"lazy\" decoding=\"async\" width=\"150\" height=\"92\" class=\"wp-image-60141\" style=\"width: 150px;\" src=\"https:\/\/htb.com.pl\/wp-content\/uploads\/2021\/12\/Holdmaly.png\" alt=\"\" srcset=\"https:\/\/htb.com.pl\/wp-content\/uploads\/2021\/12\/Holdmaly.png 896w, https:\/\/htb.com.pl\/wp-content\/uploads\/2021\/12\/Holdmaly-300x185.png 300w, https:\/\/htb.com.pl\/wp-content\/uploads\/2021\/12\/Holdmaly-768x473.png 768w, https:\/\/htb.com.pl\/wp-content\/uploads\/2021\/12\/Holdmaly-600x370.png 600w\" sizes=\"auto, (max-width: 150px) 100vw, 150px\" \/><\/a> Ot\u00f3\u017c w tamtym czasie w Polsce komunist\u00f3w nie by\u0142o, jeszcze w 1938 roku co\u015b takiego jak Komintern im si\u0119 przytrafi\u0142o. Potem w 1941 roku kilku na spadochronach skoczy\u0142o ale oni miedzy sob\u0105 si\u0119 wystrzelali. Rz\u0105dz\u0105cy w PRL-u socjalist\u00f3w udawali.<\/p>\n\n\n\n<p><strong>Polacy masowo w stanie wojennym strajkowali<\/strong>. Ot\u00f3\u017c masowo &#8211; to Polacy kablowali. SB-ecy wi\u0119kszo\u015bci tych donos\u00f3w nawet nie rejestrowali. Gdyby nie to,  wszyscy by wsp\u00f3\u0142pracowali i teczki na ka\u017cdego w IPN by\u015bmy znajdowali. Polacy w tamtym czasie stan wojenny popierali. Teraz poumierali ci co pami\u0119tali i rz\u0105dz\u0105cy twierdz\u0105, \u017ce rozumu \u017ce\u015bmy nabrali, bo z obecnych sonda\u017cy wyczytali, \u017ce dzi\u015b w wi\u0119kszo\u015bci stanu wojennego by\u015bmy nie popierali.<\/p>\n\n\n\n<p><strong>Gdyby PRL by\u0142 na pustyni, to zabrak\u0142o by piasku.<\/strong> To taki \u017cart, cz\u0119sto opowiadany przez tych, co po przemianach lat 80-tych do w\u0142adzy si\u0119 dobrali. Mo\u017ce tak by\u015bmy por\u00f3wnali, czego rz\u0105dz\u0105cy w PRL i ci dzisiejsi dokonali. Tamci Polsk\u0105 po wojnie z potwornych zniszcze\u0144 odbudowali, a ci to co si\u0119 tylko da\u0142o, za bezcen sprzedali.  Cz\u0119sto s\u0142yszymy, \u017ce rz\u0105dz\u0105cy w PRL-u kredyt\u00f3w nabrali; 34 mld. USD &#8211; dzi\u015b jest bilion! Tamto zad\u0142u\u017cenie bez problemu by\u015bmy sp\u0142acali, gdyby Amerykanie wojny w Wietnamie nie przegrali. Recesj\u0119 u siebie t\u0105 kl\u0119sk\u0105 spowodowali i stopy procentowe a\u017c pod niebo wywindowali. Pami\u0119tam, jak Marysia do tych z CIA m\u00f3wi\u0142a, gdy w imieniu nuncjusza Colasuonno o zniesienie embarga prosi\u0142a &#8211; nie tak \u017ce\u015bmy si\u0119 umawiali. Jej ludzie wymownie pi\u0119\u015bci przy tym zaciskali &#8211; Amerykanie si\u0119 ich bali. Trzeba przyzna\u0107, \u017ce cz\u0119\u015b\u0107 d\u0142ugu Amerykanie za operacj\u0119 Samum nam podarowali, a reszt\u0119 \u017ce\u015bmy posp\u0142acali. Dzi\u015b rz\u0105dz\u0105cy tym agentom, co tam w Iraku Amerykan\u00f3w ratowali, dodatki do emerytur pozabierali i z Amerykanami jeszcze bardziej jak za PRL-u si\u0119 skonfliktowali. Ciekawe jak ten bilion dolar\u00f3w d\u0142ugu b\u0119dziemy sp\u0142acali?<\/p>\n\n\n\n<p>Rz\u0105dz\u0105cy dzi\u015b Polsk\u0105, w demokratycznych wyborach w\u0142adz\u0119 by oddali, a tak&#8230; \u017byj\u0105 jeszcze ci co np. Elektrowni\u0119 J\u0105drow\u0105 w \u017barnowcu budowali &#8211;  Oni by Polsk\u0119 uratowali. Gdy pisz\u0119 te s\u0142owa mamy 17 grudnia 2021. Dok\u0142adnie 31 lat temu, w\u0142a\u015bnie ta inwestycj\u0119 EJ\u017b, obecnie rz\u0105dz\u0105cy zlikwidowali i teraz za pr\u0105d ogromne rachunki b\u0119dziemy dostawali. <a href=\"http:\/\/radiomaria.com.pl\/wp-content\/uploads\/2021\/12\/17.12.-Rocznica-ogromnej-tragewdii.mp3\"><img loading=\"lazy\" decoding=\"async\" width=\"150\" height=\"83\" class=\"wp-image-60139\" style=\"width: 150px;\" src=\"https:\/\/htb.com.pl\/wp-content\/uploads\/2021\/12\/Kleska.jpg\" alt=\"\" srcset=\"https:\/\/htb.com.pl\/wp-content\/uploads\/2021\/12\/Kleska.jpg 800w, https:\/\/htb.com.pl\/wp-content\/uploads\/2021\/12\/Kleska-300x167.jpg 300w, https:\/\/htb.com.pl\/wp-content\/uploads\/2021\/12\/Kleska-768x427.jpg 768w, https:\/\/htb.com.pl\/wp-content\/uploads\/2021\/12\/Kleska-600x334.jpg 600w\" sizes=\"auto, (max-width: 150px) 100vw, 150px\" \/><\/a><\/p>\n\n\n\n<p> A oto czego jeszcze w tym tygodniu dokonali, ci kt\u00f3rzy nas w ta dro\u017cyzn\u0119 wpakowali, a teraz nawet nie chc\u0105 \u017ceby inne pa\u0144stwa UE nam pomaga\u0142y &#8211; do czego zreszt\u0105 si\u0119 zobowi\u0105za\u0142y. <a href=\"http:\/\/radiomaria.com.pl\/wp-content\/uploads\/2021\/12\/15.12.-Mniewj-niz-zero.mp3\"><img loading=\"lazy\" decoding=\"async\" width=\"150\" height=\"94\" class=\"wp-image-60143\" style=\"width: 150px;\" src=\"https:\/\/htb.com.pl\/wp-content\/uploads\/2021\/12\/Wera.jpg\" alt=\"\" srcset=\"https:\/\/htb.com.pl\/wp-content\/uploads\/2021\/12\/Wera.jpg 626w, https:\/\/htb.com.pl\/wp-content\/uploads\/2021\/12\/Wera-300x188.jpg 300w, https:\/\/htb.com.pl\/wp-content\/uploads\/2021\/12\/Wera-600x376.jpg 600w\" sizes=\"auto, (max-width: 150px) 100vw, 150px\" \/><\/a><\/p>\n\n\n\n<p>W\u0142a\u015bnie 17 grudnia parlamentarzyst\u00f3w z komisji kultury, kt\u00f3rzy za wolnymi mediami optowali oszukali <a href=\"http:\/\/radiomaria.com.pl\/wp-content\/uploads\/2021\/12\/17.12.-Co-zreobi-prezydent1.mp3\"><img loading=\"lazy\" decoding=\"async\" width=\"150\" height=\"103\" class=\"wp-image-60137\" style=\"width: 150px;\" src=\"https:\/\/htb.com.pl\/wp-content\/uploads\/2021\/12\/Suski.jpg\" alt=\"\" srcset=\"https:\/\/htb.com.pl\/wp-content\/uploads\/2021\/12\/Suski.jpg 627w, https:\/\/htb.com.pl\/wp-content\/uploads\/2021\/12\/Suski-300x206.jpg 300w, https:\/\/htb.com.pl\/wp-content\/uploads\/2021\/12\/Suski-600x412.jpg 600w\" sizes=\"auto, (max-width: 150px) 100vw, 150px\" \/><\/a> i ustaw\u0119 &#8220;lex TWN&#8221; w Sejmie przeg\u0142osowali. <a href=\"http:\/\/radiomaria.com.pl\/wp-content\/uploads\/2021\/12\/18.12.-Podwyzki.mp3\"><img loading=\"lazy\" decoding=\"async\" width=\"150\" height=\"75\" class=\"wp-image-60135\" style=\"width: 150px;\" src=\"https:\/\/htb.com.pl\/wp-content\/uploads\/2021\/12\/Parlament.png\" alt=\"\" srcset=\"https:\/\/htb.com.pl\/wp-content\/uploads\/2021\/12\/Parlament.png 1143w, https:\/\/htb.com.pl\/wp-content\/uploads\/2021\/12\/Parlament-300x150.png 300w, https:\/\/htb.com.pl\/wp-content\/uploads\/2021\/12\/Parlament-1024x511.png 1024w, https:\/\/htb.com.pl\/wp-content\/uploads\/2021\/12\/Parlament-768x383.png 768w, https:\/\/htb.com.pl\/wp-content\/uploads\/2021\/12\/Parlament-600x299.png 600w\" sizes=\"auto, (max-width: 150px) 100vw, 150px\" \/><\/a> Wcze\u015bniej premiera Mateusza Morawieckiego do Brukseli wys\u0142ali i w swoich mediach opowiadali, \u017ce ca\u0142\u0105 uni\u0119 od dro\u017cyzny b\u0119dziemy ratowali. Tu k\u0142amali, \u017ce zerowy VAT na produkty spo\u017cywcze w ca\u0142ej UE \u017ce\u015bmy zaproponowali.<\/p>\n\n\n\n<p>A mo\u017ce by\u015bcie si\u0119 tak kochani do dymisji podali. To jedyne, co mo\u017cna teraz zrobi\u0107, \u017ceby\u015bmy na mapie zostali.<\/p>\n","protected":false},"excerpt":{"rendered":"<p>W stanie wojennym s\u0142u\u017cy\u0142em w wojsku i ju\u017c ten fakt nie upowa\u017cnia mnie do wypowiadania si\u0119 w tym temacie. Materia\u0142y w archiwum Radia MARIA pokazuj\u0105ce stan wojenny z mojej perspektywy s\u0105 wzgl\u0119dne. Kto\u015b mo\u017ce powiedzie\u0107, \u017ce mo\u017cna uwzgl\u0119dni\u0107 t\u0105 perspektyw\u0119 i m\u00f3wi\u0107 o stanie wojennym w formacie bezwzgl\u0119dnym. Mo\u017cliwe ale ja tak nie potrafi\u0119. Opisa\u0142em [&hellip;]<\/p>\n","protected":false},"author":1,"featured_media":176,"comment_status":"open","ping_status":"open","sticky":false,"template":"","format":"standard","meta":{"_jetpack_memberships_contains_paid_content":false,"footnotes":""},"categories":[4],"tags":[765],"class_list":["post-60084","post","type-post","status-publish","format-standard","has-post-thumbnail","hentry","category-daty-i-fakty-blog","tag-40-rocznica-wprowadzenia-stanu-wojennego"],"jetpack_sharing_enabled":true,"jetpack_featured_media_url":"https:\/\/htb.com.pl\/wp-content\/uploads\/2018\/04\/stw.jpg","_links":{"self":[{"href":"https:\/\/htb.com.pl\/index.php?rest_route=\/wp\/v2\/posts\/60084","targetHints":{"allow":["GET"]}}],"collection":[{"href":"https:\/\/htb.com.pl\/index.php?rest_route=\/wp\/v2\/posts"}],"about":[{"href":"https:\/\/htb.com.pl\/index.php?rest_route=\/wp\/v2\/types\/post"}],"author":[{"embeddable":true,"href":"https:\/\/htb.com.pl\/index.php?rest_route=\/wp\/v2\/users\/1"}],"replies":[{"embeddable":true,"href":"https:\/\/htb.com.pl\/index.php?rest_route=%2Fwp%2Fv2%2Fcomments&post=60084"}],"version-history":[{"count":15,"href":"https:\/\/htb.com.pl\/index.php?rest_route=\/wp\/v2\/posts\/60084\/revisions"}],"predecessor-version":[{"id":60301,"href":"https:\/\/htb.com.pl\/index.php?rest_route=\/wp\/v2\/posts\/60084\/revisions\/60301"}],"wp:featuredmedia":[{"embeddable":true,"href":"https:\/\/htb.com.pl\/index.php?rest_route=\/wp\/v2\/media\/176"}],"wp:attachment":[{"href":"https:\/\/htb.com.pl\/index.php?rest_route=%2Fwp%2Fv2%2Fmedia&parent=60084"}],"wp:term":[{"taxonomy":"category","embeddable":true,"href":"https:\/\/htb.com.pl\/index.php?rest_route=%2Fwp%2Fv2%2Fcategories&post=60084"},{"taxonomy":"post_tag","embeddable":true,"href":"https:\/\/htb.com.pl\/index.php?rest_route=%2Fwp%2Fv2%2Ftags&post=60084"}],"curies":[{"name":"wp","href":"https:\/\/api.w.org\/{rel}","templated":true}]}}