{"id":60519,"date":"2021-12-26T10:44:42","date_gmt":"2021-12-26T10:44:42","guid":{"rendered":"https:\/\/htb.com.pl\/?p=60519"},"modified":"2021-12-26T12:40:06","modified_gmt":"2021-12-26T12:40:06","slug":"szopka-2021","status":"publish","type":"post","link":"https:\/\/htb.com.pl\/?p=60519","title":{"rendered":"Szopka 2021"},"content":{"rendered":"\n<figure class=\"wp-block-image size-large\"><img loading=\"lazy\" decoding=\"async\" width=\"620\" height=\"413\" src=\"https:\/\/htb.com.pl\/wp-content\/uploads\/2021\/12\/Stajenka.jpg\" alt=\"\" class=\"wp-image-60541\" srcset=\"https:\/\/htb.com.pl\/wp-content\/uploads\/2021\/12\/Stajenka.jpg 620w, https:\/\/htb.com.pl\/wp-content\/uploads\/2021\/12\/Stajenka-300x200.jpg 300w, https:\/\/htb.com.pl\/wp-content\/uploads\/2021\/12\/Stajenka-600x400.jpg 600w\" sizes=\"auto, (max-width: 620px) 100vw, 620px\" \/><\/figure>\n\n\n\n<figure class=\"wp-block-image size-thumbnail\"><a href=\"https:\/\/htb.com.pl\/wp-content\/uploads\/2021\/12\/Stajenka-2021.mp3\"><img loading=\"lazy\" decoding=\"async\" width=\"150\" height=\"150\" src=\"https:\/\/htb.com.pl\/wp-content\/uploads\/2018\/04\/posluchaj-150x150.jpg\" alt=\"\" class=\"wp-image-2020\" srcset=\"https:\/\/htb.com.pl\/wp-content\/uploads\/2018\/04\/posluchaj-150x150.jpg 150w, https:\/\/htb.com.pl\/wp-content\/uploads\/2018\/04\/posluchaj-300x300.jpg 300w, https:\/\/htb.com.pl\/wp-content\/uploads\/2018\/04\/posluchaj-100x100.jpg 100w\" sizes=\"auto, (max-width: 150px) 100vw, 150px\" \/><\/a><\/figure>\n\n\n\n<p>S\u0142owo szopka w j\u0119zyku polskim ma mn\u00f3stwo synonim\u00f3w ale jak do tej pory, w \u015awi\u0119ta Bo\u017cego Narodzenia znaczy\u0142o miejsce, gdzie narodzi\u0142 si\u0119 Jezus Chrystus. W Betlejem nie by\u0142o miejsca w gospodzie dla J\u00f3zefa i Marii  &#8211; ale stajenka, cho\u0107 licha znalaz\u0142a si\u0119. Dzi\u015b w Polsce dla uchod\u017ac\u00f3w nie ma miejsca. Poznali\u015bmy nowe w naszej kulturze okre\u015blenia push-back. Oznacza wywalanie z Polski przybysza w potrzebie. Ko\u015bci\u00f3\u0142 rzymskokatolicki, dla kt\u00f3rego takie post\u0119powanie jest z\u0142em, b\u0142ogos\u0142awi\u0142 tym dzia\u0142aniom rz\u0105du polskiego, bo taka jest polityka ko\u015bcio\u0142a&#8230; No w\u0142a\u015bnie jakiego? A mo\u017ce ju\u017c polskiego? Oby\u015bmy nie doczekali czego\u015b takiego. Marysia przed tym przestrzega\u0142a. Monarchi\u0119\u00a0\u201ekatolick\u0105, spo\u0142eczn\u0105, tradycyjn\u0105 i reprezentacyjn\u0105\u201d hiszpa\u0144skiego przyw\u00f3dcy genera\u0142a Francisco Franco  z 1947 roku przywo\u0142ywa\u0142a i swoje blizny pokazywa\u0142a. Z terrorystami ETA walczy\u0142a i st\u0105d je mia\u0142a. Dla \u00f3wczesnego nuncjusza apostolskiego w Polsce, Francesco Colasuonno pracowa\u0142a i wtedy 1986-7 rok taka szopka jak dzi\u015b miejsca na pewno by nie mia\u0142a.<\/p>\n\n\n\n<p>A oto co jeszcze do tej &#8220;szopki&#8221; w\u0142adza przygotowa\u0142a.  W\u0142adz, kt\u00f3r\u0105 do tej pory nazywali\u015bmy z\u0142ymi politykami, przyszed\u0142 jednak czas, aby nazywa\u0107 ich zamachowcami. Chodzi o zamach stanu z listopada 2015 roku.<\/p>\n\n\n\n<h2 class=\"wp-block-heading\">Zamach stanu jest do chrzanu<\/h2>\n\n\n\n<figure class=\"wp-block-gallery columns-3 is-cropped wp-block-gallery-1 is-layout-flex wp-block-gallery-is-layout-flex\"><ul class=\"blocks-gallery-grid\"><li class=\"blocks-gallery-item\"><figure><img loading=\"lazy\" decoding=\"async\" width=\"546\" height=\"314\" src=\"https:\/\/htb.com.pl\/wp-content\/uploads\/2021\/12\/Dosc.jpg\" alt=\"\" data-id=\"60524\" data-full-url=\"https:\/\/htb.com.pl\/wp-content\/uploads\/2021\/12\/Dosc.jpg\" data-link=\"https:\/\/htb.com.pl\/?attachment_id=60524\" class=\"wp-image-60524\" srcset=\"https:\/\/htb.com.pl\/wp-content\/uploads\/2021\/12\/Dosc.jpg 546w, https:\/\/htb.com.pl\/wp-content\/uploads\/2021\/12\/Dosc-300x173.jpg 300w\" sizes=\"auto, (max-width: 546px) 100vw, 546px\" \/><figcaption class=\"blocks-gallery-item__caption\">S\u0119dzie Juszczyszyn ci\u0105gle nie orzeka<\/figcaption><\/figure><\/li><li class=\"blocks-gallery-item\"><figure><img loading=\"lazy\" decoding=\"async\" width=\"440\" height=\"280\" src=\"https:\/\/htb.com.pl\/wp-content\/uploads\/2021\/12\/Inwigilowani-440x280-1.png\" alt=\"\" data-id=\"60523\" data-full-url=\"https:\/\/htb.com.pl\/wp-content\/uploads\/2021\/12\/Inwigilowani-440x280-1.png\" data-link=\"https:\/\/htb.com.pl\/?attachment_id=60523\" class=\"wp-image-60523\" srcset=\"https:\/\/htb.com.pl\/wp-content\/uploads\/2021\/12\/Inwigilowani-440x280-1.png 440w, https:\/\/htb.com.pl\/wp-content\/uploads\/2021\/12\/Inwigilowani-440x280-1-300x191.png 300w\" sizes=\"auto, (max-width: 440px) 100vw, 440px\" \/><figcaption class=\"blocks-gallery-item__caption\">Pods\u0142uchiwani Pegasusem<\/figcaption><\/figure><\/li><li class=\"blocks-gallery-item\"><figure><img loading=\"lazy\" decoding=\"async\" width=\"788\" height=\"526\" src=\"https:\/\/htb.com.pl\/wp-content\/uploads\/2021\/12\/Brejza.jpg\" alt=\"\" data-id=\"60522\" data-full-url=\"https:\/\/htb.com.pl\/wp-content\/uploads\/2021\/12\/Brejza.jpg\" data-link=\"https:\/\/htb.com.pl\/?attachment_id=60522\" class=\"wp-image-60522\" srcset=\"https:\/\/htb.com.pl\/wp-content\/uploads\/2021\/12\/Brejza.jpg 788w, https:\/\/htb.com.pl\/wp-content\/uploads\/2021\/12\/Brejza-300x200.jpg 300w, https:\/\/htb.com.pl\/wp-content\/uploads\/2021\/12\/Brejza-768x513.jpg 768w, https:\/\/htb.com.pl\/wp-content\/uploads\/2021\/12\/Brejza-600x401.jpg 600w\" sizes=\"auto, (max-width: 788px) 100vw, 788px\" \/><figcaption class=\"blocks-gallery-item__caption\">Pose\u0142 Brejza te\u017c by\u0142 pods\u0142uchiwany<\/figcaption><\/figure><\/li><\/ul><\/figure>\n\n\n\n<figure class=\"wp-block-audio\"><audio controls src=\"https:\/\/htb.com.pl\/wp-content\/uploads\/2021\/12\/A3-Zamach-stanu-jest-do-chrzanu.mp3\"><\/audio><\/figure>\n\n\n\n<p>Zamachowcy tak nawywijali, \u017ce nawet my Radio MARIA wiec w obronie wolnych medi\u00f3w w Mielcu \u017ce\u015bmy zorganizowali. <a href=\"http:\/\/radiomaria.com.pl\/wp-content\/uploads\/2021\/02\/Przeslanie.mp3\"><img loading=\"lazy\" decoding=\"async\" width=\"150\" height=\"74\" class=\"wp-image-60531\" style=\"width: 150px;\" src=\"https:\/\/htb.com.pl\/wp-content\/uploads\/2021\/12\/hej.jpg\" alt=\"\" srcset=\"https:\/\/htb.com.pl\/wp-content\/uploads\/2021\/12\/hej.jpg 807w, https:\/\/htb.com.pl\/wp-content\/uploads\/2021\/12\/hej-300x149.jpg 300w, https:\/\/htb.com.pl\/wp-content\/uploads\/2021\/12\/hej-768x381.jpg 768w, https:\/\/htb.com.pl\/wp-content\/uploads\/2021\/12\/hej-600x297.jpg 600w\" sizes=\"auto, (max-width: 150px) 100vw, 150px\" \/><\/a> Trzeba jednak uczciwie przyzna\u0107, \u017ce jego uczestnicy z Marysi\u0105 si\u0119 nie zgadzali &#8211; ale b\u0119dziemy pr\u00f3bowali.<\/p>\n\n\n\n<p>Mielczanie porozumienia sierpniowe wskazywali jako to, dzi\u0119ki czemu wolno\u015b\u0107 \u017ce\u015bmy odzyskali. Dla mnie sanacj\u0119 popierali. O dezercji wodza naczelnego, Edwarda Rydza \u015amig\u0142ego z wrze\u015bnia 1939 nie pami\u0119tali, <a href=\"http:\/\/radiomaria.com.pl\/wp-content\/uploads\/2021\/02\/20.12.-Dezercja1.mp3\"><img loading=\"lazy\" decoding=\"async\" width=\"150\" height=\"96\" class=\"wp-image-60533\" style=\"width: 150px;\" src=\"https:\/\/htb.com.pl\/wp-content\/uploads\/2021\/12\/Ucieczka.jpg\" alt=\"\" srcset=\"https:\/\/htb.com.pl\/wp-content\/uploads\/2021\/12\/Ucieczka.jpg 637w, https:\/\/htb.com.pl\/wp-content\/uploads\/2021\/12\/Ucieczka-300x191.jpg 300w, https:\/\/htb.com.pl\/wp-content\/uploads\/2021\/12\/Ucieczka-600x382.jpg 600w\" sizes=\"auto, (max-width: 150px) 100vw, 150px\" \/><\/a> a to ci co wtedy uciekali porozumienia sierpniowe napisali. Tak socjalist\u0119 J\u00f3zefa Pi\u0142sudskiego przywo\u0142ali i temu swojemu socjalizmowi ludzk\u0105 twarz nadali &#8211; przynajmniej tak o tym gadali. W 11-stym punkcie tych porozumie\u0144  kartki na mi\u0119so proponowali, zamiast uwolni\u0107 gospodark\u0119. To Marysia z nuncjuszem Francesco Colasuonno, ustaw\u0105 <em>laissez faire, laissez passer<\/em>  (z fr. daj spok\u00f3j daj spok\u00f3j) zrobi\u0142a. Ustawa pod nazw\u0105 o dzia\u0142alno\u015bci gospodarczej wesz\u0142a w \u017cycie ju\u017c po jej \u015bmierci. Wprowadzi\u0142 j\u0105 Mieczys\u0142aw Wilczek 1 stycznia 1989 roku i obowi\u0105zywa\u0142a do ko\u0144ca 2000 roku. Zmieni\u0142a nasz ustr\u00f3j gospodarczy. Gdyby Marysia \u017cy\u0142a, r\u00f3wnie\u017c polityczny by zmieni\u0142a. A tak &#8211; nasza polityka zawr\u00f3ci\u0142a i socjalizm, kt\u00f3rego w\u0142adza ludowa nie doko\u0144czy\u0142a, przywr\u00f3ci\u0142a. Z tamtych czas\u00f3w w\u0142a\u015bnie inflacja si\u0119 pojawi\u0142a, <a href=\"http:\/\/radiomaria.com.pl\/wp-content\/uploads\/2021\/12\/Nowe-nagranie.mp3\"><img loading=\"lazy\" decoding=\"async\" width=\"150\" height=\"113\" class=\"wp-image-60535\" style=\"width: 150px;\" src=\"https:\/\/htb.com.pl\/wp-content\/uploads\/2021\/12\/Stoisko.jpg\" alt=\"\" srcset=\"https:\/\/htb.com.pl\/wp-content\/uploads\/2021\/12\/Stoisko.jpg 640w, https:\/\/htb.com.pl\/wp-content\/uploads\/2021\/12\/Stoisko-300x225.jpg 300w, https:\/\/htb.com.pl\/wp-content\/uploads\/2021\/12\/Stoisko-600x450.jpg 600w\" sizes=\"auto, (max-width: 150px) 100vw, 150px\" \/><\/a> w planie jest analfabetyzm, z kt\u00f3rym w\u0142adza ludowa sobie poradzi\u0142a i ziszczenie elektryfikacji. <a href=\"http:\/\/radiomaria.com.pl\/wp-content\/uploads\/2021\/12\/23.12.-Oszustwo.mp3\"><img loading=\"lazy\" decoding=\"async\" width=\"150\" height=\"100\" class=\"wp-image-60537\" style=\"width: 150px;\" src=\"https:\/\/htb.com.pl\/wp-content\/uploads\/2021\/12\/Blokadad.jpg\" alt=\"\" srcset=\"https:\/\/htb.com.pl\/wp-content\/uploads\/2021\/12\/Blokadad.jpg 784w, https:\/\/htb.com.pl\/wp-content\/uploads\/2021\/12\/Blokadad-300x200.jpg 300w, https:\/\/htb.com.pl\/wp-content\/uploads\/2021\/12\/Blokadad-768x512.jpg 768w, https:\/\/htb.com.pl\/wp-content\/uploads\/2021\/12\/Blokadad-600x400.jpg 600w\" sizes=\"auto, (max-width: 150px) 100vw, 150px\" \/><\/a> Obecna w\u0142adza EJ\u017b rozwali\u0142a i teraz now\u0105 wybudowa\u0107 postanowi\u0142a.  To b\u0119dzie za jakie\u015b 30 lat, s\u0105 plany, \u017ce powstanie w gminie Choczew (Pomorskie). Plany inwestycyjne obecnego rz\u0105du \u0142\u0105czy las &#8211; kt\u00f3ry trzeba wyci\u0105\u0107. Marysia by wam wyci\u0119\u0142a. Ci kt\u00f3rzy z ni\u0105 zadzierali piskliwym g\u0142osem gadali, a ci co ich s\u0142uchali si\u0119 bali i Marysi s\u0142uchali.<\/p>\n","protected":false},"excerpt":{"rendered":"<p>S\u0142owo szopka w j\u0119zyku polskim ma mn\u00f3stwo synonim\u00f3w ale jak do tej pory, w \u015awi\u0119ta Bo\u017cego Narodzenia znaczy\u0142o miejsce, gdzie narodzi\u0142 si\u0119 Jezus Chrystus. W Betlejem nie by\u0142o miejsca w gospodzie dla J\u00f3zefa i Marii &#8211; ale stajenka, cho\u0107 licha znalaz\u0142a si\u0119. Dzi\u015b w Polsce dla uchod\u017ac\u00f3w nie ma miejsca. Poznali\u015bmy nowe w naszej kulturze [&hellip;]<\/p>\n","protected":false},"author":1,"featured_media":60541,"comment_status":"open","ping_status":"open","sticky":false,"template":"","format":"standard","meta":{"_jetpack_memberships_contains_paid_content":false,"footnotes":""},"categories":[4],"tags":[766],"class_list":["post-60519","post","type-post","status-publish","format-standard","has-post-thumbnail","hentry","category-daty-i-fakty-blog","tag-szopka-2021"],"jetpack_sharing_enabled":true,"jetpack_featured_media_url":"https:\/\/htb.com.pl\/wp-content\/uploads\/2021\/12\/Stajenka.jpg","_links":{"self":[{"href":"https:\/\/htb.com.pl\/index.php?rest_route=\/wp\/v2\/posts\/60519","targetHints":{"allow":["GET"]}}],"collection":[{"href":"https:\/\/htb.com.pl\/index.php?rest_route=\/wp\/v2\/posts"}],"about":[{"href":"https:\/\/htb.com.pl\/index.php?rest_route=\/wp\/v2\/types\/post"}],"author":[{"embeddable":true,"href":"https:\/\/htb.com.pl\/index.php?rest_route=\/wp\/v2\/users\/1"}],"replies":[{"embeddable":true,"href":"https:\/\/htb.com.pl\/index.php?rest_route=%2Fwp%2Fv2%2Fcomments&post=60519"}],"version-history":[{"count":9,"href":"https:\/\/htb.com.pl\/index.php?rest_route=\/wp\/v2\/posts\/60519\/revisions"}],"predecessor-version":[{"id":60548,"href":"https:\/\/htb.com.pl\/index.php?rest_route=\/wp\/v2\/posts\/60519\/revisions\/60548"}],"wp:featuredmedia":[{"embeddable":true,"href":"https:\/\/htb.com.pl\/index.php?rest_route=\/wp\/v2\/media\/60541"}],"wp:attachment":[{"href":"https:\/\/htb.com.pl\/index.php?rest_route=%2Fwp%2Fv2%2Fmedia&parent=60519"}],"wp:term":[{"taxonomy":"category","embeddable":true,"href":"https:\/\/htb.com.pl\/index.php?rest_route=%2Fwp%2Fv2%2Fcategories&post=60519"},{"taxonomy":"post_tag","embeddable":true,"href":"https:\/\/htb.com.pl\/index.php?rest_route=%2Fwp%2Fv2%2Ftags&post=60519"}],"curies":[{"name":"wp","href":"https:\/\/api.w.org\/{rel}","templated":true}]}}