{"id":60815,"date":"2022-01-01T12:40:23","date_gmt":"2022-01-01T12:40:23","guid":{"rendered":"https:\/\/htb.com.pl\/?p=60815"},"modified":"2022-01-01T14:11:06","modified_gmt":"2022-01-01T14:11:06","slug":"do-siego-roku","status":"publish","type":"post","link":"https:\/\/htb.com.pl\/?p=60815","title":{"rendered":"Do Siego Roku"},"content":{"rendered":"\n<p><\/p>\n\n\n\n<figure class=\"wp-block-image size-large\"><a href=\"http:\/\/radiomaria.com.pl\/wp-content\/uploads\/2021\/12\/Radio-Maria.mp3\"><img loading=\"lazy\" decoding=\"async\" width=\"600\" height=\"535\" src=\"https:\/\/htb.com.pl\/wp-content\/uploads\/2022\/01\/Do-Siego-Roku.jpg\" alt=\"\" class=\"wp-image-60821\" srcset=\"https:\/\/htb.com.pl\/wp-content\/uploads\/2022\/01\/Do-Siego-Roku.jpg 600w, https:\/\/htb.com.pl\/wp-content\/uploads\/2022\/01\/Do-Siego-Roku-300x268.jpg 300w\" sizes=\"auto, (max-width: 600px) 100vw, 600px\" \/><\/a><figcaption><strong>Te \u017cyczenia maj\u0105 wi\u0119ksz\u0105 szans\u0119 spe\u0142nienia w przypadku zaszczepienia<\/strong>&nbsp;<strong>na COVID-19,<\/strong>&nbsp;<strong>bo \u201eDo Siego Roku\u201d kiedy\u015b znaczy\u0142o, \u017ceby si\u0119 nast\u0119pnej Wigilii do\u017cy\u0142o<\/strong>.<\/figcaption><\/figure>\n\n\n\n<p><\/p>\n\n\n\n<figure class=\"wp-block-image size-thumbnail\"><a href=\"https:\/\/htb.com.pl\/wp-content\/uploads\/2022\/01\/Do-Siego-Roku.mp3\"><img loading=\"lazy\" decoding=\"async\" width=\"150\" height=\"150\" src=\"https:\/\/htb.com.pl\/wp-content\/uploads\/2018\/04\/posluchaj-150x150.jpg\" alt=\"\" class=\"wp-image-2020\" srcset=\"https:\/\/htb.com.pl\/wp-content\/uploads\/2018\/04\/posluchaj-150x150.jpg 150w, https:\/\/htb.com.pl\/wp-content\/uploads\/2018\/04\/posluchaj-300x300.jpg 300w, https:\/\/htb.com.pl\/wp-content\/uploads\/2018\/04\/posluchaj-100x100.jpg 100w\" sizes=\"auto, (max-width: 150px) 100vw, 150px\" \/><\/a><\/figure>\n\n\n\n<p>Takie \u017cyczenia sk\u0142adamy sobie w Sylwestra &#8211; ale nie zawsze tak by\u0142o. Nasi przodkowie, tak by\u0142o w mojej rodzili sk\u0142adali sobie takie \u017cyczenia w Wigili\u0119 \u015awi\u0105t Bo\u017cego Narodzenia. Narodzenie Jezusa by\u0142o pocz\u0105tkiem rocznego okresu zmaga\u0144 o prze\u017cycie. Jakiekolwiek plany poprzedzano stwierdzeniem, jak do\u017cyjemy. Pami\u0119tam z dzieci\u0144stwa, a by\u0142y to lata sze\u015b\u0107dziesi\u0105te ubieg\u0142ego wieku, \u017ce szczeg\u00f3lnie bano si\u0119 gru\u017alicy. Szczepienie przeciwko tej zaka\u017anej i cz\u0119sto \u015bmiertelnej chorobie rozpocz\u0119to jeszcze za sanacji, w 1926 roku. Jednak do wybuchu II wojny \u015bwiatowej zaszczepiono zaledwie 70 000 Polak\u00f3w, g\u0142\u00f3wnie dzieci.  Sanacyjni politycy i wojskowi wykorzystywali gru\u017alic\u0119 do pozbywania si\u0119 swoich przeciwnik\u00f3w politycznych. Gru\u017alic\u0105 zaka\u017cono genera\u0142a Tadeusza Rozwadowskiego, a potem wodza naczelnego Edwarda Rydza \u015amig\u0142ego. Dopiero po II wojnie \u015awiatowej w\u0142adze w Polsce potraktowa\u0142y gru\u017alic\u0119 jako co\u015b bardzo z\u0142ego i zaszczepi\u0142y ca\u0142\u0105 populacje spo\u0142ecze\u0144stwa polskiego. Niestety po 1989 roku powr\u00f3cili\u015bmy do modelu sanacyjnego, czyli kultu J\u00f3zefa Pi\u0142sudskiego i wraz z kultem jednostki przej\u0119li\u015bmy model ustroju spo\u0142ecznego, gdzie szczepienie nie jest dla ka\u017cdego, a jedynie dla swojego. W dobie internetu i dost\u0119pno\u015bci szczepionek nie by\u0142o to proste ale si\u0119 uda\u0142o. Antyszczepionkowc\u00f3w si\u0119 wypromowa\u0142o i teraz spo\u0142ecze\u0144stwo polskie b\u0119dzie umiera\u0142o.<\/p>\n\n\n\n<p>A teraz co jeszcze piewcom geniuszu Pi\u0142sudskiego w ostatnim tygodniu schrzani\u0107 si\u0119 uda\u0142o. Zaczn\u0119 mo\u017ce od tego, co si\u0119 im nie uda\u0142o. Prezydent Andrzej Duda zawetowa\u0142 ustaw\u0119 lex TVN i jak twierdzi pani pose\u0142 do Parlamentu Europejskiego Beata Mazurek &#8211;  wielu b\u0119dzie p\u0142aka\u0142o. <a href=\"http:\/\/radiomaria.com.pl\/wp-content\/uploads\/2021\/12\/27.12-Weto-prezydenta.mp3\"><img loading=\"lazy\" decoding=\"async\" width=\"150\" height=\"85\" class=\"wp-image-60823\" style=\"width: 150px;\" src=\"https:\/\/htb.com.pl\/wp-content\/uploads\/2022\/01\/Apel.png\" alt=\"\" srcset=\"https:\/\/htb.com.pl\/wp-content\/uploads\/2022\/01\/Apel.png 995w, https:\/\/htb.com.pl\/wp-content\/uploads\/2022\/01\/Apel-300x169.png 300w, https:\/\/htb.com.pl\/wp-content\/uploads\/2022\/01\/Apel-768x434.png 768w, https:\/\/htb.com.pl\/wp-content\/uploads\/2022\/01\/Apel-600x339.png 600w\" sizes=\"auto, (max-width: 150px) 100vw, 150px\" \/><\/a><\/p>\n\n\n\n<p>27 grudnia po raz pierwszy obchodzili\u015bmy Narodowy Dzie\u0144 Zwyci\u0119skiego Powstania Wielkopolskiego. I tu pan prezydent Andrzej Duda nie sprosta\u0142  oczekiwaniom jakie tu mia\u0142em wobec urz\u0119du prezydenckiego. Przemawiaj\u0105c w Poznaniu nie wspomnia\u0142 Ignacego Jana Paderewskiego, a to od jego przem\u00f3wienia wszystko si\u0119 zacz\u0119\u0142o. <a href=\"http:\/\/radiomaria.com.pl\/wp-content\/uploads\/2021\/12\/27.12.-Dzien-Zwycieskiego-Powstania-Wielkopolskiego.mp3\"><img loading=\"lazy\" decoding=\"async\" width=\"150\" height=\"101\" class=\"wp-image-60825\" style=\"width: 150px;\" src=\"https:\/\/htb.com.pl\/wp-content\/uploads\/2022\/01\/Poznan.png\" alt=\"\" srcset=\"https:\/\/htb.com.pl\/wp-content\/uploads\/2022\/01\/Poznan.png 766w, https:\/\/htb.com.pl\/wp-content\/uploads\/2022\/01\/Poznan-300x202.png 300w, https:\/\/htb.com.pl\/wp-content\/uploads\/2022\/01\/Poznan-600x405.png 600w\" sizes=\"auto, (max-width: 150px) 100vw, 150px\" \/><\/a><\/p>\n\n\n\n<p>Po zamachu stanu wszystko jest do chrzanu, SOP co mia\u0142 by\u0107 MOP ale ostatecznie jest SOP, to formacja co BOR w 2018 roku zast\u0105pi\u0142a. Mafia program szpiegowski Pegasus im kupi\u0142a, \u017ceby ta formacja ich chroni\u0142a. Miedzy innymi pani\u0105 prokurator Ew\u0119 Wrzosek <a href=\"http:\/\/radiomaria.com.pl\/wp-content\/uploads\/2021\/12\/3012-Prokurator-Ewa-Wrzosek.mp3\"><img loading=\"lazy\" decoding=\"async\" width=\"150\" height=\"100\" class=\"wp-image-60833\" style=\"width: 150px;\" src=\"https:\/\/htb.com.pl\/wp-content\/uploads\/2022\/01\/Wrzosek-1536x1024-1.jpeg\" alt=\"\" srcset=\"https:\/\/htb.com.pl\/wp-content\/uploads\/2022\/01\/Wrzosek-1536x1024-1.jpeg 1536w, https:\/\/htb.com.pl\/wp-content\/uploads\/2022\/01\/Wrzosek-1536x1024-1-300x200.jpeg 300w, https:\/\/htb.com.pl\/wp-content\/uploads\/2022\/01\/Wrzosek-1536x1024-1-1024x683.jpeg 1024w, https:\/\/htb.com.pl\/wp-content\/uploads\/2022\/01\/Wrzosek-1536x1024-1-768x512.jpeg 768w, https:\/\/htb.com.pl\/wp-content\/uploads\/2022\/01\/Wrzosek-1536x1024-1-600x400.jpeg 600w\" sizes=\"auto, (max-width: 150px) 100vw, 150px\" \/><\/a> tym pegasusem pods\u0142uchiwali. Mo\u017ce by\u015bmy o nich nie wspominali ale oficerowie SOP, w jednej z warszawskich restauracji si\u0119 schlali i prawnik\u00f3w, koleg\u00f3w po fachu Pani prokurator Wrzosek zaatakowali. Policjanci interweniowali. Widocznie taki rozkaz dostali, \u017ceby prawnik\u00f3w zwalczali. <a href=\"http:\/\/radiomaria.com.pl\/wp-content\/uploads\/2021\/12\/28.12.-SOP-jak-mop.mp3\"><img loading=\"lazy\" decoding=\"async\" width=\"150\" height=\"100\" class=\"wp-image-60827\" style=\"width: 150px;\" src=\"https:\/\/htb.com.pl\/wp-content\/uploads\/2022\/01\/SOP-jak-mop.png\" alt=\"\" srcset=\"https:\/\/htb.com.pl\/wp-content\/uploads\/2022\/01\/SOP-jak-mop.png 928w, https:\/\/htb.com.pl\/wp-content\/uploads\/2022\/01\/SOP-jak-mop-300x200.png 300w, https:\/\/htb.com.pl\/wp-content\/uploads\/2022\/01\/SOP-jak-mop-768x511.png 768w, https:\/\/htb.com.pl\/wp-content\/uploads\/2022\/01\/SOP-jak-mop-600x400.png 600w\" sizes=\"auto, (max-width: 150px) 100vw, 150px\" \/><\/a><\/p>\n\n\n\n<p>Ogromne rachunki za gaz b\u0119dziemy dostawali. Kiedy\u015b z Gazpromem umow\u0119 \u017ce\u015bmy podpisali. <a href=\"http:\/\/radiomaria.com.pl\/wp-content\/uploads\/2021\/12\/29.12.-Gaz-ziemny-podrozal.mp3\"><img loading=\"lazy\" decoding=\"async\" width=\"150\" height=\"84\" class=\"wp-image-60831\" style=\"width: 150px;\" src=\"https:\/\/htb.com.pl\/wp-content\/uploads\/2022\/01\/Nord-Stream.jpg\" alt=\"\" srcset=\"https:\/\/htb.com.pl\/wp-content\/uploads\/2022\/01\/Nord-Stream.jpg 800w, https:\/\/htb.com.pl\/wp-content\/uploads\/2022\/01\/Nord-Stream-300x169.jpg 300w, https:\/\/htb.com.pl\/wp-content\/uploads\/2022\/01\/Nord-Stream-768x432.jpg 768w, https:\/\/htb.com.pl\/wp-content\/uploads\/2022\/01\/Nord-Stream-600x338.jpg 600w\" sizes=\"auto, (max-width: 150px) 100vw, 150px\" \/><\/a> Premierem wtedy by\u0142 Waldemar Pawlak. Politycy bez wyobra\u017ani inaczej sobie to wyobra\u017cali i w 2019 roku umow\u0119 z Rosjanami zerwali. Ci teraz nas normalnie potraktowali i przy rozliczeniach gie\u0142dowe ceny gazu zastosowali. Pami\u0119tam jak wszyscy (\u0142\u0105cznie zemn\u0105), z Waldemara Pawlaka <a href=\"http:\/\/radiomaria.com.pl\/wp-content\/uploads\/2021\/12\/31.12.-Przepraszam.mp3\"><img loading=\"lazy\" decoding=\"async\" width=\"150\" height=\"97\" class=\"wp-image-60837\" style=\"width: 150px;\" src=\"https:\/\/htb.com.pl\/wp-content\/uploads\/2022\/01\/Waldemar-Pawlak1.jpg\" alt=\"\" srcset=\"https:\/\/htb.com.pl\/wp-content\/uploads\/2022\/01\/Waldemar-Pawlak1.jpg 784w, https:\/\/htb.com.pl\/wp-content\/uploads\/2022\/01\/Waldemar-Pawlak1-300x194.jpg 300w, https:\/\/htb.com.pl\/wp-content\/uploads\/2022\/01\/Waldemar-Pawlak1-768x498.jpg 768w, https:\/\/htb.com.pl\/wp-content\/uploads\/2022\/01\/Waldemar-Pawlak1-600x389.jpg 600w\" sizes=\"auto, (max-width: 150px) 100vw, 150px\" \/><\/a> si\u0119 \u015bmieli, uwa\u017caj\u0105c, \u017ce ruscy go nabrali &#8211; mo\u017ce teraz by\u015bmy si\u0119 po\u015bmiali?<\/p>\n\n\n\n<p>Niestety Rosjanie na tym nie poprzestali. Memoria\u0142 zlikwidowali <a href=\"http:\/\/radiomaria.com.pl\/wp-content\/uploads\/2021\/12\/28.12.-Memorial2.mp3\"><img loading=\"lazy\" decoding=\"async\" width=\"150\" height=\"80\" class=\"wp-image-60829\" style=\"width: 150px;\" src=\"https:\/\/htb.com.pl\/wp-content\/uploads\/2022\/01\/Memorialmaly.png\" alt=\"\" srcset=\"https:\/\/htb.com.pl\/wp-content\/uploads\/2022\/01\/Memorialmaly.png 978w, https:\/\/htb.com.pl\/wp-content\/uploads\/2022\/01\/Memorialmaly-300x161.png 300w, https:\/\/htb.com.pl\/wp-content\/uploads\/2022\/01\/Memorialmaly-768x411.png 768w, https:\/\/htb.com.pl\/wp-content\/uploads\/2022\/01\/Memorialmaly-850x450.png 850w, https:\/\/htb.com.pl\/wp-content\/uploads\/2022\/01\/Memorialmaly-600x321.png 600w\" sizes=\"auto, (max-width: 150px) 100vw, 150px\" \/><\/a> i wojska na granicy z Ukrain\u0105 skoncentrowali. Dobra informacja to to, \u017ce szpitali polowych w odwodach nie zorganizowali.<\/p>\n\n\n\n<p>Oby\u015bmy nast\u0119pnej Wigilii doczekali.<\/p>\n","protected":false},"excerpt":{"rendered":"<p>Takie \u017cyczenia sk\u0142adamy sobie w Sylwestra &#8211; ale nie zawsze tak by\u0142o. Nasi przodkowie, tak by\u0142o w mojej rodzili sk\u0142adali sobie takie \u017cyczenia w Wigili\u0119 \u015awi\u0105t Bo\u017cego Narodzenia. Narodzenie Jezusa by\u0142o pocz\u0105tkiem rocznego okresu zmaga\u0144 o prze\u017cycie. Jakiekolwiek plany poprzedzano stwierdzeniem, jak do\u017cyjemy. Pami\u0119tam z dzieci\u0144stwa, a by\u0142y to lata sze\u015b\u0107dziesi\u0105te ubieg\u0142ego wieku, \u017ce szczeg\u00f3lnie [&hellip;]<\/p>\n","protected":false},"author":1,"featured_media":60821,"comment_status":"open","ping_status":"open","sticky":false,"template":"","format":"standard","meta":{"_jetpack_memberships_contains_paid_content":false,"footnotes":""},"categories":[4],"tags":[767],"class_list":["post-60815","post","type-post","status-publish","format-standard","has-post-thumbnail","hentry","category-daty-i-fakty-blog","tag-do-siego-roku"],"jetpack_sharing_enabled":true,"jetpack_featured_media_url":"https:\/\/htb.com.pl\/wp-content\/uploads\/2022\/01\/Do-Siego-Roku.jpg","_links":{"self":[{"href":"https:\/\/htb.com.pl\/index.php?rest_route=\/wp\/v2\/posts\/60815","targetHints":{"allow":["GET"]}}],"collection":[{"href":"https:\/\/htb.com.pl\/index.php?rest_route=\/wp\/v2\/posts"}],"about":[{"href":"https:\/\/htb.com.pl\/index.php?rest_route=\/wp\/v2\/types\/post"}],"author":[{"embeddable":true,"href":"https:\/\/htb.com.pl\/index.php?rest_route=\/wp\/v2\/users\/1"}],"replies":[{"embeddable":true,"href":"https:\/\/htb.com.pl\/index.php?rest_route=%2Fwp%2Fv2%2Fcomments&post=60815"}],"version-history":[{"count":10,"href":"https:\/\/htb.com.pl\/index.php?rest_route=\/wp\/v2\/posts\/60815\/revisions"}],"predecessor-version":[{"id":60842,"href":"https:\/\/htb.com.pl\/index.php?rest_route=\/wp\/v2\/posts\/60815\/revisions\/60842"}],"wp:featuredmedia":[{"embeddable":true,"href":"https:\/\/htb.com.pl\/index.php?rest_route=\/wp\/v2\/media\/60821"}],"wp:attachment":[{"href":"https:\/\/htb.com.pl\/index.php?rest_route=%2Fwp%2Fv2%2Fmedia&parent=60815"}],"wp:term":[{"taxonomy":"category","embeddable":true,"href":"https:\/\/htb.com.pl\/index.php?rest_route=%2Fwp%2Fv2%2Fcategories&post=60815"},{"taxonomy":"post_tag","embeddable":true,"href":"https:\/\/htb.com.pl\/index.php?rest_route=%2Fwp%2Fv2%2Ftags&post=60815"}],"curies":[{"name":"wp","href":"https:\/\/api.w.org\/{rel}","templated":true}]}}