{"id":6164,"date":"2019-07-27T05:00:30","date_gmt":"2019-07-27T05:00:30","guid":{"rendered":"https:\/\/htb.com.pl\/?p=6164"},"modified":"2019-09-10T10:02:49","modified_gmt":"2019-09-10T10:02:49","slug":"sniadanie-mistrzow","status":"publish","type":"post","link":"https:\/\/htb.com.pl\/?p=6164","title":{"rendered":"&#8220;\u015aniadanie mistrz\u00f3w&#8221;"},"content":{"rendered":"\n<div class=\"wp-block-media-text alignwide\"><figure class=\"wp-block-media-text__media\"><img loading=\"lazy\" decoding=\"async\" width=\"454\" height=\"300\" src=\"https:\/\/htb.com.pl\/wp-content\/uploads\/2019\/07\/\u015aniadanie-na-trwaie.jpg\" alt=\"\" class=\"wp-image-6469\" srcset=\"https:\/\/htb.com.pl\/wp-content\/uploads\/2019\/07\/\u015aniadanie-na-trwaie.jpg 454w, https:\/\/htb.com.pl\/wp-content\/uploads\/2019\/07\/\u015aniadanie-na-trwaie-300x198.jpg 300w\" sizes=\"auto, (max-width: 454px) 100vw, 454px\" \/><\/figure><div class=\"wp-block-media-text__content\">\n<p>&#8220;\u015aniadanie na trawie&#8221;, obraz Edouarda Maneta. Najpierw widzimy m\u0105dre oczy kobiety, a dopiero potem jej nago\u015b\u0107. <\/p>\n<\/div><\/div>\n\n\n\n<p><\/p>\n\n\n\n<figure class=\"wp-block-image\"><a href=\"https:\/\/htb.com.pl\/wp-content\/uploads\/2019\/09\/Mistrzowie.mp3\"><img loading=\"lazy\" decoding=\"async\" width=\"150\" height=\"150\" src=\"https:\/\/htb.com.pl\/wp-content\/uploads\/2018\/04\/posluchaj-150x150.jpg\" alt=\"\" class=\"wp-image-2020\" srcset=\"https:\/\/htb.com.pl\/wp-content\/uploads\/2018\/04\/posluchaj-150x150.jpg 150w, https:\/\/htb.com.pl\/wp-content\/uploads\/2018\/04\/posluchaj-300x300.jpg 300w, https:\/\/htb.com.pl\/wp-content\/uploads\/2018\/04\/posluchaj-100x100.jpg 100w\" sizes=\"auto, (max-width: 150px) 100vw, 150px\" \/><\/a><\/figure>\n\n\n\n<p>\u015aniadanie mistrz\u00f3w, to tytu\u0142 programu TVN. Kolejny tydzie\u0144 i kolejny raz zaczynam od TVN. Staram si\u0119 nie ogl\u0105da\u0107 telewizji ale w tym sobotnim programie Marcina Mellera, kt\u00f3ry ma pozytywnie pokaza\u0107  polsk\u0105 inteligencj\u0119, zobaczy\u0142em samych pan\u00f3w. To mnie zdziwi\u0142o &#8211; tu te\u017c, kobiety do gar\u00f3w? Panowie t\u0142umaczyli si\u0119, \u017ce wszystkie panie im odm\u00f3wi\u0142y. Jedynie ks. Kazimierz  Sowa pozosta\u0142 u\u015bmiechni\u0119ty, t\u0142umaczenia, \u017ceby nie przesadza\u0107 z tym parytetem skwitowa\u0142 stwierdzeniem, \u017ce to wiek pan\u00f3w jest problemem, a nie brak parytetu. Ceni\u0119 ksi\u0119dza Sow\u0119, to taki proboszcz z mojego poprzedniego wpisu &#8211; cz\u0142owiek z wyobra\u017ani\u0105, to tak, \u017ceby nie wraca\u0107. Pozostali go\u015bcie programu to; Krzysztof Materna, Andrzej Mleczko i Micha\u0142 Og\u00f3rek. Tych mo\u017cna przyr\u00f3wna\u0107 do polityka z mojego poprzedniego wpisu. Dla nich J\u00f3zef Pi\u0142sudski, to narodowy bohater. Jednocze\u015bnie nabijaj\u0105 si\u0119 z Pana Jaros\u0142awa Kaczy\u0144skiego, kt\u00f3ry robi dok\u0142adnie to co Pi\u0142sudski. Jeszcze do pierdla nie trafi\u0142 ale si\u0119 stara. Panowie wspominali pierwsze l\u0105dowanie cz\u0142owieka na ksi\u0119\u017cycu, mamy 50-t\u0105 rocznic\u0119 tego wydarzenia. 20 lipca 1969 roku o godzinie 20:17:40 UTC ameryka\u0144ski l\u0105downik statku Apollo 11 wyl\u0105dowa\u0142 na ksi\u0119\u017cycu.  Ksi\u0105dz Sowa opowiedzia\u0142,  jak oprowadza\u0142 wycieczk\u0119 amerykan\u00f3w po budowie ko\u015bcio\u0142a w Nowej Hucie w latach siedemdziesi\u0105tych i pokaza\u0142 im kamie\u0144 z ksi\u0119\u017cyca, kt\u00f3ry teraz jest w tabernakulum. M\u00f3wi\u0142 o ARCE PANA, Ko\u015bci\u00f3\u0142 Matki Bo\u017cej Kr\u00f3lowej Polski. Okaza\u0142o si\u0119, \u017ce kamie\u0144 to dar Papie\u017ca Paw\u0142a VI, kt\u00f3ry otrzyma\u0142  od amerykan\u00f3w.  W dalszej cz\u0119\u015bci mojego wpisu, nawi\u0105\u017c\u0119 jeszcze  do tej \u015bwi\u0105tyni. Opowie\u015bci pozosta\u0142ych pan\u00f3w&#8230; Mo\u017ce napisz\u0119 to co powiedzia\u0142 pan Materna. Razem z innymi \u00f3wczesnymi intelektualistami, czyli takimi politykami z mojego poprzedniego wpisu, ogl\u0105dali l\u0105dowanie na prywatnej kwaterze turystycznej na Helu. Ich l\u0105dowanie mog\u0142o si\u0119 zako\u0144czy\u0107 katastrof\u0105, bo jeden zasn\u0105 z papierosem w ustach. Pan Materna chwali\u0142 si\u0119, \u017ce jako jedyny to zauwa\u017cy\u0142 i nie spalili kwatery w choler\u0119.<\/p>\n\n\n\n<p>Ja pami\u0119tam ten dzie\u0144, a w\u0142a\u015bciwie wiecz\u00f3r &#8211; to by\u0142y wakacje. Mieszkali\u015bmy w Kolonii \u0141ysak\u00f3w i nie mieli\u015bmy telewizora &#8211; nawet pr\u0105du elektrycznego nie mieli\u015bmy, by\u0142o radio z takiego du\u017cego akumulatora. Poprosi\u0142em Rodzic\u00f3w, \u017ceby pozwolili mi p\u00f3j\u015b\u0107 do mojego kolegi Andrzeja Stolarza. Ten mieszka\u0142 w \u0141ysakowie w szkole, do kt\u00f3rej chodzi\u0142em, tam by\u0142 telewizor Ametyst 102. Powiedzia\u0142em, \u017ce jestem du\u017cy, zda\u0142em do drugiej klasy. Rodzice jednak nie pozwolili mi i\u015b\u0107 na noc, by\u0142y wilki. Zaproponowali, \u017ce p\u00f3jdziemy do stryjka Bronka, kt\u00f3ry mieszka\u0142 w tej samej wsi i to u brata Taty s\u0142ucha\u0142em w radiu relacji z l\u0105dowania na ksi\u0119\u017cycu.  Polska jako jedyny kraj w Bloku Pa\u0144stw Uk\u0142adu Warszawskiego, \u015bci\u0105gn\u0119\u0142a piracki sygna\u0142 telewizyjny z Wiednia i mogli\u015bmy to obejrze\u0107 a ja jedynie pos\u0142ucha\u0107. Gdy Astronauci szcz\u0119\u015bliwie wyl\u0105dowali, bardzo si\u0119 ucieszy\u0142em, chcia\u0142em jak najszybciej do domu, \u017ceby w radiu spokojnie wys\u0142ucha\u0107 dalszej relacji. Wracaj\u0105c zatrzymali\u015bmy si\u0119 przy ogromnym d\u0119bie. R\u00f3s\u0142 ko\u0142o domu &#8220;Szymb\u00f3rki&#8221;, tak si\u0119 m\u00f3wi\u0142o na to miejsce. Nikt tam nie mieszka\u0142<a href=\"https:\/\/htb.com.pl\/?p=169\">. Mama m\u00f3wi\u0142a, \u017ce ten dom nie sp\u0142on\u0105 w czasie pacyfikacji wsi,<\/a> 15 pa\u017adziernika 1942 roku. Ukrai\u0144cy, kt\u00f3rzy wchodzili w sk\u0142ad pal\u0105cych wie\u015b gestapowc\u00f3w, przekonali dow\u00f3dc\u0119 &#8211; Niemca, \u017ce szkoda zapa\u0142ek na tak\u0105 ruder\u0119. Tata opowiedzia\u0142 o innym ocala\u0142ym domu podczas tej tragedii. By\u0142 to dom  Serafina, so\u0142tysa, kt\u00f3rego zabili &#8220;partyzanci&#8221; &#8211; co by\u0142o przyczyn\u0105 spalenia wsi i wymordowania m\u0119\u017cczyzn. Ale rodzina ta musia\u0142a ze wsi wyjecha\u0107. Wprawdzie nie od razu &#8211; w latach 50-tych stryjeczny brat Taty Micha\u0142, po\u015blubi\u0142 c\u00f3rk\u0119 zabitego przez &#8220;partyzant\u00f3w&#8221; so\u0142tysa. Wie\u015b zbojkotowa\u0142a zaproszenia na wesele i to zdecydowa\u0142o, \u017ce ludzie ci wyjechali. Ja wujka Micha\u0142a, pozna\u0142em, zna\u0142em te\u017c tych &#8220;partyzant\u00f3w&#8221;. Jeden z nich by\u0142 na imprezie u stryjka i s\u0142ucha\u0142 relacji z l\u0105dowania na ksi\u0119\u017cycu. Stwierdzi\u0142, \u017ce to bujda. Cz\u0142owiek ten nie potrafi\u0142 sobie wyobrazi\u0107,  \u017ce ziemia mo\u017ce by\u0107 okr\u0105g\u0142a. Gdy w roku 1976 pozna\u0142em Pani\u0105 Mari\u0119, potem Majk\u0119, zrozumia\u0142em dlaczego ten &#8220;partyzant&#8221; popiera\u0142 Sanacj\u0119. Nie mia\u0142 wyobra\u017ani.  Stoj\u0105c z Rodzicami pod tym d\u0119bem, patrzy\u0142em na ksi\u0119\u017cyc. Mama zapyta\u0142a, chcesz zobaczy\u0107 Astonaut\u00f3w? Ja nie jestem taki g\u0142upi jak ten partyzant &#8211; odpowiedzia\u0142em. My te\u017c nie, powiedzia\u0142 Tata.<\/p>\n\n\n\n<p>Prosz\u0119 klikn\u0105\u0107 zdj\u0119cie i pos\u0142ucha\u0107 relacji radiowej z pierwszego l\u0105dowania cz\u0142owieka na ksi\u0119\u017cycu.<\/p>\n\n\n\n<figure class=\"wp-block-image\"><a href=\"https:\/\/htb.com.pl\/wp-content\/uploads\/2019\/07\/l\u0105dowanie.mp3\"><img loading=\"lazy\" decoding=\"async\" width=\"1024\" height=\"576\" src=\"https:\/\/htb.com.pl\/wp-content\/uploads\/2019\/07\/L\u0105dowanie-1024x576.jpg\" alt=\"\" class=\"wp-image-6179\" srcset=\"https:\/\/htb.com.pl\/wp-content\/uploads\/2019\/07\/L\u0105dowanie-1024x576.jpg 1024w, https:\/\/htb.com.pl\/wp-content\/uploads\/2019\/07\/L\u0105dowanie-300x169.jpg 300w, https:\/\/htb.com.pl\/wp-content\/uploads\/2019\/07\/L\u0105dowanie-768x432.jpg 768w, https:\/\/htb.com.pl\/wp-content\/uploads\/2019\/07\/L\u0105dowanie-600x338.jpg 600w, https:\/\/htb.com.pl\/wp-content\/uploads\/2019\/07\/L\u0105dowanie.jpg 1200w\" sizes=\"auto, (max-width: 1024px) 100vw, 1024px\" \/><\/a><\/figure>\n\n\n\n<p>Po dziesi\u0119ciu dniach odnaleziono cia\u0142o dziecka w rejonie Gr\u00f3jca. By\u0142y to jak dot\u0105d najwi\u0119ksze poszukiwania tego typu. Jego ojciec pope\u0142ni\u0142 samob\u00f3jstwo a na z\u0142o\u015b\u0107 \u017conie,  zabi\u0142 synka. Psychika ludziom siada, nie wiem jak d\u0142ugo jeszcze trzeba b\u0119dzie to wszystko wytrzyma\u0107. Mam nadziej\u0119, \u017ce najbli\u017csze wybory parlamentarne sprawi\u0105, \u017ce zaczniemy si\u0119 do siebie u\u015bmiecha\u0107. Na u\u015bmiechni\u0119tych ludzi, id\u0105cych w marszu r\u00f3wno\u015bci, kolejny raz  nas\u0142ano kiboli, teraz by\u0142o to w Bia\u0142ymstoku. Wsp\u00f3\u0142czuj\u0119 policji, kolejny raz rz\u0105dz\u0105cy postawili ich miedzy m\u0142otem a kowad\u0142em. To tak z okazji ich \u015bwi\u0119ta &#8211; stu lecia powstania. Policja to nie s\u0105 ludzie z mojej bajki ale \u017cycz\u0119 powodzenia, tylko ze \u015bwi\u0119towaniem prosz\u0119 uwa\u017ca\u0107. (No &#8211;  w Toruniu nie jestem czytany :)), <em>dopisano po informacji o pijackiej aferze na tamtejszej komendzie<\/em>). Ale jak si\u0119 okazuje, kibole to nie jedyny  problem policjant\u00f3w. Poszukiwania dziecka trwa\u0142y tak d\u0142ugo, bo w pocz\u0105tkowej fazie zaanga\u017cowano Obron\u0119 Terytorialn\u0105, to te\u017c &#8220;si\u0142y bojowe&#8221; z\u0142ych polityk\u00f3w, a dla policji, maj\u0105 by\u0107 jak kiedy\u015b ORMO. Ta nowa formacja, to oczko w g\u0142owie rz\u0105dz\u0105cych. Chcieli si\u0119 nimi pochwali\u0107 przy poszukiwaniach dziecka. Nie wysz\u0142o &#8211; miejsce gdzie policja znalaz\u0142a cia\u0142o dziecka, ju\u017c trzeciego dnia by\u0142o przeszukiwane przez terytoroals\u00f3w. Jest ogromnym nadu\u017cyciem nazywanie tych m\u0142odych ludzi \u017co\u0142nierzami. Ja by\u0142em w wojsku, w pierwszym roku s\u0142u\u017cby by\u0142em &#8220;kotem&#8221;, na pocz\u0105tku nie umia\u0142em nic i nie znaczy\u0142em nic. Po roku stawa\u0142em si\u0119 \u017co\u0142nierzem, kt\u00f3ry dla armii mia\u0142 jak\u0105\u015b warto\u015b\u0107. M\u00f3wi si\u0119, \u017ce mieli\u015bmy wtedy 400 tys. \u017co\u0142nierzy (stan wojenny 1981 rok) ale po\u0142owa  by\u0142a jak dzisiejsi terytorialsi i tylko  &#8220;w pi..\u0119 i na gaz&#8221; sprawia\u0142o, \u017ce stawali si\u0119 \u017co\u0142nierzami. By\u0142em kapralem, gdyby moje wojsko tak wykonywa\u0142o komend\u0119 z wozu jak widzia\u0142em w reporta\u017cu z poszukiwa\u0144 dziecka&#8230; A gdyby ch\u0142opczyk \u017cy\u0142 i potrzebowa\u0142 pomocy?!<\/p>\n\n\n\n<p>Ca\u0142e to z\u0142o w jakim\u015b stopniu bierze si\u0119 z naszej ordynacji wyborczej. Do Sejmu wchodzi ten, kt\u00f3rego wyznaczy lider ugrupowania na pierwsze miejsce listy. Inaczej jest w wyborach do Parlamentu Europejskiego. Tam mandat zdobywa ten, co ma najwi\u0119cej g\u0142os\u00f3w na li\u015bcie. Pan Krzysztof Materna w programie Marcina Mellera bardzo narzeka\u0142 na tak\u0105 ordynacj\u0119. Nie mo\u017ce si\u0119 pogodzi\u0107, \u017ce do Parlamentu Europejskiego wszed\u0142 Leszek Miller a nie Micha\u0142 Wawrykiewicz, prawnik, kt\u00f3ry w\u0142a\u015bnie walczy z Gazeta Polsk\u0105 i ich wlepkami <strong>&#8220;Strefa wolna od LGBT&#8221;<\/strong> &#8211; nawet Ryszard Kalisz go chwali, dziwi\u0105 si\u0119 tylko, \u017ce PiS wyroki S\u0105du ma w d..ie. Czemu si\u0119 dziwicie?  To prawnicy  z S\u0105du Najwy\u017cszego i Trybuna\u0142u Konstytucyjnego pozwolili na zamach stanu.  I to komu &#8211; partyjnym kacykom. Takim samym kacykom jak ci, co blokowali budow\u0119 ko\u015bcio\u0142a w Nowej Hucie, o kt\u00f3rym wcze\u015bniej wspomnia\u0142em. W\u0142adys\u0142aw Gomu\u0142ka jako I sekretarz PZPR ju\u017c w listopadzie 1956 roku kaza\u0142 wyda\u0107 pozwolenie na  budow\u0119 tego ko\u015bcio\u0142a. To partyjne kacyki sprawi\u0142y, \u017ce jeszcze w latach siedemdziesi\u0105tych trwa\u0142a budowa. Za\u015b to, \u017ce j\u0105 uko\u0144czono, sprawi\u0142 kamie\u0144 z ksi\u0119\u017cyca i abp Karol Wojty\u0142a. Trzeba wreszcie zmieni\u0107 ordynacj\u0119 wyborcz\u0105, ta PRL-owsaka jest z\u0142a. Tylko nie na okr\u0119gi jednomandatowe &#8211; wida\u0107 jaki to problem dla ugrupowa\u0144, kt\u00f3re przeciwstawiaj\u0105 si\u0119 PiS-owi w obecnej kampanii do Senatu, gdzie w\u0142asnie obowi\u0105zuj\u0105 okr\u0119gi jednomandatowe.<\/p>\n\n\n\n<p>Wybory to zawsze jest problem, ja stosuj\u0119 metod\u0119 Marysi. Odpada ten, co nie ma wyobra\u017ani, czyli ten, dla kt\u00f3rego J\u00f3zef Pi\u0142sudski jest bohaterem. Kiedy\u015b Majka opowiada\u0142a mi, jak jako oficer grupy GAL (grupa do walki z terrorystami w Hiszpanii), mia\u0142a wybra\u0107 sobie ludzi z po\u015br\u00f3d wi\u0119\u017ani\u00f3w odsiaduj\u0105cych wyroki za morderstwa. Nie mog\u0142a zastosowa\u0107 metody z Pi\u0142sudskim, nikt tam o nim nie s\u0142ysza\u0142. Kaza\u0142a przygotowa\u0107 takich kandydat\u00f3w, kt\u00f3rzy dokonali zab\u00f3jstwa na polu walki. Okaza\u0142o si\u0119, \u017ce jest ich bardzo du\u017co, byli to g\u0142\u00f3wnie \u017co\u0142nierze Legii Cudzoziemskiej. Majka wybra\u0142a tych, kt\u00f3rzy mieli czyste buty. Gdy to opowiada\u0142a, przypomnia\u0142em sobie moj\u0105 s\u0142u\u017cb\u0119 w wojsku &#8211; faktycznie, \u017co\u0142nierz, kt\u00f3ry mia\u0142 czyste buty, by\u0142 bardzo dobrym \u017co\u0142nierzem. Mia\u0142em  okazj\u0119 pozna\u0107 ludzi Marysi, kilka takich przypadk\u00f3w opisa\u0142em, niekt\u00f3re jeszcze opisz\u0119, wiem, \u017ce za swoj\u0105 major Mari &#8211; w ogie\u0144 by poszli.<\/p>\n\n\n\n<p>Dzi\u015b z perspektywy lat wiem te\u017c, \u017ce g\u0142\u00f3wnym zadaniem Majki, by\u0142o zapobie\u017cenie konfrontacji polskich s\u0142u\u017cb, tych popieraj\u0105cych Stanis\u0142awa Kani\u0119 (I sekretarz PZPR 1980-1981) i tych co s\u0142uchali Jaruzelskiego. To co robi\u0142a dla naszej energetyki, by\u0142o przykrywk\u0105 dla walki ze z\u0142em, jakim jest terroryzm, kt\u00f3ry w spos\u00f3b naturalny pojawia si\u0119 tam, gdzie walka o w\u0142adz\u0119 nie jest demokratyczna. Mia\u0142a mandat Papie\u017ca Jana Paw\u0142a II, ich walka powiod\u0142a si\u0119, nie zmarnujmy tego zwyci\u0119stwa.<\/p>\n\n\n\n<div class=\"wp-block-media-text alignwide\"><figure class=\"wp-block-media-text__media\"><img loading=\"lazy\" decoding=\"async\" width=\"200\" height=\"274\" src=\"https:\/\/htb.com.pl\/wp-content\/uploads\/2019\/07\/rpa.jpg\" alt=\"\" class=\"wp-image-6457\"\/><\/figure><div class=\"wp-block-media-text__content\">\n<p class=\"has-medium-font-size\"><a href=\"https:\/\/htb.com.pl\/?product=rpa-kraj-niespodzianek\">RPA &#8211; bardzo ciekawy kraj. Tak m\u00f3wi\u0142a Marysia<\/a><\/p>\n<\/div><\/div>\n\n\n\n<p>Pa\u017adziernik 1986 rok, w moim kalendarzu jest zapis, &#8220;Majka polecia\u0142a do RPA&#8221;. Pami\u0119tam to &#8211; nie widzia\u0142em jej dwa tygodnie i nie mog\u0142em si\u0119 doczeka\u0107, kiedy wr\u00f3ci. Marysia by\u0142a ekspertem od terroryzmu \u015bwiatowej rangi, gdy 19 pa\u017adziernika 1986 roku mozambicki samolot, rz\u0105dowy  Tupolew Tu-134 z prezydentem Samore Machelem na pok\u0142adzie rozbi\u0142 si\u0119 w RPA i prezydent Bota nie chcia\u0142 wyda\u0107 czarnych skrzynek &#8211; podobnie jak Putin. Majka polecia\u0142a tam ze swoimi lud\u017ami. Podejrzewa\u0142a, \u017ce to m\u00f3g\u0142 by\u0107 zamach. Ostatecznie okaza\u0142o si\u0119, \u017ce za\u0142oga si\u0119 schla\u0142a. Ministrowie i prezydent  Mozambiku zgin\u0119li ale pijani cz\u0142onkowie za\u0142ogi i cz\u0119\u015b\u0107 pasa\u017cer\u00f3w prze\u017cy\u0142a katastrof\u0119. Ogrom tragedii bardzo Marysi\u0119 poruszy\u0142. Pami\u0119tam jak kilka miesi\u0119cy p\u00f3\u017aniej zareagowa\u0142a na <a href=\"https:\/\/htb.com.pl\/?p=2143\">katastrof\u0119 polskiego  I\u0141-a w Lesie Kabackim &#8211; 9 maja 1987 roku<\/a>, opisa\u0142em to. Ta katastrofa by\u0142a w sobot\u0119, tydzie\u0144 p\u00f3\u017aniej dla Majki wszystko by\u0142o jasne. To nie by\u0142 zamach, a oficer kt\u00f3ry nazwa\u0142 j\u0105 natowsk\u0105 k..w\u0105 by\u0142 jej koleg\u0105. Nawet opuchlizna z twarzy prawie mu zesz\u0142a. Dzi\u015b gdy patrz\u0119 na Antoniego Macierewicza, wyja\u015bniaj\u0105cego Katastrof\u0119 Smole\u0144sk\u0105&#8230;<\/p>\n\n\n\n<p>Leszek Miller &#8211; wspomniany tu wcze\u015bniej, to polityk z wyobra\u017ani\u0105. Niejako odwrotno\u015b\u0107 Antoniego Macierewicza, intelektualisty i opozycjonisty z czas\u00f3w m\u0142odo\u015bci go\u015bci &#8220;\u015aniadania mistrz\u00f3w&#8221;, ich idol &#8211; w pewnym okresie. Dlatego kto\u015b taki jak pan Materna nie jest w stanie poj\u0105\u0107, dlaczego to Leszka Millera ludzie wybrali do PE. Wyja\u015bni\u0119 &#8211; jest wiele powiedze\u0144 Pana Millera, kt\u00f3re bardzo trafnie oddaj\u0105 rzeczywisto\u015b\u0107. Dzi\u015b przytocz\u0119 jedno;<em> &#8220;Kto sieje wiatr, budzi psychopat\u00f3w&#8221;.<\/em> to bardzo trafne okre\u015blenie tego, co dzi\u015b dzieje si\u0119 w Polsce, gdzie rz\u0105dz\u0105cy chc\u0105c za wszelk\u0105 cen\u0119  utrzyma\u0107 w\u0142adz\u0119, wywo\u0142ali wojn\u0119 domow\u0105  z spo\u0142eczno\u015bci\u0105 LGBT. Inny polityk ale bez wyobra\u017ani, znacznie bli\u017cszy go\u015bciom &#8220;\u015bniadania&#8221;, pan Donald Tusk, ju\u017c po wydarzeniach bia\u0142ostockich wyrazi\u0142 swoje oburzenie &#8211; powiedzia\u0142;  <em>&#8220;Kibole, antysemici, homofobia &#8211; nic nowego. Tragedi\u0105 jest w\u0142adza, kt\u00f3ra jest ich patronem. Wszyscy przyzwoici Polacy, niezale\u017cnie od pogl\u0105d\u00f3w, musz\u0105 powiedzie\u0107: do\u015b\u0107 przemocy!&#8221; <\/em> <strong>Zapomnia\u0142 w\u0142asne s\u0142owa z<\/strong> <a href=\"https:\/\/htb.com.pl\/?p=3581\"> wyk\u0142adu na Uniwersytecie Warszawskim<\/a>, sp\u00f3jnik &#8220;i&#8221; panie Tusk &#8211; winni\u015bmy i my i oni. Miller te wydarzenia przewidzia\u0142, on nikogo nie pot\u0119pia i tylko Afera Rywina sprawi\u0142a, \u017ce nie mo\u017ce im zapobiega\u0107. Terroryzm to w\u0142a\u015bnie zachowania psychopatyczne, jak zab\u00f3jstwo prezydenta Paw\u0142a Adamowicza, czy zad\u017aganie przez ojca swego w\u0142asnego synka pod Gr\u00f3jcem.  To nie kibole s\u0105 problemem, pan Tusk pami\u0119ta jak  nazywali go mato\u0142em i obiecywali obali\u0107 jego rz\u0105d. Dlatego od kiboli rozpocz\u0105\u0142 swoj\u0105 wypowied\u017a &#8211; m\u00f3wi\u0105c o rz\u0105dz\u0105cych, m\u00f3wi\u0142 r\u00f3wnie\u017c o sobie. Wszyscy musimy zrobi\u0107 krok w ty\u0142. Majaka oficerowi, kt\u00f3ry j\u0105 zwyzywa\u0142  poda\u0142a d\u0142o\u0144. My te\u017c powinni\u015bmy to zrobi\u0107 &#8211; jak wtedy.  By\u0142 rok 1987.<\/p>\n\n\n\n<div class=\"wp-block-media-text alignwide\"><figure class=\"wp-block-media-text__media\"><img loading=\"lazy\" decoding=\"async\" width=\"200\" height=\"310\" src=\"https:\/\/htb.com.pl\/wp-content\/uploads\/2019\/03\/terrorysta.jpg\" alt=\"\" class=\"wp-image-3338\" srcset=\"https:\/\/htb.com.pl\/wp-content\/uploads\/2019\/03\/terrorysta.jpg 200w, https:\/\/htb.com.pl\/wp-content\/uploads\/2019\/03\/terrorysta-194x300.jpg 194w\" sizes=\"auto, (max-width: 200px) 100vw, 200px\" \/><\/figure><div class=\"wp-block-media-text__content\">\n<p style=\"text-align:left\"><a href=\"https:\/\/htb.com.pl\/?product=polscy-terrorysci\">Kto\u015b mo\u017ce powiedzie\u0107, \u017ce to co pisz\u0119 to bzdury. Prosz\u0119 kupi\u0107 t\u0105 ksi\u0105\u017ck\u0119, tam jest o Pi\u0142sudskim, mo\u017ce zrozumiecie, dlaczego dzi\u015b piewcy jego geniuszu, napuszczaj\u0105 jednych Polak\u00f3w na drugich.<\/a><\/p>\n<\/div><\/div>\n\n\n\n<p>Wielu ogl\u0105daj\u0105c zdj\u0119cia z marszu r\u00f3wno\u015bci w Bia\u0142ymstoku, zastanawia si\u0119, co mo\u017ce by\u0107 gorszego? A tak napisa\u0142em &#8211; kibole atakuj\u0105cy ludzi, to nie jest to, co jest dzi\u015b najgorsze. Precz od naszych dzieci, krzycza\u0142 pan Jaros\u0142aw Kaczy\u0144ski, bezdzietny kawalet i ojciec Tadeusz Rydzyk ale to taki duchowny ojciec. Nie rozumiej\u0105 tego co krzycz\u0105 i to jest najgorsze. Polskie dzieci s\u0105 zagro\u017cone, a to nasza przysz\u0142o\u015b\u0107. Nienawistna retoryka polityk\u00f3w wobec siebie udziela si\u0119 zwyk\u0142ym ludziom. Doro\u015bli w wi\u0119kszo\u015bci s\u0105 odporni psychicznie na takie dzia\u0142ania ale dzieci nie. Ich psychika jest delikatna, s\u0142aba. Polska jest drugim po Niemczech krajem, gdzie jest najwi\u0119cej samob\u00f3jstw w\u015br\u00f3d dzieci. Niemcy wyprzedzaj\u0105 nas dlatego, bo tam s\u0105 uchod\u017acy, ich dzieci prze\u017cy\u0142y traum\u0119. Nasze te\u017c j\u0105 przezywaj\u0105, zabrak\u0142o miejsc w szpitalach psychiatrycznych dla dzieci. Nie chc\u0119 rozwija\u0107 tego tematu, a m\u00f3g\u0142bym, \u017bona jest nauczycielk\u0105. Zako\u0144cz\u0119 powiedzeniem Marysi; <em>&#8220;Puknijmy si\u0119 w czo\u0142o, tylko nie za mocno, bo kto\u015b pomy\u015bli, \u017ce bij\u0105 w tarabany<\/em>&#8220;.<\/p>\n\n\n\n<p>Oty\u0142o\u015b\u0107 dzieci &#8211; to te\u017c co\u015b znacznie gorszego ni\u017c ich &#8220;seksualizacja&#8221;, z kt\u00f3r\u0105 tak walczy Ko\u015bci\u00f3\u0142. Za kilka lat jaki\u015b Papie\u017c b\u0119dzie przeprasza\u0142 za to i za LGBT &#8211; jak za nieuznawanie teorii heliocentrycznej, czy holokaust. W tym drugim przypadku jest nawet pewna analogia. WHO &#8211; \u015awiatowa Organizacja Zdrowia ju\u017c w 1974 roku zwraca\u0142a uwag\u0119 na problem oty\u0142o\u015bci dzieci, wtedy oty\u0142ych by\u0142o 11 milion\u00f3w, w roku 2016 a\u017c 124 miliony a 213 mia\u0142o nadwag\u0119. To na \u015awiecie ale Polska jest tu niestety &#8220;liderem&#8221; &#8211; w tym z\u0142ym znaczeniu. W roku 2016 nadwag\u0119 mia\u0142o 22% gimnazjalist\u00f3w i 16% gimnazjalistek. \u017beby ten problem zrozumie\u0107, potrzebna jest wyobra\u017ania. Rz\u0105dz\u0105cy dla kt\u00f3rych J\u00f3zef Pi\u0142sudski jest bohaterem nie zrozumiej\u0105 tego co napisa\u0142em.Trzeba poda\u0107 sobie d\u0142o\u0144 i przesta\u0107 si\u0119 wyzywa\u0107, na \u015awiat trzeba patrze\u0107 sercem, ono widzi to, czego oczy nie widz\u0105. Dostrze\u017cemy wtedy w\u0142a\u015bciwe problemy. No &#8211; cho\u0107by tak\u0105 oty\u0142o\u015b\u0107, u nas m\u0119\u017cczyzn \u0142atwo j\u0105 zauwa\u017cy\u0107,  trzeba popatrze\u0107 w d\u00f3\u0142&#8230; No w\u0142a\u015bnie. Ja jeszcze widz\u0119 co trzeba, bo mi\u0119dzy innymi pij\u0119 &#8220;moj\u0105 herbatk\u0119&#8221;, <a href=\"https:\/\/htb.com.pl\/?product=lekka-herbata-relaksujaca-15g\"><img loading=\"lazy\" decoding=\"async\" width=\"150\" height=\"150\" class=\"wp-image-5931\" style=\"width: 150px;\" src=\"https:\/\/htb.com.pl\/wp-content\/uploads\/2019\/07\/wyszczuplaj\u0105ca.png\" alt=\"\" srcset=\"https:\/\/htb.com.pl\/wp-content\/uploads\/2019\/07\/wyszczuplaj\u0105ca.png 800w, https:\/\/htb.com.pl\/wp-content\/uploads\/2019\/07\/wyszczuplaj\u0105ca-150x150.png 150w, https:\/\/htb.com.pl\/wp-content\/uploads\/2019\/07\/wyszczuplaj\u0105ca-300x300.png 300w, https:\/\/htb.com.pl\/wp-content\/uploads\/2019\/07\/wyszczuplaj\u0105ca-768x769.png 768w, https:\/\/htb.com.pl\/wp-content\/uploads\/2019\/07\/wyszczuplaj\u0105ca-600x601.png 600w, https:\/\/htb.com.pl\/wp-content\/uploads\/2019\/07\/wyszczuplaj\u0105ca-100x100.png 100w\" sizes=\"auto, (max-width: 150px) 100vw, 150px\" \/><\/a> wcze\u015bniej r\u00f3\u017cnie z tym bywa\u0142o. To naprawd\u0119 nie jest \u015bmieszne, dzieci, kt\u00f3re dzi\u015b s\u0105 oty\u0142e, w moim wieku mog\u0105 mie\u0107 du\u017cy &#8211; problem.<\/p>\n\n\n\n<p>Chcia\u0142bym napisa\u0107, \u017ce Marysia od\u017cywia\u0142a si\u0119 zdrowo ale to nieprawda. Tam gdzie j\u0105 znali zamawia\u0142a skrzyde\u0142ka &#8211; kelner zawsze przynosi\u0142 golonk\u0119. Bardzo lubi\u0119 skrzyde\u0142ka ze \u015bwini Jasiu m\u00f3wi\u0142a i cieszy\u0142a si\u0119 jak dziecko. To \u017ce by\u0142a szczup\u0142a zawdzi\u0119cza\u0142a temu, \u017ce ci\u0105gle zaci\u0105ga\u0142a mnie do \u0142\u00f3zka i przynajmniej godzina dziennie trenowa\u0142a Shotokan &#8211; karate znaczy. Jak nie trenowali z ni\u0105 jej ludzie, ja musia\u0142em trzyma\u0107 deski do temashiwari &#8211; rozbija\u0142a je, r\u0119k\u0105 albo nog\u0105. Pami\u0119tam kiedy\u015b trenowa\u0142a kombinacj\u0119, gdzie najpierw nog\u0105 wytr\u0105ca\u0142a mi n\u00f3\u017c, by\u0142 przy tym okrzyk, a potem uderza\u0142a sosnow\u0105 desk\u0119 r\u0119k\u0105 na wysoko\u015bci mojej skroni. Z deski sypa\u0142y si\u0119 drzazgi ale Majka nie by\u0142a zadowolona. Po godzinie deski si\u0119 sko\u0144czy\u0142y. Trzeba tak uderzy\u0107, \u017ceby os\u0142abi\u0107 ale nie zabi\u0107, podsumowa\u0142a sw\u00f3j trening. Mog\u0119 przywie\u017a\u0107 grubsze deski, zaproponowa\u0142em. Cz\u0142owiek ma s\u0142absze ko\u015bci czaszki, nawet od tych co by\u0142y, powiedzia\u0142a.<\/p>\n\n\n\n<figure class=\"wp-block-embed-youtube wp-block-embed is-type-video is-provider-youtube wp-embed-aspect-16-9 wp-has-aspect-ratio\"><div class=\"wp-block-embed__wrapper\">\n<iframe loading=\"lazy\" title=\"MOV 0217\" width=\"848\" height=\"477\" src=\"https:\/\/www.youtube.com\/embed\/omwJPF9RvrQ?feature=oembed\" frameborder=\"0\" allow=\"accelerometer; autoplay; encrypted-media; gyroscope; picture-in-picture\" allowfullscreen><\/iframe>\n<\/div><figcaption>Pokaza\u0142em jak umia\u0142em kombinacj\u0119, kt\u00f3r\u0105 opisa\u0142em.<br><\/figcaption><\/figure>\n\n\n\n<p>Do Ch\u0142opak\u00f3w co ich kibolami nazywam. Panowie &#8211; macie ducha walki, Marysia bardzo ceni\u0142a takich ludzi i takich sobie dobiera\u0142a. Szczeg\u00f3lnie ceni\u0142a tych, kt\u00f3rzy trudno akceptowali jak\u0105kolwiek zwierzchno\u015b\u0107. Major Mari jednak s\u0142uchali &#8211; ja to widzia\u0142em, a dzi\u015b wiem, \u017ce mieli wielkie szcz\u0119\u015bcie, \u017ce j\u0105 spotkali. \u017bycz\u0119 wam aby\u015bcie te\u017c kogo\u015b takiego spotkali. By\u0142oby to dla Was i Polski&#8230;  Bp. Tadeusz Pieronek m\u00f3wi\u0142:<\/p>\n\n\n\n<blockquote class=\"wp-block-quote is-layout-flow wp-block-quote-is-layout-flow\"><p><a href=\"https:\/\/htb.com.pl\/?p=2864\">&#8220;Ludzie nie s\u0105 \u017ali, tylko czyni\u0105 \u017ale&#8221;<\/a><\/p><\/blockquote>\n\n\n\n<p><strong>Ursula von der Leyen<\/strong> &#8211; nowo wybrana przewodnicz\u0105ca Komisji Europejskiej przyby\u0142a do Polski. Spotka\u0142a si\u0119 z premierem Mateuszem Morawieckim. Pani przewodnicz\u0105ca wie, \u017ce musi by\u0107 unijny komisarz z grona polskich polityk\u00f3w, to dla niej problem. Polska bowiem mo\u017ce rekomendowa\u0107 obecnie tylko z\u0142ego polityka na to stanowisko. Pad\u0142o na Romana Szczerskiego, cz\u0142owieka prezydenta Andrzeja Dudy. <a href=\"https:\/\/htb.com.pl\/?p=5818\">Nie wysz\u0142o w NATO<\/a>, mo\u017ce  uda si\u0119 w UE. Nasz premier wykorzysta\u0142 spotkanie do swojej kampanii wyborczej. To nie dziwi, nic innego bowiem nie robi, tylko prowadzi nieustann\u0105 kampani\u0119 wyborcz\u0105 Pis-u. Do swoich wyborc\u00f3w m\u00f3wi\u0142 tak, jakby to Polska a nie Niemcy by\u0142y pot\u0119g\u0105 gospodarcz\u0105. W TVPiS odpowiednio to obrobiono i poszed\u0142 przekaz, \u017ce Niemcy nie mog\u0105 si\u0119 m\u0105drzy\u0107, bo  maj\u0105 wi\u0119kszy deficyt bud\u017cetowy jak Polska. Za\u015b nasze problemy z s\u0105downictwem, teraz zosta\u0142y zresetowane i mamy nowe otwarcie. Polityka to nie jest gra komputerowa. Niemcy maj\u0105 ogromny deficyt, bo wpompowa\u0142y  pieni\u0105dze w by\u0142e NRD, teraz jednak konsekwentnie deficyt zmniejszaj\u0105. Unia Europejska, w tym Niemcy wpompowa\u0142a w nas, Polsk\u0119 ponad 100 mld. EUR, a my sw\u00f3j d\u0142ug zwi\u0119kszamy.<\/p>\n\n\n\n<p>Cieszy mnie to, \u017ce na czele Unii Europejskiej stoi kobieta.  Usula von der Leyen jest r\u00f3wie\u015bniczk\u0105 Marysi, te\u017c studiowa\u0142a w Anglii. podobno uwielbia\u0142a dyskoteki. Jak Majka &#8211; mo\u017ce nawet si\u0119 spotka\u0142y. Szkoda, \u017ce dzi\u015b nie mog\u0105 zje\u015b\u0107 razem \u015bniadania, by\u0142oby to \u015bniadanie mistrzy\u0144 i dobry dzie\u0144 dla Naszej Europy.   <\/p>\n","protected":false},"excerpt":{"rendered":"<p>&#8220;\u015aniadanie na trawie&#8221;, obraz Edouarda Maneta. Najpierw widzimy m\u0105dre oczy kobiety, a dopiero potem jej nago\u015b\u0107. \u015aniadanie mistrz\u00f3w, to tytu\u0142 programu TVN. Kolejny tydzie\u0144 i kolejny raz zaczynam od TVN. Staram si\u0119 nie ogl\u0105da\u0107 telewizji ale w tym sobotnim programie Marcina Mellera, kt\u00f3ry ma pozytywnie pokaza\u0107 polsk\u0105 inteligencj\u0119, zobaczy\u0142em samych pan\u00f3w. To mnie zdziwi\u0142o &#8211; [&hellip;]<\/p>\n","protected":false},"author":1,"featured_media":6469,"comment_status":"open","ping_status":"open","sticky":false,"template":"","format":"standard","meta":{"_jetpack_memberships_contains_paid_content":false,"footnotes":""},"categories":[4],"tags":[465,467,466],"class_list":["post-6164","post","type-post","status-publish","format-standard","has-post-thumbnail","hentry","category-daty-i-fakty-blog","tag-kibole","tag-nasze-problemy","tag-psychika"],"jetpack_sharing_enabled":true,"jetpack_featured_media_url":"https:\/\/htb.com.pl\/wp-content\/uploads\/2019\/07\/\u015aniadanie-na-trwaie.jpg","_links":{"self":[{"href":"https:\/\/htb.com.pl\/index.php?rest_route=\/wp\/v2\/posts\/6164","targetHints":{"allow":["GET"]}}],"collection":[{"href":"https:\/\/htb.com.pl\/index.php?rest_route=\/wp\/v2\/posts"}],"about":[{"href":"https:\/\/htb.com.pl\/index.php?rest_route=\/wp\/v2\/types\/post"}],"author":[{"embeddable":true,"href":"https:\/\/htb.com.pl\/index.php?rest_route=\/wp\/v2\/users\/1"}],"replies":[{"embeddable":true,"href":"https:\/\/htb.com.pl\/index.php?rest_route=%2Fwp%2Fv2%2Fcomments&post=6164"}],"version-history":[{"count":70,"href":"https:\/\/htb.com.pl\/index.php?rest_route=\/wp\/v2\/posts\/6164\/revisions"}],"predecessor-version":[{"id":9064,"href":"https:\/\/htb.com.pl\/index.php?rest_route=\/wp\/v2\/posts\/6164\/revisions\/9064"}],"wp:featuredmedia":[{"embeddable":true,"href":"https:\/\/htb.com.pl\/index.php?rest_route=\/wp\/v2\/media\/6469"}],"wp:attachment":[{"href":"https:\/\/htb.com.pl\/index.php?rest_route=%2Fwp%2Fv2%2Fmedia&parent=6164"}],"wp:term":[{"taxonomy":"category","embeddable":true,"href":"https:\/\/htb.com.pl\/index.php?rest_route=%2Fwp%2Fv2%2Fcategories&post=6164"},{"taxonomy":"post_tag","embeddable":true,"href":"https:\/\/htb.com.pl\/index.php?rest_route=%2Fwp%2Fv2%2Ftags&post=6164"}],"curies":[{"name":"wp","href":"https:\/\/api.w.org\/{rel}","templated":true}]}}