{"id":61868,"date":"2022-01-23T10:02:55","date_gmt":"2022-01-23T10:02:55","guid":{"rendered":"https:\/\/htb.com.pl\/?p=61868"},"modified":"2022-01-23T10:39:10","modified_gmt":"2022-01-23T10:39:10","slug":"polski-nielad","status":"publish","type":"post","link":"https:\/\/htb.com.pl\/?p=61868","title":{"rendered":"Polski nie\u0142ad"},"content":{"rendered":"\n<p><\/p>\n\n\n\n<figure class=\"wp-block-image size-thumbnail\"><a href=\"https:\/\/htb.com.pl\/wp-content\/uploads\/2022\/01\/Polski-nie\u0142ad.mp3\"><img loading=\"lazy\" decoding=\"async\" width=\"150\" height=\"150\" src=\"https:\/\/htb.com.pl\/wp-content\/uploads\/2018\/04\/posluchaj-150x150.jpg\" alt=\"\" class=\"wp-image-2020\" srcset=\"https:\/\/htb.com.pl\/wp-content\/uploads\/2018\/04\/posluchaj-150x150.jpg 150w, https:\/\/htb.com.pl\/wp-content\/uploads\/2018\/04\/posluchaj-300x300.jpg 300w, https:\/\/htb.com.pl\/wp-content\/uploads\/2018\/04\/posluchaj-100x100.jpg 100w\" sizes=\"auto, (max-width: 150px) 100vw, 150px\" \/><\/a><\/figure>\n\n\n\n<p>Nie musi by\u0107 czysto ale musi by\u0107 pouk\u0142adane &#8211; m\u00f3wi\u0142a Marysia. My\u015bla\u0142em wtedy, \u017ce chodzi o ten kurz na p\u00f3\u0142ce, kt\u00f3ry le\u017ca\u0142 sobie obok niej. P\u00f3\u0142ka by\u0142a nad kanap\u0105 w salonie. Dzi\u015b wiem, \u017ce chodzi\u0142o o co\u015b zupe\u0142nie innego. Rz\u0105dz\u0105cy Polsk\u0105 sprz\u0105tali, gdy Polski \u0142ad nam organizowali ale tylko kurz powycierali, a to co by\u0142o na p\u00f3\u0142kach pomieszali. Teraz proponuj\u0105, aby\u015bmy tak samo dzia\u0142ali, jak zanim oni ten kurz na tych p\u00f3\u0142kach powycierali. W\u0142a\u015bnie zaproponowali, \u017ceby\u015bmy sami sobie wszystko tam pouk\u0142adali i to w\u0142a\u015bnie &#8220;Polskim \u0142adem&#8221;  nazwali &#8211; proponuj\u0119, aby\u015bmy w cudzys\u0142owie to pisali albo tytu\u0142owego okre\u015blenia u\u017cywali. Bo cho\u0107by tylko takich dw\u00f3ch r\u00f3\u017cnych system\u00f3w podatkowych, nie da si\u0119 stosowa\u0107 i lepiej z &#8220;Polskiego \u0142adu&#8221; zrezygnowa\u0107.<\/p>\n\n\n\n<p>A oto czego jeszcze dokonali, ci co najprawdopodobniej pierwszy raz  w \u017cyciu za sprz\u0105tanie si\u0119 zabrali.<\/p>\n\n\n\n<p>W Senacie rozpocz\u0119\u0142a prac\u0119 komisja, <a href=\"http:\/\/radiomaria.com.pl\/wp-content\/uploads\/2022\/01\/19.01.-Komisja-senacka.mp3\"><img loading=\"lazy\" decoding=\"async\" width=\"150\" height=\"94\" class=\"wp-image-61910\" style=\"width: 150px;\" src=\"https:\/\/htb.com.pl\/wp-content\/uploads\/2022\/01\/KomisjaS.jpg\" alt=\"\" srcset=\"https:\/\/htb.com.pl\/wp-content\/uploads\/2022\/01\/KomisjaS.jpg 948w, https:\/\/htb.com.pl\/wp-content\/uploads\/2022\/01\/KomisjaS-300x187.jpg 300w, https:\/\/htb.com.pl\/wp-content\/uploads\/2022\/01\/KomisjaS-768x480.jpg 768w, https:\/\/htb.com.pl\/wp-content\/uploads\/2022\/01\/KomisjaS-600x375.jpg 600w\" sizes=\"auto, (max-width: 150px) 100vw, 150px\" \/><\/a> kt\u00f3ra oficjalnie ma wyja\u015bni\u0107 spraw\u0119 Pegasusa, a tak naprawd\u0119, ma umo\u017cliwi\u0107 ludziom, kt\u00f3rzy do niczego si\u0119 nie nadaj\u0105 gr\u0119, w kt\u00f3r\u0105 od lat graj\u0105 &#8211; po prostu politykami na kolejn\u0105 kadencj\u0119 zostaj\u0105. Ten mechanizm sprawia, \u017ce Polacy najgorszym na \u015bwiecie powietrzem oddychaj\u0105 <a href=\"http:\/\/radiomaria.com.pl\/wp-content\/uploads\/2022\/01\/21.01.-Opata-za-emisje.mp3\"><img loading=\"lazy\" decoding=\"async\" width=\"150\" height=\"92\" class=\"wp-image-61918\" style=\"width: 150px;\" src=\"https:\/\/htb.com.pl\/wp-content\/uploads\/2022\/01\/dwuutlenekwegla.jpg\" alt=\"\" srcset=\"https:\/\/htb.com.pl\/wp-content\/uploads\/2022\/01\/dwuutlenekwegla.jpg 775w, https:\/\/htb.com.pl\/wp-content\/uploads\/2022\/01\/dwuutlenekwegla-300x184.jpg 300w, https:\/\/htb.com.pl\/wp-content\/uploads\/2022\/01\/dwuutlenekwegla-768x471.jpg 768w, https:\/\/htb.com.pl\/wp-content\/uploads\/2022\/01\/dwuutlenekwegla-600x368.jpg 600w\" sizes=\"auto, (max-width: 150px) 100vw, 150px\" \/><\/a> i umieraj\u0105. <a href=\"http:\/\/radiomaria.com.pl\/wp-content\/uploads\/2022\/01\/1901.-Zaszczepmy-sie1.mp3\"><img loading=\"lazy\" decoding=\"async\" width=\"150\" height=\"145\" class=\"wp-image-61912\" style=\"width: 150px;\" src=\"https:\/\/htb.com.pl\/wp-content\/uploads\/2022\/01\/zakazenia.png\" alt=\"\" srcset=\"https:\/\/htb.com.pl\/wp-content\/uploads\/2022\/01\/zakazenia.png 742w, https:\/\/htb.com.pl\/wp-content\/uploads\/2022\/01\/zakazenia-300x290.png 300w, https:\/\/htb.com.pl\/wp-content\/uploads\/2022\/01\/zakazenia-600x580.png 600w\" sizes=\"auto, (max-width: 150px) 100vw, 150px\" \/><\/a> Jak chodzi o \u015bmiertelno\u015b\u0107 jest jak z czysto\u015bci\u0105 powietrza &#8211; odwr\u00f3\u0107 tabel\u0119 i Polska na czele.<\/p>\n\n\n\n<p>\u0179le kochani wybieramy &#8211; pajac\u00f3w s\u0142uchamy. <a href=\"http:\/\/radiomaria.com.pl\/wp-content\/uploads\/2022\/01\/16.01.-Pajace.mp3\"><img loading=\"lazy\" decoding=\"async\" width=\"150\" height=\"100\" class=\"wp-image-61905\" style=\"width: 150px;\" src=\"https:\/\/htb.com.pl\/wp-content\/uploads\/2022\/01\/Pajace.jpg\" alt=\"\" srcset=\"https:\/\/htb.com.pl\/wp-content\/uploads\/2022\/01\/Pajace.jpg 960w, https:\/\/htb.com.pl\/wp-content\/uploads\/2022\/01\/Pajace-300x200.jpg 300w, https:\/\/htb.com.pl\/wp-content\/uploads\/2022\/01\/Pajace-768x512.jpg 768w, https:\/\/htb.com.pl\/wp-content\/uploads\/2022\/01\/Pajace-600x400.jpg 600w\" sizes=\"auto, (max-width: 150px) 100vw, 150px\" \/><\/a> O naszych bohaterach nie pami\u0119tamy. W 77 rocznic\u0119 wyzwolenia Warszawy, <a href=\"http:\/\/radiomaria.com.pl\/wp-content\/uploads\/2022\/01\/17.01.17-Stycznie.mp3\"><img loading=\"lazy\" decoding=\"async\" width=\"150\" height=\"105\" class=\"wp-image-61907\" style=\"width: 150px;\" src=\"https:\/\/htb.com.pl\/wp-content\/uploads\/2022\/01\/Wyzwolenie-Warszawy.jpg\" alt=\"\" srcset=\"https:\/\/htb.com.pl\/wp-content\/uploads\/2022\/01\/Wyzwolenie-Warszawy.jpg 664w, https:\/\/htb.com.pl\/wp-content\/uploads\/2022\/01\/Wyzwolenie-Warszawy-300x209.jpg 300w, https:\/\/htb.com.pl\/wp-content\/uploads\/2022\/01\/Wyzwolenie-Warszawy-600x418.jpg 600w\" sizes=\"auto, (max-width: 150px) 100vw, 150px\" \/><\/a> tylko w<a href=\"http:\/\/radiomaria.com.pl\/?p=152\"> Radiu MARIA<\/a> wspomnieli\u015bmy \u017co\u0142nierzy genera\u0142a Berlinga, kt\u00f3rzy ju\u017c  w sierpniu 1944 roku Prag\u0119 wyzwolili. Powsta\u0144com Warszawskim pomocy nie udzielili &#8211; bo szturmu nie prze\u017cyli. <a href=\"http:\/\/radiomaria.com.pl\/wp-content\/uploads\/2022\/01\/159-rocznica-wybuchu.mp3\"><img loading=\"lazy\" decoding=\"async\" width=\"150\" height=\"94\" class=\"wp-image-61856\" style=\"width: 150px;\" src=\"https:\/\/htb.com.pl\/wp-content\/uploads\/2021\/10\/kosynierzy-powstanie-styczniowe.jpg\" alt=\"\" srcset=\"https:\/\/htb.com.pl\/wp-content\/uploads\/2021\/10\/kosynierzy-powstanie-styczniowe.jpg 750w, https:\/\/htb.com.pl\/wp-content\/uploads\/2021\/10\/kosynierzy-powstanie-styczniowe-300x188.jpg 300w, https:\/\/htb.com.pl\/wp-content\/uploads\/2021\/10\/kosynierzy-powstanie-styczniowe-600x375.jpg 600w\" sizes=\"auto, (max-width: 150px) 100vw, 150px\" \/><\/a> Gdy Powstanie Styczniowe wspominamy, marsza lub ko\u015bcielnej pie\u015bni  s\u0142uchamy. W <a href=\"http:\/\/stacja.radiohost.pl\/customBoxes\/link\/568\/8d5a0\/type\/aplayer2\/\">Radiu MARIA<\/a> inaczej to przedstawiamy, mo\u017ce wreszcie Polskich Dziewczyn pos\u0142uchamy &#8211; bo znowu przegramy.<\/p>\n","protected":false},"excerpt":{"rendered":"<p>Nie musi by\u0107 czysto ale musi by\u0107 pouk\u0142adane &#8211; m\u00f3wi\u0142a Marysia. My\u015bla\u0142em wtedy, \u017ce chodzi o ten kurz na p\u00f3\u0142ce, kt\u00f3ry le\u017ca\u0142 sobie obok niej. P\u00f3\u0142ka by\u0142a nad kanap\u0105 w salonie. Dzi\u015b wiem, \u017ce chodzi\u0142o o co\u015b zupe\u0142nie innego. Rz\u0105dz\u0105cy Polsk\u0105 sprz\u0105tali, gdy Polski \u0142ad nam organizowali ale tylko kurz powycierali, a to co by\u0142o [&hellip;]<\/p>\n","protected":false},"author":1,"featured_media":61920,"comment_status":"open","ping_status":"open","sticky":false,"template":"","format":"standard","meta":{"_jetpack_memberships_contains_paid_content":false,"footnotes":""},"categories":[4],"tags":[770],"class_list":["post-61868","post","type-post","status-publish","format-standard","has-post-thumbnail","hentry","category-daty-i-fakty-blog","tag-polski-nielad"],"jetpack_sharing_enabled":true,"jetpack_featured_media_url":"https:\/\/htb.com.pl\/wp-content\/uploads\/2022\/01\/Ba\u0142aganna\u0142y.jpg","_links":{"self":[{"href":"https:\/\/htb.com.pl\/index.php?rest_route=\/wp\/v2\/posts\/61868","targetHints":{"allow":["GET"]}}],"collection":[{"href":"https:\/\/htb.com.pl\/index.php?rest_route=\/wp\/v2\/posts"}],"about":[{"href":"https:\/\/htb.com.pl\/index.php?rest_route=\/wp\/v2\/types\/post"}],"author":[{"embeddable":true,"href":"https:\/\/htb.com.pl\/index.php?rest_route=\/wp\/v2\/users\/1"}],"replies":[{"embeddable":true,"href":"https:\/\/htb.com.pl\/index.php?rest_route=%2Fwp%2Fv2%2Fcomments&post=61868"}],"version-history":[{"count":11,"href":"https:\/\/htb.com.pl\/index.php?rest_route=\/wp\/v2\/posts\/61868\/revisions"}],"predecessor-version":[{"id":61922,"href":"https:\/\/htb.com.pl\/index.php?rest_route=\/wp\/v2\/posts\/61868\/revisions\/61922"}],"wp:featuredmedia":[{"embeddable":true,"href":"https:\/\/htb.com.pl\/index.php?rest_route=\/wp\/v2\/media\/61920"}],"wp:attachment":[{"href":"https:\/\/htb.com.pl\/index.php?rest_route=%2Fwp%2Fv2%2Fmedia&parent=61868"}],"wp:term":[{"taxonomy":"category","embeddable":true,"href":"https:\/\/htb.com.pl\/index.php?rest_route=%2Fwp%2Fv2%2Fcategories&post=61868"},{"taxonomy":"post_tag","embeddable":true,"href":"https:\/\/htb.com.pl\/index.php?rest_route=%2Fwp%2Fv2%2Ftags&post=61868"}],"curies":[{"name":"wp","href":"https:\/\/api.w.org\/{rel}","templated":true}]}}