{"id":62190,"date":"2022-01-29T11:00:33","date_gmt":"2022-01-29T11:00:33","guid":{"rendered":"https:\/\/htb.com.pl\/?p=62190"},"modified":"2022-01-29T12:23:34","modified_gmt":"2022-01-29T12:23:34","slug":"wojna-jaka-wojna","status":"publish","type":"post","link":"https:\/\/htb.com.pl\/?p=62190","title":{"rendered":"Wojna &#8211; jaka wojna?"},"content":{"rendered":"\n<p><\/p>\n\n\n\n<figure class=\"wp-block-image size-thumbnail\"><a href=\"https:\/\/htb.com.pl\/wp-content\/uploads\/2022\/01\/Wojna-njaka-wojna.mp3\"><img loading=\"lazy\" decoding=\"async\" width=\"150\" height=\"150\" src=\"https:\/\/htb.com.pl\/wp-content\/uploads\/2018\/04\/posluchaj-150x150.jpg\" alt=\"\" class=\"wp-image-2020\" srcset=\"https:\/\/htb.com.pl\/wp-content\/uploads\/2018\/04\/posluchaj-150x150.jpg 150w, https:\/\/htb.com.pl\/wp-content\/uploads\/2018\/04\/posluchaj-300x300.jpg 300w, https:\/\/htb.com.pl\/wp-content\/uploads\/2018\/04\/posluchaj-100x100.jpg 100w\" sizes=\"auto, (max-width: 150px) 100vw, 150px\" \/><\/a><\/figure>\n\n\n\n<p>Tak Polacy we wrze\u015bniu 1939 roku pytali&#8230; Nie stanie si\u0119 nam nic, bo jest z nami \u015amig\u0142y Rydz &#8211; \u015bpiewali. Wszyscy pami\u0119tali, jak  Adolf Hitler z naszym ministrem spraw zagranicznych J\u00f3zefem Beckiem si\u0119 \u015bciskali. Do spotkania dosz\u0142o 5 stycznia 1939 roku w alpejskiej rezydencji kanclerza Rzeszy w Berchtesgaden. Potem, jak Niemcy nas zaatakowali, Beck i Rydz-\u015amig\u0142y strategi\u0119 J\u00f3zefa Pi\u0142sudskiego zastosowali i razem z prezydentem, rz\u0105dem, sztabem wojskowym z kraju pouciekali, w Polsce wojn\u0119 domow\u0105 wywo\u0142ali. <\/p>\n\n\n\n<p>12 Stycznia 1987 roku Papie\u017c Jan Pawe\u0142 II z genera\u0142em Wojciechem Jaruzelskim o tym rozmawiali. Uzgodnili, \u017ce z\u0142o kt\u00f3re sanacja spowodowa\u0142a, Polska b\u0119dzie pami\u0119ta\u0142a ale konsekwencji wobec uciekinier\u00f3w, nie b\u0119dzie wyci\u0105ga\u0142a. Czyli Polska, kt\u00f3ra po II wojnie \u015bwiatowej kraj odbudowa\u0142a, z tymi kt\u00f3rzy wojn\u0119 domow\u0105 wywo\u0142ali, a potem w odbudowie przeszkadzali, pokojowy akt podpisa\u0142a.  Sanacja, kt\u00f3ra teraz &#8220;Solidarno\u015b\u0107&#8221; si\u0119 nazywa\u0142a, do w\u0142adzy si\u0119 dobra\u0142a i kolejne pi\u0119kne s\u0142owo zdegradowa\u0142a. Do dzi\u015b po sejmowych korytarzach si\u0119 pa\u0142\u0119taj\u0105 &#8211; mo\u017cna ich pozna\u0107 po tym, \u017ce przed dziennikarzami z wolnych medi\u00f3w uciekaj\u0105 albo nieprawdopodobne g\u0142upoty im opowiadaj\u0105. Ostatnio opowiadali, \u017ce pandemi\u0119 Koronawirusa przez sk\u0142\u00f3canie Polak\u00f3w b\u0119d\u0105 zwalczali. Wymy\u015blili, \u017ce lepiej b\u0119dzie, jak Polacy b\u0118d\u0105 na siebie donosili, a nie szczepili.<\/p>\n\n\n\n<p>Jednak najgorsze jest to, \u017ce wojny z Rosj\u0105 nie zauwa\u017cyli. Ruscy nas sk\u0142\u00f3cili, podzielili i piewcom geniuszu Pi\u0142sudskiego doj\u015bcie do w\u0142adzy umo\u017cliwili. Mo\u017ce dlatego rz\u0105dz\u0105cy tego nie zauwa\u017cyli?<\/p>\n\n\n\n<p>Ukrai\u0144c\u00f3w ruscy manipulacjami jedynie na Krymie z\u0142amali, w Donbasie strzelali. Teraz inn\u0105 strategi\u0119 obrali. Ponad stutysi\u0119czn\u0105 armi\u0119 na granicy z Ukraina postawili <a href=\"http:\/\/radiomaria.com.pl\/wp-content\/uploads\/2022\/01\/24.01.-Wojna-wisi-na-rurze.mp3\"><img loading=\"lazy\" decoding=\"async\" width=\"150\" height=\"79\" class=\"wp-image-62198\" style=\"width: 150px;\" src=\"https:\/\/htb.com.pl\/wp-content\/uploads\/2022\/01\/SatelitaRmALY1.jpg\" alt=\"\" srcset=\"https:\/\/htb.com.pl\/wp-content\/uploads\/2022\/01\/SatelitaRmALY1.jpg 948w, https:\/\/htb.com.pl\/wp-content\/uploads\/2022\/01\/SatelitaRmALY1-300x158.jpg 300w, https:\/\/htb.com.pl\/wp-content\/uploads\/2022\/01\/SatelitaRmALY1-768x403.jpg 768w, https:\/\/htb.com.pl\/wp-content\/uploads\/2022\/01\/SatelitaRmALY1-850x450.jpg 850w, https:\/\/htb.com.pl\/wp-content\/uploads\/2022\/01\/SatelitaRmALY1-600x315.jpg 600w\" sizes=\"auto, (max-width: 150px) 100vw, 150px\" \/><\/a> i do Bia\u0142orusi oko\u0142o 30 poci\u0105g\u00f3w z wojskiem przerzucili. <a href=\"http:\/\/radiomaria.com.pl\/wp-content\/uploads\/2022\/01\/A1-Toast.mp3\"><img loading=\"lazy\" decoding=\"async\" width=\"150\" height=\"80\" class=\"wp-image-62200\" style=\"width: 150px;\" src=\"https:\/\/htb.com.pl\/wp-content\/uploads\/2022\/01\/Rosjanie-3-1024x543-1.png\" alt=\"\" srcset=\"https:\/\/htb.com.pl\/wp-content\/uploads\/2022\/01\/Rosjanie-3-1024x543-1.png 1024w, https:\/\/htb.com.pl\/wp-content\/uploads\/2022\/01\/Rosjanie-3-1024x543-1-300x159.png 300w, https:\/\/htb.com.pl\/wp-content\/uploads\/2022\/01\/Rosjanie-3-1024x543-1-768x407.png 768w, https:\/\/htb.com.pl\/wp-content\/uploads\/2022\/01\/Rosjanie-3-1024x543-1-850x450.png 850w, https:\/\/htb.com.pl\/wp-content\/uploads\/2022\/01\/Rosjanie-3-1024x543-1-600x318.png 600w\" sizes=\"auto, (max-width: 150px) 100vw, 150px\" \/><\/a> To spowodowa\u0142o, \u017ce inwestorzy si\u0119 wystraszyli i Ukrain\u0119 sobie odpu\u015bcili. Podobnie w Polsce zrobili.<\/p>\n\n\n\n<p>Gdyby Marysia dzi\u015b si\u0119 obudzi\u0142a, pi\u0119\u015bci\u0105 w st\u00f3\u0142 by przywali\u0142a i rykn\u0119\u0142a PANOWIE OFICEROWI! Ale by si\u0119 zdziwi\u0142a.<\/p>\n\n\n\n<p>Prosz\u0119 pos\u0142ucha\u0107 komentarz Radia MARIA do wypowiedzi genera\u0142a Waldemara Skrzypczaka dla Polskiego Radia 24. Stosujemy zasad\u0119 Marysi &#8211; Ona m\u00f3wi\u0142a, \u017ce wolne media to takie, gdzie nie m\u00f3wi si\u0119 \u017ale o nieobecnych. Jeste\u015bmy radiem internetowym, a tu wszyscy s\u0105 obecni. Zawsze wysy\u0142amy takie nagranie do tego, o kt\u00f3rym powiedzieli\u015bmy co\u015b wg. nas prawdziwego, \u017ceby m\u00f3g\u0142 si\u0119 odnie\u015b\u0107 &#8211; gdyby uzna\u0142, ze by\u0142o to co\u015b z\u0142ego.<\/p>\n\n\n\n<figure class=\"wp-block-audio\"><audio controls src=\"https:\/\/htb.com.pl\/wp-content\/uploads\/2022\/01\/28.01.Waldemar-Skrzypczak.mp3\"><\/audio><figcaption>Materia\u0142 radia MARIA<\/figcaption><\/figure>\n\n\n\n<p>Tak te\u017c b\u0119dzie i w tym przypadku. Nie spodziewam si\u0119 reakcji pom\u00f3wionego, zwykle stosuj\u0105 zasad\u0119 Pi\u0142sudskiego, Rydza-\u015amig\u0142ego, czy takiego wsp\u00f3\u0142czesnego uciekiniera; wicemarsza\u0142ka Sejmu Ryszarda Terlerckiego.<\/p>\n","protected":false},"excerpt":{"rendered":"<p>Tak Polacy we wrze\u015bniu 1939 roku pytali&#8230; Nie stanie si\u0119 nam nic, bo jest z nami \u015amig\u0142y Rydz &#8211; \u015bpiewali. Wszyscy pami\u0119tali, jak Adolf Hitler z naszym ministrem spraw zagranicznych J\u00f3zefem Beckiem si\u0119 \u015bciskali. Do spotkania dosz\u0142o 5 stycznia 1939 roku w alpejskiej rezydencji kanclerza Rzeszy w Berchtesgaden. Potem, jak Niemcy nas zaatakowali, Beck i [&hellip;]<\/p>\n","protected":false},"author":1,"featured_media":62198,"comment_status":"open","ping_status":"open","sticky":false,"template":"","format":"standard","meta":{"_jetpack_memberships_contains_paid_content":false,"footnotes":""},"categories":[4],"tags":[771],"class_list":["post-62190","post","type-post","status-publish","format-standard","has-post-thumbnail","hentry","category-daty-i-fakty-blog","tag-wojna-jaka-wojna"],"jetpack_sharing_enabled":true,"jetpack_featured_media_url":"https:\/\/htb.com.pl\/wp-content\/uploads\/2022\/01\/SatelitaRmALY1.jpg","_links":{"self":[{"href":"https:\/\/htb.com.pl\/index.php?rest_route=\/wp\/v2\/posts\/62190","targetHints":{"allow":["GET"]}}],"collection":[{"href":"https:\/\/htb.com.pl\/index.php?rest_route=\/wp\/v2\/posts"}],"about":[{"href":"https:\/\/htb.com.pl\/index.php?rest_route=\/wp\/v2\/types\/post"}],"author":[{"embeddable":true,"href":"https:\/\/htb.com.pl\/index.php?rest_route=\/wp\/v2\/users\/1"}],"replies":[{"embeddable":true,"href":"https:\/\/htb.com.pl\/index.php?rest_route=%2Fwp%2Fv2%2Fcomments&post=62190"}],"version-history":[{"count":8,"href":"https:\/\/htb.com.pl\/index.php?rest_route=\/wp\/v2\/posts\/62190\/revisions"}],"predecessor-version":[{"id":62213,"href":"https:\/\/htb.com.pl\/index.php?rest_route=\/wp\/v2\/posts\/62190\/revisions\/62213"}],"wp:featuredmedia":[{"embeddable":true,"href":"https:\/\/htb.com.pl\/index.php?rest_route=\/wp\/v2\/media\/62198"}],"wp:attachment":[{"href":"https:\/\/htb.com.pl\/index.php?rest_route=%2Fwp%2Fv2%2Fmedia&parent=62190"}],"wp:term":[{"taxonomy":"category","embeddable":true,"href":"https:\/\/htb.com.pl\/index.php?rest_route=%2Fwp%2Fv2%2Fcategories&post=62190"},{"taxonomy":"post_tag","embeddable":true,"href":"https:\/\/htb.com.pl\/index.php?rest_route=%2Fwp%2Fv2%2Ftags&post=62190"}],"curies":[{"name":"wp","href":"https:\/\/api.w.org\/{rel}","templated":true}]}}