{"id":62533,"date":"2022-02-06T11:25:52","date_gmt":"2022-02-06T11:25:52","guid":{"rendered":"https:\/\/htb.com.pl\/?p=62533"},"modified":"2022-02-06T16:25:57","modified_gmt":"2022-02-06T16:25:57","slug":"uwazajcie-na-kurdupli","status":"publish","type":"post","link":"https:\/\/htb.com.pl\/?p=62533","title":{"rendered":"Uwa\u017cajcie na kurdupli"},"content":{"rendered":"\n<p><\/p>\n\n\n\n<figure class=\"wp-block-image size-thumbnail\"><a href=\"https:\/\/htb.com.pl\/wp-content\/uploads\/2022\/02\/Uwa\u017cakcie-na-kurdupli.mp3\"><img loading=\"lazy\" decoding=\"async\" width=\"150\" height=\"150\" src=\"https:\/\/htb.com.pl\/wp-content\/uploads\/2018\/04\/posluchaj-150x150.jpg\" alt=\"\" class=\"wp-image-2020\" srcset=\"https:\/\/htb.com.pl\/wp-content\/uploads\/2018\/04\/posluchaj-150x150.jpg 150w, https:\/\/htb.com.pl\/wp-content\/uploads\/2018\/04\/posluchaj-300x300.jpg 300w, https:\/\/htb.com.pl\/wp-content\/uploads\/2018\/04\/posluchaj-100x100.jpg 100w\" sizes=\"auto, (max-width: 150px) 100vw, 150px\" \/><\/a><\/figure>\n\n\n\n<p>Druga po\u0142owa 1987 roku, to jeden z najgorszych okres\u00f3w mojego \u017cycia. Marysia zachorowa\u0142a&#8230; Umiera\u0142a&#8230; Wszyscy \u017ce\u015bmy to wiedzieli ale rozmawia\u0107 o tym nie umieli. W szpitalu odwiedzali j\u0105 ludzie, kt\u00f3rzy tak naprawd\u0119 jej pogl\u0105d\u00f3w nie podzielali &#8211; to by\u0142o niemo\u017cliwe. Ona sw\u00f3j \u015bwiat mia\u0142a i z\u0142o od dobra po swojemu odr\u00f3\u017cnia\u0142a. Dzi\u015b, gdy  o tamtym czasie, z tamtymi lud\u017ami we wsp\u00f3lnym gronie rozmawiamy, r\u00f3wnie\u017c wi\u0119kszo\u015bci jej pogl\u0105d\u00f3w nie podzielamy ale jedno takie jej charakterystyczne zdanie z tamtego okresu wspominamy i dzi\u015b zupe\u0142nie inaczej odbieramy.<strong> <\/strong><a href=\"http:\/\/radiomaria.com.pl\/wp-content\/uploads\/2022\/02\/A04.02.-Zmarszczki-na-czole.mp3\"><img loading=\"lazy\" decoding=\"async\" width=\"150\" height=\"100\" class=\"wp-image-62602\" style=\"width: 150px;\" src=\"https:\/\/htb.com.pl\/wp-content\/uploads\/2022\/02\/Putinzm.jpg\" alt=\"\" srcset=\"https:\/\/htb.com.pl\/wp-content\/uploads\/2022\/02\/Putinzm.jpg 620w, https:\/\/htb.com.pl\/wp-content\/uploads\/2022\/02\/Putinzm-300x200.jpg 300w, https:\/\/htb.com.pl\/wp-content\/uploads\/2022\/02\/Putinzm-600x401.jpg 600w\" sizes=\"auto, (max-width: 150px) 100vw, 150px\" \/><strong> &#8220;Uwa\u017cajcie na kurdupli&#8221;.<\/strong> <img loading=\"lazy\" decoding=\"async\" width=\"150\" height=\"104\" class=\"wp-image-62603\" style=\"width: 150px;\" src=\"https:\/\/htb.com.pl\/wp-content\/uploads\/2022\/02\/Kaczynsk8i-zma.jpg\" alt=\"\" srcset=\"https:\/\/htb.com.pl\/wp-content\/uploads\/2022\/02\/Kaczynsk8i-zma.jpg 621w, https:\/\/htb.com.pl\/wp-content\/uploads\/2022\/02\/Kaczynsk8i-zma-300x207.jpg 300w, https:\/\/htb.com.pl\/wp-content\/uploads\/2022\/02\/Kaczynsk8i-zma-600x414.jpg 600w\" sizes=\"auto, (max-width: 150px) 100vw, 150px\" \/><\/a> Tak ostrzega\u0142a, gdy ju\u017c wiedzia\u0142a, \u017ce  ona ju\u017c na nic uwa\u017ca\u0107 nie b\u0119dzie musia\u0142a. Walcz\u0105c z terrorystami, cz\u0119sto na zakompleksionego kurdupla trafia\u0142a. Napoleona, Hitlera, Stalina, te\u017c do tego &#8220;zacnego&#8221; grona zalicza\u0142a. Naszego J\u00f3zefa Pi\u0142sudskiego, po 12 stycznia 1987 roku, w tym gronie ju\u017c nie wymienia\u0142a. Porozumienie genera\u0142a Wojciecha Jaruzelskiego i Papie\u017ca Jana Paw\u0142a II, \u017ce sanacja za kl\u0119sk\u0119 wrze\u015bniow\u0105 nie b\u0119dzie odpowiada\u0142a &#8211; szanowa\u0142a. Ale przed kultem jednostki ostrzega\u0142a. Tu przyk\u0142ad hiszpa\u0144skiego dyktatora genera\u0142a Francisco Franco przywo\u0142ywa\u0142a. To ze skutkami jego polityki &#8211; terrorystami ETA walczy\u0107 musia\u0142a. Dzi\u015b gdy widz\u0119, jak W\u0142adimir Putin i Jaros\u0142aw Kaczy\u0144ski &#8211; taki nasz wielbiciel caratu dzia\u0142a, odnosz\u0119 wra\u017cenie, \u017ce Marysia racj\u0119 mia\u0142a, gdy przed lud\u017ami z kompleksami ostrzega\u0142a. <\/p>\n\n\n\n<p>A oto czego w tym tygodniu dokona\u0142a, klasa polityczna, kt\u00f3ra w Polsce i Rosji  ostrze\u017ce\u0144 Marysi nie pos\u0142ucha\u0142a.<\/p>\n\n\n\n<p>Putin w szpitale polowe uzupe\u0142ni\u0142 obozy wojskowe, <a href=\"http:\/\/radiomaria.com.pl\/wp-content\/uploads\/2022\/01\/29.01.-Szpitale-polowe.mp3\"><img loading=\"lazy\" decoding=\"async\" width=\"150\" height=\"96\" class=\"wp-image-62584\" style=\"width: 150px;\" src=\"https:\/\/htb.com.pl\/wp-content\/uploads\/2022\/02\/Krew.jpg\" alt=\"\" srcset=\"https:\/\/htb.com.pl\/wp-content\/uploads\/2022\/02\/Krew.jpg 765w, https:\/\/htb.com.pl\/wp-content\/uploads\/2022\/02\/Krew-300x191.jpg 300w, https:\/\/htb.com.pl\/wp-content\/uploads\/2022\/02\/Krew-600x383.jpg 600w\" sizes=\"auto, (max-width: 150px) 100vw, 150px\" \/><\/a> kt\u00f3re stoj\u0105c na granicach z Ukrain\u0105 powoduj\u0105 tam zatory finansowe i problemy p\u0142acowe. Czyli co\u015b co kiedy\u015b powodowa\u0142y dzia\u0142ania bojowe. Radio Maria uwa\u017ca, \u017ce trzeba pokazywa\u0107, i\u017c na ulicach Kijowa nie s\u0142ycha\u0107 strza\u0142\u00f3w z Ka\u0142asznikowa. Tak teraz mo\u017cna pom\u00f3c Ukrainie, inaczej jej gospodarka p\u0142ynno\u015bci finansowej nie zachowa i b\u0119dzue jak kiedy\u015b Polska Ludowa. <a href=\"http:\/\/radiomaria.com.pl\/wp-content\/uploads\/2022\/01\/30.01.-Pomoc-dla-Ukrainy.mp3\"><img loading=\"lazy\" decoding=\"async\" width=\"150\" height=\"90\" class=\"wp-image-62586\" style=\"width: 150px;\" src=\"https:\/\/htb.com.pl\/wp-content\/uploads\/2022\/02\/Hiszpania.jpg\" alt=\"\" srcset=\"https:\/\/htb.com.pl\/wp-content\/uploads\/2022\/02\/Hiszpania.jpg 480w, https:\/\/htb.com.pl\/wp-content\/uploads\/2022\/02\/Hiszpania-300x180.jpg 300w\" sizes=\"auto, (max-width: 150px) 100vw, 150px\" \/><\/a> Okazj\u0105 do tego by\u0142a rozmowa premiera Morawieckiego z prezydentem pa\u0144stwa ukrai\u0144skiego, bo konferencja premier\u00f3w Morawieckiego i Smyhala, <a href=\"http:\/\/radiomaria.com.pl\/wp-content\/uploads\/2022\/02\/A2-Konferenvja.mp3\"><img loading=\"lazy\" decoding=\"async\" width=\"150\" height=\"100\" class=\"wp-image-62588\" style=\"width: 150px;\" src=\"https:\/\/htb.com.pl\/wp-content\/uploads\/2022\/02\/Ukraina-M.jpg\" alt=\"\" srcset=\"https:\/\/htb.com.pl\/wp-content\/uploads\/2022\/02\/Ukraina-M.jpg 815w, https:\/\/htb.com.pl\/wp-content\/uploads\/2022\/02\/Ukraina-M-300x200.jpg 300w, https:\/\/htb.com.pl\/wp-content\/uploads\/2022\/02\/Ukraina-M-768x511.jpg 768w, https:\/\/htb.com.pl\/wp-content\/uploads\/2022\/02\/Ukraina-M-600x399.jpg 600w\" sizes=\"auto, (max-width: 150px) 100vw, 150px\" \/><\/a> by\u0142a  jakby cz\u0119\u015bci\u0105 ich wiecu wyborczego,  gdzie pokazywali sw\u00f3j pogl\u0105d na dzia\u0142ania pa\u0144stwa niemieckiego w kontek\u015bcie gazoci\u0105gu Jamalskiego. Coraz cz\u0119\u015bciej pustego z powodu blokady Nord Streamu drugiego. Nasz premier dodatkowo wykorzysta\u0142 to do usprawiedliwienia swego niedouczenia i doprowadzenia do nieprawdopodobnego zad\u0142u\u017cenia. <a href=\"http:\/\/radiomaria.com.pl\/wp-content\/uploads\/2022\/02\/01.02.-Walka-z-inflacja.mp3\"><img loading=\"lazy\" decoding=\"async\" width=\"150\" height=\"100\" class=\"wp-image-62590\" style=\"width: 150px;\" src=\"https:\/\/htb.com.pl\/wp-content\/uploads\/2022\/02\/OrlenM1.jpg\" alt=\"\" srcset=\"https:\/\/htb.com.pl\/wp-content\/uploads\/2022\/02\/OrlenM1.jpg 784w, https:\/\/htb.com.pl\/wp-content\/uploads\/2022\/02\/OrlenM1-300x201.jpg 300w, https:\/\/htb.com.pl\/wp-content\/uploads\/2022\/02\/OrlenM1-768x513.jpg 768w, https:\/\/htb.com.pl\/wp-content\/uploads\/2022\/02\/OrlenM1-600x401.jpg 600w\" sizes=\"auto, (max-width: 150px) 100vw, 150px\" \/><\/a> Zad\u0142u\u017cenie si\u0119 ukrywa ale problem w ogromnej inflacji na wierz wyp\u0142ywa. Jak t\u0142usta oliwa. I cho\u0107 oliwa ostatnio bardzo podro\u017ca\u0142a, to nie ona inflacj\u0119 spowodowa\u0142a. K\u0142amstwo, kt\u00f3re jak oliwa zawsze na wierz wyp\u0142ywa &#8211; i to, \u017ce tej m\u0105dro\u015bci Polska jako Nar\u00f3d nie u\u017cywa. Przyk\u0142ad z ostatniego tygodnia. Z Czechami w sprawie Turowa \u017ce\u015bmy si\u0119 dogadali i to, \u017ce zap\u0142acili\u015bmy p\u00f3\u0142 miliarda z\u0142otych zamiast 35 milion\u00f3w EUR &#8211; sukcesem nazwali. <a href=\"http:\/\/radiomaria.com.pl\/wp-content\/uploads\/2022\/02\/04.02.-To-sie-nie-muda.mp3\"><img loading=\"lazy\" decoding=\"async\" width=\"150\" height=\"113\" class=\"wp-image-62594\" style=\"width: 150px;\" src=\"https:\/\/htb.com.pl\/wp-content\/uploads\/2022\/02\/Dogadaned.jpg\" alt=\"\" srcset=\"https:\/\/htb.com.pl\/wp-content\/uploads\/2022\/02\/Dogadaned.jpg 784w, https:\/\/htb.com.pl\/wp-content\/uploads\/2022\/02\/Dogadaned-300x225.jpg 300w, https:\/\/htb.com.pl\/wp-content\/uploads\/2022\/02\/Dogadaned-768x577.jpg 768w, https:\/\/htb.com.pl\/wp-content\/uploads\/2022\/02\/Dogadaned-600x451.jpg 600w\" sizes=\"auto, (max-width: 150px) 100vw, 150px\" \/><\/a><\/p>\n\n\n\n<p>Jaros\u0142aw Kaczy\u0144ski swoj\u0105 polityk\u0119 robi\u0142 i jak zwykle nieprawdopodobnych bzdur narobi\u0142. Wymy\u015bli\u0142, \u017ce nie b\u0119dziemy si\u0119 szczepili, tylko b\u0119dziemy na siebie donosili. Pos\u0142owie w Sejmie projekt jego ustawy odrzucili. <a href=\"http:\/\/radiomaria.com.pl\/wp-content\/uploads\/2022\/02\/02.02.-lexKaczynski.mp3\"><img loading=\"lazy\" decoding=\"async\" width=\"150\" height=\"83\" class=\"wp-image-62592\" style=\"width: 150px;\" src=\"https:\/\/htb.com.pl\/wp-content\/uploads\/2022\/02\/lexKaczynskimaly.png\" alt=\"\" srcset=\"https:\/\/htb.com.pl\/wp-content\/uploads\/2022\/02\/lexKaczynskimaly.png 976w, https:\/\/htb.com.pl\/wp-content\/uploads\/2022\/02\/lexKaczynskimaly-300x167.png 300w, https:\/\/htb.com.pl\/wp-content\/uploads\/2022\/02\/lexKaczynskimaly-768x426.png 768w, https:\/\/htb.com.pl\/wp-content\/uploads\/2022\/02\/lexKaczynskimaly-600x333.png 600w\" sizes=\"auto, (max-width: 150px) 100vw, 150px\" \/><\/a><\/p>\n\n\n\n<p>Ameryka\u0144scy \u017co\u0142nierze, z elitarnej 82 dywizji do Polski przybyli. <a href=\"http:\/\/radiomaria.com.pl\/wp-content\/uploads\/2022\/02\/04.02.-Amerykanie-wyladowali.mp3\"><img loading=\"lazy\" decoding=\"async\" width=\"150\" height=\"113\" class=\"wp-image-62600\" style=\"width: 150px;\" src=\"https:\/\/htb.com.pl\/wp-content\/uploads\/2022\/02\/Amerykanie2.jpg\" alt=\"\" srcset=\"https:\/\/htb.com.pl\/wp-content\/uploads\/2022\/02\/Amerykanie2.jpg 640w, https:\/\/htb.com.pl\/wp-content\/uploads\/2022\/02\/Amerykanie2-300x225.jpg 300w, https:\/\/htb.com.pl\/wp-content\/uploads\/2022\/02\/Amerykanie2-600x450.jpg 600w\" sizes=\"auto, (max-width: 150px) 100vw, 150px\" \/><\/a> Na razie krytyk\u00f3w prezydenta Joe Bidena &#8211; tych z Polskiego Radia 24 za\u0142atwili. Ci pajace jeszcze nie wymy\u015blili, co b\u0119d\u0105 gadali. \u017ceby\u015bmy p0pitk\u0119 Donalda Trumpa popierali. <a href=\"http:\/\/radiomaria.com.pl\/wp-content\/uploads\/2022\/02\/02.02.-Pentagon.mp3\"><img loading=\"lazy\" decoding=\"async\" width=\"150\" height=\"113\" class=\"wp-image-62596\" style=\"width: 150px;\" src=\"https:\/\/htb.com.pl\/wp-content\/uploads\/2022\/02\/Pentagon.jpg\" alt=\"\" srcset=\"https:\/\/htb.com.pl\/wp-content\/uploads\/2022\/02\/Pentagon.jpg 640w, https:\/\/htb.com.pl\/wp-content\/uploads\/2022\/02\/Pentagon-300x225.jpg 300w, https:\/\/htb.com.pl\/wp-content\/uploads\/2022\/02\/Pentagon-600x450.jpg 600w\" sizes=\"auto, (max-width: 150px) 100vw, 150px\" \/><\/a><\/p>\n\n\n\n<p>Xi Jinping z prezydentem Andrzejem Dud\u0105 24 Zimow\u0105 Olimpiad\u0119 w Pekinie otwierali, <a href=\"http:\/\/radiomaria.com.pl\/wp-content\/uploads\/2022\/02\/04.02.-Pekin.mp3\"><img loading=\"lazy\" decoding=\"async\" width=\"150\" height=\"84\" class=\"wp-image-62598\" style=\"width: 150px;\" src=\"https:\/\/htb.com.pl\/wp-content\/uploads\/2022\/02\/Pekin.png\" alt=\"\" srcset=\"https:\/\/htb.com.pl\/wp-content\/uploads\/2022\/02\/Pekin.png 997w, https:\/\/htb.com.pl\/wp-content\/uploads\/2022\/02\/Pekin-300x169.png 300w, https:\/\/htb.com.pl\/wp-content\/uploads\/2022\/02\/Pekin-768x432.png 768w, https:\/\/htb.com.pl\/wp-content\/uploads\/2022\/02\/Pekin-600x338.png 600w\" sizes=\"auto, (max-width: 150px) 100vw, 150px\" \/><\/a> inni przyw\u00f3dcy uroczysto\u015b\u0107 zbojkotowali. O olimpiadzie w nast\u0119pnym wpisie b\u0119dziemy pisali.<\/p>\n","protected":false},"excerpt":{"rendered":"<p>Druga po\u0142owa 1987 roku, to jeden z najgorszych okres\u00f3w mojego \u017cycia. Marysia zachorowa\u0142a&#8230; Umiera\u0142a&#8230; Wszyscy \u017ce\u015bmy to wiedzieli ale rozmawia\u0107 o tym nie umieli. W szpitalu odwiedzali j\u0105 ludzie, kt\u00f3rzy tak naprawd\u0119 jej pogl\u0105d\u00f3w nie podzielali &#8211; to by\u0142o niemo\u017cliwe. Ona sw\u00f3j \u015bwiat mia\u0142a i z\u0142o od dobra po swojemu odr\u00f3\u017cnia\u0142a. Dzi\u015b, gdy o tamtym [&hellip;]<\/p>\n","protected":false},"author":1,"featured_media":62609,"comment_status":"open","ping_status":"open","sticky":false,"template":"","format":"standard","meta":{"_jetpack_memberships_contains_paid_content":false,"footnotes":""},"categories":[4],"tags":[772],"class_list":["post-62533","post","type-post","status-publish","format-standard","has-post-thumbnail","hentry","category-daty-i-fakty-blog","tag-uwazajcie-na-kurdupli"],"jetpack_sharing_enabled":true,"jetpack_featured_media_url":"https:\/\/htb.com.pl\/wp-content\/uploads\/2022\/02\/Lewkima\u0142e.jpg","_links":{"self":[{"href":"https:\/\/htb.com.pl\/index.php?rest_route=\/wp\/v2\/posts\/62533","targetHints":{"allow":["GET"]}}],"collection":[{"href":"https:\/\/htb.com.pl\/index.php?rest_route=\/wp\/v2\/posts"}],"about":[{"href":"https:\/\/htb.com.pl\/index.php?rest_route=\/wp\/v2\/types\/post"}],"author":[{"embeddable":true,"href":"https:\/\/htb.com.pl\/index.php?rest_route=\/wp\/v2\/users\/1"}],"replies":[{"embeddable":true,"href":"https:\/\/htb.com.pl\/index.php?rest_route=%2Fwp%2Fv2%2Fcomments&post=62533"}],"version-history":[{"count":20,"href":"https:\/\/htb.com.pl\/index.php?rest_route=\/wp\/v2\/posts\/62533\/revisions"}],"predecessor-version":[{"id":62624,"href":"https:\/\/htb.com.pl\/index.php?rest_route=\/wp\/v2\/posts\/62533\/revisions\/62624"}],"wp:featuredmedia":[{"embeddable":true,"href":"https:\/\/htb.com.pl\/index.php?rest_route=\/wp\/v2\/media\/62609"}],"wp:attachment":[{"href":"https:\/\/htb.com.pl\/index.php?rest_route=%2Fwp%2Fv2%2Fmedia&parent=62533"}],"wp:term":[{"taxonomy":"category","embeddable":true,"href":"https:\/\/htb.com.pl\/index.php?rest_route=%2Fwp%2Fv2%2Fcategories&post=62533"},{"taxonomy":"post_tag","embeddable":true,"href":"https:\/\/htb.com.pl\/index.php?rest_route=%2Fwp%2Fv2%2Ftags&post=62533"}],"curies":[{"name":"wp","href":"https:\/\/api.w.org\/{rel}","templated":true}]}}