{"id":626,"date":"2018-06-02T06:46:03","date_gmt":"2018-06-02T06:46:03","guid":{"rendered":"https:\/\/htb.com.pl\/?p=626"},"modified":"2020-02-06T08:22:13","modified_gmt":"2020-02-06T08:22:13","slug":"projekt-budzetu-unijnego","status":"publish","type":"post","link":"https:\/\/htb.com.pl\/?p=626","title":{"rendered":"Projekt bud\u017cetu unijnego"},"content":{"rendered":"<p><img loading=\"lazy\" decoding=\"async\" class=\"alignnone size-medium wp-image-627\" src=\"https:\/\/htb.com.pl\/wp-content\/uploads\/2018\/06\/elektrownia-300x200.jpg\" alt=\"\" width=\"300\" height=\"200\" srcset=\"https:\/\/htb.com.pl\/wp-content\/uploads\/2018\/06\/elektrownia-300x200.jpg 300w, https:\/\/htb.com.pl\/wp-content\/uploads\/2018\/06\/elektrownia-600x400.jpg 600w, https:\/\/htb.com.pl\/wp-content\/uploads\/2018\/06\/elektrownia.jpg 640w\" sizes=\"auto, (max-width: 300px) 100vw, 300px\" \/><\/p>\n<p>Bud\u017cet UE na lata 2021 \u2013 2027 ma wynosi\u0107 1,279 biliona euro.\u00a0 Nawet bior\u0105c pod uwag\u0119 inflacj\u0119 i pomimo brexitu, jest on wy\u017cszy od poprzedniego. Jednak Polska ma otrzyma\u0107 20% mniej \u015brodk\u00f3w unijnych.<\/p>\n<p>Pisa\u0142em kiedy\u015b jak w roku 1976 poznana przeze mnie Pani \u2013 potem moja dziewczyna postawi\u0142a tez\u0119, \u017ce politycy nie s\u0105 potrzebni. Je\u017celi ka\u017cdy b\u0119dzie robi\u0142 swoje politycy s\u0105 zb\u0119dni. By\u0142em wtedy nastolatkiem, nie mia\u0142em poj\u0119cia o tym co m\u00f3wi. Pani by\u0142a ju\u017c pe\u0142noletnia, jednak pami\u0119tam broni\u0142em wtedy polityk\u00f3w. Powiedzia\u0142em &#8211; \u00a0a jak kto\u015b z\u0142amie prawo? Pani powiedzia\u0142a, \u017ce w takim przypadku \u00a0ma si\u0119 zaj\u0105\u0107 nim s\u0119dzia.<\/p>\n<p>Pani ta nie \u017cyje, opisa\u0142em to we wpisie <a href=\"https:\/\/htb.com.pl\/?p=246\">\u201eSpotkanie po latach\u201d<\/a>. Dzi\u015b przypomnia\u0142a mi si\u0119 nasza dyskusja o politykach. Zastanawiam si\u0119 kto mia\u0142 wtedy racj\u0119, czy nasi\u00a0 politycy s\u0105 potrzebni?<\/p>\n<p>Og\u0142oszenie przez UE projektu bud\u017cetu z ogromnym zmniejszeniem \u015brodk\u00f3w dla Polski, ucieszy\u0142o naszych polityk\u00f3w. Wszystkich \u2013 \u00a0i tych rz\u0105dz\u0105cych i opozycj\u0119. Rz\u0105dz\u0105cy mog\u0105 realizowa\u0107 sw\u00f3j program naszego wyj\u015bcia z UE, natomiast opozycja mo\u017ce opowiada\u0107 jak to by\u0142o super jak oni rz\u0105dzili. Polska wtedy otrzyma\u0142a z UE: 72 miliardy i 900 milion\u00f3w euro na rozw\u00f3j region\u00f3w, a tak\u017ce 28 miliard\u00f3w na rolnictwo. To ogromna kwota, wr\u0119cz niewyobra\u017calna. Zmniejszenie jej o 20% to tragedia. Mam nadziej\u0119, \u017ce do tego nie dojdzie. Na polityk\u00f3w nie licz\u0119, oni nie nadaj\u0105 si\u0119 do niczego, tu moja dziewczyna mia\u0142a racj\u0119. Moja nadzieja skierowana jest na Nas Obywateli. Mamy mechanizmy, \u017ceby uratowa\u0107 te pieni\u0105dze dla Polski, b\u0119d\u0105 wybory.<\/p>\n<p>Zauwa\u017cy\u0142em, \u017ce nasze pieni\u0105dze w bud\u017cecie unijnym s\u0105 przesuni\u0119te na po\u0142udnie europy. Tam gdzie jest problem z uchod\u017acami, ogromny problem. Nasza polityka uchod\u017acza, a w\u0142a\u015bciwie jej brak wyeliminowa\u0142a nas\u00a0 z kr\u0119gu pa\u0144stw pomagaj\u0105cych uchod\u017acom. Nasi rz\u0105dz\u0105cy maj\u0105\u00a0 w du..e uchod\u017ac\u00f3w. Jako kontynuatorzy polityki sanacyjnej, buduj\u0105 Polsk\u0119 od morza do morza. Autostrady, wsch\u00f3d-zach\u00f3d jakie wybudowali\u015bmy s\u0105 podobno z\u0142e. Biegn\u0105 w z\u0142\u0105 stron\u0119, p\u00f3\u0142noc-po\u0142udnie maj\u0105 biec. \u00a0Ca\u0142e szcz\u0119\u015bcie, \u017ce ludzie ci nie maja poj\u0119cia o budowie czegokolwiek, bo pewnie by takie autostrady wybudowali. Kto\u015b mo\u017ce powiedzie\u0107, \u017ce wybudowali mieszkanie 500 plus. Tak w\u0142a\u015bnie pierwsze s\u0105 oddawane. Buduje si\u0119 je tam, gdzie nie ma pracy. W ma\u0142ych spo\u0142eczno\u015bciach zak\u0142adaj\u0105c, \u017ce powstan\u0105 tam miejsca pracy. Nie powstan\u0105\u2026 Miejsca pracy powstaj\u0105 w du\u017cych o\u015brodkach przemys\u0142owych, du\u017cych miastach, tam trzeba budowa\u0107 mieszkania. Te ma\u0142e spo\u0142eczno\u015bci sobie poradz\u0105.<\/p>\n<p>\u015amieci \u2013 du\u017co je\u017cd\u017c\u0119 rowerem. Cieszy\u0142o mnie jak znika\u0142y \u015bmiecie z poboczy dr\u00f3g, by\u0142o czysto jak w Niemczech. Teraz zauwa\u017cam, \u017ce ponownie w rowach przydro\u017cnych pojawiaj\u0105 si\u0119 odpady.<\/p>\n<p><img loading=\"lazy\" decoding=\"async\" class=\"size-medium wp-image-668 alignleft\" src=\"https:\/\/htb.com.pl\/wp-content\/uploads\/2018\/06\/smieci-180x300.jpg\" alt=\"\" width=\"180\" height=\"300\" srcset=\"https:\/\/htb.com.pl\/wp-content\/uploads\/2018\/06\/smieci-180x300.jpg 180w, https:\/\/htb.com.pl\/wp-content\/uploads\/2018\/06\/smieci.jpg 576w\" sizes=\"auto, (max-width: 180px) 100vw, 180px\" \/><\/p>\n<p>To te\u017c jest wina naszych polityk\u00f3w. Naszych bo inne kraje radz\u0105 sobie z gospodarka odpadami komunalnymi. Polska tradycyjnie pod rz\u0105dami z\u0142ych polityk\u00f3w w ogonie. Za brak recyklingu, groz\u0105\u00a0 kary unijne.<\/p>\n<p>Co\u015b mi si\u0119 jednak zdaje, \u017ce nie mo\u017cna za to wszystko obwinia\u0107 tylko polityk\u00f3w \u2013 my te\u017c nie jeste\u015bmy bez winy. Wybieramy ich \u2013 oni nas reprezentuj\u0105, reprezentuj\u0105 w tym sensie, \u017ce s\u0105 po cz\u0119\u015bci tacy jak my.<\/p>\n<p>123 lata byli\u015bmy pod zaborami, po drugiej wojnie \u015bwiatowej niewiele si\u0119 zmieni\u0142o. Dopiero Jan Pawe\u0142 II Papie\u017c pokaza\u0142 nam, \u017ce mo\u017cna by\u0107 wolnym. T\u0142umaczy\u0142 jednak, \u017ce wolno\u015b\u0107 to te\u017c obowi\u0105zki, przestrzeganie zasad. Nie spodoba\u0142o si\u0119 to nam.<\/p>\n<p>Pami\u0119tam jak w roku 1986 kiedy\u015b Pani Maria, a teraz moja dziewczyna,\u00a0 absolwentka atomistyki na jednej z angielskich uczelni,\u00a0 pracowa\u0142a wtedy\u00a0 w ministerstwie g\u00f3rnictwa i energetyki, zabra\u0142a mnie na budow\u0119 elektrowni atomowej \u017barnowiec. Powstawa\u0142y tam 4 reaktory WWER 440 o \u0142\u0105cznej mocy 1600 MW. By\u0142 to naprawd\u0119 bezpieczny reaktor, mog\u0142em si\u0119 o tym przekona\u0107 kilka miesi\u0119cy p\u00f3\u017aniej. Pr\u0119ty kontrolne tego reaktora umo\u017cliwia\u0142y praktycznie r\u0119czne spowolnienie reakcji \u0142a\u0144cuchowej. Zrobi\u0142 to Siergiej Premin na radzieckim okr\u0119cie atomowym K219 podczas awarii u wybrze\u017cy USA. Zgin\u0105 &#8211;\u00a0 pisa\u0142em o tym we wpisie <a href=\"https:\/\/htb.com.pl\/?p=258\">&#8220;A mo\u017ce tak TK (teraz kobiety)&#8221;<\/a> Jest tam te\u017c odno\u015bnik do filmu o tej katastrofie.<\/p>\n<p><img loading=\"lazy\" decoding=\"async\" class=\"alignnone size-medium wp-image-628\" src=\"https:\/\/htb.com.pl\/wp-content\/uploads\/2018\/06\/elektrownia1-300x225.jpg\" alt=\"\" width=\"300\" height=\"225\" srcset=\"https:\/\/htb.com.pl\/wp-content\/uploads\/2018\/06\/elektrownia1-300x225.jpg 300w, https:\/\/htb.com.pl\/wp-content\/uploads\/2018\/06\/elektrownia1-768x576.jpg 768w, https:\/\/htb.com.pl\/wp-content\/uploads\/2018\/06\/elektrownia1-600x450.jpg 600w, https:\/\/htb.com.pl\/wp-content\/uploads\/2018\/06\/elektrownia1.jpg 800w\" sizes=\"auto, (max-width: 300px) 100vw, 300px\" \/>\u00a0 \u00a0 \u00a0 \u00a0 \u00a0 \u00a0 \u00a0Pr\u0119ty kontrolne reaktora<img loading=\"lazy\" decoding=\"async\" class=\"size-medium wp-image-635 alignright\" src=\"https:\/\/htb.com.pl\/wp-content\/uploads\/2018\/06\/vver-3-300x161.jpg\" alt=\"\" width=\"300\" height=\"161\" srcset=\"https:\/\/htb.com.pl\/wp-content\/uploads\/2018\/06\/vver-3-300x161.jpg 300w, https:\/\/htb.com.pl\/wp-content\/uploads\/2018\/06\/vver-3-768x412.jpg 768w, https:\/\/htb.com.pl\/wp-content\/uploads\/2018\/06\/vver-3-600x322.jpg 600w, https:\/\/htb.com.pl\/wp-content\/uploads\/2018\/06\/vver-3.jpg 829w\" sizes=\"auto, (max-width: 300px) 100vw, 300px\" \/><\/p>\n<p>By\u0142 to czas kiedy po katastrofie w Czarnobylu i przy trwaj\u0105cym kryzysie finans\u00f3w pa\u0144stwa, zdecydowano o zaniechaniu tego projektu. Pami\u0119tam jak moja dziewczyna broni\u0142a elektrowni, wtedy pozna\u0142em j\u0105 tak naprawd\u0119. Jej wyst\u0105pienie przed protestuj\u0105cymi aktywistami,\u00a0 to by\u0142o co\u015b czego nigdy wcze\u015bniej ani potem nie widzia\u0142em. Na ludno\u015bci miejscowej zrobi\u0142o niesamowite wra\u017cenie, zostali\u015bmy zaproszeni do miejscowo\u015bci Nadole. Pi\u0119kna miejscowo\u015b\u0107 wypoczynkowa. Poszli\u015bmy na wiejsk\u0105 zabaw\u0119, moja dziewczyna wspaniale ta\u0144czy\u0142a. By\u0142a <a href=\"https:\/\/www.youtube.com\/watch?v=PV-2-meAZc0\">orkiestra z akordeonist\u0105<\/a>. Stra\u017cak \u00a0kt\u00f3ry sprzedawa\u0142 bilety, jak zobaczy\u0142 aktywist\u00f3w,\u00a0 pogoni\u0142 ich. Ale to nie stra\u017cak, to politycy zdecydowali. Elektrownie atomow\u0105 \u017barnowiec trafi\u0142 szlag, straty by\u0142y ogromne. Dzi\u015b\u00a0 uprawiamy zbo\u017ca, warzywa, hodujemy trzod\u0119 chlewn\u0105 i w ko\u0144cu oddychamy powietrzem, kt\u00f3re jest najgorsze na \u015bwiecie.<\/p>\n<p>Ko\u0144cz\u0105c musz\u0119 przyzna\u0107 racj\u0119 mojej dziewczynie. Mia\u0142a\u015b racj\u0119 anio\u0142ku \u2013 nasi politycy to z\u0142o. Dziwne, \u017ce w innych krajach a\u017c tak \u017ale nie jest.<\/p>\n<p>Do naszych \u00a0polityk\u00f3w si\u0119 wi\u0119c zwracam \u2013 kochani, lada dzie\u0144 wr\u00f3ci ze szpitala Pan Jaros\u0142aw Kaczy\u0144ski. Przywitajcie go serdecznie i powiedzcie mu, \u017ce Polska ju\u017c jest, od morza do morza. Zabierzcie go nad D\u017awin\u0119, potem naszym wybrze\u017cem do Niemiec i dalej przez Austri\u0119, Czechy, S\u0142owacj\u0119 na W\u0119gry. Tam kupcie tokaj Aszu, powinien Panu Kaczy\u0144skiemu smakowa\u0107. Podsumujcie wypraw\u0119. Prawda \u2013 wsz\u0119dzie s\u0105 Polacy, maj\u0105 swoje firmy, pracuj\u0105, s\u0105 szcz\u0119\u015bliwi. Ile kosztowa\u0142a nas walka o Polsk\u0119 od morza do morza mo\u017cecie przeczyta\u0107 tu:<\/p>\n<ol>\n<li>W wyniku sk\u0142\u00f3cenia nas przez Pi\u0142sudskiego po odzyskaniu niepodleg\u0142o\u015bci z Ukrai\u0144cami <a href=\"https:\/\/htb.com.pl\/?p=238\">Rze\u017a Wo\u0142y\u0144ska<\/a> prawie 50\u00a0000 ofiar.<\/li>\n<li><a href=\"https:\/\/htb.com.pl\/?p=264\">Zamach majowy 379 ofiar.<\/a><\/li>\n<li><a href=\"https:\/\/htb.com.pl\/?p=235\">Katy\u0144 co najmniej 21768 ofiar.<\/a><\/li>\n<li><a href=\"https:\/\/htb.com.pl\/?p=196\">Powstanie Warszawskie ponad 200 tysi\u0119cy ofiar<\/a><\/li>\n<li><a href=\"https:\/\/htb.com.pl\/?p=223\">Katastrofa Smole\u0144ska 96 ofiar.<\/a><\/li>\n<\/ol>\n<p>Jest jeszcze smog, kt\u00f3ry zabija prawie 50 tysi\u0119cy Polak\u00f3w rocznie.<\/p>\n<p>DO\u015a\u0106 TEGO PANOWIE POLITYCY!<\/p>\n","protected":false},"excerpt":{"rendered":"<p>Bud\u017cet UE na lata 2021 \u2013 2027 ma wynosi\u0107 1,279 biliona euro.\u00a0 Nawet bior\u0105c pod uwag\u0119 inflacj\u0119 i pomimo brexitu, jest on wy\u017cszy od poprzedniego. Jednak Polska ma otrzyma\u0107 20% mniej \u015brodk\u00f3w unijnych. Pisa\u0142em kiedy\u015b jak w roku 1976 poznana przeze mnie Pani \u2013 potem moja dziewczyna postawi\u0142a tez\u0119, \u017ce politycy nie s\u0105 potrzebni. Je\u017celi [&hellip;]<\/p>\n","protected":false},"author":1,"featured_media":627,"comment_status":"open","ping_status":"open","sticky":false,"template":"","format":"standard","meta":{"_jetpack_memberships_contains_paid_content":false,"footnotes":""},"categories":[4],"tags":[76],"class_list":["post-626","post","type-post","status-publish","format-standard","has-post-thumbnail","hentry","category-daty-i-fakty-blog","tag-budzet-unijny"],"jetpack_sharing_enabled":true,"jetpack_featured_media_url":"https:\/\/htb.com.pl\/wp-content\/uploads\/2018\/06\/elektrownia.jpg","_links":{"self":[{"href":"https:\/\/htb.com.pl\/index.php?rest_route=\/wp\/v2\/posts\/626","targetHints":{"allow":["GET"]}}],"collection":[{"href":"https:\/\/htb.com.pl\/index.php?rest_route=\/wp\/v2\/posts"}],"about":[{"href":"https:\/\/htb.com.pl\/index.php?rest_route=\/wp\/v2\/types\/post"}],"author":[{"embeddable":true,"href":"https:\/\/htb.com.pl\/index.php?rest_route=\/wp\/v2\/users\/1"}],"replies":[{"embeddable":true,"href":"https:\/\/htb.com.pl\/index.php?rest_route=%2Fwp%2Fv2%2Fcomments&post=626"}],"version-history":[{"count":31,"href":"https:\/\/htb.com.pl\/index.php?rest_route=\/wp\/v2\/posts\/626\/revisions"}],"predecessor-version":[{"id":17476,"href":"https:\/\/htb.com.pl\/index.php?rest_route=\/wp\/v2\/posts\/626\/revisions\/17476"}],"wp:featuredmedia":[{"embeddable":true,"href":"https:\/\/htb.com.pl\/index.php?rest_route=\/wp\/v2\/media\/627"}],"wp:attachment":[{"href":"https:\/\/htb.com.pl\/index.php?rest_route=%2Fwp%2Fv2%2Fmedia&parent=626"}],"wp:term":[{"taxonomy":"category","embeddable":true,"href":"https:\/\/htb.com.pl\/index.php?rest_route=%2Fwp%2Fv2%2Fcategories&post=626"},{"taxonomy":"post_tag","embeddable":true,"href":"https:\/\/htb.com.pl\/index.php?rest_route=%2Fwp%2Fv2%2Ftags&post=626"}],"curies":[{"name":"wp","href":"https:\/\/api.w.org\/{rel}","templated":true}]}}