{"id":62895,"date":"2022-02-13T09:57:01","date_gmt":"2022-02-13T09:57:01","guid":{"rendered":"https:\/\/htb.com.pl\/?p=62895"},"modified":"2022-02-13T12:31:37","modified_gmt":"2022-02-13T12:31:37","slug":"kiedy-putin-zaatakuje-ukraine","status":"publish","type":"post","link":"https:\/\/htb.com.pl\/?p=62895","title":{"rendered":"Kiedy Putin zaatakuje Ukrain\u0119?"},"content":{"rendered":"\n<p><\/p>\n\n\n\n<figure class=\"wp-block-image size-thumbnail\"><a href=\"https:\/\/htb.com.pl\/wp-content\/uploads\/2022\/02\/Czy-Putin-zaatakuje.mp3\"><img loading=\"lazy\" decoding=\"async\" width=\"150\" height=\"150\" src=\"https:\/\/htb.com.pl\/wp-content\/uploads\/2018\/04\/posluchaj-150x150.jpg\" alt=\"\" class=\"wp-image-2020\" srcset=\"https:\/\/htb.com.pl\/wp-content\/uploads\/2018\/04\/posluchaj-150x150.jpg 150w, https:\/\/htb.com.pl\/wp-content\/uploads\/2018\/04\/posluchaj-300x300.jpg 300w, https:\/\/htb.com.pl\/wp-content\/uploads\/2018\/04\/posluchaj-100x100.jpg 100w\" sizes=\"auto, (max-width: 150px) 100vw, 150px\" \/><\/a><\/figure>\n\n\n\n<p>Takie pytanie sobie zadaj\u0105, ci kt\u00f3rzy <a href=\"http:\/\/radiomaria.com.pl\/?p=152\">Radia Maria<\/a> nie s\u0142uchaj\u0105. Nasi s\u0142uchacze histori\u0119 Marysi znaj\u0105, a ona ostrzega\u0142a, \u017ceby Polska na ch\u0142opak\u00f3w z razwietpura uwa\u017ca\u0142a. Sama ich szanowa\u0142a &#8211;<a href=\"https:\/\/htb.com.pl\/?p=2793\"> z Igorem Korbowem na powitanie si\u0119 przytula\u0142a  &#8211; potem p\u0142aka\u0142a<\/a>. Po \u015bmierci Marysi  <strong>Francesco Colasuonno<\/strong> w\u0142a\u015bnie na Korbowa postawi\u0142 i w 1990 roku zamieni\u0142 Warszaw\u0119 na Moskw\u0119. Tam zosta\u0142 przedstawicielem Stolicy Apostolskiej.  Po jego wyje\u017adzie, w Polsce zacz\u0119\u0142a si\u0119 era Putina &#8211; tu,  jego ludzie sprawili, \u017ce  wygra\u0142o bizancjum, a przegra\u0142a \u0142acina. W Rosji era  Putina w 1996 roku si\u0119 zaczyna, wcze\u015bniej ch\u0142opak\u00f3w z razwietpura zmarginalizowali &#8211; na  FSB, Federalna S\u0142u\u017cb\u0119 Bezpiecze\u0144stwa postawili, a t\u0105 z Federalnej S\u0142u\u017cby Kontrwywiadu wy\u0142onili. W 1996 szefem FSB zosta\u0142 W\u0142adimir Putin i to ta s\u0142u\u017cba na prze\u0142omie wiek\u00f3w Borysa Jelcyna spi\u0142a, a prezydentem W\u0142adimira  Putina zrobi\u0142a. Samego Igora Kornbowa w 2018 roku zabi\u0142a. <\/p>\n\n\n\n<p>To Putin i jego s\u0142u\u017cby w Polsce rewolucj\u0119 kulturow\u0105 zrobi\u0142y &#8211; \u0142aci\u0144skie, naukowe autorytety na bizantyjskie zamieni\u0142y. Te poziom nauczania obni\u017cy\u0142y, a sw\u00f3j autorytet w pot\u0119\u017cnych budowlach &#8211; nie tylko sakralnych zaznaczy\u0142y.<\/p>\n\n\n\n<p>A oto czego w tym tygodniu dokonali, ci dzi\u0119ki kt\u00f3rym poddanymi Putina \u017ce\u015bmy si\u0119 stali. Oby Ukrai\u0144cy si\u0119 mu nie dali.<\/p>\n\n\n\n<p>Jaros\u0142aw Kaczy\u0144ski i Mateusz Morawiecki polski \u0142ad w nie\u0142ad zamienili i ministra finans\u00f3w Tadeusza Ko\u015bci\u0144skiego za to wywalili. <a href=\"http:\/\/radiomaria.com.pl\/wp-content\/uploads\/2022\/02\/07.02.-Odchodzi-Koscinski.mp3\"><img loading=\"lazy\" decoding=\"async\" width=\"150\" height=\"74\" class=\"wp-image-62937\" style=\"width: 150px;\" src=\"https:\/\/htb.com.pl\/wp-content\/uploads\/2022\/02\/Kiscinskimaly.png\" alt=\"\" srcset=\"https:\/\/htb.com.pl\/wp-content\/uploads\/2022\/02\/Kiscinskimaly.png 962w, https:\/\/htb.com.pl\/wp-content\/uploads\/2022\/02\/Kiscinskimaly-300x149.png 300w, https:\/\/htb.com.pl\/wp-content\/uploads\/2022\/02\/Kiscinskimaly-768x381.png 768w, https:\/\/htb.com.pl\/wp-content\/uploads\/2022\/02\/Kiscinskimaly-600x298.png 600w\" sizes=\"auto, (max-width: 150px) 100vw, 150px\" \/><\/a><\/p>\n\n\n\n<p>Rada Polityki Pieni\u0119\u017cnej naszych pieni\u0119dzy nie pilnowa\u0142a i wszystko poki\u0107ka\u0142a. Straszna inflacja si\u0119 rozszala\u0142a i rada kolejny raz stopy procentowe podnie\u015b\u0107 musia\u0142a. Wcze\u015bniej tego nie pilnowa\u0142a, cho\u0107 wz\u00f3r jak si\u0119 to robi mia\u0142a. <\/p>\n\n\n\n<figure class=\"wp-block-image size-large\"><a href=\"http:\/\/radiomaria.com.pl\/wp-content\/uploads\/2022\/02\/08.02.-Stopy-w-gore.mp3\"><img loading=\"lazy\" decoding=\"async\" width=\"948\" height=\"485\" src=\"https:\/\/htb.com.pl\/wp-content\/uploads\/2022\/02\/Wykresinflacji.png\" alt=\"\" class=\"wp-image-62939\" srcset=\"https:\/\/htb.com.pl\/wp-content\/uploads\/2022\/02\/Wykresinflacji.png 948w, https:\/\/htb.com.pl\/wp-content\/uploads\/2022\/02\/Wykresinflacji-300x153.png 300w, https:\/\/htb.com.pl\/wp-content\/uploads\/2022\/02\/Wykresinflacji-768x393.png 768w, https:\/\/htb.com.pl\/wp-content\/uploads\/2022\/02\/Wykresinflacji-600x307.png 600w\" sizes=\"auto, (max-width: 948px) 100vw, 948px\" \/><\/a><\/figure>\n\n\n\n<p>\u0179li politycy troch\u0119 si\u0119 ostatnie przestraszyli, bo Bogdana \u015awieczkowskiego, prokuratora krajowego, a tak naprawd\u0119 obro\u0144c\u0119 pa\u0144stwa mafijnego, czy jak kto woli  putinowskiego, kandydatem na s\u0119dziego ich trybuna\u0142u konstytucyjnego zrobili. Wymy\u015blili, \u017ce nie b\u0119dziemy si\u0119 go czepiali, jakby przegrali.  <a href=\"http:\/\/radiomaria.com.pl\/wp-content\/uploads\/2022\/02\/09.02.-Nie-wszystko-przegrana.mp3\"><img loading=\"lazy\" decoding=\"async\" width=\"150\" height=\"150\" class=\"wp-image-62945\" style=\"width: 150px;\" src=\"https:\/\/htb.com.pl\/wp-content\/uploads\/2022\/02\/swieczkowski.jpg\" alt=\"\" srcset=\"https:\/\/htb.com.pl\/wp-content\/uploads\/2022\/02\/swieczkowski.jpg 600w, https:\/\/htb.com.pl\/wp-content\/uploads\/2022\/02\/swieczkowski-300x300.jpg 300w, https:\/\/htb.com.pl\/wp-content\/uploads\/2022\/02\/swieczkowski-150x150.jpg 150w, https:\/\/htb.com.pl\/wp-content\/uploads\/2022\/02\/swieczkowski-100x100.jpg 100w\" sizes=\"auto, (max-width: 150px) 100vw, 150px\" \/><\/a><\/p>\n\n\n\n<p>Premier Mateusz Morawiecki dzia\u0142aj\u0105c z ramienia Putina, zak\u0142adam, \u017ce nie\u015bwiadomie, kolejn\u0105 kampanie przeciwko UE rozpoczyna. W swoim stylu &#8211; czyli k\u0142ami\u0105c opowiada, \u017ce to nie on, tylko UE ogromne pieni\u0105dze z op\u0142aty klimatycznej przejada.<\/p>\n\n\n\n<figure class=\"wp-block-image size-large\"><a href=\"http:\/\/radiomaria.com.pl\/wp-content\/uploads\/2022\/02\/10.02.-Klamstwo-Morawieckiego.mp3\"><img loading=\"lazy\" decoding=\"async\" width=\"493\" height=\"268\" src=\"https:\/\/htb.com.pl\/wp-content\/uploads\/2022\/02\/Klamstwo.png\" alt=\"\" class=\"wp-image-62950\" srcset=\"https:\/\/htb.com.pl\/wp-content\/uploads\/2022\/02\/Klamstwo.png 493w, https:\/\/htb.com.pl\/wp-content\/uploads\/2022\/02\/Klamstwo-300x163.png 300w\" sizes=\"auto, (max-width: 493px) 100vw, 493px\" \/><\/a><\/figure>\n\n\n\n<p>Po tym jak Amerykanie Donalda Trumpa <a href=\"http:\/\/radiomaria.com.pl\/wp-content\/uploads\/2022\/02\/A-08.02-Taka-Ona-byla.mp3\"><img loading=\"lazy\" decoding=\"async\" width=\"150\" height=\"106\" class=\"wp-image-62948\" style=\"width: 150px;\" src=\"https:\/\/htb.com.pl\/wp-content\/uploads\/2022\/02\/Biden.jpg\" alt=\"\" srcset=\"https:\/\/htb.com.pl\/wp-content\/uploads\/2022\/02\/Biden.jpg 637w, https:\/\/htb.com.pl\/wp-content\/uploads\/2022\/02\/Biden-300x212.jpg 300w, https:\/\/htb.com.pl\/wp-content\/uploads\/2022\/02\/Biden-600x425.jpg 600w\" sizes=\"auto, (max-width: 150px) 100vw, 150px\" \/><\/a> na kolejna kadencj\u0119 nie wybrali. nasi politycy na Chi\u0144czyk\u00f3w i Anglik\u00f3w postawili. Teraz bardzo si\u0119 zdziwili, bo Amerykanie z Unia Europejska si\u0119 dogadali i ich Putina zablokowali. Z Chi\u0144czykami po olimpiadzie b\u0119d\u0105 gadali, zak\u0142adam, \u017cer od praw cz\u0142owieka b\u0119d\u0105 zaczynali. Mo\u017cliwe, \u017ce w tym kontek\u015bcie r\u00f3wnie\u017c o nas b\u0119d\u0105 wspominali.<\/p>\n\n\n\n<p>Joe Biden prezydent USA, jak przysta\u0142o na do\u015bwiadczonego polityka, nie podejmuje zbyt du\u017cego ryzyka i zwi\u0119ksza si\u0142y na wschodniej flance NATO. <a href=\"http:\/\/radiomaria.com.pl\/wp-content\/uploads\/2022\/02\/12.02.-Dodatkowi-zelnierze-amerykanscy.mp3\"><img loading=\"lazy\" decoding=\"async\" width=\"150\" height=\"78\" class=\"wp-image-62954\" style=\"width: 150px;\" src=\"https:\/\/htb.com.pl\/wp-content\/uploads\/2022\/02\/Dodatkowimaly.png\" alt=\"\" srcset=\"https:\/\/htb.com.pl\/wp-content\/uploads\/2022\/02\/Dodatkowimaly.png 927w, https:\/\/htb.com.pl\/wp-content\/uploads\/2022\/02\/Dodatkowimaly-300x156.png 300w, https:\/\/htb.com.pl\/wp-content\/uploads\/2022\/02\/Dodatkowimaly-768x399.png 768w, https:\/\/htb.com.pl\/wp-content\/uploads\/2022\/02\/Dodatkowimaly-850x450.png 850w, https:\/\/htb.com.pl\/wp-content\/uploads\/2022\/02\/Dodatkowimaly-600x312.png 600w\" sizes=\"auto, (max-width: 150px) 100vw, 150px\" \/><\/a>Tak czy tak bizancium si\u0119 wali. Ciekawe czy Putin wyci\u0105gnie kolejn\u0105 ceg\u0142\u0119 i czy wtedy budowla si\u0119 zawali. Mam nadziej\u0119, \u017ce b\u0119dziemy o tym pisali. <a href=\"http:\/\/radiomaria.com.pl\/wp-content\/uploads\/2022\/02\/11.02.-Amerykanie-w-Mielcu.mp3\"><img loading=\"lazy\" decoding=\"async\" width=\"150\" height=\"82\" class=\"wp-image-62952\" style=\"width: 150px;\" src=\"https:\/\/htb.com.pl\/wp-content\/uploads\/2022\/02\/Ameryk1.png\" alt=\"\" srcset=\"https:\/\/htb.com.pl\/wp-content\/uploads\/2022\/02\/Ameryk1.png 777w, https:\/\/htb.com.pl\/wp-content\/uploads\/2022\/02\/Ameryk1-300x163.png 300w, https:\/\/htb.com.pl\/wp-content\/uploads\/2022\/02\/Ameryk1-768x418.png 768w, https:\/\/htb.com.pl\/wp-content\/uploads\/2022\/02\/Ameryk1-600x327.png 600w\" sizes=\"auto, (max-width: 150px) 100vw, 150px\" \/><\/a><\/p>\n","protected":false},"excerpt":{"rendered":"<p>Takie pytanie sobie zadaj\u0105, ci kt\u00f3rzy Radia Maria nie s\u0142uchaj\u0105. Nasi s\u0142uchacze histori\u0119 Marysi znaj\u0105, a ona ostrzega\u0142a, \u017ceby Polska na ch\u0142opak\u00f3w z razwietpura uwa\u017ca\u0142a. Sama ich szanowa\u0142a &#8211; z Igorem Korbowem na powitanie si\u0119 przytula\u0142a &#8211; potem p\u0142aka\u0142a. Po \u015bmierci Marysi Francesco Colasuonno w\u0142a\u015bnie na Korbowa postawi\u0142 i w 1990 roku zamieni\u0142 Warszaw\u0119 na [&hellip;]<\/p>\n","protected":false},"author":1,"featured_media":62956,"comment_status":"open","ping_status":"open","sticky":false,"template":"","format":"standard","meta":{"_jetpack_memberships_contains_paid_content":false,"footnotes":""},"categories":[4],"tags":[773],"class_list":["post-62895","post","type-post","status-publish","format-standard","has-post-thumbnail","hentry","category-daty-i-fakty-blog","tag-kiedy-putin-zaatakuje-ukraine"],"jetpack_sharing_enabled":true,"jetpack_featured_media_url":"https:\/\/htb.com.pl\/wp-content\/uploads\/2022\/02\/Rosjanie1-1024x512-1.png","_links":{"self":[{"href":"https:\/\/htb.com.pl\/index.php?rest_route=\/wp\/v2\/posts\/62895","targetHints":{"allow":["GET"]}}],"collection":[{"href":"https:\/\/htb.com.pl\/index.php?rest_route=\/wp\/v2\/posts"}],"about":[{"href":"https:\/\/htb.com.pl\/index.php?rest_route=\/wp\/v2\/types\/post"}],"author":[{"embeddable":true,"href":"https:\/\/htb.com.pl\/index.php?rest_route=\/wp\/v2\/users\/1"}],"replies":[{"embeddable":true,"href":"https:\/\/htb.com.pl\/index.php?rest_route=%2Fwp%2Fv2%2Fcomments&post=62895"}],"version-history":[{"count":16,"href":"https:\/\/htb.com.pl\/index.php?rest_route=\/wp\/v2\/posts\/62895\/revisions"}],"predecessor-version":[{"id":62971,"href":"https:\/\/htb.com.pl\/index.php?rest_route=\/wp\/v2\/posts\/62895\/revisions\/62971"}],"wp:featuredmedia":[{"embeddable":true,"href":"https:\/\/htb.com.pl\/index.php?rest_route=\/wp\/v2\/media\/62956"}],"wp:attachment":[{"href":"https:\/\/htb.com.pl\/index.php?rest_route=%2Fwp%2Fv2%2Fmedia&parent=62895"}],"wp:term":[{"taxonomy":"category","embeddable":true,"href":"https:\/\/htb.com.pl\/index.php?rest_route=%2Fwp%2Fv2%2Fcategories&post=62895"},{"taxonomy":"post_tag","embeddable":true,"href":"https:\/\/htb.com.pl\/index.php?rest_route=%2Fwp%2Fv2%2Ftags&post=62895"}],"curies":[{"name":"wp","href":"https:\/\/api.w.org\/{rel}","templated":true}]}}