{"id":63619,"date":"2022-02-27T07:51:03","date_gmt":"2022-02-27T07:51:03","guid":{"rendered":"https:\/\/htb.com.pl\/?p=63619"},"modified":"2023-07-14T10:39:54","modified_gmt":"2023-07-14T10:39:54","slug":"pomoc-dla-ukrainy","status":"publish","type":"post","link":"https:\/\/htb.com.pl\/?p=63619","title":{"rendered":"Pomoc dla Ukrainy"},"content":{"rendered":"\n<p><\/p>\n\n\n\n<figure class=\"wp-block-image size-thumbnail\"><a href=\"https:\/\/htb.com.pl\/wp-content\/uploads\/2022\/03\/Pomoc-dla-Ukrainy1.mp3\"><img loading=\"lazy\" decoding=\"async\" width=\"150\" height=\"150\" src=\"https:\/\/htb.com.pl\/wp-content\/uploads\/2018\/04\/posluchaj-150x150.jpg\" alt=\"\" class=\"wp-image-2020\" srcset=\"https:\/\/htb.com.pl\/wp-content\/uploads\/2018\/04\/posluchaj-150x150.jpg 150w, https:\/\/htb.com.pl\/wp-content\/uploads\/2018\/04\/posluchaj-300x300.jpg 300w, https:\/\/htb.com.pl\/wp-content\/uploads\/2018\/04\/posluchaj-100x100.jpg 100w\" sizes=\"auto, (max-width: 150px) 100vw, 150px\" \/><\/a><\/figure>\n\n\n\n<p>Radio Maria od lat ostrzega\u0142o, \u017ceby ludzi bez wyobra\u017ani do w\u0142adzy si\u0119 nie wybiera\u0142o. Ukrai\u0144cy dos\u0142ownie to potraktowali i artyst\u0119  &#8211; Wo\u0142odymyra Ze\u0142enskiego, aktora komediowego na prezydenta wybrali. Teraz, gdy ruscy ich zaatakowali, to si\u0119 okaza\u0142o, \u017ce oni prawdziwego przyw\u00f3dc\u0119 wybrali, a my komediant\u00f3w, kt\u00f3rzy rz\u0105d udaj\u0105 a nas w r\u0119ce Putina oddaj\u0105. Jednak na razie Ukrai\u0144cy gorzej maj\u0105 i wszyscy im pomagaj\u0105. Jedni udaj\u0105, inni o tym gadaj\u0105, Radio Maria zdecydowa\u0142o, \u017ce \u015brodki opatrunkowe b\u0119dzie dla  Ukrai\u0144c\u00f3w organizowa\u0142o.<\/p>\n\n\n\n<p>Specjalny plakat \u017ce\u015bmy przygotowali, kana\u0142 przerzutu zorganizowali i do ludzi z wyobra\u017ani\u0105 zaapelowali. <\/p>\n\n\n\n<p><strong>POMOC DLA UKRAINY<\/strong><\/p>\n\n\n\n<p><strong>Potrzebne s\u0105 APTECZKI SAMOCHODOWE (nowe). Ca\u0142y czas zbieramy i na Ukrain\u0119 dostarczamy. Zadzwo\u0144 pogadamy,&nbsp; na emaile te\u017c odpowiadamy.<\/strong>&nbsp;<a href=\"mailto:biuro@radiomaria.com.pl\">biuro@radiomaria.com.pl<\/a><\/p>\n\n\n\n<p><strong>Jan Chmura Tel: (+48) 519652500<\/strong><\/p>\n\n\n\n<p><strong>Apteczki mo\u017cna dostarcza\u0107 pod adres: Mielec ul. \u015aniadeckiego 22<\/strong><\/p>\n\n\n\n<p><strong>(Niski Borek)<\/strong><\/p>\n\n\n\n<p>A oto jak to si\u0119 sta\u0142o. \u017ce pa\u0144stwo putunowskie Ukrain\u0119 zaatakowa\u0142o.<\/p>\n\n\n\n<p>Najpierw ruscy  ukrai\u0144skie obwody \u0142uga\u0144ski i doniecki, kt\u00f3re zaanektowali Rosj\u0105 nazwali. <a href=\"http:\/\/radiomaria.com.pl\/wp-content\/uploads\/2022\/02\/21.02.-Do-Narodu-Rosyjskiego.mp3\"><img loading=\"lazy\" decoding=\"async\" width=\"150\" height=\"105\" class=\"wp-image-63630\" style=\"width: 150px;\" src=\"https:\/\/htb.com.pl\/wp-content\/uploads\/2022\/02\/Obwody.jpg\" alt=\"\" srcset=\"https:\/\/htb.com.pl\/wp-content\/uploads\/2022\/02\/Obwody.jpg 512w, https:\/\/htb.com.pl\/wp-content\/uploads\/2022\/02\/Obwody-300x210.jpg 300w\" sizes=\"auto, (max-width: 150px) 100vw, 150px\" \/><\/a> Potem Rosjan ok\u0142amali, \u017ce ich synowie na manewry pojechali. Rosyjscy ch\u0142opcy swe dziewczyny po\u017cegnali <a href=\"http:\/\/radiomaria.com.pl\/wp-content\/uploads\/2022\/02\/Wojna.mp3\"><img loading=\"lazy\" decoding=\"async\" width=\"150\" height=\"100\" class=\"wp-image-63628\" style=\"width: 150px;\" src=\"https:\/\/htb.com.pl\/wp-content\/uploads\/2022\/02\/Wojnapozegnanie.jpg\" alt=\"\" srcset=\"https:\/\/htb.com.pl\/wp-content\/uploads\/2022\/02\/Wojnapozegnanie.jpg 800w, https:\/\/htb.com.pl\/wp-content\/uploads\/2022\/02\/Wojnapozegnanie-300x200.jpg 300w, https:\/\/htb.com.pl\/wp-content\/uploads\/2022\/02\/Wojnapozegnanie-768x512.jpg 768w, https:\/\/htb.com.pl\/wp-content\/uploads\/2022\/02\/Wojnapozegnanie-600x400.jpg 600w\" sizes=\"auto, (max-width: 150px) 100vw, 150px\" \/><\/a> i obiecali, \u017ce z poligonu b\u0119d\u0105 pisali. Jak si\u0119 okaza\u0142o, \u017ce zamiast pisa\u0107, do swoich braci Ukrai\u0144c\u00f3w b\u0119d\u0105 strzelali, to si\u0119 po\u0142apali, \u017ce dow\u00f3dcy ich ok\u0142amali. Jednak rozkaz jest rozkaz &#8211; i go wykonali.<\/p>\n\n\n\n<p>24 lutego skoro \u015bwit, Ukrain\u0119 zaatakowali. <\/p>\n\n\n\n<p>Zawsze na kobiety w polityce \u017ce\u015bmy stawiali <a href=\"http:\/\/radiomaria.com.pl\/wp-content\/uploads\/2022\/02\/23.02.-Sankcje.mp3\"><img loading=\"lazy\" decoding=\"async\" width=\"150\" height=\"97\" class=\"wp-image-63636\" style=\"width: 150px;\" src=\"https:\/\/htb.com.pl\/wp-content\/uploads\/2022\/02\/Asankcje.jpg\" alt=\"\" srcset=\"https:\/\/htb.com.pl\/wp-content\/uploads\/2022\/02\/Asankcje.jpg 784w, https:\/\/htb.com.pl\/wp-content\/uploads\/2022\/02\/Asankcje-300x194.jpg 300w, https:\/\/htb.com.pl\/wp-content\/uploads\/2022\/02\/Asankcje-768x497.jpg 768w, https:\/\/htb.com.pl\/wp-content\/uploads\/2022\/02\/Asankcje-600x388.jpg 600w\" sizes=\"auto, (max-width: 150px) 100vw, 150px\" \/><\/a> <a href=\"http:\/\/radiomaria.com.pl\/wp-content\/uploads\/2022\/03\/04.03.-Do-Very-Jourowej1.mp3\"><img loading=\"lazy\" decoding=\"async\" width=\"150\" height=\"90\" class=\"wp-image-63638\" style=\"width: 150px;\" src=\"https:\/\/htb.com.pl\/wp-content\/uploads\/2022\/02\/AWeramaly.png\" alt=\"\" srcset=\"https:\/\/htb.com.pl\/wp-content\/uploads\/2022\/02\/AWeramaly.png 948w, https:\/\/htb.com.pl\/wp-content\/uploads\/2022\/02\/AWeramaly-300x179.png 300w, https:\/\/htb.com.pl\/wp-content\/uploads\/2022\/02\/AWeramaly-768x459.png 768w, https:\/\/htb.com.pl\/wp-content\/uploads\/2022\/02\/AWeramaly-600x359.png 600w\" sizes=\"auto, (max-width: 150px) 100vw, 150px\" \/><\/a> i teraz \u017ce\u015bmy si\u0119 przekonali, \u017ce gdyby wszyscy Radia Marysinego s\u0142uchali, gdzie o wojnie peloponeskiej cz\u0119sto \u017ce\u015bmy opowiadali <a href=\"http:\/\/radiomaria.com.pl\/wp-content\/uploads\/2022\/02\/25.o2.-Wolne-media.mp3\"><img loading=\"lazy\" decoding=\"async\" width=\"150\" height=\"113\" class=\"wp-image-63642\" style=\"width: 150px;\" src=\"https:\/\/htb.com.pl\/wp-content\/uploads\/2022\/02\/Iskandrerd.jpg\" alt=\"\" srcset=\"https:\/\/htb.com.pl\/wp-content\/uploads\/2022\/02\/Iskandrerd.jpg 908w, https:\/\/htb.com.pl\/wp-content\/uploads\/2022\/02\/Iskandrerd-300x225.jpg 300w, https:\/\/htb.com.pl\/wp-content\/uploads\/2022\/02\/Iskandrerd-768x576.jpg 768w, https:\/\/htb.com.pl\/wp-content\/uploads\/2022\/02\/Iskandrerd-600x450.jpg 600w\" sizes=\"auto, (max-width: 150px) 100vw, 150px\" \/><\/a> &#8211; ruscy Ukrainy by nie zaatakowali. Rosjanie mordercy i flustrata na prezydenta by nie wybrali, a my wiar\u0119 naszych ojc\u00f3w i zdolno\u015b\u0107 bojow\u0105 armii zachowali. <a href=\"http:\/\/radiomaria.com.pl\/wp-content\/uploads\/2022\/02\/22.02.-Rada-BBN.mp3\"><img loading=\"lazy\" decoding=\"async\" width=\"150\" height=\"98\" class=\"wp-image-63632\" style=\"width: 150px;\" src=\"https:\/\/htb.com.pl\/wp-content\/uploads\/2022\/02\/Bezpieczenstwo.jpg\" alt=\"\" srcset=\"https:\/\/htb.com.pl\/wp-content\/uploads\/2022\/02\/Bezpieczenstwo.jpg 637w, https:\/\/htb.com.pl\/wp-content\/uploads\/2022\/02\/Bezpieczenstwo-300x196.jpg 300w, https:\/\/htb.com.pl\/wp-content\/uploads\/2022\/02\/Bezpieczenstwo-600x392.jpg 600w\" sizes=\"auto, (max-width: 150px) 100vw, 150px\" \/><\/a> I teraz przeciwko temu wszystkiemu nie protestowali. <a href=\"http:\/\/radiomaria.com.pl\/wp-content\/uploads\/2022\/02\/A24.02.-Do-Narodu-Rosujskiego.mp3\"><img loading=\"lazy\" decoding=\"async\" width=\"150\" height=\"113\" class=\"wp-image-63640\" style=\"width: 150px;\" src=\"https:\/\/htb.com.pl\/wp-content\/uploads\/2022\/02\/Warszawqa.jpg\" alt=\"\" srcset=\"https:\/\/htb.com.pl\/wp-content\/uploads\/2022\/02\/Warszawqa.jpg 640w, https:\/\/htb.com.pl\/wp-content\/uploads\/2022\/02\/Warszawqa-300x225.jpg 300w, https:\/\/htb.com.pl\/wp-content\/uploads\/2022\/02\/Warszawqa-600x450.jpg 600w\" sizes=\"auto, (max-width: 150px) 100vw, 150px\" \/><\/a><\/p>\n\n\n\n<p>Kiedy\u015b mieli\u015bmy genera\u0142a W\u0142adys\u0142awa Sikorskiego, kt\u00f3ry na brytyjskiej Wyspie W\u0119\u017cy zorganizowa\u0142 ob\u00f3z koncetracyjny dla tych polskich oficer\u00f3w, kt\u00f3rym si\u0119 pomyli\u0142o to o co w przysi\u0119dze wojskowej chodzi\u0142o. Niestety, w\u0119\u017cowe towarzystwo Sikorskiego zamordowa\u0142o, wojn\u0119 domow\u0105 w Polsce wywo\u0142a\u0142o i a\u017c do 12 stycznia 1987 roku, udaj\u0105c rz\u0105d na uchod\u017actwie dotrwa\u0142o. Gdy genera\u0142 Wojciech Jaruzelski i Papie\u017c Jan Pawe\u0142 II zdecydowali, \u017ce sanacyjni politycy za ofiary wojny domowej, w tym ofiary Powstania Warszawskiego nie b\u0119d\u0105 odpowiadali &#8211; u\u0142askawieni do w\u0142adzy si\u0119 dobra\u0142o i wszystko poki\u0107kali. <\/p>\n\n\n\n<p>Ukrai\u0144cy maj\u0105 swoj\u0105 Wysp\u0119 W\u0119\u017cy, <a href=\"http:\/\/radiomaria.com.pl\/wp-content\/uploads\/2022\/02\/Wyspa-wezy-calosc.mp3\"><img loading=\"lazy\" decoding=\"async\" width=\"150\" height=\"84\" class=\"wp-image-63644\" style=\"width: 150px;\" src=\"https:\/\/htb.com.pl\/wp-content\/uploads\/2022\/02\/Wyspawezy.jpg\" alt=\"\" srcset=\"https:\/\/htb.com.pl\/wp-content\/uploads\/2022\/02\/Wyspawezy.jpg 822w, https:\/\/htb.com.pl\/wp-content\/uploads\/2022\/02\/Wyspawezy-300x169.jpg 300w, https:\/\/htb.com.pl\/wp-content\/uploads\/2022\/02\/Wyspawezy-768x432.jpg 768w, https:\/\/htb.com.pl\/wp-content\/uploads\/2022\/02\/Wyspawezy-600x337.jpg 600w\" sizes=\"auto, (max-width: 150px) 100vw, 150px\" \/><\/a> na Morzu Czarnym i zupe\u0142nie inna historie dla niej napisali. Ruscy t\u0105 wysp\u0119 zaatakowali, a Ukrai\u0144cy, kt\u00f3rzy tam stali, ruskim pokazali, kogo zaatakowali.<\/p>\n\n\n\n<figure class=\"wp-block-image size-large\"><a href=\"http:\/\/radiomaria.com.pl\/wp-content\/uploads\/2022\/02\/26.02.-Trymaj-sie-Ukraino.mp3\"><img loading=\"lazy\" decoding=\"async\" width=\"828\" height=\"797\" src=\"https:\/\/htb.com.pl\/wp-content\/uploads\/2022\/02\/Lzy.jpg\" alt=\"\" class=\"wp-image-63646\" srcset=\"https:\/\/htb.com.pl\/wp-content\/uploads\/2022\/02\/Lzy.jpg 828w, https:\/\/htb.com.pl\/wp-content\/uploads\/2022\/02\/Lzy-300x289.jpg 300w, https:\/\/htb.com.pl\/wp-content\/uploads\/2022\/02\/Lzy-768x739.jpg 768w, https:\/\/htb.com.pl\/wp-content\/uploads\/2022\/02\/Lzy-600x578.jpg 600w\" sizes=\"auto, (max-width: 828px) 100vw, 828px\" \/><\/a><\/figure>\n\n\n\n<p><strong>TRZYMAJ SI\u0118 UKRAINO.<\/strong><\/p>\n\n\n\n<h2 class=\"wp-block-heading\">6 marca -11 dzie\u0144 wojny w Ukrainie<\/h2>\n\n\n\n<p><\/p>\n\n\n\n<figure class=\"wp-block-image size-thumbnail\"><a href=\"https:\/\/htb.com.pl\/wp-content\/uploads\/2022\/03\/11-dzie\u0144-wojny-w-Ukrainie.mp3\"><img loading=\"lazy\" decoding=\"async\" width=\"150\" height=\"150\" src=\"https:\/\/htb.com.pl\/wp-content\/uploads\/2018\/04\/posluchaj-150x150.jpg\" alt=\"\" class=\"wp-image-2020\" srcset=\"https:\/\/htb.com.pl\/wp-content\/uploads\/2018\/04\/posluchaj-150x150.jpg 150w, https:\/\/htb.com.pl\/wp-content\/uploads\/2018\/04\/posluchaj-300x300.jpg 300w, https:\/\/htb.com.pl\/wp-content\/uploads\/2018\/04\/posluchaj-100x100.jpg 100w\" sizes=\"auto, (max-width: 150px) 100vw, 150px\" \/><\/a><\/figure>\n\n\n\n<p>Ca\u0142y czas zbieram apteczki samochodowe dla mieszka\u0144c\u00f3w Ukrainy. S\u0105 r\u00f3\u017cne formy &#8211; jedn\u0105 jest <strong>Hymn Ukrainy<\/strong> grany w samo po\u0142udnie na mieleckim Placu Armii Krajowej.<\/p>\n\n\n\n<figure class=\"wp-block-embed is-type-video is-provider-youtube wp-block-embed-youtube wp-embed-aspect-16-9 wp-has-aspect-ratio\"><div class=\"wp-block-embed__wrapper\">\n<iframe loading=\"lazy\" title=\"Mielec\" width=\"848\" height=\"477\" src=\"https:\/\/www.youtube.com\/embed\/kg0gkoD4bDk?feature=oembed\" frameborder=\"0\" allow=\"accelerometer; autoplay; clipboard-write; encrypted-media; gyroscope; picture-in-picture; web-share\" allowfullscreen><\/iframe>\n<\/div><\/figure>\n\n\n\n<p>Ukrai\u0144cy, co pracowali w Mielcu i okolicach i zdecydowali, \u017ce b\u0119d\u0105 walczy\u0107 z Putinem wyjechali. Teraz apteczki wo\u017c\u0119  na przej\u015bcie graniczne w Medyce i tam przekazuje tym, kt\u00f3rzy stoj\u0105 w kolejce, aby polsko-ukrai\u0144sk\u0105 granic\u0119 przekroczy\u0107. <\/p>\n\n\n\n<figure class=\"wp-block-embed is-type-video is-provider-youtube wp-block-embed-youtube wp-embed-aspect-16-9 wp-has-aspect-ratio\"><div class=\"wp-block-embed__wrapper\">\n<iframe loading=\"lazy\" title=\"6 marca 2022\" width=\"848\" height=\"477\" src=\"https:\/\/www.youtube.com\/embed\/dAoc4P5w5-k?feature=oembed\" frameborder=\"0\" allow=\"accelerometer; autoplay; clipboard-write; encrypted-media; gyroscope; picture-in-picture; web-share\" allowfullscreen><\/iframe>\n<\/div><\/figure>\n\n\n\n<p>\u017begnaj\u0105 spokojny \u015bwiat, za chwil\u0119 wjad\u0105 w stref\u0119 wojny. W ich oczach widz\u0105 powag\u0119. U\u015bmiechaj\u0105 si\u0119, gdy podaj\u0105c apteczk\u0119 m\u00f3wi\u0119 &#8211; <em>oby si\u0119 nie przyda\u0142a<\/em>. <\/p>\n\n\n\n<figure class=\"wp-block-embed is-type-video is-provider-youtube wp-block-embed-youtube wp-embed-aspect-16-9 wp-has-aspect-ratio\"><div class=\"wp-block-embed__wrapper\">\n<iframe loading=\"lazy\" title=\"6 marca 2022\" width=\"848\" height=\"477\" src=\"https:\/\/www.youtube.com\/embed\/ezERpBM3In0?feature=oembed\" frameborder=\"0\" allow=\"accelerometer; autoplay; clipboard-write; encrypted-media; gyroscope; picture-in-picture; web-share\" allowfullscreen><\/iframe>\n<\/div><\/figure>\n\n\n\n<p>Ruszaj\u0105 do boju. Oni id\u0105 po ciebie Putin, odpowiesz za <a href=\"https:\/\/htb.com.pl\/?p=2447\">Igora Korbowa<\/a> i wszystkie ofiary, kt\u00f3re straci\u0142y \u017cycie w wyniku twojej kurduplowej polityki. Odnios\u0142e\u015b spore sukcesy w obalaniu demokracji i wprowadzaniu autokracji.  Poszed\u0142e\u015b jednak o jeden most za daleko i ukrai\u0144ski \u017co\u0142nierz na Wyspie W\u0119\u017cy powiedzia\u0142 ci: <strong>\u0456\u0434\u0438 \u043d\u0430 \u0445\u0443\u0439<\/strong>.<\/p>\n\n\n\n<p>A oto co w Polsce si\u0119 sta\u0142o, gdy ukrai\u0144skie wojsko i spo\u0142ecze\u0144stwo Putinowi pieprzy\u0107 si\u0119 kaza\u0142o.<\/p>\n\n\n\n<p>Prezydent Andrzej Duda zawetowa\u0142 ustaw\u0119 \u201ePrawo o\u015bwiatowe\u201d, potocznie zwana \u201elex Czarnek\u201d. Nie wiem czy nasi politycy co\u015b tu wreszcie zrozumieli &#8211; wiem jedno, na razie pa\u0144stwa wyznaniowego nie b\u0119dziemy mieli. <a href=\"http:\/\/radiomaria.com.pl\/wp-content\/uploads\/2022\/03\/02.03.-Weto-prezydenta.mp3\"><img loading=\"lazy\" decoding=\"async\" width=\"150\" height=\"100\" class=\"wp-image-64099\" style=\"width: 150px;\" src=\"https:\/\/htb.com.pl\/wp-content\/uploads\/2022\/02\/Dud.png\" alt=\"\" srcset=\"https:\/\/htb.com.pl\/wp-content\/uploads\/2022\/02\/Dud.png 772w, https:\/\/htb.com.pl\/wp-content\/uploads\/2022\/02\/Dud-300x200.png 300w, https:\/\/htb.com.pl\/wp-content\/uploads\/2022\/02\/Dud-768x512.png 768w, https:\/\/htb.com.pl\/wp-content\/uploads\/2022\/02\/Dud-600x400.png 600w\" sizes=\"auto, (max-width: 150px) 100vw, 150px\" \/><\/a><\/p>\n\n\n\n<p>Mafia, kt\u00f3ra w Polsce rz\u0105dem si\u0119 nazwa\u0142a i dzi\u0119ki pandemii COVID-19 sw\u0105 nieudolno\u015b\u0107, korupcj\u0119 i zwyk\u0142e z\u0142odziejstwo ukrywa\u0142a, teraz kolejn\u0105 szans\u0119 na zachowanie w\u0142adzy dosta\u0142a. Mafia Putina Ukrain\u0119 zaatakowa\u0142a, a nasza b\u0119dzie gada\u0142a, \u017ce Ukrainie b\u0119dzie pomaga\u0142a. Poza tym, poprawk\u0119 do projektu ustawy o obronie ojczyzny zaproponowa\u0142a. 3 proc. PKB na zbrojenia ju\u017c w przysz\u0142ym roku \u2013 zapowiedzia\u0142 w czwartek wicepremier ds. bezpiecze\u0144stwa i prezes PiS Jaros\u0142aw Kaczy\u0144ski. To on w Polsce mafi\u0119 rz\u0105dow\u0105 reprezentuje. Podobnie jak Putin z internetu nie korzysta. Mafia ich w\u0142asny \u015bwiat im zbudowa\u0142a. Ruska ju\u017c si\u0119 przekona\u0142a, \u017ce to nie dzia\u0142a, polska jeszcze troch\u0119 podzia\u0142a. Najbardziej Ukraina b\u0119dzie cierpia\u0142a, co\u015b mi si\u0119 jednak zdaje, \u017ce zar\u00f3wno Polska jak i Rosja zrozumia\u0142a, \u017ce \u017ale wybra\u0142a. <a href=\"http:\/\/radiomaria.com.pl\/wp-content\/uploads\/2022\/03\/04.03.-Ustawa-o-obronnosci.mp3\"><img loading=\"lazy\" decoding=\"async\" width=\"150\" height=\"84\" class=\"wp-image-64101\" style=\"width: 150px;\" src=\"https:\/\/htb.com.pl\/wp-content\/uploads\/2022\/02\/Obronca.jpg\" alt=\"\" srcset=\"https:\/\/htb.com.pl\/wp-content\/uploads\/2022\/02\/Obronca.jpg 740w, https:\/\/htb.com.pl\/wp-content\/uploads\/2022\/02\/Obronca-300x169.jpg 300w, https:\/\/htb.com.pl\/wp-content\/uploads\/2022\/02\/Obronca-600x337.jpg 600w\" sizes=\"auto, (max-width: 150px) 100vw, 150px\" \/><\/a><\/p>\n\n\n\n<h2 class=\"wp-block-heading\">Relacja z przej\u015bcia granicznego Medyka-Szeginie. Niedziela 20 marca.<\/h2>\n\n\n\n<figure class=\"wp-block-embed is-type-video is-provider-youtube wp-block-embed-youtube wp-embed-aspect-16-9 wp-has-aspect-ratio\"><div class=\"wp-block-embed__wrapper\">\n<iframe loading=\"lazy\" title=\"22 marca 2022(2)\" width=\"848\" height=\"477\" src=\"https:\/\/www.youtube.com\/embed\/SIhru09zlWI?feature=oembed\" frameborder=\"0\" allow=\"accelerometer; autoplay; clipboard-write; encrypted-media; gyroscope; picture-in-picture; web-share\" allowfullscreen><\/iframe>\n<\/div><\/figure>\n\n\n\n<h2 class=\"wp-block-heading\">B\u0119dzie o nas w KORSO \ud83d\ude42<\/h2>\n\n\n\n<figure class=\"wp-block-image size-large\"><img loading=\"lazy\" decoding=\"async\" width=\"618\" height=\"406\" src=\"https:\/\/htb.com.pl\/wp-content\/uploads\/2022\/03\/Korsofotograf.png\" alt=\"\" class=\"wp-image-64848\" srcset=\"https:\/\/htb.com.pl\/wp-content\/uploads\/2022\/03\/Korsofotograf.png 618w, https:\/\/htb.com.pl\/wp-content\/uploads\/2022\/03\/Korsofotograf-300x197.png 300w, https:\/\/htb.com.pl\/wp-content\/uploads\/2022\/03\/Korsofotograf-600x394.png 600w\" sizes=\"auto, (max-width: 618px) 100vw, 618px\" \/><\/figure>\n\n\n\n<figure class=\"wp-block-audio\"><audio controls src=\"https:\/\/htb.com.pl\/wp-content\/uploads\/2022\/03\/A23.03Dzis1.mp3\"><\/audio><\/figure>\n\n\n\n<figure class=\"wp-block-image size-large\"><img loading=\"lazy\" decoding=\"async\" width=\"490\" height=\"472\" src=\"https:\/\/htb.com.pl\/wp-content\/uploads\/2022\/02\/Kamizelka-SK3.png\" alt=\"\" class=\"wp-image-64965\" srcset=\"https:\/\/htb.com.pl\/wp-content\/uploads\/2022\/02\/Kamizelka-SK3.png 490w, https:\/\/htb.com.pl\/wp-content\/uploads\/2022\/02\/Kamizelka-SK3-300x289.png 300w\" sizes=\"auto, (max-width: 490px) 100vw, 490px\" \/><\/figure>\n\n\n\n<h2 class=\"wp-block-heading\">Potrzebne s\u0105 kamizelki kuloodporne w klasie ochrony SK3 &#8211; o ci\u0119\u017carze nie przekraczaj\u0105cym 15 kg.<\/h2>\n\n\n\n<h2 class=\"wp-block-heading\">Pierwszy kwietnia, Plac Armii Krajowej w Mielcu, audycja &#8220;P\u00f3\u0142 godziny dla Ukrainy&#8221; &#8211; la\u0142o ale si\u0119 nagra\u0142o<\/h2>\n\n\n\n<figure class=\"wp-block-audio\"><audio controls src=\"https:\/\/htb.com.pl\/wp-content\/uploads\/2022\/04\/Plac-Armii-Krajowej-01.04..mp3\"><\/audio><\/figure>\n\n\n\n<h2 class=\"wp-block-heading\">Nasze audycje w jakim\u015b tam preomilu procenta pomagaj\u0105 na Ukrainie. Ratownicy zebranych przez nas apteczek u\u017cywaj\u0105, <a href=\"https:\/\/htb.com.pl\/wp-content\/uploads\/2022\/04\/03.04.To-terroryzm.mp3\"><img loading=\"lazy\" decoding=\"async\" width=\"150\" height=\"113\" class=\"wp-image-65364\" style=\"width: 150px;\" src=\"https:\/\/htb.com.pl\/wp-content\/uploads\/2022\/02\/Dziala.jpg\" alt=\"\" srcset=\"https:\/\/htb.com.pl\/wp-content\/uploads\/2022\/02\/Dziala.jpg 640w, https:\/\/htb.com.pl\/wp-content\/uploads\/2022\/02\/Dziala-300x225.jpg 300w, https:\/\/htb.com.pl\/wp-content\/uploads\/2022\/02\/Dziala-600x450.jpg 600w\" sizes=\"auto, (max-width: 150px) 100vw, 150px\" \/><\/a> a Rosjanie w Moskwie <a href=\"https:\/\/htb.com.pl\/wp-content\/uploads\/2022\/04\/03.04.Rosjanie-protestuja.mp3\"><img loading=\"lazy\" decoding=\"async\" width=\"150\" height=\"84\" class=\"wp-image-65365\" style=\"width: 150px;\" src=\"https:\/\/htb.com.pl\/wp-content\/uploads\/2022\/02\/Protesty.jpg\" alt=\"\" srcset=\"https:\/\/htb.com.pl\/wp-content\/uploads\/2022\/02\/Protesty.jpg 700w, https:\/\/htb.com.pl\/wp-content\/uploads\/2022\/02\/Protesty-300x169.jpg 300w, https:\/\/htb.com.pl\/wp-content\/uploads\/2022\/02\/Protesty-600x338.jpg 600w\" sizes=\"auto, (max-width: 150px) 100vw, 150px\" \/><\/a> i wielu miastach protestuj\u0105. Niestety &#8220;Putiny&#8221; nadal morduj\u0105.<\/h2>\n\n\n\n<h2 class=\"wp-block-heading\">Zmiany organizacyjne &#8211; tylko pocz\u0105tek jest po rosyjsku, potem jest &#8220;Kijowskie Metro&#8221;.<\/h2>\n\n\n\n<figure class=\"wp-block-audio\"><audio controls src=\"https:\/\/htb.com.pl\/wp-content\/uploads\/2022\/04\/A07.04.Kijowskie-Metro.mp3\"><\/audio><\/figure>\n\n\n\n<h2 class=\"wp-block-heading\">Pocz\u0105tek ca\u0142ego cyklu audycji, kt\u00f3re b\u0119d\u0105 powstawa\u0142y w miejscach zwi\u0105zanych z&nbsp;<a href=\"https:\/\/pl.wikipedia.org\/wiki\/Front_Morges\">\u201eFrontem Morges\u201d<\/a>.<\/h2>\n\n\n\n<figure class=\"wp-block-image size-large\"><img loading=\"lazy\" decoding=\"async\" width=\"323\" height=\"323\" src=\"https:\/\/htb.com.pl\/wp-content\/uploads\/2022\/04\/Kacper.jpg\" alt=\"\" class=\"wp-image-65805\" srcset=\"https:\/\/htb.com.pl\/wp-content\/uploads\/2022\/04\/Kacper.jpg 323w, https:\/\/htb.com.pl\/wp-content\/uploads\/2022\/04\/Kacper-300x300.jpg 300w, https:\/\/htb.com.pl\/wp-content\/uploads\/2022\/04\/Kacper-150x150.jpg 150w, https:\/\/htb.com.pl\/wp-content\/uploads\/2022\/04\/Kacper-100x100.jpg 100w\" sizes=\"auto, (max-width: 323px) 100vw, 323px\" \/><\/figure>\n\n\n\n<h2 class=\"wp-block-heading\">11.04.2022. Skwer Ignacego Jana Paderewskiego w Mielcu.<\/h2>\n\n\n\n<figure class=\"wp-block-audio\"><audio controls src=\"https:\/\/htb.com.pl\/wp-content\/uploads\/2022\/04\/Skwer.mp3\"><\/audio><\/figure>\n\n\n\n<figure class=\"wp-block-image size-large\"><img loading=\"lazy\" decoding=\"async\" width=\"640\" height=\"480\" src=\"https:\/\/htb.com.pl\/wp-content\/uploads\/2022\/04\/Tuszu.jpg\" alt=\"\" class=\"wp-image-65801\" srcset=\"https:\/\/htb.com.pl\/wp-content\/uploads\/2022\/04\/Tuszu.jpg 640w, https:\/\/htb.com.pl\/wp-content\/uploads\/2022\/04\/Tuszu-300x225.jpg 300w, https:\/\/htb.com.pl\/wp-content\/uploads\/2022\/04\/Tuszu-600x450.jpg 600w\" sizes=\"auto, (max-width: 640px) 100vw, 640px\" \/><\/figure>\n\n\n\n<h2 class=\"wp-block-heading\">12.04.2022. Tusz\u00f3w Narodowy<\/h2>\n\n\n\n<figure class=\"wp-block-audio\"><audio controls src=\"https:\/\/htb.com.pl\/wp-content\/uploads\/2022\/04\/Audtcja-Tusz\u00f3w.mp3\"><\/audio><\/figure>\n\n\n\n<h2 class=\"wp-block-heading\">Promowali\u015bmy jak umieli\u015bmy i wspierali\u015bmy jak mogli\u015bmy zbi\u00f3rk\u0119 na Bajraktara dla walcz\u0105cej Ukrainy. Ostatecznie uda\u0142o si\u0119 zebra\u0107 &nbsp;<strong>24 794 980 z\u0142<\/strong>.<\/h2>\n\n\n\n<figure class=\"wp-block-image size-full\"><img loading=\"lazy\" decoding=\"async\" width=\"885\" height=\"499\" src=\"https:\/\/htb.com.pl\/wp-content\/uploads\/2022\/02\/Bajraktar-maly.jpeg\" alt=\"\" class=\"wp-image-71483\" srcset=\"https:\/\/htb.com.pl\/wp-content\/uploads\/2022\/02\/Bajraktar-maly.jpeg 885w, https:\/\/htb.com.pl\/wp-content\/uploads\/2022\/02\/Bajraktar-maly-300x169.jpeg 300w, https:\/\/htb.com.pl\/wp-content\/uploads\/2022\/02\/Bajraktar-maly-768x433.jpeg 768w, https:\/\/htb.com.pl\/wp-content\/uploads\/2022\/02\/Bajraktar-maly-600x338.jpeg 600w\" sizes=\"auto, (max-width: 885px) 100vw, 885px\" \/><\/figure>\n\n\n\n<h2 class=\"wp-block-heading\">Nasza historia tej zbi\u00f3rki.<\/h2>\n\n\n\n<p><strong>Nadal bijesz si\u0119 z my\u015blami? Pos\u0142uchaj co tak naprawd\u0119 mo\u017ce si\u0119 sta\u0107 z zebranymi \u015brodkami.<\/strong><\/p>\n\n\n\n<figure class=\"wp-block-audio\"><audio controls src=\"https:\/\/htb.com.pl\/wp-content\/uploads\/2022\/02\/A22.07.Badzmy-optymistami.mp3\"><\/audio><\/figure>\n\n\n\n<p>Niedzielny poranek 24 lipca, to dzi\u015b si\u0119 stanie, zako\u0144czymy na drona zbieranie. Jeszcze p\u00f3\u0142 miliona i zbi\u00f3rka zako\u0144czona.<\/p>\n\n\n\n<p>Jest jest jest! Pos\u0142uchajmy i dalej Ukrainie pomagajmy.<\/p>\n\n\n\n<p>Z ostatniej chwili. Turecki producent drona za darmo Ukrai\u0144com przeka\u017ce, a uzbierane pieni\u0105dze p\u00f3jd\u0105 na cele charytatywne w Ukrainie. No to wreszcie co\u015b nam si\u0119 uda\u0142o.<\/p>\n\n\n\n<figure class=\"wp-block-audio\"><audio controls src=\"https:\/\/htb.com.pl\/wp-content\/uploads\/2022\/02\/Podziekowanie1.mp3\"><\/audio><\/figure>\n\n\n\n<h2 class=\"wp-block-heading\">&#8220;Karma wraca&#8221;<\/h2>\n\n\n\n<p>To powiedzenie wywodz\u0105ce si\u0119 z filozofii dalekiego wschodu zaowocowa\u0142o. To czym od lat nikogo zainteresowa\u0107 nam si\u0119 nie uda\u0142o, dzi\u0119ki prezydentowi Ukrainy, Wo\u0142odymyrowi Za\u0142enskiemu w\u0142a\u015bnie si\u0119 sta\u0142o. Lini\u0119 elektroenergetyczna Wide\u0142ka-Chmielnicka, b\u0119dzie si\u0119 uruchamia\u0142o.<\/p>\n\n\n\n<figure class=\"wp-block-image size-full\"><img loading=\"lazy\" decoding=\"async\" width=\"954\" height=\"446\" src=\"https:\/\/htb.com.pl\/wp-content\/uploads\/2021\/10\/Wida\u0142kama\u0142y.png\" alt=\"\" class=\"wp-image-56943\" srcset=\"https:\/\/htb.com.pl\/wp-content\/uploads\/2021\/10\/Wida\u0142kama\u0142y.png 954w, https:\/\/htb.com.pl\/wp-content\/uploads\/2021\/10\/Wida\u0142kama\u0142y-300x140.png 300w, https:\/\/htb.com.pl\/wp-content\/uploads\/2021\/10\/Wida\u0142kama\u0142y-768x359.png 768w, https:\/\/htb.com.pl\/wp-content\/uploads\/2021\/10\/Wida\u0142kama\u0142y-600x281.png 600w\" sizes=\"auto, (max-width: 954px) 100vw, 954px\" \/><\/figure>\n\n\n\n<figure class=\"wp-block-audio\"><audio controls src=\"https:\/\/htb.com.pl\/wp-content\/uploads\/2022\/02\/Widelka-Chmielnicka1.mp3\"><\/audio><\/figure>\n\n\n\n<figure class=\"wp-block-image size-full\"><img loading=\"lazy\" decoding=\"async\" width=\"840\" height=\"630\" src=\"https:\/\/htb.com.pl\/wp-content\/uploads\/2022\/10\/FREE_840.jpg\" alt=\"\" class=\"wp-image-75515\" srcset=\"https:\/\/htb.com.pl\/wp-content\/uploads\/2022\/10\/FREE_840.jpg 840w, https:\/\/htb.com.pl\/wp-content\/uploads\/2022\/10\/FREE_840-300x225.jpg 300w, https:\/\/htb.com.pl\/wp-content\/uploads\/2022\/10\/FREE_840-768x576.jpg 768w, https:\/\/htb.com.pl\/wp-content\/uploads\/2022\/10\/FREE_840-600x450.jpg 600w\" sizes=\"auto, (max-width: 840px) 100vw, 840px\" \/><\/figure>\n\n\n\n<h2 class=\"wp-block-heading\">Uwolniono 108 kobiet-\u017co\u0142nierek z rosyjskiej niewoli.<\/h2>\n\n\n\n<figure class=\"wp-block-audio\"><audio controls src=\"https:\/\/htb.com.pl\/wp-content\/uploads\/2022\/10\/U-18.10.Uwolnienie.mp3\"><\/audio><\/figure>\n\n\n\n<figure class=\"wp-block-image size-full\"><img loading=\"lazy\" decoding=\"async\" width=\"798\" height=\"600\" src=\"https:\/\/htb.com.pl\/wp-content\/uploads\/2022\/10\/Kochowka.png\" alt=\"\" class=\"wp-image-75521\" srcset=\"https:\/\/htb.com.pl\/wp-content\/uploads\/2022\/10\/Kochowka.png 798w, https:\/\/htb.com.pl\/wp-content\/uploads\/2022\/10\/Kochowka-300x226.png 300w, https:\/\/htb.com.pl\/wp-content\/uploads\/2022\/10\/Kochowka-768x577.png 768w, https:\/\/htb.com.pl\/wp-content\/uploads\/2022\/10\/Kochowka-600x451.png 600w\" sizes=\"auto, (max-width: 798px) 100vw, 798px\" \/><\/figure>\n\n\n\n<h2 class=\"wp-block-heading\">20 kwietnia 2022 rok. Tama w Kochowce mo\u017ce by\u0107 wysadzona.<\/h2>\n\n\n\n<figure class=\"wp-block-audio\"><audio controls src=\"https:\/\/htb.com.pl\/wp-content\/uploads\/2022\/10\/22.10.Wojna_.mp3\"><\/audio><\/figure>\n\n\n\n<p><audio src=\"http:\/\/radiomaria.com.pl\/wp-content\/uploads\/2022\/10\/22.10.Wojna_.mp3\"><\/audio><\/p>\n\n\n\n<h2 class=\"wp-block-heading\">Audycja pi\u0105tkowa, w pierwsz\u0105 rocznic\u0119 walk w Ukrainie, mia\u0142a by\u0107 nadana z Placu Armii Krajowej w Mielcu.<\/h2>\n\n\n\n<figure class=\"wp-block-image size-full\"><img loading=\"lazy\" decoding=\"async\" width=\"567\" height=\"706\" src=\"https:\/\/htb.com.pl\/wp-content\/uploads\/2022\/02\/Honorrok-2.jpg\" alt=\"\" class=\"wp-image-82437\" srcset=\"https:\/\/htb.com.pl\/wp-content\/uploads\/2022\/02\/Honorrok-2.jpg 567w, https:\/\/htb.com.pl\/wp-content\/uploads\/2022\/02\/Honorrok-2-241x300.jpg 241w\" sizes=\"auto, (max-width: 567px) 100vw, 567px\" \/><\/figure>\n\n\n\n<p><strong>La\u0142o i si\u0119 nie nagra\u0142o \u2013 w sobot\u0119 25.02.2023. nagranie powt\u00f3rzyli\u015bmy. Tym razem z Bazaru (ko\u0142o Hali Targowej).<\/strong><\/p>\n\n\n\n<figure class=\"wp-block-image size-full\"><img loading=\"lazy\" decoding=\"async\" width=\"968\" height=\"436\" src=\"https:\/\/htb.com.pl\/wp-content\/uploads\/2022\/02\/Bazarrok.jpg\" alt=\"\" class=\"wp-image-82438\" srcset=\"https:\/\/htb.com.pl\/wp-content\/uploads\/2022\/02\/Bazarrok.jpg 968w, https:\/\/htb.com.pl\/wp-content\/uploads\/2022\/02\/Bazarrok-300x135.jpg 300w, https:\/\/htb.com.pl\/wp-content\/uploads\/2022\/02\/Bazarrok-768x346.jpg 768w, https:\/\/htb.com.pl\/wp-content\/uploads\/2022\/02\/Bazarrok-600x270.jpg 600w\" sizes=\"auto, (max-width: 968px) 100vw, 968px\" \/><\/figure>\n\n\n\n<figure class=\"wp-block-audio\"><audio controls src=\"https:\/\/htb.com.pl\/wp-content\/uploads\/2023\/03\/Rocznica-walk-w-Ukrainie-Bazar-Mielec.mp3\"><\/audio><\/figure>\n\n\n\n<figure class=\"wp-block-image size-full\"><img loading=\"lazy\" decoding=\"async\" width=\"640\" height=\"477\" src=\"https:\/\/htb.com.pl\/wp-content\/uploads\/2023\/07\/Awdijiwka.png\" alt=\"\" class=\"wp-image-88470\" srcset=\"https:\/\/htb.com.pl\/wp-content\/uploads\/2023\/07\/Awdijiwka.png 640w, https:\/\/htb.com.pl\/wp-content\/uploads\/2023\/07\/Awdijiwka-300x224.png 300w, https:\/\/htb.com.pl\/wp-content\/uploads\/2023\/07\/Awdijiwka-600x447.png 600w\" sizes=\"auto, (max-width: 640px) 100vw, 640px\" \/><\/figure>\n\n\n\n<p>Rozmowa z uchod\u017ac\u0105 z Awdijiwki.<\/p>\n\n\n\n<figure class=\"wp-block-audio\"><audio controls src=\"https:\/\/htb.com.pl\/wp-content\/uploads\/2023\/07\/Z-Ukraincem-na-Gorce-Cyranowskiej.mp3\"><\/audio><\/figure>\n","protected":false},"excerpt":{"rendered":"<p>Radio Maria od lat ostrzega\u0142o, \u017ceby ludzi bez wyobra\u017ani do w\u0142adzy si\u0119 nie wybiera\u0142o. Ukrai\u0144cy dos\u0142ownie to potraktowali i artyst\u0119 &#8211; Wo\u0142odymyra Ze\u0142enskiego, aktora komediowego na prezydenta wybrali. Teraz, gdy ruscy ich zaatakowali, to si\u0119 okaza\u0142o, \u017ce oni prawdziwego przyw\u00f3dc\u0119 wybrali, a my komediant\u00f3w, kt\u00f3rzy rz\u0105d udaj\u0105 a nas w r\u0119ce Putina oddaj\u0105. Jednak na [&hellip;]<\/p>\n","protected":false},"author":1,"featured_media":82437,"comment_status":"open","ping_status":"open","sticky":false,"template":"","format":"standard","meta":{"_jetpack_memberships_contains_paid_content":false,"footnotes":""},"categories":[4],"tags":[775],"class_list":["post-63619","post","type-post","status-publish","format-standard","has-post-thumbnail","hentry","category-daty-i-fakty-blog","tag-pomoc-dla-ukrainy"],"jetpack_sharing_enabled":true,"jetpack_featured_media_url":"https:\/\/htb.com.pl\/wp-content\/uploads\/2022\/02\/Honorrok-2.jpg","_links":{"self":[{"href":"https:\/\/htb.com.pl\/index.php?rest_route=\/wp\/v2\/posts\/63619","targetHints":{"allow":["GET"]}}],"collection":[{"href":"https:\/\/htb.com.pl\/index.php?rest_route=\/wp\/v2\/posts"}],"about":[{"href":"https:\/\/htb.com.pl\/index.php?rest_route=\/wp\/v2\/types\/post"}],"author":[{"embeddable":true,"href":"https:\/\/htb.com.pl\/index.php?rest_route=\/wp\/v2\/users\/1"}],"replies":[{"embeddable":true,"href":"https:\/\/htb.com.pl\/index.php?rest_route=%2Fwp%2Fv2%2Fcomments&post=63619"}],"version-history":[{"count":54,"href":"https:\/\/htb.com.pl\/index.php?rest_route=\/wp\/v2\/posts\/63619\/revisions"}],"predecessor-version":[{"id":88471,"href":"https:\/\/htb.com.pl\/index.php?rest_route=\/wp\/v2\/posts\/63619\/revisions\/88471"}],"wp:featuredmedia":[{"embeddable":true,"href":"https:\/\/htb.com.pl\/index.php?rest_route=\/wp\/v2\/media\/82437"}],"wp:attachment":[{"href":"https:\/\/htb.com.pl\/index.php?rest_route=%2Fwp%2Fv2%2Fmedia&parent=63619"}],"wp:term":[{"taxonomy":"category","embeddable":true,"href":"https:\/\/htb.com.pl\/index.php?rest_route=%2Fwp%2Fv2%2Fcategories&post=63619"},{"taxonomy":"post_tag","embeddable":true,"href":"https:\/\/htb.com.pl\/index.php?rest_route=%2Fwp%2Fv2%2Ftags&post=63619"}],"curies":[{"name":"wp","href":"https:\/\/api.w.org\/{rel}","templated":true}]}}