{"id":64339,"date":"2022-03-13T12:40:35","date_gmt":"2022-03-13T12:40:35","guid":{"rendered":"https:\/\/htb.com.pl\/?p=64339"},"modified":"2022-03-14T08:26:43","modified_gmt":"2022-03-14T08:26:43","slug":"ukraina-wciaz-walczy-sama","status":"publish","type":"post","link":"https:\/\/htb.com.pl\/?p=64339","title":{"rendered":"Ukraina wci\u0105\u017c walczy &#8211; sama"},"content":{"rendered":"\n<p><\/p>\n\n\n\n<figure class=\"wp-block-image size-thumbnail\"><a href=\"https:\/\/htb.com.pl\/wp-content\/uploads\/2022\/03\/Ukraina-wci\u0105\u017c-walczy1.mp3\"><img loading=\"lazy\" decoding=\"async\" width=\"150\" height=\"150\" src=\"https:\/\/htb.com.pl\/wp-content\/uploads\/2018\/04\/posluchaj-150x150.jpg\" alt=\"\" class=\"wp-image-2020\" srcset=\"https:\/\/htb.com.pl\/wp-content\/uploads\/2018\/04\/posluchaj-150x150.jpg 150w, https:\/\/htb.com.pl\/wp-content\/uploads\/2018\/04\/posluchaj-300x300.jpg 300w, https:\/\/htb.com.pl\/wp-content\/uploads\/2018\/04\/posluchaj-100x100.jpg 100w\" sizes=\"auto, (max-width: 150px) 100vw, 150px\" \/><\/a><\/figure>\n\n\n\n<p>Pami\u0119tam czerwiec 1979 rok. Anna Jantar za\u015bpiewa\u0142a hit &#8220;Wielka dama ta\u0144czy sama&#8221;. <\/p>\n\n\n\n<figure class=\"wp-block-embed-youtube wp-block-embed is-type-video is-provider-youtube wp-embed-aspect-4-3 wp-has-aspect-ratio\"><div class=\"wp-block-embed__wrapper\">\n<iframe loading=\"lazy\" title=\"Anna Jantar - Wielka dama ta\u0144czy sama\" width=\"848\" height=\"636\" src=\"https:\/\/www.youtube.com\/embed\/UEIhx_pJCks?feature=oembed\" frameborder=\"0\" allow=\"accelerometer; autoplay; clipboard-write; encrypted-media; gyroscope; picture-in-picture\" allowfullscreen><\/iframe>\n<\/div><\/figure>\n\n\n\n<p>Niezwyk\u0142a melodia &#8211; mo\u017cna to by\u0142o ta\u0144czy\u0107 Jivem, kt\u00f3ry wtedy by\u0142 bardzo modny na parkietach, a ja doskonale wiedzia\u0142em o co chodzi w zawracaniu g\u0142owy nogami &#8211; w ta\u0144cu. Trzy lata wcze\u015bniej pokaza\u0142a mi to Pani Maria. Wielka dama, kt\u00f3rej nikt nie rozumia\u0142 i musia\u0142a ta\u0144czy\u0107 sama. Mia\u0142em zaledwie 15 lat ale si\u0119 odwa\u017cy\u0142em i j\u0105 poprosi\u0142em do ta\u0144ca starsz\u0105 o 4 lata od siebie niezwyk\u0142\u0105 tancerk\u0119. Pani\u0105. Pani Maria to doceni\u0142a i 10 lat p\u00f3\u017aniej moj\u0105 Majka by\u0142a. Ta historia \u017ale si\u0119 sko\u0144czy\u0142a &#8211; jedyne co z tamtej mi\u0142o\u015bci zosta\u0142o, to <a href=\"http:\/\/radiomaria.com.pl\/?p=152\">Radio MARIA.<\/a><\/p>\n\n\n\n<p>Pos\u0142uchajcie jakby to dzi\u015b wygl\u0105da\u0142o, gdyby tamto z\u0142o, (\u015bmier\u0107 Marysi 13 X 1987 r.) si\u0119 nie sta\u0142o.<\/p>\n\n\n\n<p>Gdyby pa\u0144stwo putinowskie Ukrain\u0119 zaatakowa\u0142o, Marysi bardzo by si\u0119 to nie spodoba\u0142o. Kurdupla natychmiast by sprowokowa\u0142a i pokona\u0142a &#8211; a Rosji przy tym nie rusza\u0142a. Ona Polesie we Wsp\u00f3lnej Europie widzia\u0142a i jako przyk\u0142ad gospodarki (brak melioracji) pokazywa\u0142a. Gdyby Marysia tak wcze\u015bnie anio\u0142kiem si\u0119 nie sta\u0142a, Europa jak Polesie by wygl\u0105da\u0142a.<\/p>\n\n\n\n<figure class=\"wp-block-image size-large\"><a href=\"http:\/\/radiomaria.com.pl\/wp-content\/uploads\/2022\/03\/Polesia-czar-Ireneusz-Lament.mp3\"><img loading=\"lazy\" decoding=\"async\" width=\"960\" height=\"540\" src=\"https:\/\/htb.com.pl\/wp-content\/uploads\/2022\/03\/Polesie1maly.jpg\" alt=\"\" class=\"wp-image-64342\" srcset=\"https:\/\/htb.com.pl\/wp-content\/uploads\/2022\/03\/Polesie1maly.jpg 960w, https:\/\/htb.com.pl\/wp-content\/uploads\/2022\/03\/Polesie1maly-300x169.jpg 300w, https:\/\/htb.com.pl\/wp-content\/uploads\/2022\/03\/Polesie1maly-768x432.jpg 768w, https:\/\/htb.com.pl\/wp-content\/uploads\/2022\/03\/Polesie1maly-600x338.jpg 600w\" sizes=\"auto, (max-width: 960px) 100vw, 960px\" \/><\/a><\/figure>\n\n\n\n<p> Republika Federalna Niemiec brzeg\u00f3w Renu by nie wybetonowa\u0142a. Polska Elektrowni\u0119 J\u0105drowa w \u017barnowcu doko\u0144czy\u0142 i dzi\u015b w zupe\u0142nie innej sytuacji, jak chodzi o energetyk\u0119 by\u0142a. Za\u015b wielka dama Europy, kt\u00f3r\u0105 dla niej Ukraina by\u0142a, z jakim\u015b tam Putinem nie walczy\u0142a, tylko jako pot\u0119ga nuklearna europejsk\u0105 kultur\u0119, co kiedy\u015b \u0142aci\u0144ska by\u0142a i prawo rzymskie przed Bizancjum broni\u0142a. A o naszej wschodniej granicy, podobnie jak o zachodniej, m\u00f3wiliby\u015bmy, \u017ce by\u0142a. Taka Ona by\u0142a.<\/p>\n\n\n\n<p>Dzi\u015b Putin zbombardowa\u0142 natowski poligon w Jaworze, <\/p>\n\n\n\n<figure class=\"wp-block-image size-large\"><a href=\"http:\/\/radiomaria.com.pl\/wp-content\/uploads\/2022\/03\/13.03.-NATO-nato-jak-naq-lato.mp3\"><img loading=\"lazy\" decoding=\"async\" width=\"740\" height=\"416\" src=\"https:\/\/htb.com.pl\/wp-content\/uploads\/2022\/03\/Jaworow.jpg\" alt=\"\" class=\"wp-image-64344\" srcset=\"https:\/\/htb.com.pl\/wp-content\/uploads\/2022\/03\/Jaworow.jpg 740w, https:\/\/htb.com.pl\/wp-content\/uploads\/2022\/03\/Jaworow-300x169.jpg 300w, https:\/\/htb.com.pl\/wp-content\/uploads\/2022\/03\/Jaworow-600x337.jpg 600w\" sizes=\"auto, (max-width: 740px) 100vw, 740px\" \/><\/a><\/figure>\n\n\n\n<p> a przera\u017cona Europa krzyczy, &#8220;O Bo\u017ce&#8221;! Major Marii &#8211; Panowie oficerowie by rykn\u0119\u0142a &#8211; potem to swoje bez paniki doda\u0142a, cios sparowa\u0142a, a potem zaatakowa\u0142a. Ona wojny nienawidzi\u0142a ale \u017cycie cywil\u00f3w, zawsze wy\u017cej ni\u017c polityk\u0119 ceni\u0142a. Ona do czego\u015b takiego by nie dopu\u015bci\u0142a.<\/p>\n","protected":false},"excerpt":{"rendered":"<p>Pami\u0119tam czerwiec 1979 rok. Anna Jantar za\u015bpiewa\u0142a hit &#8220;Wielka dama ta\u0144czy sama&#8221;. Niezwyk\u0142a melodia &#8211; mo\u017cna to by\u0142o ta\u0144czy\u0107 Jivem, kt\u00f3ry wtedy by\u0142 bardzo modny na parkietach, a ja doskonale wiedzia\u0142em o co chodzi w zawracaniu g\u0142owy nogami &#8211; w ta\u0144cu. Trzy lata wcze\u015bniej pokaza\u0142a mi to Pani Maria. Wielka dama, kt\u00f3rej nikt nie rozumia\u0142 [&hellip;]<\/p>\n","protected":false},"author":1,"featured_media":64346,"comment_status":"open","ping_status":"open","sticky":false,"template":"","format":"standard","meta":{"_jetpack_memberships_contains_paid_content":false,"footnotes":""},"categories":[4],"tags":[776],"class_list":["post-64339","post","type-post","status-publish","format-standard","has-post-thumbnail","hentry","category-daty-i-fakty-blog","tag-ukraina-wciaz-walczy"],"jetpack_sharing_enabled":true,"jetpack_featured_media_url":"https:\/\/htb.com.pl\/wp-content\/uploads\/2022\/03\/Cywilema\u0142y.jpg","_links":{"self":[{"href":"https:\/\/htb.com.pl\/index.php?rest_route=\/wp\/v2\/posts\/64339","targetHints":{"allow":["GET"]}}],"collection":[{"href":"https:\/\/htb.com.pl\/index.php?rest_route=\/wp\/v2\/posts"}],"about":[{"href":"https:\/\/htb.com.pl\/index.php?rest_route=\/wp\/v2\/types\/post"}],"author":[{"embeddable":true,"href":"https:\/\/htb.com.pl\/index.php?rest_route=\/wp\/v2\/users\/1"}],"replies":[{"embeddable":true,"href":"https:\/\/htb.com.pl\/index.php?rest_route=%2Fwp%2Fv2%2Fcomments&post=64339"}],"version-history":[{"count":8,"href":"https:\/\/htb.com.pl\/index.php?rest_route=\/wp\/v2\/posts\/64339\/revisions"}],"predecessor-version":[{"id":64390,"href":"https:\/\/htb.com.pl\/index.php?rest_route=\/wp\/v2\/posts\/64339\/revisions\/64390"}],"wp:featuredmedia":[{"embeddable":true,"href":"https:\/\/htb.com.pl\/index.php?rest_route=\/wp\/v2\/media\/64346"}],"wp:attachment":[{"href":"https:\/\/htb.com.pl\/index.php?rest_route=%2Fwp%2Fv2%2Fmedia&parent=64339"}],"wp:term":[{"taxonomy":"category","embeddable":true,"href":"https:\/\/htb.com.pl\/index.php?rest_route=%2Fwp%2Fv2%2Fcategories&post=64339"},{"taxonomy":"post_tag","embeddable":true,"href":"https:\/\/htb.com.pl\/index.php?rest_route=%2Fwp%2Fv2%2Ftags&post=64339"}],"curies":[{"name":"wp","href":"https:\/\/api.w.org\/{rel}","templated":true}]}}