{"id":64755,"date":"2022-03-24T08:19:59","date_gmt":"2022-03-24T08:19:59","guid":{"rendered":"https:\/\/htb.com.pl\/?p=64755"},"modified":"2022-03-24T08:52:47","modified_gmt":"2022-03-24T08:52:47","slug":"nauka-historii-wedlug-marysi","status":"publish","type":"post","link":"https:\/\/htb.com.pl\/?p=64755","title":{"rendered":"Nauka historii &#8211; wed\u0142ug Marysi"},"content":{"rendered":"\n<p><\/p>\n\n\n\n<figure class=\"wp-block-image size-thumbnail\"><a href=\"https:\/\/htb.com.pl\/wp-content\/uploads\/2022\/03\/Lekcja-historii.mp3\"><img loading=\"lazy\" decoding=\"async\" width=\"150\" height=\"150\" src=\"https:\/\/htb.com.pl\/wp-content\/uploads\/2018\/04\/posluchaj-150x150.jpg\" alt=\"\" class=\"wp-image-2020\" srcset=\"https:\/\/htb.com.pl\/wp-content\/uploads\/2018\/04\/posluchaj-150x150.jpg 150w, https:\/\/htb.com.pl\/wp-content\/uploads\/2018\/04\/posluchaj-300x300.jpg 300w, https:\/\/htb.com.pl\/wp-content\/uploads\/2018\/04\/posluchaj-100x100.jpg 100w\" sizes=\"auto, (max-width: 150px) 100vw, 150px\" \/><\/a><\/figure>\n\n\n\n<p>Pami\u0119tam jak w 1987 roku Marysia ze sw\u0105 przyjaci\u00f3\u0142ka Pani\u0105 Joasi\u0105,  (Joann\u0105 Micha\u0142owska-Gumowsk\u0105, ministrem o\u015bwiaty i wychowanie w rz\u0105dzie Zbigniewa Messnera), rozmawia\u0142y o nauczaniu historii. Joasia m\u00f3wi\u0142a, \u017ce teraz wygl\u0105da to tak, w szkole podstawowej zaczyna si\u0119 od staro\u017cytno\u015bci, a potem ile si\u0119 da, podobnie jest w szko\u0142ach ponadpodstawowych. Tak si\u0119 A\u015bka nie da, powiedzia\u0142a Majka. Musisz uczy\u0107 o wojnie peloponeskiej, a fakty wsp\u00f3\u0142czesne uczniowie musz\u0105 jedynie por\u00f3wnywa\u0107 do tamtej tragedii. Historia ma uczy\u0107 rozumu &#8211; \u017ceby ju\u017c nigdy nie by\u0142o wojny. To b\u0119dzie d\u0142ugi proces, dzi\u015b masz zakaza\u0107 pokazywania filmu &#8220;Czterej pancerni i pies&#8221; &#8211; wojna tak nie wygl\u0105da. <\/p>\n\n\n\n<p>Tylko z filmem na jaki\u015b czas si\u0119 uda\u0142o, jak chodzi o nauczanie historii, Marysi si\u0119 nie pos\u0142ucha\u0142o i prosz\u0119 popatrze\u0107 co si\u0119 dzi\u015b sta\u0142o. Politycy nie pami\u0119tali albo nie znali historii wojny peloponeskiej, gdzie du\u017cym Atenom si\u0119 nie podoba\u0142o, \u017ce ma\u0142a Sparta ro\u015bnie w si\u0142\u0119. Ateny Spart\u0119 zaatakowa\u0142y i tak politykom ju\u017c na zawsze pokaza\u0142y, co zrobi\u0107, \u017ceby nic nie robi\u0107, a zrobi\u0107.  Nawet zwierz\u0119ta nie zabijaj\u0105 bez potrzeby, w ich \u015bwiecie nie ma polityk\u00f3w. Tylko cz\u0142owiek zabija swych pobratymc\u00f3w w bezsensownych wojnach. Zwierz\u0119ta zabija \u017ceby je\u015b\u0107, tu cz\u0142owiek robi podobnie jak \u015bwiat zwierz\u0105t ale wi\u0119kszo\u015b\u0107 po\u017cywienie marnuje, w \u015bwiecie zwierz\u0105t co\u015b takiego nie  wyst\u0119puje.<\/p>\n\n\n\n<p>Na koniec tej lekcji praca domowa. Podam ewidentne przyk\u0142ady d\u0105\u017cenia polityk\u00f3w do wojny w my\u015bl peloponeskiej zasady. Pa\u0144stwo mog\u0105 dopisa\u0107 w\u0142asne. Takie z w\u0142asnego podw\u00f3rka. Bo jak chodzi w wojn\u0119, to zbli\u017ca si\u0119 powt\u00f3rka.<\/p>\n\n\n\n<p>Wojna peloponeska dzi\u015b to: <\/p>\n\n\n\n<p>Stany Zjednoczone zauwa\u017cy\u0142y, \u017ce Chiny gospodarczo si\u0119 wychyli\u0142y. <a href=\"http:\/\/radiomaria.com.pl\/wp-content\/uploads\/2022\/03\/18.03.Autokracja.mp3\"><img loading=\"lazy\" decoding=\"async\" width=\"150\" height=\"94\" class=\"wp-image-64865\" style=\"width: 150px;\" src=\"https:\/\/htb.com.pl\/wp-content\/uploads\/2022\/03\/Prezyde.png\" alt=\"\" srcset=\"https:\/\/htb.com.pl\/wp-content\/uploads\/2022\/03\/Prezyde.png 911w, https:\/\/htb.com.pl\/wp-content\/uploads\/2022\/03\/Prezyde-300x188.png 300w, https:\/\/htb.com.pl\/wp-content\/uploads\/2022\/03\/Prezyde-768x481.png 768w, https:\/\/htb.com.pl\/wp-content\/uploads\/2022\/03\/Prezyde-600x376.png 600w\" sizes=\"auto, (max-width: 150px) 100vw, 150px\" \/><\/a><\/p>\n\n\n\n<p>Rosja Putina Uni\u0119 Europejska zaatakowa\u0142a ale rady nie da\u0142a i w Ukrainie wojn\u0119 wywo\u0142a\u0142a. <a href=\"http:\/\/radiomaria.com.pl\/wp-content\/uploads\/2022\/03\/13.03.-Zalenski-wsrod-rannych-zolnierzy.mp3\"><img loading=\"lazy\" decoding=\"async\" width=\"150\" height=\"113\" class=\"wp-image-64855\" style=\"width: 150px;\" src=\"https:\/\/htb.com.pl\/wp-content\/uploads\/2022\/03\/Selfie.jpg\" alt=\"\" srcset=\"https:\/\/htb.com.pl\/wp-content\/uploads\/2022\/03\/Selfie.jpg 640w, https:\/\/htb.com.pl\/wp-content\/uploads\/2022\/03\/Selfie-300x225.jpg 300w, https:\/\/htb.com.pl\/wp-content\/uploads\/2022\/03\/Selfie-600x450.jpg 600w\" sizes=\"auto, (max-width: 150px) 100vw, 150px\" \/><\/a> <a href=\"http:\/\/radiomaria.com.pl\/wp-content\/uploads\/2022\/03\/14.03.-20-dzien-walk.mp3\"><img loading=\"lazy\" decoding=\"async\" width=\"150\" height=\"113\" class=\"wp-image-64857\" style=\"width: 150px;\" src=\"https:\/\/htb.com.pl\/wp-content\/uploads\/2022\/03\/Kijow.jpg\" alt=\"\" srcset=\"https:\/\/htb.com.pl\/wp-content\/uploads\/2022\/03\/Kijow.jpg 640w, https:\/\/htb.com.pl\/wp-content\/uploads\/2022\/03\/Kijow-300x225.jpg 300w, https:\/\/htb.com.pl\/wp-content\/uploads\/2022\/03\/Kijow-600x450.jpg 600w\" sizes=\"auto, (max-width: 150px) 100vw, 150px\" \/><\/a><\/p>\n\n\n\n<p>Polscy \u017ali politycy, tacy bez wyobra\u017ani <a href=\"http:\/\/radiomaria.com.pl\/wp-content\/uploads\/2022\/03\/17.03.-Premier-w-Gruzji.mp3\"><img loading=\"lazy\" decoding=\"async\" width=\"150\" height=\"100\" class=\"wp-image-64863\" style=\"width: 150px;\" src=\"https:\/\/htb.com.pl\/wp-content\/uploads\/2022\/03\/Gruz.jpg\" alt=\"\" srcset=\"https:\/\/htb.com.pl\/wp-content\/uploads\/2022\/03\/Gruz.jpg 815w, https:\/\/htb.com.pl\/wp-content\/uploads\/2022\/03\/Gruz-300x200.jpg 300w, https:\/\/htb.com.pl\/wp-content\/uploads\/2022\/03\/Gruz-768x513.jpg 768w, https:\/\/htb.com.pl\/wp-content\/uploads\/2022\/03\/Gruz-600x400.jpg 600w\" sizes=\"auto, (max-width: 150px) 100vw, 150px\" \/><\/a> zauwa\u017cyli, \u017ce ci dobrzy z wyobra\u017ani\u0105 ich o\u015bmieszyli. <a href=\"http:\/\/radiomaria.com.pl\/wp-content\/uploads\/2022\/03\/15.03.-Zlo-dobro-udawalo.mp3\"><img loading=\"lazy\" decoding=\"async\" width=\"150\" height=\"113\" class=\"wp-image-64859\" style=\"width: 150px;\" src=\"https:\/\/htb.com.pl\/wp-content\/uploads\/2022\/03\/Budapeszt.jpg\" alt=\"\" srcset=\"https:\/\/htb.com.pl\/wp-content\/uploads\/2022\/03\/Budapeszt.jpg 640w, https:\/\/htb.com.pl\/wp-content\/uploads\/2022\/03\/Budapeszt-300x225.jpg 300w, https:\/\/htb.com.pl\/wp-content\/uploads\/2022\/03\/Budapeszt-600x450.jpg 600w\" sizes=\"auto, (max-width: 150px) 100vw, 150px\" \/><\/a> Podst\u0119pu u\u017cyli i poprzez propagand\u0119 nasz\u0105 \u015bwiadomo\u015b\u0107 zmienili&#8230; Propaganda to si\u0142a. Wi\u0119kszo\u015b\u0107 Rosjan popiera Putina, a w Polsce wi\u0119kszo\u015b\u0107 popiera ugrupowanie, kt\u00f3re od polityki podobnej do polityki Putina, kupony odcina. <\/p>\n\n\n\n<p>Tylko 38 procent Polak\u00f3w ma \u015bwiadomo\u015b\u0107, \u017ce pieni\u0105dze na 500+ pochodz\u0105 z podatk\u00f3w &#8211; prawie milion uwa\u017ca, \u017ce pieni\u0105dze na sztandarowe programy socjalne Zjednoczonej Prawicy pochodz\u0105 z kasy ugrupowania pana Jaros\u0142awa Kaczy\u0144skiego. <a href=\"http:\/\/radiomaria.com.pl\/wp-content\/uploads\/2022\/03\/16.03.-Misja.mp3\"><img loading=\"lazy\" decoding=\"async\" width=\"150\" height=\"113\" class=\"wp-image-64861\" style=\"width: 150px;\" src=\"https:\/\/htb.com.pl\/wp-content\/uploads\/2022\/03\/Misja-2.jpg\" alt=\"\" srcset=\"https:\/\/htb.com.pl\/wp-content\/uploads\/2022\/03\/Misja-2.jpg 640w, https:\/\/htb.com.pl\/wp-content\/uploads\/2022\/03\/Misja-2-300x225.jpg 300w, https:\/\/htb.com.pl\/wp-content\/uploads\/2022\/03\/Misja-2-600x450.jpg 600w\" sizes=\"auto, (max-width: 150px) 100vw, 150px\" \/><\/a> Propaganda jest z\u0142em i dotyczy nie tylko spo\u0142ecze\u0144stwa rosyjskiego.<\/p>\n","protected":false},"excerpt":{"rendered":"<p>Pami\u0119tam jak w 1987 roku Marysia ze sw\u0105 przyjaci\u00f3\u0142ka Pani\u0105 Joasi\u0105, (Joann\u0105 Micha\u0142owska-Gumowsk\u0105, ministrem o\u015bwiaty i wychowanie w rz\u0105dzie Zbigniewa Messnera), rozmawia\u0142y o nauczaniu historii. Joasia m\u00f3wi\u0142a, \u017ce teraz wygl\u0105da to tak, w szkole podstawowej zaczyna si\u0119 od staro\u017cytno\u015bci, a potem ile si\u0119 da, podobnie jest w szko\u0142ach ponadpodstawowych. Tak si\u0119 A\u015bka nie da, powiedzia\u0142a [&hellip;]<\/p>\n","protected":false},"author":1,"featured_media":64865,"comment_status":"open","ping_status":"open","sticky":false,"template":"","format":"standard","meta":{"_jetpack_memberships_contains_paid_content":false,"footnotes":""},"categories":[4],"tags":[777],"class_list":["post-64755","post","type-post","status-publish","format-standard","has-post-thumbnail","hentry","category-daty-i-fakty-blog","tag-nauka-historii-wedlug-marysi"],"jetpack_sharing_enabled":true,"jetpack_featured_media_url":"https:\/\/htb.com.pl\/wp-content\/uploads\/2022\/03\/Prezyde.png","_links":{"self":[{"href":"https:\/\/htb.com.pl\/index.php?rest_route=\/wp\/v2\/posts\/64755","targetHints":{"allow":["GET"]}}],"collection":[{"href":"https:\/\/htb.com.pl\/index.php?rest_route=\/wp\/v2\/posts"}],"about":[{"href":"https:\/\/htb.com.pl\/index.php?rest_route=\/wp\/v2\/types\/post"}],"author":[{"embeddable":true,"href":"https:\/\/htb.com.pl\/index.php?rest_route=\/wp\/v2\/users\/1"}],"replies":[{"embeddable":true,"href":"https:\/\/htb.com.pl\/index.php?rest_route=%2Fwp%2Fv2%2Fcomments&post=64755"}],"version-history":[{"count":10,"href":"https:\/\/htb.com.pl\/index.php?rest_route=\/wp\/v2\/posts\/64755\/revisions"}],"predecessor-version":[{"id":64869,"href":"https:\/\/htb.com.pl\/index.php?rest_route=\/wp\/v2\/posts\/64755\/revisions\/64869"}],"wp:featuredmedia":[{"embeddable":true,"href":"https:\/\/htb.com.pl\/index.php?rest_route=\/wp\/v2\/media\/64865"}],"wp:attachment":[{"href":"https:\/\/htb.com.pl\/index.php?rest_route=%2Fwp%2Fv2%2Fmedia&parent=64755"}],"wp:term":[{"taxonomy":"category","embeddable":true,"href":"https:\/\/htb.com.pl\/index.php?rest_route=%2Fwp%2Fv2%2Fcategories&post=64755"},{"taxonomy":"post_tag","embeddable":true,"href":"https:\/\/htb.com.pl\/index.php?rest_route=%2Fwp%2Fv2%2Ftags&post=64755"}],"curies":[{"name":"wp","href":"https:\/\/api.w.org\/{rel}","templated":true}]}}