{"id":65159,"date":"2022-04-01T13:20:38","date_gmt":"2022-04-01T13:20:38","guid":{"rendered":"https:\/\/htb.com.pl\/?p=65159"},"modified":"2022-04-01T16:11:44","modified_gmt":"2022-04-01T16:11:44","slug":"wizyta-joe-bidena-w-polsce","status":"publish","type":"post","link":"https:\/\/htb.com.pl\/?p=65159","title":{"rendered":"Wizyta Joe Bidena w Polsce"},"content":{"rendered":"\n<p><\/p>\n\n\n\n<figure class=\"wp-block-image size-thumbnail\"><a href=\"https:\/\/htb.com.pl\/wp-content\/uploads\/2022\/04\/Wizyta-Joe-Bidena-w-Polsce.mp3\"><img loading=\"lazy\" decoding=\"async\" width=\"150\" height=\"150\" src=\"https:\/\/htb.com.pl\/wp-content\/uploads\/2018\/04\/posluchaj-150x150.jpg\" alt=\"\" class=\"wp-image-2020\" srcset=\"https:\/\/htb.com.pl\/wp-content\/uploads\/2018\/04\/posluchaj-150x150.jpg 150w, https:\/\/htb.com.pl\/wp-content\/uploads\/2018\/04\/posluchaj-300x300.jpg 300w, https:\/\/htb.com.pl\/wp-content\/uploads\/2018\/04\/posluchaj-100x100.jpg 100w\" sizes=\"auto, (max-width: 150px) 100vw, 150px\" \/><\/a><\/figure>\n\n\n\n<p>W pi\u0105tek 25 marca prezydent Stan\u00f3w Zjednoczonych wyl\u0105dowa\u0142 w podrzeszowskiej Jasionce. <a href=\"http:\/\/radiomaria.com.pl\/wp-content\/uploads\/2021\/02\/25.03.Prezydent-Duda-zawalil2.mp3\"><img loading=\"lazy\" decoding=\"async\" width=\"150\" height=\"93\" class=\"wp-image-65258\" style=\"width: 150px;\" src=\"https:\/\/htb.com.pl\/wp-content\/uploads\/2022\/03\/Lot2.jpg\" alt=\"\" srcset=\"https:\/\/htb.com.pl\/wp-content\/uploads\/2022\/03\/Lot2.jpg 509w, https:\/\/htb.com.pl\/wp-content\/uploads\/2022\/03\/Lot2-300x185.jpg 300w\" sizes=\"auto, (max-width: 150px) 100vw, 150px\" \/><\/a> Jego samolot przelecia\u0142 nisko nad mieleckim lotniskiem, gdzie stacjonuj\u0105 ameryka\u0144skie wojska. Kancelaria naszego prezydenta Andrzeja Dudy tradycyjnie wszystko poki\u0107ka\u0142a i nie dolecia\u0142a na czas \u017ceby Bidena przywita\u0107. Ten si\u0119 nie zmartwi\u0142, odwiedzi\u0142 swoich \u017co\u0142nierzy stacjonuj\u0105cych w Jasionce, zjad\u0142 pic\u0119 z pizzerni Gusto w G\u0142ogowie Ma\u0142opolskim, kt\u00f3ra bardzo mu smakowa\u0142a, a potem robi\u0142 sobie selfie ze swoimi \u017co\u0142nierzami. Na koniec stana\u0142 w takim symbolicznym k\u00f3\u0142ku <a href=\"http:\/\/radiomaria.com.pl\/wp-content\/uploads\/2022\/03\/P26.03.Centrum-wojny.mp3\"><img loading=\"lazy\" decoding=\"async\" width=\"150\" height=\"84\" class=\"wp-image-65260\" style=\"width: 150px;\" src=\"https:\/\/htb.com.pl\/wp-content\/uploads\/2022\/04\/Centrum.jpg\" alt=\"\" srcset=\"https:\/\/htb.com.pl\/wp-content\/uploads\/2022\/04\/Centrum.jpg 840w, https:\/\/htb.com.pl\/wp-content\/uploads\/2022\/04\/Centrum-300x169.jpg 300w, https:\/\/htb.com.pl\/wp-content\/uploads\/2022\/04\/Centrum-768x432.jpg 768w, https:\/\/htb.com.pl\/wp-content\/uploads\/2022\/04\/Centrum-600x337.jpg 600w\" sizes=\"auto, (max-width: 150px) 100vw, 150px\" \/><\/a> na pod\u0142odze  w <strong>Centrum Wystawienniczo-Kongresowego G2A<\/strong> w Jasionce, gdzie stacjonuj\u0105 ameryka\u0144scy \u017co\u0142nierze i i powiedzia\u0142, \u017ce jest w centrum wojny demokracji z autokracj\u0105. To bardzo trafna wypowied\u017a &#8211; w Radiu MARIA nazywamy to wojn\u0105 dobra ze z\u0142em. W tym czasie prezydent Andrzej Duda dolecia\u0142, prezydenci si\u0119 wreszcie przywitali i z woluntariuszami co na polski-ukrai\u0144skiej granicy uchod\u017acom pomagali rozmawiali. My &#8211; kt\u00f3rzy r\u00f3wnie\u017c na polsko-bia\u0142oruskiej  dzia\u0142amy, <a href=\"http:\/\/radiomaria.com.pl\/wp-content\/uploads\/2022\/03\/28.03.Azyl_.mp3\"><img loading=\"lazy\" decoding=\"async\" width=\"150\" height=\"100\" class=\"wp-image-65270\" style=\"width: 150px;\" src=\"https:\/\/htb.com.pl\/wp-content\/uploads\/2022\/04\/Ucho.jpg\" alt=\"\" srcset=\"https:\/\/htb.com.pl\/wp-content\/uploads\/2022\/04\/Ucho.jpg 960w, https:\/\/htb.com.pl\/wp-content\/uploads\/2022\/04\/Ucho-300x200.jpg 300w, https:\/\/htb.com.pl\/wp-content\/uploads\/2022\/04\/Ucho-768x512.jpg 768w, https:\/\/htb.com.pl\/wp-content\/uploads\/2022\/04\/Ucho-600x400.jpg 600w\" sizes=\"auto, (max-width: 150px) 100vw, 150px\" \/><\/a> nie byli\u015bmy tam reprezentowani i to moim zadnie jest do bani.<\/p>\n\n\n\n<p>Drugiego dnia wizyty si\u0119 okaza\u0142o po co prezydenta Stan\u00f3w Zjednoczonych do Polski przywia\u0142o. Spotka\u0142 si\u0119 z Ukrai\u0144cami <a href=\"http:\/\/radiomaria.com.pl\/wp-content\/uploads\/2022\/03\/26.03.-Paniali.mp3\"><img loading=\"lazy\" decoding=\"async\" width=\"150\" height=\"101\" class=\"wp-image-65262\" style=\"width: 150px;\" src=\"https:\/\/htb.com.pl\/wp-content\/uploads\/2022\/04\/Ameryukr.jpg\" alt=\"\" srcset=\"https:\/\/htb.com.pl\/wp-content\/uploads\/2022\/04\/Ameryukr.jpg 627w, https:\/\/htb.com.pl\/wp-content\/uploads\/2022\/04\/Ameryukr-300x203.jpg 300w, https:\/\/htb.com.pl\/wp-content\/uploads\/2022\/04\/Ameryukr-600x406.jpg 600w\" sizes=\"auto, (max-width: 150px) 100vw, 150px\" \/><\/a> &#8211; ministrem spraw zagranicznych Dymytro Ku\u0142eb\u0105  i ministrem obrony O\u0142eksijem Reznikowem  warszawskim Hotelu Marriott. Potem Rafa\u0142 Trzaskowski, prezydent Warszawy chcia\u0142 mu pokaza\u0107 jak dzia\u0142a z uchod\u017acami na Stadionie Narodowym. <a href=\"http:\/\/radiomaria.com.pl\/wp-content\/uploads\/2022\/03\/26.03.Pomozemy-wam.mp3\"><img loading=\"lazy\" decoding=\"async\" width=\"150\" height=\"113\" class=\"wp-image-65266\" style=\"width: 150px;\" src=\"https:\/\/htb.com.pl\/wp-content\/uploads\/2022\/04\/Wierzymy.jpg\" alt=\"\" srcset=\"https:\/\/htb.com.pl\/wp-content\/uploads\/2022\/04\/Wierzymy.jpg 640w, https:\/\/htb.com.pl\/wp-content\/uploads\/2022\/04\/Wierzymy-300x225.jpg 300w, https:\/\/htb.com.pl\/wp-content\/uploads\/2022\/04\/Wierzymy-600x450.jpg 600w\" sizes=\"auto, (max-width: 150px) 100vw, 150px\" \/><\/a> To si\u0119 nie uda\u0142o, bo naszej &#8220;re\u017cim\u00f3wce&#8221; akurat si\u0119 przypomnia\u0142o, \u017ce klip wyborczy z Morawieckim nakr\u0119ci\u0107 by nale\u017ca\u0142a. Tak na wszelki wypadek, gdyby Kaczy\u0144skiemu si\u0119 ubzdura\u0142o, \u017ce wcze\u015bniejsze wybory zrobi\u0107 by nale\u017ca\u0142o. <\/p>\n\n\n\n<p>W mi\u0119dzyczasie Joe Biden odwali\u0142 obowi\u0105zkowy punkt w tego rodzaju wizytach, czyli spotka\u0142 si\u0119 z prezydentem Andrzejem Dud\u0105 w pa\u0142acu prezydenckim. <a href=\"http:\/\/radiomaria.com.pl\/wp-content\/uploads\/2022\/03\/26.03.Zawsze-niech-bedzie-slonce.mp3\"><img loading=\"lazy\" decoding=\"async\" width=\"150\" height=\"113\" class=\"wp-image-65264\" style=\"width: 150px;\" src=\"https:\/\/htb.com.pl\/wp-content\/uploads\/2022\/04\/Palac1.jpg\" alt=\"\" srcset=\"https:\/\/htb.com.pl\/wp-content\/uploads\/2022\/04\/Palac1.jpg 640w, https:\/\/htb.com.pl\/wp-content\/uploads\/2022\/04\/Palac1-300x225.jpg 300w, https:\/\/htb.com.pl\/wp-content\/uploads\/2022\/04\/Palac1-600x450.jpg 600w\" sizes=\"auto, (max-width: 150px) 100vw, 150px\" \/><\/a><\/p>\n\n\n\n<p>Ja czeka\u0142em na przem\u00f3wienia na Zamku Kr\u00f3lewskim i nie zawiod\u0142em si\u0119. <a href=\"http:\/\/radiomaria.com.pl\/wp-content\/uploads\/2022\/03\/27.03.Przemowienie.mp3\"><img loading=\"lazy\" decoding=\"async\" width=\"150\" height=\"108\" class=\"wp-image-65268\" style=\"width: 150px;\" src=\"https:\/\/htb.com.pl\/wp-content\/uploads\/2022\/04\/Bidenmaly1.jpg\" alt=\"\" srcset=\"https:\/\/htb.com.pl\/wp-content\/uploads\/2022\/04\/Bidenmaly1.jpg 964w, https:\/\/htb.com.pl\/wp-content\/uploads\/2022\/04\/Bidenmaly1-300x217.jpg 300w, https:\/\/htb.com.pl\/wp-content\/uploads\/2022\/04\/Bidenmaly1-768x555.jpg 768w, https:\/\/htb.com.pl\/wp-content\/uploads\/2022\/04\/Bidenmaly1-600x434.jpg 600w\" sizes=\"auto, (max-width: 150px) 100vw, 150px\" \/><\/a> W przem\u00f3wieniu Joe Bidena pojawi\u0142y si\u0119 w\u0105tki z archiwum Radia MARIA.  Z pierwszej naszej audycji o wyborze Jana Paw\u0142a II na Stolic\u0119 Piotrow\u0105 Joe Biden zacytowa\u0142 s\u0142owa Ojca \u015awi\u0119tego, kt\u00f3re wtedy wypowiedzia\u0142. &#8220;Nie l\u0119kajcie si\u0119&#8221;. Zako\u0144czy\u0142 za\u015b prac\u0105 domow\u0105 z mojego ostatniego wpisu <a href=\"https:\/\/htb.com.pl\/?p=64755\">NAUKA HISTORII &#8211; WED\u0141UG MARYSI.<\/a> Zakaza\u0142 Jaros\u0142awowi Kaczy\u0144skiemu wst\u0119pu na uroczysto\u015bci na Zamku Kr\u00f3lewskim. Wskaza\u0142 w ten spos\u00f3b przyczyn\u0119 jednej z wojen, kt\u00f3re to kaza\u0142em wymieni\u0107. Moja ocena jest celuj\u0105ca.<\/p>\n","protected":false},"excerpt":{"rendered":"<p>W pi\u0105tek 25 marca prezydent Stan\u00f3w Zjednoczonych wyl\u0105dowa\u0142 w podrzeszowskiej Jasionce. Jego samolot przelecia\u0142 nisko nad mieleckim lotniskiem, gdzie stacjonuj\u0105 ameryka\u0144skie wojska. Kancelaria naszego prezydenta Andrzeja Dudy tradycyjnie wszystko poki\u0107ka\u0142a i nie dolecia\u0142a na czas \u017ceby Bidena przywita\u0107. Ten si\u0119 nie zmartwi\u0142, odwiedzi\u0142 swoich \u017co\u0142nierzy stacjonuj\u0105cych w Jasionce, zjad\u0142 pic\u0119 z pizzerni Gusto w G\u0142ogowie [&hellip;]<\/p>\n","protected":false},"author":1,"featured_media":65260,"comment_status":"open","ping_status":"open","sticky":false,"template":"","format":"standard","meta":{"_jetpack_memberships_contains_paid_content":false,"footnotes":""},"categories":[4],"tags":[778],"class_list":["post-65159","post","type-post","status-publish","format-standard","has-post-thumbnail","hentry","category-daty-i-fakty-blog","tag-wizyta-joe-bidena-w-polsce"],"jetpack_sharing_enabled":true,"jetpack_featured_media_url":"https:\/\/htb.com.pl\/wp-content\/uploads\/2022\/04\/Centrum.jpg","_links":{"self":[{"href":"https:\/\/htb.com.pl\/index.php?rest_route=\/wp\/v2\/posts\/65159","targetHints":{"allow":["GET"]}}],"collection":[{"href":"https:\/\/htb.com.pl\/index.php?rest_route=\/wp\/v2\/posts"}],"about":[{"href":"https:\/\/htb.com.pl\/index.php?rest_route=\/wp\/v2\/types\/post"}],"author":[{"embeddable":true,"href":"https:\/\/htb.com.pl\/index.php?rest_route=\/wp\/v2\/users\/1"}],"replies":[{"embeddable":true,"href":"https:\/\/htb.com.pl\/index.php?rest_route=%2Fwp%2Fv2%2Fcomments&post=65159"}],"version-history":[{"count":11,"href":"https:\/\/htb.com.pl\/index.php?rest_route=\/wp\/v2\/posts\/65159\/revisions"}],"predecessor-version":[{"id":65280,"href":"https:\/\/htb.com.pl\/index.php?rest_route=\/wp\/v2\/posts\/65159\/revisions\/65280"}],"wp:featuredmedia":[{"embeddable":true,"href":"https:\/\/htb.com.pl\/index.php?rest_route=\/wp\/v2\/media\/65260"}],"wp:attachment":[{"href":"https:\/\/htb.com.pl\/index.php?rest_route=%2Fwp%2Fv2%2Fmedia&parent=65159"}],"wp:term":[{"taxonomy":"category","embeddable":true,"href":"https:\/\/htb.com.pl\/index.php?rest_route=%2Fwp%2Fv2%2Fcategories&post=65159"},{"taxonomy":"post_tag","embeddable":true,"href":"https:\/\/htb.com.pl\/index.php?rest_route=%2Fwp%2Fv2%2Ftags&post=65159"}],"curies":[{"name":"wp","href":"https:\/\/api.w.org\/{rel}","templated":true}]}}