{"id":65705,"date":"2022-04-13T06:02:49","date_gmt":"2022-04-13T06:02:49","guid":{"rendered":"https:\/\/htb.com.pl\/?p=65705"},"modified":"2022-04-13T06:02:50","modified_gmt":"2022-04-13T06:02:50","slug":"wszyscy-jestesmy-winni","status":"publish","type":"post","link":"https:\/\/htb.com.pl\/?p=65705","title":{"rendered":"Wszyscy jeste\u015bmy winni"},"content":{"rendered":"\n<p>Tak Papie\u017c Franciszek napisa\u0142 na Twitterze odnosz\u0105c si\u0119 do tego co si\u0119 dzieje w Ukrainie. Ten wpis wzbudzi\u0142 ogromne kontrowersje, r\u00f3wnie\u017c w\u015br\u00f3d katolik\u00f3w ko\u015bcio\u0142a rzymskokatolickiego &#8211; mojego. Ja pokazuj\u0105c \u015bwiat z perspektywy Marysi nie widz\u0119 w tym wpisie niczego niestosownego. Opisuj\u0105c z tej perspektywy katastrof\u0119 smole\u0144sk\u0105, napisa\u0142em co\u015b podobnego; <a href=\"https:\/\/htb.com.pl\/?p=223\">&#8220;Katastrofa smole\u0144ska &#8211; winni jeste\u015bmy myt&#8221;<\/a>.<\/p>\n\n\n\n<p>Zapomnieli\u015bmy o przykazaniu, kt\u00f3re r\u00f3\u017cni nas od \u015bwiata zwierz\u0119cego i nie ma znaczenia jakiego jeste\u015bmy wyznania &#8211; dotyczy ono r\u00f3wnie\u017c tych, kt\u00f3rzy nie maj\u0105 \u0142aski wiary.  <strong>Przykazanie o mi\u0142o\u015bci bli\u017aniego<\/strong> sprowadza walk\u0119 ze z\u0142em do tego samego. Okre\u015bla z\u0142o wg. tej samej miary. <\/p>\n\n\n\n<p>Ludzie nie s\u0105 \u017ali, tylko czyni\u0105 \u017ale &#8211; m\u00f3wi\u0142 bp Tadeusz Pieronek. Marysia, kt\u00f3ra z terroryzmem z broni\u0105 w r\u0119ku walczy\u0142a &#8211; m\u00f3wi\u0142a; nie zawsze z\u0142o mo\u017cna dobrem zwyci\u0119\u017cy\u0107. Jednak zanim po bro\u0144 si\u0119gn\u0119\u0142a, wszystko robi\u0142a, aby s\u0142owo z\u0142o pokona\u0142o i tragedia si\u0119 nie wydarzy\u0142a. Pisa\u0142em jak to robi\u0142a &#8211; jednak elita polityczna, jak zwykle m\u0105drzejsza by\u0142a&#8230;<\/p>\n\n\n\n<p>A oto do czego w tym tygodniu doprowadzi\u0142a.<\/p>\n\n\n\n<p>Pilitycy holding spo\u017cywczy wymy\u015blili, czym gospodark\u0119 rynkow\u0105  z powrotem do planowej zawr\u00f3cili. <a href=\"http:\/\/radiomaria.com.pl\/wp-content\/uploads\/2022\/03\/29.03.Holding.mp3\"><img loading=\"lazy\" decoding=\"async\" width=\"150\" height=\"84\" class=\"wp-image-65840\" style=\"width: 150px;\" src=\"https:\/\/htb.com.pl\/wp-content\/uploads\/2022\/04\/Kolodziejczak.png\" alt=\"\" srcset=\"https:\/\/htb.com.pl\/wp-content\/uploads\/2022\/04\/Kolodziejczak.png 972w, https:\/\/htb.com.pl\/wp-content\/uploads\/2022\/04\/Kolodziejczak-300x168.png 300w, https:\/\/htb.com.pl\/wp-content\/uploads\/2022\/04\/Kolodziejczak-768x429.png 768w, https:\/\/htb.com.pl\/wp-content\/uploads\/2022\/04\/Kolodziejczak-600x335.png 600w\" sizes=\"auto, (max-width: 150px) 100vw, 150px\" \/><\/a><\/p>\n\n\n\n<p>Prezydent Andrzej Duda i pierwsza dama Agata Kornhauzer-Duda Papie\u017ca Franciszka w Watykanie odwiedzili &#8211; wyja\u015bnili, czemu uchod\u017ac\u00f3w z Ukrainy przyjmuj\u0105, a tych z bia\u0142orusko-polskiej inaczej traktuj\u0105. <a href=\"http:\/\/radiomaria.com.pl\/wp-content\/uploads\/2022\/04\/02.04.Rocznica-smierci.mp3\"><img loading=\"lazy\" decoding=\"async\" width=\"150\" height=\"75\" class=\"wp-image-65847\" style=\"width: 150px;\" src=\"https:\/\/htb.com.pl\/wp-content\/uploads\/2022\/04\/Wizyta.png\" alt=\"\" srcset=\"https:\/\/htb.com.pl\/wp-content\/uploads\/2022\/04\/Wizyta.png 608w, https:\/\/htb.com.pl\/wp-content\/uploads\/2022\/04\/Wizyta-300x150.png 300w, https:\/\/htb.com.pl\/wp-content\/uploads\/2022\/04\/Wizyta-600x301.png 600w\" sizes=\"auto, (max-width: 150px) 100vw, 150px\" \/><\/a><\/p>\n\n\n\n<p>Politycy opozycji 25 rocznic\u0119 powstania Konstytucji \u015bwi\u0119towali <a href=\"http:\/\/radiomaria.com.pl\/wp-content\/uploads\/2022\/04\/02.04.-Rocznica-Konstytucji-RP.mp3\"><img loading=\"lazy\" decoding=\"async\" width=\"150\" height=\"220\" class=\"wp-image-65358\" style=\"width: 150px;\" src=\"https:\/\/htb.com.pl\/wp-content\/uploads\/2018\/07\/06-konstytucja-rzeczypospoli.jpg\" alt=\"\" srcset=\"https:\/\/htb.com.pl\/wp-content\/uploads\/2018\/07\/06-konstytucja-rzeczypospoli.jpg 815w, https:\/\/htb.com.pl\/wp-content\/uploads\/2018\/07\/06-konstytucja-rzeczypospoli-205x300.jpg 205w, https:\/\/htb.com.pl\/wp-content\/uploads\/2018\/07\/06-konstytucja-rzeczypospoli-700x1024.jpg 700w, https:\/\/htb.com.pl\/wp-content\/uploads\/2018\/07\/06-konstytucja-rzeczypospoli-768x1124.jpg 768w, https:\/\/htb.com.pl\/wp-content\/uploads\/2018\/07\/06-konstytucja-rzeczypospoli-600x878.jpg 600w\" sizes=\"auto, (max-width: 150px) 100vw, 150px\" \/><\/a> &#8211; rz\u0105dz\u0105cy, kt\u00f3rzy j\u0105 zlikwidowali, nic o konstytucji nie gadali. Ci, kt\u00f3rzy o Konstytucji pami\u0119tali, r\u00f3wnie\u017c podpowiadali co zrobi\u0107, \u017ceby\u015bmy jako Polska przetrwali. To politycy PSL-u. <a href=\"http:\/\/radiomaria.com.pl\/wp-content\/uploads\/2022\/04\/06.04.-Ludowcy.mp3\"><img loading=\"lazy\" decoding=\"async\" width=\"150\" height=\"85\" class=\"wp-image-65854\" style=\"width: 150px;\" src=\"https:\/\/htb.com.pl\/wp-content\/uploads\/2022\/04\/Kosiniaklaly.jpg\" alt=\"\" srcset=\"https:\/\/htb.com.pl\/wp-content\/uploads\/2022\/04\/Kosiniaklaly.jpg 955w, https:\/\/htb.com.pl\/wp-content\/uploads\/2022\/04\/Kosiniaklaly-300x169.jpg 300w, https:\/\/htb.com.pl\/wp-content\/uploads\/2022\/04\/Kosiniaklaly-768x433.jpg 768w, https:\/\/htb.com.pl\/wp-content\/uploads\/2022\/04\/Kosiniaklaly-600x339.jpg 600w\" sizes=\"auto, (max-width: 150px) 100vw, 150px\" \/><\/a> Mo\u017ce by\u015bmy ich pos\u0142uchali? Gdyby Wincentego Witosa za sanacji pos\u0142uchano &#8211; w 1939 roku jak dzi\u015b Ukraina naje\u017ad\u017acom odp\u00f3r by dano, a nie uciekano.<\/p>\n\n\n\n<p>Tragedii, o kt\u00f3rej tu pisz\u0119, Pa\u0144stwo nie widzicie, bo propagandzie wierzycie &#8211; uwierzycie jak to wszystko &#8220;pizdnnie&#8221; &#8211;  wtedy zobaczycie.<\/p>\n\n\n\n<p>W Polityce mi\u0119dzynarodowej tylko na W\u0119grzech z\u0142o wygra\u0142o. <a href=\"http:\/\/radiomaria.com.pl\/wp-content\/uploads\/2022\/04\/07.04.Dyktatorzy.mp3\"><img loading=\"lazy\" decoding=\"async\" width=\"150\" height=\"100\" class=\"wp-image-65852\" style=\"width: 150px;\" src=\"https:\/\/htb.com.pl\/wp-content\/uploads\/2022\/04\/wybory-Orban.jpg\" alt=\"\" srcset=\"https:\/\/htb.com.pl\/wp-content\/uploads\/2022\/04\/wybory-Orban.jpg 650w, https:\/\/htb.com.pl\/wp-content\/uploads\/2022\/04\/wybory-Orban-300x200.jpg 300w, https:\/\/htb.com.pl\/wp-content\/uploads\/2022\/04\/wybory-Orban-600x401.jpg 600w\" sizes=\"auto, (max-width: 150px) 100vw, 150px\" \/><\/a> Ursuli&nbsp;&nbsp;von der Leyen <a href=\"http:\/\/radiomaria.com.pl\/wp-content\/uploads\/2022\/04\/02.04.-Panie-dzialaja.mp3\"><img loading=\"lazy\" decoding=\"async\" width=\"150\" height=\"113\" class=\"wp-image-65849\" style=\"width: 150px;\" src=\"https:\/\/htb.com.pl\/wp-content\/uploads\/2022\/04\/Der-Lajewn.jpeg\" alt=\"\" srcset=\"https:\/\/htb.com.pl\/wp-content\/uploads\/2022\/04\/Der-Lajewn.jpeg 640w, https:\/\/htb.com.pl\/wp-content\/uploads\/2022\/04\/Der-Lajewn-300x225.jpeg 300w, https:\/\/htb.com.pl\/wp-content\/uploads\/2022\/04\/Der-Lajewn-600x450.jpeg 600w\" sizes=\"auto, (max-width: 150px) 100vw, 150px\" \/><\/a> jak na razie z\u0142o odeprze\u0107 si\u0119 uda\u0142o. Naszym z\u0142ym politykom, kt\u00f3rym przez brak unijnych \u015brodk\u00f3w bankructwo w oczy zajrza\u0142o &#8211; si\u0119 ubzdura\u0142o. \u017ce standardy, jak chodzi o praworz\u0105dno\u015b\u0107 w obliczu wojny w Ukrainie <a href=\"http:\/\/radiomaria.com.pl\/wp-content\/uploads\/2022\/03\/31.03.Rosjanie-napromieniowani.mp3\"><img loading=\"lazy\" decoding=\"async\" width=\"150\" height=\"88\" class=\"wp-image-65845\" style=\"width: 150px;\" src=\"https:\/\/htb.com.pl\/wp-content\/uploads\/2022\/04\/Sarkofag.png\" alt=\"\" srcset=\"https:\/\/htb.com.pl\/wp-content\/uploads\/2022\/04\/Sarkofag.png 775w, https:\/\/htb.com.pl\/wp-content\/uploads\/2022\/04\/Sarkofag-300x177.png 300w, https:\/\/htb.com.pl\/wp-content\/uploads\/2022\/04\/Sarkofag-768x453.png 768w, https:\/\/htb.com.pl\/wp-content\/uploads\/2022\/04\/Sarkofag-600x354.png 600w\" sizes=\"auto, (max-width: 150px) 100vw, 150px\" \/><\/a> zmieni\u0107 by nale\u017ca\u0142o i oprze\u0107 na standardach Putinowskich. Poza tym nasze Panie z Unii Europejskiej na Ukrainie dzia\u0142aj\u0105 &#8211; oficjalnie podano, \u017ce do wej\u015bcia do naszej rodziny Ukrain\u0119 zapraszaj\u0105. <a href=\"http:\/\/radiomaria.com.pl\/wp-content\/uploads\/2022\/04\/09.04.Protoplasci1.mp3\"><img loading=\"lazy\" decoding=\"async\" width=\"150\" height=\"93\" class=\"wp-image-65856\" style=\"width: 150px;\" src=\"https:\/\/htb.com.pl\/wp-content\/uploads\/2022\/04\/Wizytaok.jpg\" alt=\"\" srcset=\"https:\/\/htb.com.pl\/wp-content\/uploads\/2022\/04\/Wizytaok.jpg 919w, https:\/\/htb.com.pl\/wp-content\/uploads\/2022\/04\/Wizytaok-300x186.jpg 300w, https:\/\/htb.com.pl\/wp-content\/uploads\/2022\/04\/Wizytaok-768x476.jpg 768w, https:\/\/htb.com.pl\/wp-content\/uploads\/2022\/04\/Wizytaok-600x371.jpg 600w\" sizes=\"auto, (max-width: 150px) 100vw, 150px\" \/><\/a> Marysia by si\u0119 cieszy\u0142a, Ona zawsze o tym marzy\u0142a.<\/p>\n","protected":false},"excerpt":{"rendered":"<p>Tak Papie\u017c Franciszek napisa\u0142 na Twitterze odnosz\u0105c si\u0119 do tego co si\u0119 dzieje w Ukrainie. Ten wpis wzbudzi\u0142 ogromne kontrowersje, r\u00f3wnie\u017c w\u015br\u00f3d katolik\u00f3w ko\u015bcio\u0142a rzymskokatolickiego &#8211; mojego. Ja pokazuj\u0105c \u015bwiat z perspektywy Marysi nie widz\u0119 w tym wpisie niczego niestosownego. Opisuj\u0105c z tej perspektywy katastrof\u0119 smole\u0144sk\u0105, napisa\u0142em co\u015b podobnego; &#8220;Katastrofa smole\u0144ska &#8211; winni jeste\u015bmy myt&#8221;. [&hellip;]<\/p>\n","protected":false},"author":1,"featured_media":65858,"comment_status":"open","ping_status":"open","sticky":false,"template":"","format":"standard","meta":{"_jetpack_memberships_contains_paid_content":false,"footnotes":""},"categories":[4],"tags":[779],"class_list":["post-65705","post","type-post","status-publish","format-standard","has-post-thumbnail","hentry","category-daty-i-fakty-blog","tag-wszyscy-jestesmy-winni"],"jetpack_sharing_enabled":true,"jetpack_featured_media_url":"https:\/\/htb.com.pl\/wp-content\/uploads\/2022\/04\/000F0711XTDEXGGY-C122-F4.jpg","_links":{"self":[{"href":"https:\/\/htb.com.pl\/index.php?rest_route=\/wp\/v2\/posts\/65705","targetHints":{"allow":["GET"]}}],"collection":[{"href":"https:\/\/htb.com.pl\/index.php?rest_route=\/wp\/v2\/posts"}],"about":[{"href":"https:\/\/htb.com.pl\/index.php?rest_route=\/wp\/v2\/types\/post"}],"author":[{"embeddable":true,"href":"https:\/\/htb.com.pl\/index.php?rest_route=\/wp\/v2\/users\/1"}],"replies":[{"embeddable":true,"href":"https:\/\/htb.com.pl\/index.php?rest_route=%2Fwp%2Fv2%2Fcomments&post=65705"}],"version-history":[{"count":13,"href":"https:\/\/htb.com.pl\/index.php?rest_route=\/wp\/v2\/posts\/65705\/revisions"}],"predecessor-version":[{"id":65859,"href":"https:\/\/htb.com.pl\/index.php?rest_route=\/wp\/v2\/posts\/65705\/revisions\/65859"}],"wp:featuredmedia":[{"embeddable":true,"href":"https:\/\/htb.com.pl\/index.php?rest_route=\/wp\/v2\/media\/65858"}],"wp:attachment":[{"href":"https:\/\/htb.com.pl\/index.php?rest_route=%2Fwp%2Fv2%2Fmedia&parent=65705"}],"wp:term":[{"taxonomy":"category","embeddable":true,"href":"https:\/\/htb.com.pl\/index.php?rest_route=%2Fwp%2Fv2%2Fcategories&post=65705"},{"taxonomy":"post_tag","embeddable":true,"href":"https:\/\/htb.com.pl\/index.php?rest_route=%2Fwp%2Fv2%2Ftags&post=65705"}],"curies":[{"name":"wp","href":"https:\/\/api.w.org\/{rel}","templated":true}]}}