{"id":66327,"date":"2022-04-23T11:51:09","date_gmt":"2022-04-23T11:51:09","guid":{"rendered":"https:\/\/htb.com.pl\/?p=66327"},"modified":"2022-04-23T12:31:47","modified_gmt":"2022-04-23T12:31:47","slug":"tuba-propagandowa","status":"publish","type":"post","link":"https:\/\/htb.com.pl\/?p=66327","title":{"rendered":"Tuba propagandowa"},"content":{"rendered":"\n<figure class=\"wp-block-image size-large\"><img loading=\"lazy\" decoding=\"async\" width=\"460\" height=\"349\" src=\"https:\/\/htb.com.pl\/wp-content\/uploads\/2022\/04\/DdqOGzkVMAAVPRa.jpg\" alt=\"\" class=\"wp-image-66358\" srcset=\"https:\/\/htb.com.pl\/wp-content\/uploads\/2022\/04\/DdqOGzkVMAAVPRa.jpg 460w, https:\/\/htb.com.pl\/wp-content\/uploads\/2022\/04\/DdqOGzkVMAAVPRa-300x228.jpg 300w\" sizes=\"auto, (max-width: 460px) 100vw, 460px\" \/><\/figure>\n\n\n\n<p>Propaganda jest najwa\u017cniejszym or\u0119\u017cem w walce dobra ze z\u0142em. Pozwala z\u0142u manipulowa\u0107 lud\u017ami tak, \u017ceby chcieli zobaczy\u0107 to co rz\u0105dz\u0105cy im powiedzieli. To jest pi\u0119kne &#8211; ale tego nie ma.  \u0141udzimy si\u0119 jednak, \u017ce jak ich wybierzemy to tego do\u017cyjemy, a jak ju\u017c \u017cycie prze\u017cyjemy, to si\u0119 dowiadujemy, dlaczego si\u0119 nie spe\u0142ni\u0142o, to co si\u0119 nam kiedy\u015b marzy\u0142o. Bo nie zawsze \u017ce\u015bmy wybierali, tak jak rz\u0105dz\u0105cy sobie planowali. Dlatego lepiej, \u017ceby\u015bmy propagandy nie s\u0142uchali i w\u0142asnych wybor\u00f3w dokonywali.<\/p>\n\n\n\n<p>W 1976 roku zapyta\u0142em Pani\u0105 Mari\u0119, potem moj\u0105 Marysi\u0119 co to byli Jagiellonowie. K\u0142\u00f3ci\u0142a si\u0119 ze swoim by\u0142ym ch\u0142opakiem, kt\u00f3ry twierdzi\u0142, \u017ce w Polsce nie ma wzorc\u00f3w rz\u0105dzenia i powiedzia\u0142a &#8211; a Jagiellonowie? Ch\u0142opak dosta\u0142 kopa i ja zaj\u0105\u0142em jego miejsce. Niestety o Jagiellonach nie mia\u0142em wtedy bladego poj\u0119cia. Chcia\u0142em si\u0119 nauczy ta\u0144czy\u0107 i to nas po\u0142\u0105czy\u0142o. Taniec i muzyka by\u0142a naszym wsp\u00f3lnym mianownikiem. Przyszed\u0142 jednak moment, \u017ce musieli\u015bmy si\u0119 rozsta\u0107 na 10 lat. Pani Maria powiedzia\u0142a, \u017ce bardzo chcia\u0142aby mnie spotka\u0107 za 10 lat. Nie wierzy\u0142em w to spotkanie ale gdzie\u015b z ty\u0142u g\u0142owy zawsze co\u015b mi m\u00f3wi\u0142o &#8211; co ja powiem Pani Marii jak j\u0105 spotkam. Zwykle by\u0142o to wtedy, jak co\u015b mi si\u0119 nie uda\u0142o. To Pani Maria powiedzia\u0142a mi, \u017ce jak upadli Jagiellonowie Polski przez 123 lata nie by\u0142o i dopiero Ignacy Jan Paderewski wygra\u0142 nam wolno\u015b\u0107 na fortepianie. Tak te\u017c zwykle odpowiada\u0142em na lekcjach historii, bo kompletnie nie rozumia\u0142em tego co m\u00f3wi\u0142y panie nauczycielki o odrodzeniu si\u0119 pa\u0144stwa polskiego z roku 1918. Ci\u0105gle chodzi\u0142o o jakiego\u015b Pi\u0142sudskiego, czyli cz\u0142owieka z\u0142ego, dzi\u015b wiem, \u017ce wr\u0119cz terroryst\u0119. <a href=\"https:\/\/htb.com.pl\/?product=polscy-terrorysci\"><img loading=\"lazy\" decoding=\"async\" width=\"150\" height=\"233\" class=\"wp-image-3338\" style=\"width: 150px;\" src=\"https:\/\/htb.com.pl\/wp-content\/uploads\/2019\/03\/terrorysta.jpg\" alt=\"\" srcset=\"https:\/\/htb.com.pl\/wp-content\/uploads\/2019\/03\/terrorysta.jpg 200w, https:\/\/htb.com.pl\/wp-content\/uploads\/2019\/03\/terrorysta-194x300.jpg 194w\" sizes=\"auto, (max-width: 150px) 100vw, 150px\" \/><\/a> Wola\u0142em Paderewskiego i to mi zosta\u0142o. <\/p>\n\n\n\n<p>Wype\u0142niaj\u0105c niejako testament Marysi postanowi\u0142em upami\u0119tni\u0107 Ignacego Jana Paderewskiego w Mielcu.  Pisa\u0142em, jak si\u0119 okaza\u0142o, \u017ce w 1931 roku mieleccy rajcy, tacy dzisiejsi radni  jeden z plac\u00f3w na Starym Mielcu imieniem Ignacego Jana Paderewskiego nazwali, jednak dzisiejsi mieszka\u0144cy Mielca o tym nie pami\u0119tali. By\u0142 to czas Procesu Brzeskiego, a mimo to \u00f3wcze\u015bni mielczanie Pi\u0142sudskiego si\u0119 nie bali. Sprawa jednak dotyczy Mielca Starego, a ja chcia\u0142em upami\u0119tni\u0107 zas\u0142ugi Paderewskiego dla Mielca Nowego. Z\u0142o\u017cy\u0142em wi\u0119c wniosek o nadanie jednemu ze skwer\u00f3w imienia Frontu Morges. Komisja Kultury i O\u015bwiaty dzisiejszej rady Miejskiej w Mielcu, z jej przewodnicz\u0105cym Krzysztofem \u0141ap\u0105 okaza\u0142a si\u0119 tub\u0105 propagandow\u0105 obecnej w\u0142adzy i tak m\u00f3j wniosek potraktowa\u0142a, \u017ce go nie rozpatrywa\u0142a. Jakich\u015b ludzi wykombinowa\u0142a i ich przekona\u0142a, \u017ce skwer za biblioteka miejska w Mielcu Zespo\u0142owi Pie\u015bni i Ta\u0144ca Rzeszowiacy ch\u0119tnie by przypisa\u0142a. Ludzie ci na posiedzeniu komisji byli i si\u0119 zgodzili.<\/p>\n\n\n\n<p>A oto czego jeszcze w tym tygodniu dokonali, ci kt\u00f3rzy w tub\u0119 propagandow\u0105 obecnej w\u0142adzy dmuchali.<\/p>\n\n\n\n<p>Kontroler\u00f3w lot\u00f3w pozwalniali i cywilne lotnictwo sparali\u017cowali. <a href=\"http:\/\/radiomaria.com.pl\/wp-content\/uploads\/2022\/04\/10.04.Kontrolerzy.mp3\"><img loading=\"lazy\" decoding=\"async\" width=\"150\" height=\"100\" class=\"wp-image-66339\" style=\"width: 150px;\" src=\"https:\/\/htb.com.pl\/wp-content\/uploads\/2022\/04\/Kontrolerzy.jpeg\" alt=\"\" srcset=\"https:\/\/htb.com.pl\/wp-content\/uploads\/2022\/04\/Kontrolerzy.jpeg 900w, https:\/\/htb.com.pl\/wp-content\/uploads\/2022\/04\/Kontrolerzy-300x201.jpeg 300w, https:\/\/htb.com.pl\/wp-content\/uploads\/2022\/04\/Kontrolerzy-768x514.jpeg 768w, https:\/\/htb.com.pl\/wp-content\/uploads\/2022\/04\/Kontrolerzy-600x401.jpeg 600w\" sizes=\"auto, (max-width: 150px) 100vw, 150px\" \/><\/a><\/p>\n\n\n\n<p>W dniu Pami\u0119ci o Ofiarach Zbrodni Katy\u0144skiej o katastrofie smole\u0144skiej gadali. <a href=\"http:\/\/radiomaria.com.pl\/wp-content\/uploads\/2022\/04\/13.04.DzienPamieci.mp3\"><img loading=\"lazy\" decoding=\"async\" width=\"150\" height=\"100\" class=\"wp-image-66341\" style=\"width: 150px;\" src=\"https:\/\/htb.com.pl\/wp-content\/uploads\/2022\/04\/Sciana.jpg\" alt=\"\" srcset=\"https:\/\/htb.com.pl\/wp-content\/uploads\/2022\/04\/Sciana.jpg 868w, https:\/\/htb.com.pl\/wp-content\/uploads\/2022\/04\/Sciana-300x200.jpg 300w, https:\/\/htb.com.pl\/wp-content\/uploads\/2022\/04\/Sciana-768x511.jpg 768w, https:\/\/htb.com.pl\/wp-content\/uploads\/2022\/04\/Sciana-600x400.jpg 600w\" sizes=\"auto, (max-width: 150px) 100vw, 150px\" \/><\/a> Gdyby histori\u0119 Frontu Morges znali i tamto dziedzictwo kultywowali, czego\u015b takiego jak katastrofa smole\u0144ska, nigdy by\u015bmy nie doznali. Koniec Frontu Morges to katastrofa giblartarska, wi\u0105\u017ce si\u0119 z walk\u0105 o w\u0142adze pi\u0142sudczyk\u00f3w i ich przeciwnik\u00f3w z Frontu Morges oraz z tragedi\u0105 narodu \u017cydowskiego na terenie okupowanego pa\u0144stwa polskiego. Po decyzji Sikorskiego o zbadanie grob\u00f3w katy\u0144skich przez Mi\u0119dzynarodowy Czerwony Krzy\u017c. \u017bydzi zrozumieli, \u017ce nie ma na co czeka\u0107 i w Getcie Warszawskim ruszyli do boju. <a href=\"http:\/\/radiomaria.com.pl\/wp-content\/uploads\/2022\/04\/19.04.Powstanie.mp3\"><img loading=\"lazy\" decoding=\"async\" width=\"150\" height=\"107\" class=\"wp-image-66348\" style=\"width: 150px;\" src=\"https:\/\/htb.com.pl\/wp-content\/uploads\/2022\/04\/Getto.jpg\" alt=\"\" srcset=\"https:\/\/htb.com.pl\/wp-content\/uploads\/2022\/04\/Getto.jpg 775w, https:\/\/htb.com.pl\/wp-content\/uploads\/2022\/04\/Getto-300x214.jpg 300w, https:\/\/htb.com.pl\/wp-content\/uploads\/2022\/04\/Getto-768x547.jpg 768w, https:\/\/htb.com.pl\/wp-content\/uploads\/2022\/04\/Getto-600x427.jpg 600w\" sizes=\"auto, (max-width: 150px) 100vw, 150px\" \/><\/a> Zgin\u0119li ale pokazali, \u017ce gebelsowskiej propagandzie si\u0119 nie dali. W odr\u00f3\u017cnieniu od Polak\u00f3w, kt\u00f3rzy Sikorskiego w Giblartarze zamordowali, a potem opowiadali, \u017ce Anglicy dokumenty schowali. Niczego nie schowali, dobrze by by\u0142o \u017ceby\u015bcie o tym pami\u0119tali, bo nie zawsze na tej rz\u0105dowej tubie propagandowej b\u0119dziecie grali.<\/p>\n\n\n\n<figure class=\"wp-block-image size-large\"><a href=\"http:\/\/radiomaria.com.pl\/wp-content\/uploads\/2022\/04\/21.04.-Izba-Dyscyplinarna.mp3\"><img loading=\"lazy\" decoding=\"async\" width=\"948\" height=\"498\" src=\"https:\/\/htb.com.pl\/wp-content\/uploads\/2022\/04\/ZiobroKaczmaly.jpg\" alt=\"\" class=\"wp-image-66350\" srcset=\"https:\/\/htb.com.pl\/wp-content\/uploads\/2022\/04\/ZiobroKaczmaly.jpg 948w, https:\/\/htb.com.pl\/wp-content\/uploads\/2022\/04\/ZiobroKaczmaly-300x158.jpg 300w, https:\/\/htb.com.pl\/wp-content\/uploads\/2022\/04\/ZiobroKaczmaly-768x403.jpg 768w, https:\/\/htb.com.pl\/wp-content\/uploads\/2022\/04\/ZiobroKaczmaly-600x315.jpg 600w\" sizes=\"auto, (max-width: 948px) 100vw, 948px\" \/><\/a><\/figure>\n\n\n\n<p>Wolny \u015bwiat nie ust\u0105pi i nie przeka\u017ce pieni\u0119dzy na to \u017ceby\u015bmy jedno\u015b\u0107 UE rozbijali. A to, \u017ce w jedno\u015bci si\u0142a Ukrai\u0144cy si\u0119 przekonali, po tym jak ruszy\u015bci, kt\u00f3rzy naszych polityk\u00f3w do walki z UE wykorzystywali, teraz Ukrain\u0119 w konwencjonalny spos\u00f3b zaatakowali. <\/p>\n\n\n\n<figure class=\"wp-block-image size-large\"><a href=\"http:\/\/radiomaria.com.pl\/wp-content\/uploads\/2022\/04\/19.04.Hura_.mp3\"><img decoding=\"async\" src=\"https:\/\/htb.com.pl\/wp-content\/uploads\/2022\/04\/Ofensywamaly.jpg\" alt=\"\" class=\"wp-image-66344\"\/><\/a><\/figure>\n\n\n\n<p> Dobrze by by\u0142o, \u017ceby\u015bmy o tym pami\u0119tali, gdy rz\u0105dowej tuby propagandowej b\u0119dziemy s\u0142uchali..<\/p>\n","protected":false},"excerpt":{"rendered":"<p>Propaganda jest najwa\u017cniejszym or\u0119\u017cem w walce dobra ze z\u0142em. Pozwala z\u0142u manipulowa\u0107 lud\u017ami tak, \u017ceby chcieli zobaczy\u0107 to co rz\u0105dz\u0105cy im powiedzieli. To jest pi\u0119kne &#8211; ale tego nie ma. \u0141udzimy si\u0119 jednak, \u017ce jak ich wybierzemy to tego do\u017cyjemy, a jak ju\u017c \u017cycie prze\u017cyjemy, to si\u0119 dowiadujemy, dlaczego si\u0119 nie spe\u0142ni\u0142o, to co si\u0119 [&hellip;]<\/p>\n","protected":false},"author":1,"featured_media":66358,"comment_status":"open","ping_status":"open","sticky":false,"template":"","format":"standard","meta":{"_jetpack_memberships_contains_paid_content":false,"footnotes":""},"categories":[4],"tags":[780],"class_list":["post-66327","post","type-post","status-publish","format-standard","has-post-thumbnail","hentry","category-daty-i-fakty-blog","tag-tuba-propagandowa"],"jetpack_sharing_enabled":true,"jetpack_featured_media_url":"https:\/\/htb.com.pl\/wp-content\/uploads\/2022\/04\/DdqOGzkVMAAVPRa.jpg","_links":{"self":[{"href":"https:\/\/htb.com.pl\/index.php?rest_route=\/wp\/v2\/posts\/66327","targetHints":{"allow":["GET"]}}],"collection":[{"href":"https:\/\/htb.com.pl\/index.php?rest_route=\/wp\/v2\/posts"}],"about":[{"href":"https:\/\/htb.com.pl\/index.php?rest_route=\/wp\/v2\/types\/post"}],"author":[{"embeddable":true,"href":"https:\/\/htb.com.pl\/index.php?rest_route=\/wp\/v2\/users\/1"}],"replies":[{"embeddable":true,"href":"https:\/\/htb.com.pl\/index.php?rest_route=%2Fwp%2Fv2%2Fcomments&post=66327"}],"version-history":[{"count":14,"href":"https:\/\/htb.com.pl\/index.php?rest_route=\/wp\/v2\/posts\/66327\/revisions"}],"predecessor-version":[{"id":66359,"href":"https:\/\/htb.com.pl\/index.php?rest_route=\/wp\/v2\/posts\/66327\/revisions\/66359"}],"wp:featuredmedia":[{"embeddable":true,"href":"https:\/\/htb.com.pl\/index.php?rest_route=\/wp\/v2\/media\/66358"}],"wp:attachment":[{"href":"https:\/\/htb.com.pl\/index.php?rest_route=%2Fwp%2Fv2%2Fmedia&parent=66327"}],"wp:term":[{"taxonomy":"category","embeddable":true,"href":"https:\/\/htb.com.pl\/index.php?rest_route=%2Fwp%2Fv2%2Fcategories&post=66327"},{"taxonomy":"post_tag","embeddable":true,"href":"https:\/\/htb.com.pl\/index.php?rest_route=%2Fwp%2Fv2%2Ftags&post=66327"}],"curies":[{"name":"wp","href":"https:\/\/api.w.org\/{rel}","templated":true}]}}