{"id":6634,"date":"2019-08-03T05:38:12","date_gmt":"2019-08-03T05:38:12","guid":{"rendered":"https:\/\/htb.com.pl\/?p=6634"},"modified":"2020-04-07T09:19:36","modified_gmt":"2020-04-07T09:19:36","slug":"ulica-17-stycznia","status":"publish","type":"post","link":"https:\/\/htb.com.pl\/?p=6634","title":{"rendered":"Ulica 17 Stycznia"},"content":{"rendered":"\n<p><\/p>\n\n\n\n<figure class=\"wp-block-image\"><img loading=\"lazy\" decoding=\"async\" width=\"410\" height=\"315\" src=\"https:\/\/htb.com.pl\/wp-content\/uploads\/2019\/08\/17-stycznia.jpg\" alt=\"\" class=\"wp-image-6938\" srcset=\"https:\/\/htb.com.pl\/wp-content\/uploads\/2019\/08\/17-stycznia.jpg 410w, https:\/\/htb.com.pl\/wp-content\/uploads\/2019\/08\/17-stycznia-300x230.jpg 300w\" sizes=\"auto, (max-width: 410px) 100vw, 410px\" \/><\/figure>\n\n\n\n<p>Jest jeszcze taka ulica w Warszawie. To data wyzwolenia naszej stolicy w 1945 roku. Zawsze jak zbli\u017ca si\u0119 sierpie\u0144, staram si\u0119 pami\u0119ta\u0107 o innej dacie zwi\u0105zanej z Warszaw\u0105 i napisa\u0107 co\u015b o Powstaniu Warszawskim, bo w\u0142a\u015bnie pierwszego sierpnia 1944 roku wybuch\u0142o. To tragiczna data w naszej historii.  Ulica  17 stycznia upami\u0119tnia dzie\u0144, kiedy ofiary powstania zosta\u0142y pomszczone przez  Polskich \u017bo\u0142nierzy, wchodz\u0105cych w sk\u0142ad 1 Frontu Bia\u0142oruskiego. 14-stego stycznia 1945 roku rozpocz\u0119\u0142a si\u0119 operacja warszawska. \u017bo\u0142nierze Radzieccy i Polscy zdobyli przycz\u00f3\u0142ek warecko-magnuszewski i okr\u0105\u017cyli Warszaw\u0119. Teraz w kilka godzin zaj\u0119to stolic\u0119. Nie mo\u017cna zdobywa\u0107 du\u017cych miast walcz\u0105c o ka\u017cdy dom, tak jak Powsta\u0144cy Warszawscy. Najpierw trzeba odci\u0105\u0107 zaopatrzenie i drogi odwrotu, wtedy przeciwnik ma dwa wyj\u015bcia, podda\u0107 si\u0119 albo zgin\u0105\u0107. 17 stycznia 1945 roku sforsowano Wis\u0142\u0119 tam, gdzie nie uda\u0142o si\u0119 to genera\u0142owi Zygmuntowi Berlingowi w czasie powstania, toczono walki uliczne ale teraz to Niemcy mieli w oczach strach, by\u0142a to zemsta za \u015bmier\u0107 oko\u0142o 16 000 Powsta\u0144c\u00f3w, 2000 \u017co\u0142nierzy Berlinga (to prawie wszyscy) i<strong> 200 000 cywil\u00f3w, kt\u00f3rzy stracili \u017cycie w Powstaniu Warszawskim.<\/strong>  Niezwyk\u0142e dla mnie jest to, \u017ce o upadek powstania, o to, \u017ce by\u0142o a\u017c tyle ofiar obwinia si\u0119 genera\u0142a Berlinga. Zarzuca si\u0119 mu, \u017ce do boju pos\u0142a\u0142 nie wyszkolonych \u017co\u0142nierzy, bez wsparcia artylerii i lotnictwa. Takie wsparcie wymaga\u0142oby kogo\u015b, kto na powsta\u0144czym brzegu kierowa\u0142by ogniem, inaczej zmasakrowano by cywil\u00f3w. Berling pos\u0142a\u0142 takich \u017co\u0142nierzy jakich mia\u0142, a to \u017ce desant by\u0142 masakr\u0105 jego wojska, mia\u0142o inn\u0105 przyczyn\u0119. Opisa\u0142em j\u0105 we wpisie<a href=\"https:\/\/htb.com.pl\/?p=1268\"> &#8220;Fatalny wrzesie\u0144 1987&#8221;<\/a>. Armia Krajowa na Kielecczy\u017anie &#8220;rozwali\u0142a&#8221; kompani\u0119 radzieckich komandos\u00f3w &#8211; dywersant\u00f3w, kt\u00f3rzy mieli w Powsta\u0144czej Warszawie zlikwidowa\u0107 niemieckich snajper\u00f3w i gniazda ci\u0119\u017ckich karabin\u00f3w maszynowych. Premier Mateusz Morawiecki z\u0142o\u017cy\u0142 kwiaty na grobie tych &#8220;akowskich bohater\u00f3w&#8221;. Nie zdziwi\u0142o go, \u017ce gr\u00f3b jest w Niemczech, pod Monachium, a mo\u017ce on to zrobi\u0142 \u015bwiadomie? Dzi\u015b wymazuje si\u0119 z naszej historii \u017bo\u0142nierzy  I Armii Wojska Polskiego walcz\u0105cych podczas II wojny \u015bwiatowej &#8211; <strong>znika w Warszawie ulica upami\u0119tniaj\u0105ca ich zwyci\u0119stwo w Bitwie o Warszaw\u0119 17 stycznia 1945 roku.<\/strong><\/p>\n\n\n\n<p>Wszystko co pisz\u0119 to nie jest wiedza, kt\u00f3r\u0105 zdoby\u0142em czytaj\u0105c &#8220;przedwojenne ksi\u0105\u017cki&#8221;, jak pani Beata Szyd\u0142o o Katyniu.  Opowiedzia\u0142a mi to Marysia i nie tylko opowiedzia\u0142a, w 1987 roku zawioz\u0142a mnie na Kielecczyzn\u0119, \u017cyli jeszcze ci co pami\u0119tali masakr\u0119 dokonan\u0105 przez Brygad\u0119 \u015awi\u0119tokrzysk\u0105 na \u017co\u0142nierzach radzieckich &#8211; tam zgin\u0105\u0142 wuj Majki. Dotarli\u015bmy te\u017c wtedy do ludzi, kt\u00f3rzy przechowywali przera\u017conego J\u00f3zefa Pi\u0142sudskiego w czasie, gdy trwa\u0142a Bitwa Warszawska. Majka udowodni\u0142a mi, \u017ce Pi\u0142sudski nie mia\u0142 nic wsp\u00f3lnego z &#8220;Cudem nad Wis\u0142\u0105 &#8211; tym ogromnym zwyci\u0119stwem, jakim by\u0142o pokonanie bolszewik\u00f3w (13-25 sierpnia 1920 rok). Zapowiedzia\u0142a, \u017ce teraz b\u0119dzie inaczej, nie pozwoli aby wyzwolenie warszawy, 17 stycznia 1945 roku, zosta\u0142o zak\u0142amane i podzieli\u0142o losy tamtego zwyci\u0119stwa. Zapami\u0119ta\u0142em ten wyjazd, bo to by\u0142o jej ostatnie wyj\u015bcie ze szpitala. Nast\u0119pne by\u0142o w trumnie.<\/p>\n\n\n\n<p>Pisa\u0142em, \u017ce palili\u015bmy z Marysia znicze pod Pomnikiem Chwa\u0142a Saperom w Warszawie, Majka upami\u0119tnia\u0142a swojego wujka, co go na Kielecczy\u017anie zabili AK-owcy, a ja swojego, co zgin\u0105 podczas szturmu Berlinga na praskim brzegu, lub w nurtach Wis\u0142y.  Pewnie by\u0142 niewyszkolony, tu mog\u0119 si\u0119 zgodzi\u0107 z krytyk\u0105 dzisiejszych &#8220;pi\u0142sudczyk\u00f3w&#8221;, czyli ludzi bez wyobra\u017ani. Do I Armii Wojska Polskiego wst\u0105pi\u0142 po 22 lipca 1944 roku &#8211; data manifestu PKWN. Nawet bez Marysi wiedzia\u0142em, \u017ce manifest by\u0142 og\u0142oszony w Moskwie a nie w Che\u0142mie i nie przez PKWN, tylko przez NKWD. Panie od historii w latach siedemdziesi\u0105tych uznawa\u0142y, \u017ce si\u0119 przej\u0119zyczy\u0142em i \u015bmia\u0142y si\u0119&#8230; M\u00f3j wujek, gdy przeczyta\u0142 manifest nie cieszy\u0142 si\u0119, chocia\u017c by\u0142 wolny i nic mu nie grozi\u0142o, zostawi\u0142 rodzin\u0119 i poszed\u0142 do wojska. Dzi\u015b dla naszych rz\u0105dz\u0105cych  post\u0105pi\u0142 \u017ale, powinien do partyzantki, by\u0142by dzi\u015b \u017co\u0142nierzem wykl\u0119tym. Ja jednak b\u0119d\u0119 broni\u0142 jego decyzji. On nie dlatego poszed\u0142 walczy\u0107, by broni\u0107 zapis\u00f3w w manife\u015bcie PKWN &#8211; Nowa Konstytucja, p\u0142aca minimalna:) Zrobi\u0142 to z takich samych pobudek jak Powsta\u0144cy Warszawscy, mia\u0142 do\u015b\u0107 upokorze\u0144. Wiedzia\u0142, \u017ce tylko wsp\u00f3lnie mo\u017cna Niemc\u00f3w pokona\u0107. To by\u0142o po najwi\u0119kszej Bitwie Partyzanckiej na Porytowym Wzg\u00f3rzu, jego Ma\u0142ej Ojczy\u017anie (14 czerwca 1944 rok), gdzie Rosjanie, Polacy z BCh i AK, przerwali okr\u0105\u017cenie ogromnych si\u0142 niemieckich.  Przypisywania temu cz\u0142owiekowi, kt\u00f3ry odda\u0142 \u017cycie za Ojczyzn\u0119 brak politycznej \u015bwiadomo\u015bci, wymazywanie jego po\u015bwiecenia z historii jest&#8230; No w\u0142asnie &#8211; i to jeszcze przez kogo?! Tych od Nowej Konstytucji i p\u0142acy minimalnej &#8211; okazuje si\u0119, \u017ce powojenna w\u0142adza by\u0142a z\u0142a ale program mia\u0142a dobry i pan Jaros\u0142aw Kaczy\u0144ski chce go wprowadzi\u0107 dzi\u015b. Zna &#8220;Lenina dzie\u0142a wszystkie&#8221; ale to utopia jest &#8211; panie Naczelniku&#8230; Pr\u00f3bowali\u015bmy z Marysi\u0105 w roku 1987 odnale\u017a\u0107 miejsce poch\u00f3wku wuja &#8211; nie uda\u0142o si\u0119. Dlatego znicz na P\u0142ycie Desantu pali\u0142em. W czasie tych poszukiwa\u0144 dowiedzieli\u015bmy si\u0119 jednak czego\u015b, o czym historycy, publicy\u015bci i politycy milcz\u0105. Jak genera\u0142 Zygmunt Berling, ze swoim wojskiem stan\u0105\u0142 na praskim brzegu Wis\u0142y, Powstanie Warszawskie trwa\u0142o w najlepsze, Polscy \u017bo\u0142nierze bez walki wzi\u0119li do niewoli Niemieckich \u017bo\u0142nierzy, kt\u00f3rych Niemcy nie chcieli wpu\u015bci\u0107 na lewy brzeg Wis\u0142y, gdzie trwa\u0142y walki. To mnie zdziwi\u0142o. Majka wyja\u015bni\u0142a mi, \u017ce AK dogada\u0142a si\u0119 z Niemcami. Niemcy mieli pozwoli\u0107 aby to Polacy przywitali Sowiet\u00f3w w wolnej Warszawie. Ale tylko na Pradze si\u0119 to uda\u0142o. We wpisie<a href=\"https:\/\/htb.com.pl\/?p=196\"> &#8220;Kulisy wybuchu Powstania Warszawskiegopo&#8221; <\/a> pisa\u0142em o tym, wtedy o Marysi nie mog\u0142em jeszcze pisa\u0107.<\/p>\n\n\n\n<div class=\"wp-block-media-text alignwide\"><figure class=\"wp-block-media-text__media\"><img loading=\"lazy\" decoding=\"async\" width=\"800\" height=\"799\" src=\"https:\/\/htb.com.pl\/wp-content\/uploads\/2019\/07\/Ma\u015b\u0107-z-olejem-konopnym-do-skory-atopowej.png\" alt=\"\" class=\"wp-image-6697\" srcset=\"https:\/\/htb.com.pl\/wp-content\/uploads\/2019\/07\/Ma\u015b\u0107-z-olejem-konopnym-do-skory-atopowej.png 800w, https:\/\/htb.com.pl\/wp-content\/uploads\/2019\/07\/Ma\u015b\u0107-z-olejem-konopnym-do-skory-atopowej-150x150.png 150w, https:\/\/htb.com.pl\/wp-content\/uploads\/2019\/07\/Ma\u015b\u0107-z-olejem-konopnym-do-skory-atopowej-300x300.png 300w, https:\/\/htb.com.pl\/wp-content\/uploads\/2019\/07\/Ma\u015b\u0107-z-olejem-konopnym-do-skory-atopowej-768x767.png 768w, https:\/\/htb.com.pl\/wp-content\/uploads\/2019\/07\/Ma\u015b\u0107-z-olejem-konopnym-do-skory-atopowej-600x599.png 600w, https:\/\/htb.com.pl\/wp-content\/uploads\/2019\/07\/Ma\u015b\u0107-z-olejem-konopnym-do-skory-atopowej-100x100.png 100w\" sizes=\"auto, (max-width: 800px) 100vw, 800px\" \/><\/figure><div class=\"wp-block-media-text__content\">\n<p><a href=\"https:\/\/htb.com.pl\/?product=masc-z-olejem-konopnym-50-ml\">Super ma\u015b\u0107 na stawy i sk\u00f3r\u0119. Kliknij i zobacz wi\u0119cej informacji.<\/a><\/p>\n\n\n\n<p><\/p>\n\n\n\n<p><\/p>\n\n\n\n<p><\/p>\n\n\n\n<p> <\/p>\n<\/div><\/div>\n\n\n\n<p>Kogo\u015b mo\u017ce oburzy\u0107 to, \u017ce por\u00f3wna\u0142em \u017bo\u0142nierza LWP, do Powsta\u0144ca Warszawskiego pisz\u0105c, \u017ce ich decyzja o takim a nie innym kroku w tamtym czasie, by\u0142a podyktowana tym samym, czyli ch\u0119ci\u0105 walki z nienawistnym okupantem. Jak si\u0119 s\u0142ucha polityk\u00f3w &#8211; rzeczywi\u015bcie takie por\u00f3wnanie nie jest uprawnione ale jak pos\u0142uchamy Powsta\u0144c\u00f3w, sprawa nie jest ju\u017c taka jednoznaczna. Zwi\u0105zek Powsta\u0144c\u00f3w Warszawskich i Fundacji Pami\u0119ci o Bohaterach Powstania Warszawskiego,  po wydarzeniach w Bia\u0142ymstoku wyda\u0142 o\u015bwiadczenie;   &#8220;To przykre, \u017ce kiedy\u015b walczyli\u015bmy z nienawi\u015bci\u0105, a teraz w wolnej Polsce walczymy o to, aby nie sta\u0142a si\u0119 Ona nienawistna&#8221;. Nienawi\u015b\u0107 to co\u015b zupe\u0142nie innego ni\u017c solidarno\u015b\u0107, nic nie zrozumieli\u015bmy z lekcji, gdzie \u0142aci\u0144skie s\u0142owo sanacja, co znaczy uzdrowienie, przekszta\u0142ci\u0142o si\u0119 w kl\u0119sk\u0119 wrze\u015bniow\u0105. Dzi\u015b ci, kt\u00f3rzy na ustach maj\u0105 solidarno\u015b\u0107, siej\u0105 nienawi\u015b\u0107. Ja ich nazywam z\u0142ymi politykami. \u0142atwo ich zdefiniowa\u0107, bo popieraj\u0105 przedwojenn\u0105 Sanacj\u0119 &#8211; J\u00f3zefa Pi\u0142sudskiego. Musz\u0105 w tym celu zmieni\u0107 histori\u0119. Powstaje film o J\u00f3zefie Pi\u0142sudskim z Borysem Szycem w roli g\u0142\u00f3wnej. Zak\u0142adam, \u017ce b\u0119dzie to zbi\u00f3r bzdur ale obejrz\u0119. Re\u017cyser i scenarzysta filmu Pawe\u0142 Rosa  powiedzia\u0142, \u017ce b\u0119dzie to film o upadku ze szczytu. Znam upadki Pi\u0142sudskiego ale o tym, \u017ce by\u0142 na jakim\u015b szczycie &#8211;  nie s\u0142ysza\u0142em. Buduje si\u0119 nowe muzea, zmienia wystawy w istniej\u0105cych, nawet data wyzwolenia Warszawy ma by\u0107 zapomniana. Podobno ulica 17 stycznia ma by\u0107 przekszta\u0142cona na ulic\u0119 Komitetu Obrony Robotnik\u00f3w. B\u0119d\u0105 du\u017ce koszty, blacha jest za kr\u00f3tka, mo\u017ce wpisa\u0107 inn\u0105 dat\u0119, 18 listopada &#8211; w 2002 roku Lech Kaczy\u0144ski zosta\u0142 Prezydentem Warszawy &#8211; \u0142oj tam, \u0142oj tam &#8211; przecie\u017c my lubimy upami\u0119tnia\u0107 katastrofy. Jak tak dalej p\u00f3jdzie, wszystko b\u0119dzie nosi\u0142o imi\u0119 Kaczy\u0144skiego &#8211; no w ostateczno\u015bci Pi\u0142sudskiego ale to tylko te takie starsze katastrofy<\/p>\n\n\n\n<figure class=\"wp-block-image\"><a href=\"https:\/\/www.youtube.com\/watch?v=kXYTWUyE8WQ\"><img loading=\"lazy\" decoding=\"async\" width=\"1024\" height=\"766\" src=\"https:\/\/htb.com.pl\/wp-content\/uploads\/2018\/04\/powstanie-1024x766.jpg\" alt=\"\" class=\"wp-image-197\" srcset=\"https:\/\/htb.com.pl\/wp-content\/uploads\/2018\/04\/powstanie-1024x766.jpg 1024w, https:\/\/htb.com.pl\/wp-content\/uploads\/2018\/04\/powstanie-600x449.jpg 600w, https:\/\/htb.com.pl\/wp-content\/uploads\/2018\/04\/powstanie-300x224.jpg 300w, https:\/\/htb.com.pl\/wp-content\/uploads\/2018\/04\/powstanie-768x574.jpg 768w, https:\/\/htb.com.pl\/wp-content\/uploads\/2018\/04\/powstanie.jpg 1170w\" sizes=\"auto, (max-width: 1024px) 100vw, 1024px\" \/><\/a><\/figure>\n\n\n\n<p>01.08.2019 &#8211; siedemdziesi\u0105t pi\u0119\u0107 lat temu wybuch\u0142o Powstanie Warszawskie. Przez szacunek dla tamtych bohater\u00f3w, nie b\u0119d\u0119 opisywa\u0142 uroczysto\u015bci zorganizowanych przez nasze dzisiejsze w\u0142adze pa\u0144stwowe. Prosz\u0119 klikn\u0105\u0107 zdj\u0119cie dziewczynki modl\u0105cej si\u0119 na grobach Powsta\u0144c\u00f3w i pos\u0142ucha\u0107 powsta\u0144czej pie\u015bni. Twarz tego dziecka, to twarz doros\u0142ej kobiety. \u0179li politycy i ci co ich popieraj\u0105 m\u00f3wi\u0105 o dzieciach, jest to mowa nienawistna, prowadz\u0105ca do konfrontacji &#8211; wojny domowej. Woja to nie jest \u015bwiat dziecka &#8211; Kochani&#8230;<\/p>\n\n\n\n<div class=\"wp-block-media-text alignwide\"><figure class=\"wp-block-media-text__media\"><img decoding=\"async\" src=\"https:\/\/htb.com.pl\/wp-content\/uploads\/2019\/08\/powstanie-war.jpg\" alt=\"\" class=\"wp-image-6887\"\/><\/figure><div class=\"wp-block-media-text__content\">\n<p><a href=\"https:\/\/htb.com.pl\/?product=powstanie-warszawskie-2\">O Powstaniu Warszawskim mo\u017cna poczyta\u0107 w literaturze. Ja proponuj\u0119 to opracowanie.<\/a><\/p>\n<\/div><\/div>\n\n\n\n<p><\/p>\n\n\n\n<p>Warszawa zawsze b\u0119dzie mi si\u0119 kojarzy\u0142a z Marysi\u0105, ona tam mieszka\u0142a. Opisze teraz jak je\u017adzi\u0142em do niej autobusem w latach 1986-7. Przypomnia\u0142em sobie te moje podr\u00f3\u017ce, gdy wybuch\u0142a afera z podr\u00f3\u017cami lotniczymi marsza\u0142ka Kuchci\u0144skiego. <img loading=\"lazy\" decoding=\"async\" width=\"150\" height=\"115\" class=\"wp-image-6822\" style=\"width: 150px;\" src=\"https:\/\/htb.com.pl\/wp-content\/uploads\/2019\/08\/Kuchci\u0144ski.jpg\" alt=\"\"> Rz\u0105dowy samolot wykorzystywa\u0142 jakby by\u0142 jego w\u0142asno\u015bci\u0105, a to  \u017ce na pok\u0142ad zabiera\u0142 rodzin\u0119 i kogo mu si\u0119 podoba\u0142o, skwitowano stwierdzeniem &#8211; &#8220;Przecie\u017c samolot i tak leci&#8221;. Mam teraz wyjazd do Tr\u00f3jmiasta, zastanawiam si\u0119, czy zamiast samochodem nie pojecha\u0107 poci\u0105giem. Nie b\u0119d\u0119 kupowa\u0142 biletu, przecie\u017c poci\u0105g i tak jedzie:) Polacy 123 lata byli pod zaborami, niech\u0119\u0107 do w\u0142adzy, do przepis\u00f3w mamy we krwi. Dzi\u015b m\u0142odzi lidzie, kt\u00f3rych nikt nie uczy prawdziwej historii, mog\u0105 by\u0107 zdziwieni, \u017ce w\u0142adza zamiast dba\u0107 o kraj, okrada go. Mnie to nie dziwi, tak by\u0142o zawsze. Ale za &#8220;komuny&#8221; krad\u0142a nie tylko w\u0142adza &#8211; kradli prawie wszyscy, a w\u0142a\u015bciwie to kombinowali. Tak nazywano wtedy kradzie\u017c. Kombinacja to nie grzech ale zaradno\u015b\u0107, m\u00f3wiono. Stanowiska pracy, na kt\u00f3rych mo\u017cna by\u0142o by\u0107 &#8220;zaradnym&#8221;, to by\u0142a dobra robota.  Wyja\u015bni\u0119 to na przyk\u0142adzie kierowcy autobusu. Pami\u0119tam jak w latach kiedy do Majki je\u017adzi\u0142em, w komunikacji miejskiej ludzie podawali sobie bilety, W tamtym czasie nie by\u0142o cyfrowych kasownik\u00f3w, kasownik robi\u0142 w bilecie dziurki a ich uk\u0142ad nie by\u0142 zmieniany ca\u0142y dzie\u0144. W autobusach za\u015b, bilet kasowa\u0142 kierowca i to on by\u0142 panem i w\u0142adc\u0105. M\u00f3g\u0142 zdecydowa\u0107, \u017ce zabierze tylko tych, co maj\u0105 bilety z kasy. Potem gdy by\u0142o miejsce sprzeda\u0142 jeszcze kilka ale taki szcz\u0119\u015bliwy pasa\u017cer dostawa\u0142 stary bilet lub musia\u0142 bilet kierowcy odda\u0107, \u017ceby ten m\u00f3g\u0142 go sprzeda\u0107 kolejny raz. Cz\u0119sto na trasie z Mielca do Warszawy p\u0142aci\u0142em pe\u0142na kwot\u0119, a dostawa\u0142em bilet do Baranowa Sandomierskiego, na nast\u0119pny przystanek. Kierowca prosi\u0142, abym usiad\u0142 z przodu. W razie kontroli podawa\u0142 mi w\u0142a\u015bciwy bilet. Zdarza\u0142y si\u0119 jednak wypadki z tego powodu, kierowcy nie patrzyli na drog\u0119, tylko wypatrywali kontroli. Rady pracownicze i zwi\u0105zki zawodowe w przedsi\u0119biorstwach PKS postulowa\u0142y, aby kierowca mia\u0142 pomocnika i tak zrobiono. Podnios\u0142o to bezpiecze\u0144stwo podr\u00f3\u017cowania. Pomocnik pomaga\u0142 robi\u0107 szwindle ale wtedy kasa sz\u0142a na dw\u00f3ch &#8211; co\u015b za co\u015b. W drug\u0105 stron\u0119 jednak, szwindle nie dzia\u0142a\u0142y w autobusach tak dobrze jak w komunikacji miejskiej, tu pasa\u017cerowie mieli&#8221;gorzej&#8221;. By\u0142em \u015bwiadkiem jak w zim\u0119 stulecia 1987 roku,  w autobusie do Warszawy o godzinie pierwszej w nocy, przy ogromnym mrozie, kierowca przejecha\u0142 most na Wi\u015ble za Baranowem Sandomierskim,  stan\u0105\u0142 w szczerym polu i sprawdzi\u0142 bilety. Dw\u00f3ch m\u0142odych ch\u0142opak\u00f3w, kt\u00f3rzy udawali, \u017ce \u015bpi\u0105 na ostatnim siedzeniu, mia\u0142o bilety do Baranowa, t\u0142umaczyli, \u017ce zaspali:) Kierowca wywali\u0142 ich na mr\u00f3z w ciemn\u0105 noc. Poprosi\u0142em, \u017ceby zawi\u00f3z\u0142 ich chocia\u017c do Ostrowca \u015awi\u0119tokrzyskiego ale by\u0142 nieugi\u0119ty. Zapami\u0119ta\u0142em sobie go ale on nie zapami\u0119ta\u0142 mnie i to dawa\u0142o pewne mo\u017cliwo\u015bci. Kiedy\u015b wraca\u0142em z nim z Warszawy, mieszka\u0142em wtedy w Chorzelowie, to miejscowo\u015b\u0107 przed Mielcem, zwykle prosi\u0142em kierowc\u0119 \u017ceby mi si\u0119 zatrzyma\u0142. Autobus by\u0142 pospieszny w Chorzelowie nie stawa\u0142 ale jak da\u0142em par\u0119 z\u0142otych stan\u0105. Jednak to by\u0142o uzale\u017cnione od tego, czy kierowca widzia\u0142 w mojej r\u0119ce &#8220;klepaki&#8221;. Wzi\u0105\u0142em do r\u0119ki banknot ale tak, \u017ceby nie by\u0142o go wida\u0107 i poprosi\u0142em  aby zwolni\u0142 ko\u0142o ko\u015bcio\u0142a. Ten zauwa\u017cy\u0142, \u017ce r\u0119ce mam puste i oznajmi\u0142, \u017ce tu nie ma przystanku. Poczeka\u0142em jeszcze chwil\u0119 i na wysoko\u015bci lotniska wysun\u0105\u0142em banknot. Kierowca zobaczy\u0142 i zacz\u0105\u0142 hamowa\u0107 &#8211; tu mo\u017ce by\u0107 zapyta\u0142. Nie za daleko &#8211; odpowiedzia\u0142em, taryf\u0105 wr\u00f3c\u0119. Teraz mnie zapami\u0119ta\u0142. Nast\u0119pnym razem nie zabra\u0142 mnie, bo nie mia\u0142em biletu z kasy. Zosta\u0142em na dworcu PKS w Mielcu o p\u00f3\u0142nocy. Zadzwoni\u0142em do Marysi i wyja\u015bni\u0142em dlaczego przyjad\u0119 p\u00f3\u017aniej.  Poprosi\u0142a, \u017cebym si\u0119 nie roz\u0142\u0105cza\u0142, nie by\u0142o \u0142atwo dodzwoni\u0107 si\u0119 z budki telefonicznej. S\u0142ysza\u0142em jak przez radiostacj\u0119, kt\u00f3r\u0105 Majka zawsze mia\u0142a w\u0142\u0105czon\u0105, wydaje jakie\u015b polecenia. Do mnie powiedzia\u0142a, \u017cebym jecha\u0142 do domu do Chorzelowa i wyszed\u0142 na poranny autobus, co jedzie z Wetliny do Warszawy &#8211; zabierze mnie spod ko\u015bcio\u0142a w Chorzelowie. Kierowca tego autobusu sam otworzy\u0142 mi drzwi i powiedzia\u0142, \u017ce m\u00f3j bilet jest op\u0142acony. R\u00f3wnie zabawnie wygl\u0105da\u0142a moja powrotna podr\u00f3\u017c. W Warszawie na Dworzec Zachodni podjecha\u0142 ten sam kierowca, co nie zabra\u0142 mnie z Mielca. Teraz, kaza\u0142 si\u0119 wszystkim odsun\u0105\u0107 i poprosi\u0142 abym wszed\u0142, o bilecie nawet nie wspomina\u0142. Przedstawi\u0142 si\u0119 tylko i doda\u0142, \u017ce jest funkcjonariuszem ORMO. Potem si\u0119 to wyja\u015bni\u0142o &#8211; Majka wys\u0142a\u0142a swoich ludzi na ten autobus, &#8220;zapytali kierowc\u0119 o mnie&#8221;. Dzi\u015b nie ma Marysi ani jej ludzi. Oni by zapytali czemu Kancelaria Sejmu nie wykonuje wyroku S\u0105du w sprawie ujawnienia list S\u0119dzi\u00f3w, kt\u00f3rzy poparli kandydat\u00f3w do KRS, czy cho\u0107by marsza\u0142ka Kuchci\u0144skiego o jego loty. Znikn\u0105\u0142by u\u015bmiech <img loading=\"lazy\" decoding=\"async\" width=\"150\" height=\"84\" class=\"wp-image-6824\" style=\"width: 150px;\" src=\"https:\/\/htb.com.pl\/wp-content\/uploads\/2019\/08\/u\u017cmiech.jpg\" alt=\"\">  z twarzy marsza\u0142ka Terleckiego,  a nawet prezesa Kaczy\u0144skiego i wtedy mo\u017cna by upami\u0119tnia\u0107 tych, nad grobami kt\u00f3rych modli si\u0119 dziewczynka. Oni nie o tak\u0105 Polsk\u0119 walczyli i nie za tak\u0105 Polsk\u0119 gin\u0119li. Ale przyjdzie dzie\u0144, \u017ce z podniesionym czo\u0142em b\u0119dziemy mogli wyda\u0107 okrzyk <strong>CHWA\u0141A BOHATEROM!<\/strong> Zobaczysz Anio\u0142ku, damy rad\u0119.<\/p>\n\n\n\n<p>Ruszy\u0142 <strong>Pol&#8217;and&#8217;Rock Festiwal 2019<\/strong>. Jerzy Owsiak w Kostrzynie nad Odr\u0105 rozpocz\u0105\u0142 zabaw\u0119. Lubi\u0119 muzyk\u0119 ale to nigdy nie by\u0142y moje klimaty, ja musz\u0119 mie\u0107 pouk\u0142adane. Gdy widz\u0119 namiot &#8211; przypomina mi si\u0119 moja s\u0142u\u017cba wojskowa. Kilkunastostopniowy mr\u00f3z i zimna &#8220;koza&#8221; w namiocie. Taki piecyk co zgas\u0142, bo kto\u015b zasn\u0105\u0142 i nie podk\u0142ada\u0142 drewna. Rozumiem jednak tych ludzi, ka\u017cdy potrzebuje odmiany &#8211; ucieczki do \u015bwiata z dzieci\u0119cych marze\u0144. Nie da si\u0119 zbudowa\u0107 takiego \u015bwiata ale mo\u017cna sprawi\u0107, \u017ceby sta\u0142 si\u0119 on bardziej powszechny. Niestety, s\u0105 \u017ali politycy, oni nie pomog\u0105. Jerzy Owsiak pokazuje taki \u015bwiat z dzieci\u0119cych marze\u0144 ale to co robi, to nie s\u0105 marzenia, to konkretna pomoc.<strong> Jego<\/strong> <strong>Fundacja Wielka Orkiestra \u015awi\u0105tecznej Pomocy<\/strong> to fenomen na skal\u0119 \u015awiatow\u0105. Szkoda, \u017ce nikt nie zauwa\u017cy\u0142 tego dobra podczas obchod\u00f3w rocznicy wybuchu Powstania Warszawskiego &#8211; Owsiak uczci\u0142 godzin\u0119 &#8220;W&#8221;. Narzekano, \u017ce dzi\u015b m\u0142odzie\u017c jest inna, kiedy\u015b m\u0142odzi ludzie byli wychowywanie w poczuciu patriotyzmu, mi\u0142o\u015bci do ojczyzny. W przem\u00f3wieniach poddawano w w\u0105tpliwo\u015b\u0107, czy dzi\u015b m\u0142odzi ludzie stan\u0119liby w obronie Polski. To co robi Jerzy Owsiak, to jest dzi\u015b obrona Ojczyzny. Jego ludzie nie dali si\u0119 zmanipulowa\u0107 radzieckiemu wywiadowi GRU, kt\u00f3ry tak nas sk\u0142\u00f3ci\u0142, ma\u0142o tego, WO\u015aP gra w Moskwie &#8211; gra na ca\u0142ym \u015awiecie. Oddajemy  ho\u0142d dwustu tysi\u0105com ofiar Powstania Warszawskiego. Mam nadziej\u0119, \u017ce doczekam dnia, \u017ce b\u0119dziemy w pa\u0144stwowych uroczysto\u015bciach  \u015bwi\u0119towa\u0107 r\u00f3wnie\u017c takie wyliczenia. Prosz\u0119 popatrze\u0107 na wykres, kt\u00f3ry obrazuje pomoc WO\u015aP dla Polski. <\/p>\n\n\n\n<figure class=\"wp-block-image\"><img loading=\"lazy\" decoding=\"async\" width=\"905\" height=\"1024\" src=\"https:\/\/htb.com.pl\/wp-content\/uploads\/2019\/08\/m24347761WOSPP-905x1024.jpg\" alt=\"\" class=\"wp-image-6877\" srcset=\"https:\/\/htb.com.pl\/wp-content\/uploads\/2019\/08\/m24347761WOSPP-905x1024.jpg 905w, https:\/\/htb.com.pl\/wp-content\/uploads\/2019\/08\/m24347761WOSPP-265x300.jpg 265w, https:\/\/htb.com.pl\/wp-content\/uploads\/2019\/08\/m24347761WOSPP-768x869.jpg 768w, https:\/\/htb.com.pl\/wp-content\/uploads\/2019\/08\/m24347761WOSPP-600x679.jpg 600w, https:\/\/htb.com.pl\/wp-content\/uploads\/2019\/08\/m24347761WOSPP.jpg 1600w\" sizes=\"auto, (max-width: 905px) 100vw, 905px\" \/><\/figure>\n\n\n\n<p>Te pieni\u0105dze by\u0142y dla szpitali, pomog\u0142y uratowa\u0107 miliony ludzi, festiwal   <strong>Pol&#8217;and&#8217;Rock<\/strong> integruje t\u0105 &#8220;armi\u0119&#8221;dobrych ludzi, dla kt\u00f3rych pomaganie jest sensem \u017cycia. Por\u00f3wnywanie ich do &#8220;t\u0119czowej zarazy&#8221; przez abp Marka J\u0119draszewskiego metropolit\u0119 Krakowskiego, jest wod\u0105 ma m\u0142yn dla Rosjan. Potrzebuj\u0105 tej wody  &#8211; Syberia im si\u0119 pali. Co\u015b mi si\u0119 jednak zadaje, \u017ce tam tylko modlitwa pozosta\u0142a i na tym proponuj\u0119 si\u0119 duchownym skupi\u0107.<\/p>\n\n\n\n<p><\/p>\n","protected":false},"excerpt":{"rendered":"<p>Jest jeszcze taka ulica w Warszawie. To data wyzwolenia naszej stolicy w 1945 roku. Zawsze jak zbli\u017ca si\u0119 sierpie\u0144, staram si\u0119 pami\u0119ta\u0107 o innej dacie zwi\u0105zanej z Warszaw\u0105 i napisa\u0107 co\u015b o Powstaniu Warszawskim, bo w\u0142a\u015bnie pierwszego sierpnia 1944 roku wybuch\u0142o. To tragiczna data w naszej historii. Ulica 17 stycznia upami\u0119tnia dzie\u0144, kiedy ofiary powstania [&hellip;]<\/p>\n","protected":false},"author":1,"featured_media":6938,"comment_status":"open","ping_status":"open","sticky":false,"template":"","format":"standard","meta":{"_jetpack_memberships_contains_paid_content":false,"footnotes":""},"categories":[4],"tags":[469,198],"class_list":["post-6634","post","type-post","status-publish","format-standard","has-post-thumbnail","hentry","category-daty-i-fakty-blog","tag-kostrzyn","tag-powstanie-warszawskie"],"jetpack_sharing_enabled":true,"jetpack_featured_media_url":"https:\/\/htb.com.pl\/wp-content\/uploads\/2019\/08\/17-stycznia.jpg","_links":{"self":[{"href":"https:\/\/htb.com.pl\/index.php?rest_route=\/wp\/v2\/posts\/6634","targetHints":{"allow":["GET"]}}],"collection":[{"href":"https:\/\/htb.com.pl\/index.php?rest_route=\/wp\/v2\/posts"}],"about":[{"href":"https:\/\/htb.com.pl\/index.php?rest_route=\/wp\/v2\/types\/post"}],"author":[{"embeddable":true,"href":"https:\/\/htb.com.pl\/index.php?rest_route=\/wp\/v2\/users\/1"}],"replies":[{"embeddable":true,"href":"https:\/\/htb.com.pl\/index.php?rest_route=%2Fwp%2Fv2%2Fcomments&post=6634"}],"version-history":[{"count":42,"href":"https:\/\/htb.com.pl\/index.php?rest_route=\/wp\/v2\/posts\/6634\/revisions"}],"predecessor-version":[{"id":21093,"href":"https:\/\/htb.com.pl\/index.php?rest_route=\/wp\/v2\/posts\/6634\/revisions\/21093"}],"wp:featuredmedia":[{"embeddable":true,"href":"https:\/\/htb.com.pl\/index.php?rest_route=\/wp\/v2\/media\/6938"}],"wp:attachment":[{"href":"https:\/\/htb.com.pl\/index.php?rest_route=%2Fwp%2Fv2%2Fmedia&parent=6634"}],"wp:term":[{"taxonomy":"category","embeddable":true,"href":"https:\/\/htb.com.pl\/index.php?rest_route=%2Fwp%2Fv2%2Fcategories&post=6634"},{"taxonomy":"post_tag","embeddable":true,"href":"https:\/\/htb.com.pl\/index.php?rest_route=%2Fwp%2Fv2%2Ftags&post=6634"}],"curies":[{"name":"wp","href":"https:\/\/api.w.org\/{rel}","templated":true}]}}