{"id":66683,"date":"2022-05-01T07:20:49","date_gmt":"2022-05-01T07:20:49","guid":{"rendered":"https:\/\/htb.com.pl\/?p=66683"},"modified":"2022-05-07T12:17:15","modified_gmt":"2022-05-07T12:17:15","slug":"skwer-ignacego-jana-paderewskiego","status":"publish","type":"post","link":"https:\/\/htb.com.pl\/?p=66683","title":{"rendered":"Skwer Ignacego Jana Paderewskiego"},"content":{"rendered":"\n<figure class=\"wp-block-image size-thumbnail\"><a href=\"https:\/\/htb.com.pl\/wp-content\/uploads\/2022\/05\/SkwerIJPaderewskiego.mp3\"><img loading=\"lazy\" decoding=\"async\" width=\"150\" height=\"150\" src=\"https:\/\/htb.com.pl\/wp-content\/uploads\/2018\/04\/posluchaj-150x150.jpg\" alt=\"\" class=\"wp-image-2020\" srcset=\"https:\/\/htb.com.pl\/wp-content\/uploads\/2018\/04\/posluchaj-150x150.jpg 150w, https:\/\/htb.com.pl\/wp-content\/uploads\/2018\/04\/posluchaj-300x300.jpg 300w, https:\/\/htb.com.pl\/wp-content\/uploads\/2018\/04\/posluchaj-100x100.jpg 100w\" sizes=\"auto, (max-width: 150px) 100vw, 150px\" \/><\/a><\/figure>\n\n\n\n<p><\/p>\n\n\n\n<p>Prze\u0142om lat 1986-7 to jeden z najlepszych okres\u00f3w mojego \u017cycia. Spotyka\u0142em si\u0119 z Marysi\u0105, czyli dziewczyn\u0105 z perspektywy kt\u00f3rej dzi\u015b pokazuje obecne wydarzenia w kraju i na \u015bwiecie. Ona mieszka\u0142a w Warszawie, a ja w Chorzelowie ko\u0142o Mielca. Marysia zajmowa\u0142a si\u0119 szeroko rozumian\u0105 ochron\u0105 nuncjusza apostolskiego w Polsce<a href=\"https:\/\/pl.wikipedia.org\/wiki\/Francesco_Colasuonno\"> <strong>Francesco Colasuonno<\/strong>\u00a0<\/a>, ja by\u0142em mistrzem zmianowym na hali przetarcia w Zak\u0142adzie Drzewnym w Chorzelowie. Inaczej m\u00f3wi\u0105c pracowa\u0142em w tartaku. To co robi\u0142a Marysia by\u0142o i jest owiane tajemnic\u0105, co mog\u0142em opisa\u0142em w poprzednich wpisach. Ale i moja praca w tamtym czasie by\u0142a niezwykle wa\u017cna dla gospodarki kraju. Ronald Reagan prezydent Stan\u00f3w Zjednoczonych na\u0142o\u017cy\u0142 embargo na Polsk\u0119 po wprowadzeniu stanu wojennego przez genera\u0142a Wojciecha Jaruzelskiego (13 grudnia 1981.). Jedyne dewizy jakie Polska otrzymywa\u0142a pochodzi\u0142y z kraj\u00f3w arabskich, kt\u00f3re kupowa\u0142y w Polsce drewno. Tarcic\u0119, kt\u00f3ra w tamtym czasie w polskich tartakach by\u0142a produkowana w niezwyk\u0142y spos\u00f3b &#8211; chodzi o organizacj\u0119 ca\u0142ego procesu. Wielokrotnie o tym pisa\u0142em, teraz wspomn\u0119 jedynie, \u017ce wydajno\u015b\u0107 materia\u0142owa wynosi\u0142a 67,2 procent. <strong>Dzi\u015b to 50 procent!<\/strong> Marysia doskonale rozumia\u0142a czym s\u0105 lasy dla Polski, ca\u0142a reszta rz\u0105dz\u0105cych poj\u0119cia o tym nie mia\u0142a i wszystko zmarnowa\u0142a. <\/p>\n\n\n\n<p>Byli\u015bmy m\u0142odzi i nie tylko \u017ce\u015bmy pracowali ale r\u00f3wnie\u017c imprezowali i bardzo ale to bardzo si\u0119 kochali. Z Mielca do Warszawy jest 260 kilometr\u00f3w i \u017ceby to robi\u0107 trzeba by\u0142o si\u0119 narobi\u0107. Kt\u00f3rego\u015b dna Majka przyjecha\u0142a do mnie i po kilkugodzinnym odpoczynku, jak to Ona to nazywa\u0142a postanowili\u015bmy i\u015b\u0107 pota\u0144czy\u0107. Ostatecznie wyl\u0105dowali\u015bmy w restauracji Jutrzenka, dzi\u015b bank z \u017cubrem przy Placu Armii Krajowej. Majka zauwa\u017cy\u0142a, \u017ce w Mielcu s\u0105 Cyganie i zapyta\u0142a mnie, czy mamy ulic\u0119 Ignacego Jana Paderewskiego. Ja nie wiedzia\u0142em, dopiero &#8220;taryfiarz&#8221; powiedzia\u0142, \u017ce nie ma &#8211; zapyta\u0142em dlaczego pyta? Powiedzia\u0142a, \u017ce to wielki cz\u0142owiek, wygra\u0142 nam wolno\u015b\u0107 na fortepianie, pom\u00f3g\u0142 zbudowa\u0107 polskie lotnictwo wojskowe, COP, a wi\u0119c i t\u0105 restauracj\u0119, w kt\u00f3rej siedzimy, pom\u00f3g\u0142 genera\u0142owi W\u0142adys\u0142awowi Sikorskiemu jak ten tworzy\u0142 armi\u0119 ze Stalinem. No a Cyganie, zapyta\u0142em. Co cyganie? No &#8211; zapyta\u0142a\u015b o Paderewskiego, jak zobaczy\u0142a\u015b cygank\u0119. A &#8211; no tak, waln\u0119\u0142a si\u0119 w czo\u0142o Marysia. Napisa\u0142 oper\u0119 Manrau, kiedy\u015b p\u00f3jdziemy, to jest o tolerancji. Nie zd\u0105\u017cyli\u015bmy &#8211; p\u00f3\u0142 roku p\u00f3\u017aniej Marysia nie \u017cy\u0142a. Z\u0142o\u017cy\u0142em jej kilka obietnic, <a href=\"http:\/\/radiomaria.com.pl\/?p=152\">Radio MARIA<\/a> jest jedn\u0105 z nich. Obieca\u0142em te\u017c, \u017ce b\u0119dzie w Mielcu ul. Ignacego Jana Paderewskiego. Niestety, po \u015bmierci Marysi Polska posz\u0142a w stron\u0119 polityki Pi\u0142sudskiego, a nie Paderewskiego i mia\u0142em problem z przeforsowaniem wniosku o nadanie imienia wielkiego Polaka ulicy, czy skwerowi. Blokowali lidzie zwi\u0105zani z lini\u0105 Pi\u0142sudskiego. Jednak w ko\u0144cu dosz\u0142o do g\u0142osowania mojego wniosku na Komisji Kultury i O\u015bwiaty. Znalaz\u0142em skwer za bibliotek\u0105 miejsk\u0105 w Mielcu, kt\u00f3ry nie ma imienia. M\u00f3j wniosek przeszed\u0142 praktycznie przez aklamacj\u0119. To si\u0119 nie spodoba\u0142o dzisiejszym &#8220;pi\u0142sudczykom&#8221; i postanowili zablokowa\u0107 m\u00f3j wniosek. Nawet uda\u0142o mi si\u0119 zrobi\u0107 wywiad z g\u0142\u00f3wnodowodz\u0105cym jak mi si\u0119 wydaje obozem moich przeciwnik\u00f3w Panem dr Jerzym Skrzypczakiem.<\/p>\n\n\n\n<figure class=\"wp-block-audio\"><audio controls src=\"https:\/\/htb.com.pl\/wp-content\/uploads\/2022\/04\/Jerzy-Skrzypczak.mp3\"><\/audio><\/figure>\n\n\n\n<p>Powiedzia\u0142, \u017ce mieleccy rajcy miejscy w 1931 roku nadali imi\u0119 Ignacego Jana Paderewskiego jednemu z plac\u00f3w na Starym Mielcu. Nie uwierzy\u0142em &#8211; to by\u0142 czas Procesu Brzeskiego, Pi\u0142sudski swoich przeciwnik\u00f3w, takich \u00f3wczesnych zwolennik\u00f3w Paderewskiego wsadza\u0142 do wi\u0119zie\u0144 &#8211; Wincenty Witos &#8211; sam Paderewski koncertowa\u0142 wtedy w Stanach Zjednoczonych. To jednak okaza\u0142o si\u0119 prawd\u0105! Ci ludzie, m\u00f3wi\u0119 tu o \u00f3wczesnych rajcach miejskich  odwa\u017cyli si\u0119 wyst\u0105pi\u0107 przeciwko \u0142amaniu zasad Konstytucji i niszczeniu s\u0105downictwa. Postanowi\u0142em poprze\u0107 wniosek moich przeciwnik\u00f3w, aby przywr\u00f3ci\u0107 dawn\u0105 nazw\u0119 placowi u zbiegu ulic Kili\u0144skiego i Sobieskiego i nazwa\u0107 go skwerem Ignacego Jana Paderewskiego. <\/p>\n\n\n\n<figure class=\"wp-block-image size-large\"><img loading=\"lazy\" decoding=\"async\" width=\"480\" height=\"640\" src=\"https:\/\/htb.com.pl\/wp-content\/uploads\/2022\/05\/SkwerNAPISY.jpg\" alt=\"\" class=\"wp-image-66740\" srcset=\"https:\/\/htb.com.pl\/wp-content\/uploads\/2022\/05\/SkwerNAPISY.jpg 480w, https:\/\/htb.com.pl\/wp-content\/uploads\/2022\/05\/SkwerNAPISY-225x300.jpg 225w\" sizes=\"auto, (max-width: 480px) 100vw, 480px\" \/><\/figure>\n\n\n\n<p>Natomiast skwerowi za bibliotek\u0105 miejsk\u0105 zaproponowa\u0142em nadanie nazwy Frontu Morges. Ta sprawa jest procedowana<\/p>\n\n\n\n<figure class=\"wp-block-audio\"><audio controls src=\"https:\/\/htb.com.pl\/wp-content\/uploads\/2022\/04\/Front-Morges.mp3\"><\/audio><\/figure>\n\n\n\n<p>Z Paderewskim si\u0119 uda\u0142o 27 kwietnia 2022 roku uprawomocni\u0142a si\u0119 Uchwa\u0142a Rady Miejskiej w Mielcu i w po\u0142owiczny spos\u00f3b spe\u0142ni\u0142em obietnic\u0119 dana Marysi. Po\u0142owiczny, bo jej chodzi\u0142o r\u00f3wnie\u017c o upami\u0119tnienie tych zas\u0142ug Paderewskiego dla Mielca, kt\u00f3re s\u0105 widoczne do dzi\u015b. Czyli SSE cz\u0119\u015b\u0107 dawnego COP i Nowy Mielec &#8211; Osiedle, kt\u00f3re powsta\u0142o przy budowie Zak\u0142ad\u00f3w Lotniczych WP-2. <\/p>\n\n\n\n<p>Ziarno zosta\u0142o zasiane, teraz trzeba robi\u0107 wszystko, aby wyda\u0142o plon. Demokracj\u0119, kt\u00f3r\u0105 sanacja sejmokracj\u0105 nazwa\u0142a i j\u0105 zwalcza\u0142a, dzi\u015b dobra zmiana jako z\u0142y liberalizm okre\u015bli\u0142a i pandokracj\u0119 wymy\u015bli\u0142a. Trzeba zrobi\u0107 wszystko, \u017ceby demokracja wr\u00f3ci\u0142a.<\/p>\n\n\n\n<p>A oto czego w tym tygodniu dokonali, ci kt\u00f3\u0142rzy sanacyjny wzorzec dla swych rz\u0105d\u00f3w obrali.<\/p>\n\n\n\n<p>We Francji pandokraci wybory prezydenckie przegrali, cho\u0107 nasi bardzo . Marine Le Pen pomagali, to ponownie wygra\u0142 Emmanuel Macron. Raszy\u015bci Putina r\u00f3wnie\u017c na tym froncie przegrali. <a href=\"http:\/\/radiomaria.com.pl\/wp-content\/uploads\/2022\/04\/25.04.WyboryweFrancji.mp3\"><img loading=\"lazy\" decoding=\"async\" width=\"150\" height=\"106\" class=\"wp-image-66725\" style=\"width: 150px;\" src=\"https:\/\/htb.com.pl\/wp-content\/uploads\/2022\/04\/FREE_840.jpg\" alt=\"\" srcset=\"https:\/\/htb.com.pl\/wp-content\/uploads\/2022\/04\/FREE_840.jpg 840w, https:\/\/htb.com.pl\/wp-content\/uploads\/2022\/04\/FREE_840-300x212.jpg 300w, https:\/\/htb.com.pl\/wp-content\/uploads\/2022\/04\/FREE_840-768x542.jpg 768w, https:\/\/htb.com.pl\/wp-content\/uploads\/2022\/04\/FREE_840-600x424.jpg 600w\" sizes=\"auto, (max-width: 150px) 100vw, 150px\" \/><\/a><\/p>\n\n\n\n<p>Teraz tu w Europie mamy &#8220;bitw\u0119&#8217; o gaz. Putiny wymy\u015blili jak zrobi\u0107, \u017ceby wszyscy za ich gaz wi\u0119cej im p\u0142acili. Nasz\u0105 propagand\u0119 uruchomili <a href=\"http:\/\/radiomaria.com.pl\/wp-content\/uploads\/2022\/04\/26.04.Katastrofy.mp3\"><img loading=\"lazy\" decoding=\"async\" width=\"150\" height=\"79\" class=\"wp-image-66727\" style=\"width: 150px;\" src=\"https:\/\/htb.com.pl\/wp-content\/uploads\/2022\/05\/czarnobyl-850x450-1.jpg\" alt=\"\" srcset=\"https:\/\/htb.com.pl\/wp-content\/uploads\/2022\/05\/czarnobyl-850x450-1.jpg 850w, https:\/\/htb.com.pl\/wp-content\/uploads\/2022\/05\/czarnobyl-850x450-1-300x159.jpg 300w, https:\/\/htb.com.pl\/wp-content\/uploads\/2022\/05\/czarnobyl-850x450-1-768x407.jpg 768w, https:\/\/htb.com.pl\/wp-content\/uploads\/2022\/05\/czarnobyl-850x450-1-600x318.jpg 600w\" sizes=\"auto, (max-width: 150px) 100vw, 150px\" \/><\/a> i cen\u0119 gazu na \u015bwiatowych gie\u0142dach wyra\u017anie podwy\u017cszyli. Dla uwiarygodnienia premiera Morawieckiego, nieprawdopodobnie w tych dzia\u0142aniach aktywnego, przestali dostarcza\u0107 nam gaz przy udziale Gazoci\u0105gu Jamalskiego. <a href=\"http:\/\/radiomaria.com.pl\/wp-content\/uploads\/2022\/04\/27.04.Jamal_.mp3\"><img loading=\"lazy\" decoding=\"async\" width=\"150\" height=\"84\" class=\"wp-image-66729\" style=\"width: 150px;\" src=\"https:\/\/htb.com.pl\/wp-content\/uploads\/2022\/05\/LANDSCAPE_840.jpg\" alt=\"\" srcset=\"https:\/\/htb.com.pl\/wp-content\/uploads\/2022\/05\/LANDSCAPE_840.jpg 840w, https:\/\/htb.com.pl\/wp-content\/uploads\/2022\/05\/LANDSCAPE_840-300x169.jpg 300w, https:\/\/htb.com.pl\/wp-content\/uploads\/2022\/05\/LANDSCAPE_840-768x432.jpg 768w, https:\/\/htb.com.pl\/wp-content\/uploads\/2022\/05\/LANDSCAPE_840-600x337.jpg 600w\" sizes=\"auto, (max-width: 150px) 100vw, 150px\" \/><\/a> Innym wa\u017cnym elementem dla polskiej propagandy jest opowiadanie, \u017ce Niemcom \u017ale idzie Ukrainie pomaganie. Jak Niemcy 50 dzia\u0142 samobie\u017cnych Gepard <a href=\"http:\/\/radiomaria.com.pl\/wp-content\/uploads\/2022\/04\/27.04.Niemieckie.mp3\"><img loading=\"lazy\" decoding=\"async\" width=\"150\" height=\"84\" class=\"wp-image-66732\" style=\"width: 150px;\" src=\"https:\/\/htb.com.pl\/wp-content\/uploads\/2022\/05\/Gepardmaly.png\" alt=\"\" srcset=\"https:\/\/htb.com.pl\/wp-content\/uploads\/2022\/05\/Gepardmaly.png 921w, https:\/\/htb.com.pl\/wp-content\/uploads\/2022\/05\/Gepardmaly-300x168.png 300w, https:\/\/htb.com.pl\/wp-content\/uploads\/2022\/05\/Gepardmaly-768x431.png 768w, https:\/\/htb.com.pl\/wp-content\/uploads\/2022\/05\/Gepardmaly-600x337.png 600w\" sizes=\"auto, (max-width: 150px) 100vw, 150px\" \/><\/a> Ukrainie wysy\u0142ali, w Polskim Radiu 24 tak t\u0105 wiadomo\u015b\u0107 podali, \u017ce wygl\u0105da\u0142o, i\u017c to my wys\u0142a\u0107 \u017ce\u015bmy im tam kazali.<\/p>\n\n\n\n<p>Prezydent Stan\u00f3w Zjednoczonych Joe Bidem podpisa\u0142 ustaw\u0119 \u201eLend-Lease\u201d, <a href=\"http:\/\/radiomaria.com.pl\/wp-content\/uploads\/2022\/04\/29.04.Lend-Lease.mp3\"><img loading=\"lazy\" decoding=\"async\" width=\"150\" height=\"84\" class=\"wp-image-65260\" style=\"width: 150px;\" src=\"https:\/\/htb.com.pl\/wp-content\/uploads\/2022\/04\/Centrum.jpg\" alt=\"\" srcset=\"https:\/\/htb.com.pl\/wp-content\/uploads\/2022\/04\/Centrum.jpg 840w, https:\/\/htb.com.pl\/wp-content\/uploads\/2022\/04\/Centrum-300x169.jpg 300w, https:\/\/htb.com.pl\/wp-content\/uploads\/2022\/04\/Centrum-768x432.jpg 768w, https:\/\/htb.com.pl\/wp-content\/uploads\/2022\/04\/Centrum-600x337.jpg 600w\" sizes=\"auto, (max-width: 150px) 100vw, 150px\" \/><\/a> ma umo\u017cliwi\u0107 pomagania Ukrainie. W 1940 roku te\u017c taka dzia\u0142a\u0142a &#8211; Anglii pomaga\u0142a. By\u0142a bitwa powietrzna o Angli\u0119, wtedy Polska po dobrej stronie sta\u0142a, jako druga si\u0142a w koalicji antyhitlerowskiej, pod dow\u00f3dztwem Wodza Naczelnego genera\u0142a W\u0142adys\u0142awa Sikorskiego na l\u0105dzie morzu i w powietrzu, nasza armia, razem z angielsk\u0105 przeciwko faszyzmowi walczy\u0142a. Ameryka do dzia\u0142a\u0144 bojowych dopiero wtedy  przyst\u0105pi\u0142a, jak ich Japonia w Perl Harbor zaskoczyli. (7grudsnia 1941 rok). Wcze\u015bniej Niemcy ZSRR zaatakowali (22 czerwca 1941r.), Sikorski ze Stalinem si\u0119 spotkali i si\u0119 dogadali, (4 grudnia 1941r.) \u017ce ci Polacy, kt\u00f3rych Rosjanie na Sybir zes\u0142ali, teraz razem w koalicji antyhitlerowskiej Polsk\u0119 b\u0119d\u0105 wyzwalali. Niemcy zadzia\u0142ali, groby polskich oficer\u00f3w w Katyniu pokazali (13 kwietnia 1943r.) &#8211; Sikorskiego tym zdenerwowali, Rosjanie stosunki dyplomatyczne z Polsk\u0105 zerwali, (25 kwietnia 1943r.), a sanacyjni politycy co przez Sikorskiego w odstawk\u0119 postawieni zostali, w Giublartarze go zamordowali. Wojn\u0119 domow\u0105 w Polsce wywo\u0142ali i dopiero 12 stycznie 1987 roku, Papie\u017c Jan Pawe\u0142 II z genera\u0142em Wojciechem Jaruzelskim w Watykanie, pok\u00f3j podpisali. Dobrze by by\u0142o, \u017ceby\u015bmy o tym pami\u0119tali, jak kartk\u0119 do urny wyborczej b\u0119dziemy wrzucali. \u017beby si\u0119 nie okaza\u0142o, \u017ce znowu polityk\u0119 Putina \u017ce\u015bmy wybrali.<\/p>\n","protected":false},"excerpt":{"rendered":"<p>Prze\u0142om lat 1986-7 to jeden z najlepszych okres\u00f3w mojego \u017cycia. Spotyka\u0142em si\u0119 z Marysi\u0105, czyli dziewczyn\u0105 z perspektywy kt\u00f3rej dzi\u015b pokazuje obecne wydarzenia w kraju i na \u015bwiecie. Ona mieszka\u0142a w Warszawie, a ja w Chorzelowie ko\u0142o Mielca. Marysia zajmowa\u0142a si\u0119 szeroko rozumian\u0105 ochron\u0105 nuncjusza apostolskiego w Polsce Francesco Colasuonno\u00a0, ja by\u0142em mistrzem zmianowym na [&hellip;]<\/p>\n","protected":false},"author":1,"featured_media":66740,"comment_status":"open","ping_status":"open","sticky":false,"template":"","format":"standard","meta":{"_jetpack_memberships_contains_paid_content":false,"footnotes":""},"categories":[4],"tags":[781],"class_list":["post-66683","post","type-post","status-publish","format-standard","has-post-thumbnail","hentry","category-daty-i-fakty-blog","tag-skwer-ignacego-jana-paderewskiego"],"jetpack_sharing_enabled":true,"jetpack_featured_media_url":"https:\/\/htb.com.pl\/wp-content\/uploads\/2022\/05\/SkwerNAPISY.jpg","_links":{"self":[{"href":"https:\/\/htb.com.pl\/index.php?rest_route=\/wp\/v2\/posts\/66683","targetHints":{"allow":["GET"]}}],"collection":[{"href":"https:\/\/htb.com.pl\/index.php?rest_route=\/wp\/v2\/posts"}],"about":[{"href":"https:\/\/htb.com.pl\/index.php?rest_route=\/wp\/v2\/types\/post"}],"author":[{"embeddable":true,"href":"https:\/\/htb.com.pl\/index.php?rest_route=\/wp\/v2\/users\/1"}],"replies":[{"embeddable":true,"href":"https:\/\/htb.com.pl\/index.php?rest_route=%2Fwp%2Fv2%2Fcomments&post=66683"}],"version-history":[{"count":14,"href":"https:\/\/htb.com.pl\/index.php?rest_route=\/wp\/v2\/posts\/66683\/revisions"}],"predecessor-version":[{"id":67030,"href":"https:\/\/htb.com.pl\/index.php?rest_route=\/wp\/v2\/posts\/66683\/revisions\/67030"}],"wp:featuredmedia":[{"embeddable":true,"href":"https:\/\/htb.com.pl\/index.php?rest_route=\/wp\/v2\/media\/66740"}],"wp:attachment":[{"href":"https:\/\/htb.com.pl\/index.php?rest_route=%2Fwp%2Fv2%2Fmedia&parent=66683"}],"wp:term":[{"taxonomy":"category","embeddable":true,"href":"https:\/\/htb.com.pl\/index.php?rest_route=%2Fwp%2Fv2%2Fcategories&post=66683"},{"taxonomy":"post_tag","embeddable":true,"href":"https:\/\/htb.com.pl\/index.php?rest_route=%2Fwp%2Fv2%2Ftags&post=66683"}],"curies":[{"name":"wp","href":"https:\/\/api.w.org\/{rel}","templated":true}]}}