{"id":67313,"date":"2022-05-13T07:31:28","date_gmt":"2022-05-13T07:31:28","guid":{"rendered":"https:\/\/htb.com.pl\/?p=67313"},"modified":"2022-05-13T10:00:51","modified_gmt":"2022-05-13T10:00:51","slug":"13-maja-piatek","status":"publish","type":"post","link":"https:\/\/htb.com.pl\/?p=67313","title":{"rendered":"13 maja pi\u0105tek"},"content":{"rendered":"\n<p><\/p>\n\n\n\n<figure class=\"wp-block-image size-large\"><img loading=\"lazy\" decoding=\"async\" width=\"800\" height=\"531\" src=\"https:\/\/htb.com.pl\/wp-content\/uploads\/2022\/05\/Trzynastego.jpg\" alt=\"\" class=\"wp-image-67328\" srcset=\"https:\/\/htb.com.pl\/wp-content\/uploads\/2022\/05\/Trzynastego.jpg 800w, https:\/\/htb.com.pl\/wp-content\/uploads\/2022\/05\/Trzynastego-300x199.jpg 300w, https:\/\/htb.com.pl\/wp-content\/uploads\/2022\/05\/Trzynastego-768x510.jpg 768w, https:\/\/htb.com.pl\/wp-content\/uploads\/2022\/05\/Trzynastego-600x398.jpg 600w\" sizes=\"auto, (max-width: 800px) 100vw, 800px\" \/><\/figure>\n\n\n\n<figure class=\"wp-block-image size-thumbnail\"><a href=\"https:\/\/htb.com.pl\/wp-content\/uploads\/2022\/05\/13-maja.mp3\"><img loading=\"lazy\" decoding=\"async\" width=\"150\" height=\"150\" src=\"https:\/\/htb.com.pl\/wp-content\/uploads\/2018\/04\/posluchaj-150x150.jpg\" alt=\"\" class=\"wp-image-2020\" srcset=\"https:\/\/htb.com.pl\/wp-content\/uploads\/2018\/04\/posluchaj-150x150.jpg 150w, https:\/\/htb.com.pl\/wp-content\/uploads\/2018\/04\/posluchaj-300x300.jpg 300w, https:\/\/htb.com.pl\/wp-content\/uploads\/2018\/04\/posluchaj-100x100.jpg 100w\" sizes=\"auto, (max-width: 150px) 100vw, 150px\" \/><\/a><\/figure>\n\n\n\n<p>Taka data zdarza si\u0119 \u015brednio co 6 lat. S\u0105 okresy trzyletnie, s\u0105 takie, \u017ce prawie przez dekad\u0119 nie b\u0119dzie w maju pi\u0105tku trzynastego. I w\u0142a\u015bnie dzi\u015b 13 maja roku 2022 napisz\u0119 o ostatnim ostrze\u017ceniu Marysi. Przypomn\u0119 te, o kt\u00f3rych ju\u017c pisa\u0142em:<\/p>\n\n\n\n<ul class=\"wp-block-list\"><li>Lidzie bez wyobra\u017ani nie mog\u0105 rz\u0105dzi\u0107, bo doprowadz\u0105 do katastrofy.<\/li><li>Najpierw edukacja potem demokracja, inaczej wr\u00f3ci sanacja.<\/li><li>Uwa\u017cajcie na kurdupli.<\/li><\/ul>\n\n\n\n<p>To ostatnie, to ju\u017c na \u0142o\u017cu \u015bmierci, wcze\u015bniej jednak by\u0142o takie, o kt\u00f3rym ba\u0142em si\u0119 wspomina\u0107:<\/p>\n\n\n\n<ul class=\"wp-block-list\"><li>\u0141\u0105czenie tronu i o\u0142tarza, jest tym, co najbardziej nam zagra\u017ca.<\/li><\/ul>\n\n\n\n<p>Marysia walczy\u0142a z terrorystami &#8211; z broni\u0105 w r\u0119ku. Pa\u0144stwa muzu\u0142ma\u0144skie, w kt\u00f3rych rz\u0105dzi prawo szariatu nie maj\u0105 rozdzia\u0142u religii od rz\u0105du i s\u0105 naturaln\u0105 wyl\u0119garnia terroryst\u00f3w. Je\u017celi chodzi o religi\u0119 katolick\u0105, Marysia przywo\u0142ywa\u0142a przyk\u0142ad Hiszpanii, genera\u0142a Franco. Tam taka pr\u00f3ba utworzenia pa\u0144stwa katolickiego doprowadzi\u0142a do terroryzmu &#8211; ETA&nbsp;(Euskadi Ta Askatasuna \u2013 Baskonia i Wolno\u015b\u0107). Od lat obserwuj\u0119 jak w Polsce tworzy si\u0119 co\u015b takiego, na wz\u00f3r pa\u0144stwa hiszpa\u0144skiego z roku 1954. Staram si\u0119 ostrzega\u0107, robi\u0119 to tak jak Marysia. Nie m\u00f3wi\u0119 wprost &#8211; staram si\u0119 snu\u0107 opowie\u015b\u0107, z kt\u00f3rej ewentualny s\u0142uchacz, czy czytelnik sam musi wywnioskowa\u0107 przekaz. Marysia m\u00f3wi\u0142a, \u017ce cz\u0142owiek cz\u0142owiekowi nie uwierzy &#8211; ale sobie mo\u017ce uwierzy\u0107. Trzeba go tylko wyedukowa\u0107, \u017ceby s\u0142owo m\u00f3wione lub pisane m\u00f3g\u0142 pojmowa\u0107. Je\u017celi co\u015b sam wywnioskuje, to to zastosuje.<\/p>\n\n\n\n<p>Musz\u0119 jedna przyzna\u0107 si\u0119 do tego, \u017ce nie zauwa\u017cy\u0142em, \u017ce co\u015b na wz\u00f3r pastwa religijnego, tworzy si\u0119 u wroga naszego &#8211; Rosji. Opisywa\u0142em jak polscy biskupi Mari\u0119 Maryj\u0105 nazwali, a nie zauwa\u017cy\u0142em, \u017ce Putin z Cyrylem si\u0119 dogadali&#8230; Wojn\u0119 w Ukrainie wywo\u0142ali, kt\u00f3ra \u017cadnej z dotychczasowych nie przypomina. <a href=\"http:\/\/radiomaria.com.pl\/wp-content\/uploads\/2022\/05\/02.05.Ewakuacja-cywilow.mp3\"><img loading=\"lazy\" decoding=\"async\" width=\"150\" height=\"88\" class=\"wp-image-67342\" style=\"width: 150px;\" src=\"https:\/\/htb.com.pl\/wp-content\/uploads\/2022\/05\/Ewakuacjamaly.png\" alt=\"\" srcset=\"https:\/\/htb.com.pl\/wp-content\/uploads\/2022\/05\/Ewakuacjamaly.png 969w, https:\/\/htb.com.pl\/wp-content\/uploads\/2022\/05\/Ewakuacjamaly-300x176.png 300w, https:\/\/htb.com.pl\/wp-content\/uploads\/2022\/05\/Ewakuacjamaly-768x450.png 768w, https:\/\/htb.com.pl\/wp-content\/uploads\/2022\/05\/Ewakuacjamaly-600x352.png 600w\" sizes=\"auto, (max-width: 150px) 100vw, 150px\" \/><\/a> Ruszy\u015bci do cywil\u00f3w strzelaj\u0105, bo ci im ogniem nie odpowiadaj\u0105, a tam gdzie ukrai\u0144skie wojska za przeciwnika maj\u0105, to si\u0119 poddaj\u0105 i g\u0142upiego udaj\u0105. M\u00f3wi\u0105 \u017ce oni my\u015bleli, \u017ce ich na manewry wzi\u0119li.<\/p>\n\n\n\n<p>To \u017ce Putin z Cyrylem Rosjan przekonali, \u017ceby Ukrai\u0144c\u00f3w zabijali wynika z przekazu propagandowego podobnego do naszego. Podam przyk\u0142ad. M\u00f3wi si\u0119 i tam i u nas, \u017ce LGBT zagra\u017ca naszej cywilizacji i kulturze i \u017ce cos takiego jest wbrew naturze. Nie wiem co natura ma do tego &#8211; widz\u0119 do czego to doprowadzi\u0142o. Brat zabija brata swojego! <\/p>\n\n\n\n<p>Teraz opisz\u0119 wydarzenia, z kt\u00f3rymi ostatnio mieli\u015bmy do czynienia. Postaram si\u0119 zrobi\u0107 to tak, \u017ceby to da\u0142o do my\u015blenia. Mo\u017ce pomo\u017ce, jak klikniemy zdj\u0119cia i pos\u0142uchamy co w tej sprawie na antenie Radia MARIA mia\u0142em do powiedzenia.<\/p>\n\n\n\n<p>Propaganda papie\u017ca Franciszka zaatakowa\u0142a <a href=\"https:\/\/htb.com.pl\/wp-content\/uploads\/2022\/05\/Papie\u017c-Franciszek.mp3\"><img loading=\"lazy\" decoding=\"async\" width=\"150\" height=\"108\" class=\"wp-image-67322\" style=\"width: 150px;\" src=\"https:\/\/htb.com.pl\/wp-content\/uploads\/2022\/05\/000F92ABKULGI59U-C122-F4.jpg\" alt=\"\" srcset=\"https:\/\/htb.com.pl\/wp-content\/uploads\/2022\/05\/000F92ABKULGI59U-C122-F4.jpg 815w, https:\/\/htb.com.pl\/wp-content\/uploads\/2022\/05\/000F92ABKULGI59U-C122-F4-300x215.jpg 300w, https:\/\/htb.com.pl\/wp-content\/uploads\/2022\/05\/000F92ABKULGI59U-C122-F4-768x551.jpg 768w, https:\/\/htb.com.pl\/wp-content\/uploads\/2022\/05\/000F92ABKULGI59U-C122-F4-600x431.jpg 600w\" sizes=\"auto, (max-width: 150px) 100vw, 150px\" \/><\/a> i jednocze\u015bnie przekonywa\u0142a, \u017ce Adam Glapi\u0144ski <a href=\"https:\/\/htb.com.pl\/wp-content\/uploads\/2022\/05\/Katastrofa.mp3\"><img loading=\"lazy\" decoding=\"async\" width=\"150\" height=\"95\" class=\"wp-image-67321\" style=\"width: 150px;\" src=\"https:\/\/htb.com.pl\/wp-content\/uploads\/2022\/05\/Glapinski.jpg\" alt=\"\" srcset=\"https:\/\/htb.com.pl\/wp-content\/uploads\/2022\/05\/Glapinski.jpg 660w, https:\/\/htb.com.pl\/wp-content\/uploads\/2022\/05\/Glapinski-300x191.jpg 300w, https:\/\/htb.com.pl\/wp-content\/uploads\/2022\/05\/Glapinski-600x382.jpg 600w\" sizes=\"auto, (max-width: 150px) 100vw, 150px\" \/><\/a> jako prezes NBP na kolejna kadencj\u0119, to dobry wyb\u00f3r. Zamieszanie jakie tu powsta\u0142o spowodowa\u0142o, \u017ce przy okazji niew\u0142a\u015bciwych s\u0119dzi\u00f3w no neoKRS si\u0119 wybra\u0142o i na pieni\u0105dze z KPO nadal b\u0119dzie si\u0119 czeka\u0142o. Tak si\u0119 sta\u0142o, bo ostrze\u017ce\u0144 Marysi si\u0119 nie s\u0142ucha\u0142o &#8211; a mo\u017ce nale\u017ca\u0142o?<\/p>\n","protected":false},"excerpt":{"rendered":"<p>Taka data zdarza si\u0119 \u015brednio co 6 lat. S\u0105 okresy trzyletnie, s\u0105 takie, \u017ce prawie przez dekad\u0119 nie b\u0119dzie w maju pi\u0105tku trzynastego. I w\u0142a\u015bnie dzi\u015b 13 maja roku 2022 napisz\u0119 o ostatnim ostrze\u017ceniu Marysi. Przypomn\u0119 te, o kt\u00f3rych ju\u017c pisa\u0142em: Lidzie bez wyobra\u017ani nie mog\u0105 rz\u0105dzi\u0107, bo doprowadz\u0105 do katastrofy. Najpierw edukacja potem demokracja, [&hellip;]<\/p>\n","protected":false},"author":1,"featured_media":67328,"comment_status":"open","ping_status":"open","sticky":false,"template":"","format":"standard","meta":{"_jetpack_memberships_contains_paid_content":false,"footnotes":""},"categories":[4],"tags":[782],"class_list":["post-67313","post","type-post","status-publish","format-standard","has-post-thumbnail","hentry","category-daty-i-fakty-blog","tag-13-maja-piatek"],"jetpack_sharing_enabled":true,"jetpack_featured_media_url":"https:\/\/htb.com.pl\/wp-content\/uploads\/2022\/05\/Trzynastego.jpg","_links":{"self":[{"href":"https:\/\/htb.com.pl\/index.php?rest_route=\/wp\/v2\/posts\/67313","targetHints":{"allow":["GET"]}}],"collection":[{"href":"https:\/\/htb.com.pl\/index.php?rest_route=\/wp\/v2\/posts"}],"about":[{"href":"https:\/\/htb.com.pl\/index.php?rest_route=\/wp\/v2\/types\/post"}],"author":[{"embeddable":true,"href":"https:\/\/htb.com.pl\/index.php?rest_route=\/wp\/v2\/users\/1"}],"replies":[{"embeddable":true,"href":"https:\/\/htb.com.pl\/index.php?rest_route=%2Fwp%2Fv2%2Fcomments&post=67313"}],"version-history":[{"count":9,"href":"https:\/\/htb.com.pl\/index.php?rest_route=\/wp\/v2\/posts\/67313\/revisions"}],"predecessor-version":[{"id":67344,"href":"https:\/\/htb.com.pl\/index.php?rest_route=\/wp\/v2\/posts\/67313\/revisions\/67344"}],"wp:featuredmedia":[{"embeddable":true,"href":"https:\/\/htb.com.pl\/index.php?rest_route=\/wp\/v2\/media\/67328"}],"wp:attachment":[{"href":"https:\/\/htb.com.pl\/index.php?rest_route=%2Fwp%2Fv2%2Fmedia&parent=67313"}],"wp:term":[{"taxonomy":"category","embeddable":true,"href":"https:\/\/htb.com.pl\/index.php?rest_route=%2Fwp%2Fv2%2Fcategories&post=67313"},{"taxonomy":"post_tag","embeddable":true,"href":"https:\/\/htb.com.pl\/index.php?rest_route=%2Fwp%2Fv2%2Ftags&post=67313"}],"curies":[{"name":"wp","href":"https:\/\/api.w.org\/{rel}","templated":true}]}}