{"id":68071,"date":"2022-05-29T07:16:04","date_gmt":"2022-05-29T07:16:04","guid":{"rendered":"https:\/\/htb.com.pl\/?p=68071"},"modified":"2022-05-29T08:59:41","modified_gmt":"2022-05-29T08:59:41","slug":"co-sie-stalo-ze-pokoju-w-europie-utrzymac-sie-nie-udalo","status":"publish","type":"post","link":"https:\/\/htb.com.pl\/?p=68071","title":{"rendered":"Co si\u0119 sta\u0142o, \u017ce pokoju w Europie utrzyma\u0107 si\u0119 nie uda\u0142o?"},"content":{"rendered":"\n<p><\/p>\n\n\n\n<figure class=\"wp-block-image size-thumbnail\"><a href=\"https:\/\/htb.com.pl\/wp-content\/uploads\/2022\/05\/Co-si\u0119-sta\u0142o.mp3\"><img loading=\"lazy\" decoding=\"async\" width=\"150\" height=\"150\" src=\"https:\/\/htb.com.pl\/wp-content\/uploads\/2018\/04\/posluchaj-150x150.jpg\" alt=\"\" class=\"wp-image-2020\" srcset=\"https:\/\/htb.com.pl\/wp-content\/uploads\/2018\/04\/posluchaj-150x150.jpg 150w, https:\/\/htb.com.pl\/wp-content\/uploads\/2018\/04\/posluchaj-300x300.jpg 300w, https:\/\/htb.com.pl\/wp-content\/uploads\/2018\/04\/posluchaj-100x100.jpg 100w\" sizes=\"auto, (max-width: 150px) 100vw, 150px\" \/><\/a><\/figure>\n\n\n\n<p>25 maja w Radiu MARIA wspominali\u015bmy rotmistrza Witolda Pileckiego i genera\u0142a Wojciecha Jaruzelskiego. Dw\u00f3ch oficer\u00f3w, kt\u00f3rych Marysia bardzo szanowa\u0142a. Odeszli z tego \u015bwiata tego samego dnia, w\u0142a\u015bnie 25 maja. Natomiast je\u017celi chodzi o lata, to jest r\u00f3\u017cnica jednego pokolenia. Dok\u0142adnie 66 lat. Na Pileckim dokonano egzekucji w 1948 roku. <\/p>\n\n\n\n<figure class=\"wp-block-image size-large\"><img loading=\"lazy\" decoding=\"async\" width=\"243\" height=\"156\" src=\"https:\/\/htb.com.pl\/wp-content\/uploads\/2022\/05\/Egzekucja.png\" alt=\"\" class=\"wp-image-68132\"\/><figcaption><strong>To nie jest egzekucja Pileckiego ale tak to najprawdopodobniej wygl\u0105da\u0142o<\/strong><\/figcaption><\/figure>\n\n\n\n<p>Oskar\u017cyciel i s\u0119dzia w procesie Pileckiego, to oficerowie LWP ale wywodz\u0105cy si\u0119 z AK. Dzi\u015b w wymiarze sprawiedliwo\u015bci mamy co\u015b podobnego. <a href=\"http:\/\/radiomaria.com.pl\/wp-content\/uploads\/2022\/05\/27.05Ziobrozostaje1.mp3\"><img loading=\"lazy\" decoding=\"async\" width=\"150\" height=\"107\" class=\"wp-image-68152\" style=\"width: 150px;\" src=\"https:\/\/htb.com.pl\/wp-content\/uploads\/2022\/05\/Zbogniew-zet.jpg\" alt=\"\" srcset=\"https:\/\/htb.com.pl\/wp-content\/uploads\/2022\/05\/Zbogniew-zet.jpg 420w, https:\/\/htb.com.pl\/wp-content\/uploads\/2022\/05\/Zbogniew-zet-300x214.jpg 300w\" sizes=\"auto, (max-width: 150px) 100vw, 150px\" \/><\/a> Zabrano cz\u0119\u015b\u0107 zado\u015b\u0107uczynienia  Annie Jakubowskiej, ps. Paulinka, <a href=\"http:\/\/radiomaria.com.pl\/wp-content\/uploads\/2022\/05\/28.05.Paulinka.mp3\"><img loading=\"lazy\" decoding=\"async\" width=\"150\" height=\"100\" class=\"wp-image-68154\" style=\"width: 150px;\" src=\"https:\/\/htb.com.pl\/wp-content\/uploads\/2022\/05\/Paulinka.jpg\" alt=\"\" srcset=\"https:\/\/htb.com.pl\/wp-content\/uploads\/2022\/05\/Paulinka.jpg 960w, https:\/\/htb.com.pl\/wp-content\/uploads\/2022\/05\/Paulinka-300x200.jpg 300w, https:\/\/htb.com.pl\/wp-content\/uploads\/2022\/05\/Paulinka-768x513.jpg 768w, https:\/\/htb.com.pl\/wp-content\/uploads\/2022\/05\/Paulinka-600x401.jpg 600w\" sizes=\"auto, (max-width: 150px) 100vw, 150px\" \/><\/a> uczestniczce Powstania Warszawskiego za 5 letni pobyt w stalinowskim wi\u0119zieniu. Takim samym jak ten, w kt\u00f3rym zamordowano Pileckiego. Jaruzelski zmar\u0142 \u015bmierci\u0105 naturaln\u0105 25 maja w 2014 roku. <\/p>\n\n\n\n<figure class=\"wp-block-image size-large\"><img loading=\"lazy\" decoding=\"async\" width=\"960\" height=\"618\" src=\"https:\/\/htb.com.pl\/wp-content\/uploads\/2018\/10\/Jaruzelski-i-Papie\u017c.jpg\" alt=\"\" class=\"wp-image-2089\" srcset=\"https:\/\/htb.com.pl\/wp-content\/uploads\/2018\/10\/Jaruzelski-i-Papie\u017c.jpg 960w, https:\/\/htb.com.pl\/wp-content\/uploads\/2018\/10\/Jaruzelski-i-Papie\u017c-300x193.jpg 300w, https:\/\/htb.com.pl\/wp-content\/uploads\/2018\/10\/Jaruzelski-i-Papie\u017c-768x494.jpg 768w, https:\/\/htb.com.pl\/wp-content\/uploads\/2018\/10\/Jaruzelski-i-Papie\u017c-600x386.jpg 600w\" sizes=\"auto, (max-width: 960px) 100vw, 960px\" \/><figcaption><strong>Watykan 12 stycznia 1987 rok<\/strong><\/figcaption><\/figure>\n\n\n\n<p>Dla s\u0142uchaczy Radia MARIA, kt\u00f3rzy nas s\u0142uchaj\u0105, bo Marysi\u0119 pami\u0119taj\u0105, jedn\u0105 z najwa\u017cniejszych dat jest dzie\u0144 12 stycznia 1987 roku. To wtedy genera\u0142 Wojciech Jaruzelski i Papie\u017c Jan Pawe\u0142 II w Watykanie zako\u0144czyli wojn\u0119 domow\u0105 w Polsce.  By\u0142o mn\u00f3stwo ofiar tej wojny, a jedn\u0105 z nich by\u0142 w\u0142a\u015bnie rotmistrz Witold Pilecki. Trwa\u0142a z przerwami od &#8211; no w\u0142a\u015bnie, od kiedy? 17 wrze\u015bnia 1939 roku, gdy W\u00f3dz Naczelny Edward Rydz-\u015amig\u0142y zwia\u0142? A mo\u017ce do 4 lipca 1943 roku, kiedy w Gibraltarze zamordowano genera\u0142a W\u0142adys\u0142awa Sikorskiego? Miesi\u0105c p\u00f3\u017aniej 8 sierpnia by\u0142 mord pod Borowem, gdzie  NSZ pod dow\u00f3dztwem Leonarda Zub-Zdanowicza wymordowa\u0142y partyzant\u00f3w z Gwardii Ludowej. Dzi\u015b obie te tragedie s\u0105 wymazywane z naszej historii. <\/p>\n\n\n\n<figure class=\"wp-block-image size-large\"><img loading=\"lazy\" decoding=\"async\" width=\"640\" height=\"480\" src=\"https:\/\/htb.com.pl\/wp-content\/uploads\/2021\/04\/Mord.jpg\" alt=\"\" class=\"wp-image-43451\" srcset=\"https:\/\/htb.com.pl\/wp-content\/uploads\/2021\/04\/Mord.jpg 640w, https:\/\/htb.com.pl\/wp-content\/uploads\/2021\/04\/Mord-300x225.jpg 300w, https:\/\/htb.com.pl\/wp-content\/uploads\/2021\/04\/Mord-600x450.jpg 600w\" sizes=\"auto, (max-width: 640px) 100vw, 640px\" \/><\/figure>\n\n\n\n<p> Mogi\u0142a partyzant\u00f3w pod Borowem nie jest nawet grobem wojennym, a zamach w Gibraltarze nazywa si\u0119 katastrof\u0105. IPN opowiada, \u017ce dowod\u00f3w, i\u017c to by\u0142 zamach nie posiada. Wiem, \u017ce je mieli\u015bcie i wiem, \u017ce zniszczyli\u015bcie. Chc\u0119 \u017ceby\u015bcie wiedzieli, \u017ce tylko kopie \u017ce\u015bcie mieli.<\/p>\n\n\n\n<p>13 grudnia 1981 rok &#8211; data wprowadzenia stanu wojennego przez genera\u0142a Jaruzelskiego, jest okre\u015blana jako co\u015b z\u0142ego. Argument, \u017ce mog\u0142o doj\u015b\u0107 do czego\u015b gorszego, tzn. interwencji Zwi\u0105zku Radzieckiego nie trafia do ka\u017cdego. Przecie\u017c Rosjanie tu byli, oni nic by nam nie zrobili. To prawda, ci co tu stacjonowali normalnie wygl\u0105dali. Ale na granicy inni na rozkaz czekali; Czeczeni, Burjaci. W Ukrainie pokazali, to czego w Polsce dzi\u0119ki Jaruzelskiemu nie dokonali.<\/p>\n\n\n\n<p>S\u0142u\u017cy\u0142em wtedy w wojsku &#8211; my\u015bmy na nich czekali. O swoje \u017cycie si\u0119 nie ba\u0142em, by\u0142em pogodzony ze \u015bmierci\u0105 i wiedzia\u0142em, \u017ce jakby co, kolega co si\u0119 obok okopa\u0142 mi pomo\u017ce. Razem transzeje \u017ce\u015bmy kopali, razem przez wiele miesi\u0119cy pot na \u0107wiczeniach z siebie wylewali &#8211; teraz je\u017celi czego\u015b \u017ce\u015bmy si\u0119 bali, to jak to b\u0119dzie, jak b\u0119dziemy sobie w walce pomagali.<\/p>\n\n\n\n<p>Dzi\u015b wiem, \u017ce jednego wtedy pod uwag\u0119 \u017ce\u015bmy nie brali, \u017ce ruscy nie nas ale cywil\u00f3w b\u0119d\u0105 zabijali &#8211; gwa\u0142cili, rabowali. Bo po tych co w Polsce stacjonowali, czego\u015b takiego nigdy by\u015bmy si\u0119 nie spodziewali. To takim w\u0142a\u015bnie na pocz\u0105tku walk w Ukrainie cywile przed czo\u0142gami i transporterami na drodze stawali. Dopiero jak Burjaci i Czecze\u0144cy do walk przegrupowani zostali&#8230;<\/p>\n\n\n\n<figure class=\"wp-block-image size-large\"><a href=\"http:\/\/radiomaria.com.pl\/wp-content\/uploads\/2022\/05\/A23.05.Ukrauna1.mp3\"><img loading=\"lazy\" decoding=\"async\" width=\"640\" height=\"480\" src=\"https:\/\/htb.com.pl\/wp-content\/uploads\/2022\/05\/89-dzien.jpg\" alt=\"\" class=\"wp-image-68141\" srcset=\"https:\/\/htb.com.pl\/wp-content\/uploads\/2022\/05\/89-dzien.jpg 640w, https:\/\/htb.com.pl\/wp-content\/uploads\/2022\/05\/89-dzien-300x225.jpg 300w, https:\/\/htb.com.pl\/wp-content\/uploads\/2022\/05\/89-dzien-600x450.jpg 600w\" sizes=\"auto, (max-width: 640px) 100vw, 640px\" \/><\/a><\/figure>\n\n\n\n<p>Na wojnie wa\u017cne jest zaskoczenie &#8211; inaczej uprzedzenie dzia\u0142a\u0144 przeciwnika. Stan wojenny by\u0142 takim zaskoczeniem ale dla wroga wewn\u0119trznego. Wywiad ameryka\u0144ski CIA, czyli wr\u00f3g zewn\u0119trzny pozna\u0142 plany Jaruzelskiego poprzez zdrad\u0119 Kukli\u0144skiego. Jednak o planach wprowadzenia stanu wojennego, nie poinformowali sojusznika polskiego i Jaruzelski zdo\u0142a\u0142 <strong>nie dopu\u015bci\u0107<\/strong> do tego, co dzi\u015b jest udzia\u0142em Narodu Ukrai\u0144skiego.<\/p>\n\n\n\n<p>Nasuwa si\u0119 pytanie dlaczego? Dlaczego teraz CIA, cho\u0107 te\u017c wszystko wiedzia\u0142o tak si\u0119 sp\u00f3\u017ania\u0142o. Za p\u00f3\u017ano zdecydowano, \u017ce bro\u0144 defensywna to ka\u017cda bro\u0144, kt\u00f3ra s\u0142u\u017cy do obrony. Za p\u00f3\u017ano zdecydowano si\u0119 dostarcza\u0107 Ukrainie ci\u0119\u017ck\u0105 i dalekosi\u0119\u017cn\u0105 artyleri\u0119. Trzeba te\u017c wspomnie\u0107 o Memorandum Budapeszta\u0144skim z 1994 roku, gdzie Rosja, Stany Zjednoczone i Wielka Brytania  zagwarantowa\u0142y Ukrainie bezpiecze\u0144stwo, w zamian za pozbycie si\u0119 arsena\u0142u j\u0105drowego. Ukraina by\u0142a trzeci\u0105 pot\u0119g\u0105 j\u0105drow\u0105 na \u015bwiecie. I jeszcze o &#8220;szczekaniu&#8221; NATO, jak to okre\u015bli\u0142 Papie\u017c Franciszek. Ju\u017c w 1991 roku, gdy Ukraina proklamowa\u0142a niepodleg\u0142o\u015b\u0107 (24 sierpnia 1991 r.) rozpocz\u0119\u0142y si\u0119 rozmowy z NATO. Ukraina po tej dacie bra\u0142a udzia\u0142 we wszystkich misjach pokojowych, a w 2020 roku otrzyma\u0142a status cz\u0142onka programu Rozszerzonych Mo\u017cliwo\u015bci (Enhanced Opportunities Partners). Co si\u0119 wi\u0119c sta\u0142o, na co NATO czeka\u0142o, a mo\u017ce si\u0119 ba\u0142o i my\u015bla\u0142o, \u017ce jak b\u0119dzie &#8220;szczeka\u0142o&#8221; to wystarczy? Nie &#8211; to by\u0142o za ma\u0142o i w\u0142a\u015bnie dlatego pokoju w Europie utrzyma\u0107 si\u0119 nie uda\u0142o. <\/p>\n\n\n\n<p>Tak z perspektywy Marysi pokr\u00f3tce wszystko by wygl\u0105da\u0142o, a teraz, tak\u017ce z tej samej perspektywy napisz\u0119, co w Polsce w ostatnim tygodniu si\u0119 dzia\u0142o.<\/p>\n\n\n\n<p>Na pocz\u0105tek prezydenta Andrzeja Dud\u0119 za przem\u00f3wienie w Ukrai\u0144skim Parlamencie pochwali\u0107 by nale\u017ca\u0142o. <\/p>\n\n\n\n<figure class=\"wp-block-image size-large\"><a href=\"http:\/\/radiomaria.com.pl\/wp-content\/uploads\/2022\/05\/22.05.Brawo_.mp3\"><img loading=\"lazy\" decoding=\"async\" width=\"629\" height=\"351\" src=\"https:\/\/htb.com.pl\/wp-content\/uploads\/2022\/05\/Kijow-2.png\" alt=\"\" class=\"wp-image-68139\" srcset=\"https:\/\/htb.com.pl\/wp-content\/uploads\/2022\/05\/Kijow-2.png 629w, https:\/\/htb.com.pl\/wp-content\/uploads\/2022\/05\/Kijow-2-300x167.png 300w, https:\/\/htb.com.pl\/wp-content\/uploads\/2022\/05\/Kijow-2-600x335.png 600w\" sizes=\"auto, (max-width: 629px) 100vw, 629px\" \/><\/a><\/figure>\n\n\n\n<p>Wielu si\u0119 tego nie spodziewa\u0142o. Szkoda, \u017ce Radia MARIA  si\u0119 nie s\u0142ucha\u0142o, jak proponowa\u0142o, \u017ceby wsp\u00f3\u0142prac\u0119 z Ukrain\u0105 w energetyce j\u0105drowej si\u0119 zacie\u015bnia\u0142o. Linia elektroenergetyczna Wide\u0142ka-Chmielnicka. Dzi\u015b nie tylko by si\u0119 gada\u0142o ale i przycz\u00f3\u0142ki do wsp\u00f3\u0142pracy przy odbudowie Ukrainy mia\u0142o.<\/p>\n\n\n\n<p>Sanacyjni politycy, kt\u00f3rzy zawsze tym si\u0119 charakteryzowali, \u017ce ponad wszystko w\u0142adz\u0119 kochali, a jak ju\u017c si\u0119 do w\u0142adzy dorwali zawsze wszystko poki\u0107kali; <a href=\"http:\/\/radiomaria.com.pl\/wp-content\/uploads\/2022\/05\/24.05.Zabledy.mp3\"><img loading=\"lazy\" decoding=\"async\" width=\"150\" height=\"84\" class=\"wp-image-68144\" style=\"width: 150px;\" src=\"https:\/\/htb.com.pl\/wp-content\/uploads\/2022\/05\/polski-lad-753.jpg\" alt=\"\" srcset=\"https:\/\/htb.com.pl\/wp-content\/uploads\/2022\/05\/polski-lad-753.jpg 753w, https:\/\/htb.com.pl\/wp-content\/uploads\/2022\/05\/polski-lad-753-300x169.jpg 300w, https:\/\/htb.com.pl\/wp-content\/uploads\/2022\/05\/polski-lad-753-600x338.jpg 600w\" sizes=\"auto, (max-width: 150px) 100vw, 150px\" \/><\/a>  dzi\u0119ki porozumieniu Papie\u017ca i Jaruzelskiego,  z roku 1987 do w\u0142adzy w ko\u0144cu si\u0119 dorwali i wprawdzie z przerwami <a href=\"http:\/\/radiomaria.com.pl\/wp-content\/uploads\/2022\/05\/24.05.OPP_.mp3\"><img loading=\"lazy\" decoding=\"async\" width=\"150\" height=\"78\" class=\"wp-image-68146\" style=\"width: 150px;\" src=\"https:\/\/htb.com.pl\/wp-content\/uploads\/2022\/05\/OPPdomaly.png\" alt=\"\" srcset=\"https:\/\/htb.com.pl\/wp-content\/uploads\/2022\/05\/OPPdomaly.png 988w, https:\/\/htb.com.pl\/wp-content\/uploads\/2022\/05\/OPPdomaly-300x155.png 300w, https:\/\/htb.com.pl\/wp-content\/uploads\/2022\/05\/OPPdomaly-768x398.png 768w, https:\/\/htb.com.pl\/wp-content\/uploads\/2022\/05\/OPPdomaly-850x450.png 850w, https:\/\/htb.com.pl\/wp-content\/uploads\/2022\/05\/OPPdomaly-600x311.png 600w\" sizes=\"auto, (max-width: 150px) 100vw, 150px\" \/><\/a> ale do dzi\u015b  jako rz\u0105dz\u0105cy Polsk\u0105 dotrwali. Du\u017co z\u0142ego zrobili, praktycznie Polsk\u0119 z UE wyprowadzili, <a href=\"http:\/\/radiomaria.com.pl\/wp-content\/uploads\/2022\/05\/25.05.Do-Polskiego-Radia-24.mp3\"><img loading=\"lazy\" decoding=\"async\" width=\"150\" height=\"84\" class=\"wp-image-68150\" style=\"width: 150px;\" src=\"https:\/\/htb.com.pl\/wp-content\/uploads\/2022\/05\/Aauostrzega.jpg\" alt=\"\" srcset=\"https:\/\/htb.com.pl\/wp-content\/uploads\/2022\/05\/Aauostrzega.jpg 740w, https:\/\/htb.com.pl\/wp-content\/uploads\/2022\/05\/Aauostrzega-300x169.jpg 300w, https:\/\/htb.com.pl\/wp-content\/uploads\/2022\/05\/Aauostrzega-600x337.jpg 600w\" sizes=\"auto, (max-width: 150px) 100vw, 150px\" \/><\/a> ze wszystkimi nas sk\u0142\u00f3cili, a ostatnio nawet Norweg\u00f3w obrazili. <a href=\"http:\/\/radiomaria.com.pl\/wp-content\/uploads\/2022\/05\/22.05.-Wypowiedz.mp3\"><img loading=\"lazy\" decoding=\"async\" width=\"150\" height=\"91\" class=\"wp-image-68137\" style=\"width: 150px;\" src=\"https:\/\/htb.com.pl\/wp-content\/uploads\/2022\/05\/Norwegia.png\" alt=\"\" srcset=\"https:\/\/htb.com.pl\/wp-content\/uploads\/2022\/05\/Norwegia.png 931w, https:\/\/htb.com.pl\/wp-content\/uploads\/2022\/05\/Norwegia-300x182.png 300w, https:\/\/htb.com.pl\/wp-content\/uploads\/2022\/05\/Norwegia-768x467.png 768w, https:\/\/htb.com.pl\/wp-content\/uploads\/2022\/05\/Norwegia-600x365.png 600w\" sizes=\"auto, (max-width: 150px) 100vw, 150px\" \/><\/a> Tych co w funduszach norweskich ogromnej pomocy nam udzielili i ruroci\u0105g Baltic Pipe na dnie Ba\u0142tyku naszemu PGNiG-owi po\u0142o\u017cy\u0107 pozwolili. Gazem z norweskiego szelfu jeszcze go nie wype\u0142nili. Dobrze by by\u0142o, \u017ceby to zrobili, jak b\u0119dziemy ich obra\u017cali, b\u0119d\u0105 si\u0119 zastanawiali.<\/p>\n\n\n\n<p>Zawsze trzeba pomy\u015ble\u0107, jak robi si\u0119 co\u015b wa\u017cnego &#8211; i jak si\u0119 kartk\u0119 wyborcz\u0105 do urny wrzuca &#8211; Kole\u017canko i Kolego.<\/p>\n","protected":false},"excerpt":{"rendered":"<p>25 maja w Radiu MARIA wspominali\u015bmy rotmistrza Witolda Pileckiego i genera\u0142a Wojciecha Jaruzelskiego. Dw\u00f3ch oficer\u00f3w, kt\u00f3rych Marysia bardzo szanowa\u0142a. Odeszli z tego \u015bwiata tego samego dnia, w\u0142a\u015bnie 25 maja. Natomiast je\u017celi chodzi o lata, to jest r\u00f3\u017cnica jednego pokolenia. Dok\u0142adnie 66 lat. Na Pileckim dokonano egzekucji w 1948 roku. Oskar\u017cyciel i s\u0119dzia w procesie Pileckiego, [&hellip;]<\/p>\n","protected":false},"author":1,"featured_media":68141,"comment_status":"open","ping_status":"open","sticky":false,"template":"","format":"standard","meta":{"_jetpack_memberships_contains_paid_content":false,"footnotes":""},"categories":[4],"tags":[785,786],"class_list":["post-68071","post","type-post","status-publish","format-standard","has-post-thumbnail","hentry","category-daty-i-fakty-blog","tag-co-sie-stalo","tag-ze-pokoju-w-europie-utrzymac-sie-nie-udalo"],"jetpack_sharing_enabled":true,"jetpack_featured_media_url":"https:\/\/htb.com.pl\/wp-content\/uploads\/2022\/05\/89-dzien.jpg","_links":{"self":[{"href":"https:\/\/htb.com.pl\/index.php?rest_route=\/wp\/v2\/posts\/68071","targetHints":{"allow":["GET"]}}],"collection":[{"href":"https:\/\/htb.com.pl\/index.php?rest_route=\/wp\/v2\/posts"}],"about":[{"href":"https:\/\/htb.com.pl\/index.php?rest_route=\/wp\/v2\/types\/post"}],"author":[{"embeddable":true,"href":"https:\/\/htb.com.pl\/index.php?rest_route=\/wp\/v2\/users\/1"}],"replies":[{"embeddable":true,"href":"https:\/\/htb.com.pl\/index.php?rest_route=%2Fwp%2Fv2%2Fcomments&post=68071"}],"version-history":[{"count":24,"href":"https:\/\/htb.com.pl\/index.php?rest_route=\/wp\/v2\/posts\/68071\/revisions"}],"predecessor-version":[{"id":68161,"href":"https:\/\/htb.com.pl\/index.php?rest_route=\/wp\/v2\/posts\/68071\/revisions\/68161"}],"wp:featuredmedia":[{"embeddable":true,"href":"https:\/\/htb.com.pl\/index.php?rest_route=\/wp\/v2\/media\/68141"}],"wp:attachment":[{"href":"https:\/\/htb.com.pl\/index.php?rest_route=%2Fwp%2Fv2%2Fmedia&parent=68071"}],"wp:term":[{"taxonomy":"category","embeddable":true,"href":"https:\/\/htb.com.pl\/index.php?rest_route=%2Fwp%2Fv2%2Fcategories&post=68071"},{"taxonomy":"post_tag","embeddable":true,"href":"https:\/\/htb.com.pl\/index.php?rest_route=%2Fwp%2Fv2%2Ftags&post=68071"}],"curies":[{"name":"wp","href":"https:\/\/api.w.org\/{rel}","templated":true}]}}