{"id":681,"date":"2018-06-05T12:37:13","date_gmt":"2018-06-05T12:37:13","guid":{"rendered":"https:\/\/htb.com.pl\/?p=681"},"modified":"2020-02-24T07:34:40","modified_gmt":"2020-02-24T07:34:40","slug":"wybory-4-czerwca-1998-rok","status":"publish","type":"post","link":"https:\/\/htb.com.pl\/?p=681","title":{"rendered":"Wybory 4 czerwca 1989 rok"},"content":{"rendered":"<p><img loading=\"lazy\" decoding=\"async\" class=\"alignnone size-medium wp-image-696\" src=\"https:\/\/htb.com.pl\/wp-content\/uploads\/2018\/06\/solidarnosc-300x164.jpg\" alt=\"\" width=\"300\" height=\"164\" srcset=\"https:\/\/htb.com.pl\/wp-content\/uploads\/2018\/06\/solidarnosc-300x164.jpg 300w, https:\/\/htb.com.pl\/wp-content\/uploads\/2018\/06\/solidarnosc.jpg 303w\" sizes=\"auto, (max-width: 300px) 100vw, 300px\" \/><\/p>\n<p>Tego dnia odby\u0142y si\u0119 w Polsce cz\u0119\u015bciowo wolne wybory do Polskiego Parlamentu. W wyniku ustale\u0144 Okr\u0105g\u0142ego Sto\u0142u\u00a0 opozycja zdoby\u0142a 161 (35%) miejsc w Sejmie i prawie wszystkie w nowo powsta\u0142ym Senacie. Tam na 100\u00a0 miejsc 99 zdobyli kandydaci Komitetu Obywatelskiego, powsta\u0142ego przy Lechu Wa\u0142\u0119sie.<\/p>\n<p>Dzi\u015b 4 czerwca 2018 roku po 29 latach wspominam tamte wybory. Nie \u015bwi\u0119tuje \u2013 tu przyznaj\u0119 racj\u0119 Panu Jaros\u0142awowi Kaczy\u0144skiemu. Wtedy gor\u0105cemu zwolennikowi Okr\u0105g\u0142ego Sto\u0142u i tamtych przemian. Ja ju\u017c wtedy wiedzia\u0142em, \u017ce wraca <a href=\"https:\/\/htb.com.pl\/?p=264\">Sanacja<\/a>.<\/p>\n<p><a href=\"https:\/\/htb.com.pl\/?product=jak-sanacja-budowala-socjalizm\"><img loading=\"lazy\" decoding=\"async\" class=\"size-full wp-image-685 alignleft\" src=\"https:\/\/htb.com.pl\/wp-content\/uploads\/2018\/06\/san.jpg\" alt=\"\" width=\"200\" height=\"200\" srcset=\"https:\/\/htb.com.pl\/wp-content\/uploads\/2018\/06\/san.jpg 200w, https:\/\/htb.com.pl\/wp-content\/uploads\/2018\/06\/san-150x150.jpg 150w, https:\/\/htb.com.pl\/wp-content\/uploads\/2018\/06\/san-100x100.jpg 100w\" sizes=\"auto, (max-width: 200px) 100vw, 200px\" \/><\/a><\/p>\n<p>My\u015bl\u0119, \u017ce Pan Kaczy\u0144skie te\u017c to wiedzia\u0142, dlatego wspiera\u0142 przemiany.<\/p>\n<p>Sanacja to \u2013 zamach majowy Pi\u0142sudskiego, kult jednostki, napa\u015b\u0107 z Hitlerem na Czechos\u0142owacj\u0119, ucieczka Rz\u0105du Sanacyjnego z kraju po wybuchu wojny,\u00a0 kl\u0119ska wrze\u015bniowa i wreszcie to co w tych ludziach budzi we mnie najwi\u0119ksz\u0105 odraz\u0119 &#8211; doprowadzenie do<a href=\"https:\/\/htb.com.pl\/?p=188\"> wojny domowej<\/a>. Nie mog\u0142em g\u0142osowa\u0107 na tych \u00a0ludzi. Z kolei ob\u00f3z rz\u0105dowy \u2013 oni nie pozwolili na wojn\u0119 domow\u0105, tu mieli moje poparcie. Jednak wprowadzili \u201epopiwek\u201d podatek od ponadnormatywnych wynagrodze\u0144. Pracownik w tartaku pracuj\u0105c na dw\u00f3ch stanowiskach zarabia\u0142 naprawd\u0119 dobrze. To jednak doprowadza\u0142o do przekroczenia progu i by\u0142o dodatkowo opodatkowane. Wydawa\u0142o mi si\u0119 to tak durne, \u017ce postanowi\u0142em nie i\u015b\u0107 na wybory.<\/p>\n<p>4 czerwca 1989 rok, dzie\u0144 wybor\u00f3w, to by\u0142a niedziela, po mszy \u015awi\u0119tej w Ko\u015bciele w Chorzelowie wraca\u0142em do mieszkania w blokach tartacznych. Przechodzi\u0142em ko\u0142o domu kultury, gdzie by\u0142 m\u00f3j punkt wyborczy. My\u015bla\u0142em o mojej by\u0142ej dziewczynie Tancerce, kt\u00f3ra zmar\u0142a prawie dwa lata temu. Nagle przejecha\u0142 bia\u0142y polonez, taki jakim je\u017adzi\u0142a Tancerka, kierowa\u0142a kobieta, widzia\u0142em j\u0105 tylko przez u\u0142amek sekundy. Dziwnie si\u0119 poczu\u0142em, naprawd\u0119 widzia\u0142em swoj\u0105 Tancerk\u0119. To jaki\u015b znak, co\u015b robi\u0119 \u017ale&#8230; Poszed\u0142em na wybory. By\u0142o bardzo du\u017co ludzi. Wzi\u0105\u0142em swoj\u0105 kart\u0119 do g\u0142osowania ale nie by\u0142o wolnej kabiny. Po\u017cyczy\u0142em d\u0142ugopis od Pana kt\u00f3ry by\u0142 m\u0119\u017cem zaufania i \u00a0na jego oczach zaznaczy\u0142em kandydata z listy krajowej. Zaznaczy\u0142em pierwszego na li\u015bcie, tak jak dzi\u015b nie\u00a0 mia\u0142o to wtedy\u00a0 \u017cadnego znaczenia. Pan po\u017ca\u0142owa\u0142, \u017ce mi ten d\u0142ugopis po\u017cyczy\u0142. Do Senatu zag\u0142osowa\u0142em na Pana J\u00f3zefa \u015alisza, kojarzy\u0142em go jako dzia\u0142acza ludowego. Wiedzia\u0142em te\u017c, \u017ce by\u0142 uczestnikiem obrad Okr\u0105g\u0142ego Sto\u0142u. Tu jak dzi\u015b obowi\u0105zywa\u0142a metoda wi\u0119kszo\u015bciowa. Czytaj\u0105c wyniki tych wybor\u00f3w, ucieszy\u0142em si\u0119, \u017ce Pan J\u00f3zef \u015alisz zosta\u0142 Senatorem. Bezapelacyjna wygrana w Sejmie i Senacie \u00a0polityk\u00f3w Klubu Obywatelskiego zwi\u0105zanego z Solidarno\u015bci\u0105 i Lechem Wa\u0142\u0119s\u0105, \u00a0nie cieszy\u0142a mnie. Wiedzia\u0142em, \u017ce Sanacja wraca. Nadziej\u0105 by\u0142o to, \u017ce wybrani Pos\u0142owie w wi\u0119kszo\u015bci, \u00a0wtedy, a i dzi\u015b nawet nie zdawali sobie sprawy, \u017ce reprezentuj\u0105 znienawidzona przedwojenn\u0105 Sanacj\u0119. By\u0142o te\u017c co\u015b\u00a0 co mnie cieszy\u0142o, to frekwencja. Tylko 62,11%, spodziewano si\u0119 80%. Wielu my\u015bl\u0105cych podobnie jak ja, \u201enie zobaczy\u0142o bia\u0142ego poloneza\u201d i nie posz\u0142o na wybory.<\/p>\n<p>Pami\u0119ta\u0142em jak Tancerka m\u00f3wi\u0142a. \u017beby by\u0107 wolnym trzeba by\u0107 w NATO, Radzie Europejskiej, trzeba mie\u0107 gospodark\u0119 rynkow\u0105. Wybory 4 czerwca w mojej ocenie oddala\u0142y nas od tego. Nie by\u0142em odosobniony w takiej ocenie. Jednak demokracja, kt\u00f3r\u0105 zacz\u0119li\u015bmy budowa\u0107 zacz\u0119\u0142a si\u0119 sprawdza\u0107. Weszli\u015bmy \u00a0do NATO (12 marca 1999) i UE (1 maja 2004), sta\u0142o si\u0119 tak bo w wyniku kolejnych wybor\u00f3w w\u0142adz\u0119 przejmowa\u0142y si\u0142y nie zwi\u0105zane z przedwojenn\u0105 Sanacj\u0105.<\/p>\n<p>Tancerka ci\u0105gle m\u00f3wi\u0142a o podatku VAT, kt\u00f3ry koniecznie nale\u017cy wprowadzi\u0107. Zrobi\u0142 to Leszek Balcerowicz w 1993 roku. Pomy\u015bla\u0142em wtedy, wreszcie kto\u015b zrozumia\u0142 to co dla mojej Tancerki by\u0142o jasne tak dawno, bo w 1986 roku. Kooperacja, kt\u00f3r\u0105 umo\u017cliwia VAT jest kluczem do dobrobytu. Zdziwi\u0142em si\u0119, \u017ce co\u015b co by\u0142o tak promowane przez Tancerk\u0119, zrobi\u0142 cz\u0142owiek kt\u00f3rego kojarzy\u0142em z Sanacj\u0105. Poczyta\u0142em troch\u0119 o nim &#8211; Leszek Balcerowicz doktor habilitowany nauk ekonomicznych, w swoim \u017cyciorysie mia\u0142 jednak epizod, kiedy by\u0142 w PZPR. Tancerka m\u00f3wi\u0142a na takich chor\u0105giewka i uwa\u017ca\u0142a ich za karierowicz\u00f3w. Jednak pozytywnie ich ocenia\u0142a. M\u00f3wi\u0142a, to nic z\u0142ego jak kto\u015b chce robi\u0107 co\u015b dobrego. PRL to czasy kiedy \u017ceby co\u015b robi\u0107 w polityce, cz\u0119sto trzeba by\u0142o by\u0107 w PZPR.<\/p>\n<p>Reasumuj\u0105c &#8211; \u00a04 czerwca mo\u017cna uzna\u0107 za pocz\u0105tek naszej nowej demokracji. Za rok b\u0119dzie to okr\u0105g\u0142a 30 rocznica tego wydarzenia. Mam nadziej\u0119, \u017ce wr\u00f3cimy do grona pa\u0144stw demokratycznych, a odradzaj\u0105ca si\u0119 Sanacja odejdzie na zawsze. I wtedy b\u0119d\u0119 \u015bwi\u0119towa\u0142.<\/p>\n","protected":false},"excerpt":{"rendered":"<p>Tego dnia odby\u0142y si\u0119 w Polsce cz\u0119\u015bciowo wolne wybory do Polskiego Parlamentu. W wyniku ustale\u0144 Okr\u0105g\u0142ego Sto\u0142u\u00a0 opozycja zdoby\u0142a 161 (35%) miejsc w Sejmie i prawie wszystkie w nowo powsta\u0142ym Senacie. Tam na 100\u00a0 miejsc 99 zdobyli kandydaci Komitetu Obywatelskiego, powsta\u0142ego przy Lechu Wa\u0142\u0119sie. Dzi\u015b 4 czerwca 2018 roku po 29 latach wspominam tamte wybory. [&hellip;]<\/p>\n","protected":false},"author":1,"featured_media":696,"comment_status":"open","ping_status":"open","sticky":false,"template":"","format":"standard","meta":{"_jetpack_memberships_contains_paid_content":false,"footnotes":""},"categories":[4],"tags":[78],"class_list":["post-681","post","type-post","status-publish","format-standard","has-post-thumbnail","hentry","category-daty-i-fakty-blog","tag-wybory-4-czerwca-1998"],"jetpack_sharing_enabled":true,"jetpack_featured_media_url":"https:\/\/htb.com.pl\/wp-content\/uploads\/2018\/06\/solidarnosc.jpg","_links":{"self":[{"href":"https:\/\/htb.com.pl\/index.php?rest_route=\/wp\/v2\/posts\/681","targetHints":{"allow":["GET"]}}],"collection":[{"href":"https:\/\/htb.com.pl\/index.php?rest_route=\/wp\/v2\/posts"}],"about":[{"href":"https:\/\/htb.com.pl\/index.php?rest_route=\/wp\/v2\/types\/post"}],"author":[{"embeddable":true,"href":"https:\/\/htb.com.pl\/index.php?rest_route=\/wp\/v2\/users\/1"}],"replies":[{"embeddable":true,"href":"https:\/\/htb.com.pl\/index.php?rest_route=%2Fwp%2Fv2%2Fcomments&post=681"}],"version-history":[{"count":17,"href":"https:\/\/htb.com.pl\/index.php?rest_route=\/wp\/v2\/posts\/681\/revisions"}],"predecessor-version":[{"id":18563,"href":"https:\/\/htb.com.pl\/index.php?rest_route=\/wp\/v2\/posts\/681\/revisions\/18563"}],"wp:featuredmedia":[{"embeddable":true,"href":"https:\/\/htb.com.pl\/index.php?rest_route=\/wp\/v2\/media\/696"}],"wp:attachment":[{"href":"https:\/\/htb.com.pl\/index.php?rest_route=%2Fwp%2Fv2%2Fmedia&parent=681"}],"wp:term":[{"taxonomy":"category","embeddable":true,"href":"https:\/\/htb.com.pl\/index.php?rest_route=%2Fwp%2Fv2%2Fcategories&post=681"},{"taxonomy":"post_tag","embeddable":true,"href":"https:\/\/htb.com.pl\/index.php?rest_route=%2Fwp%2Fv2%2Ftags&post=681"}],"curies":[{"name":"wp","href":"https:\/\/api.w.org\/{rel}","templated":true}]}}