{"id":68494,"date":"2022-06-06T07:05:58","date_gmt":"2022-06-06T07:05:58","guid":{"rendered":"https:\/\/htb.com.pl\/?p=68494"},"modified":"2022-06-06T08:28:03","modified_gmt":"2022-06-06T08:28:03","slug":"sekcja-denna","status":"publish","type":"post","link":"https:\/\/htb.com.pl\/?p=68494","title":{"rendered":"Sekcja denna"},"content":{"rendered":"\n<figure class=\"wp-block-image size-large\"><a href=\"http:\/\/radiomaria.com.pl\/wp-content\/uploads\/2022\/06\/02.06.-Nie-tedy-droga.mp3\"><img loading=\"lazy\" decoding=\"async\" width=\"480\" height=\"573\" src=\"https:\/\/htb.com.pl\/wp-content\/uploads\/2022\/06\/sekcjas.jpg\" alt=\"\" class=\"wp-image-68546\" srcset=\"https:\/\/htb.com.pl\/wp-content\/uploads\/2022\/06\/sekcjas.jpg 480w, https:\/\/htb.com.pl\/wp-content\/uploads\/2022\/06\/sekcjas-251x300.jpg 251w\" sizes=\"auto, (max-width: 480px) 100vw, 480px\" \/><\/a><\/figure>\n\n\n\n<figure class=\"wp-block-image size-thumbnail\"><a href=\"https:\/\/htb.com.pl\/wp-content\/uploads\/2022\/06\/Sekcja-denna.mp3\"><img loading=\"lazy\" decoding=\"async\" width=\"150\" height=\"150\" src=\"https:\/\/htb.com.pl\/wp-content\/uploads\/2018\/04\/posluchaj-150x150.jpg\" alt=\"\" class=\"wp-image-2020\" srcset=\"https:\/\/htb.com.pl\/wp-content\/uploads\/2018\/04\/posluchaj-150x150.jpg 150w, https:\/\/htb.com.pl\/wp-content\/uploads\/2018\/04\/posluchaj-300x300.jpg 300w, https:\/\/htb.com.pl\/wp-content\/uploads\/2018\/04\/posluchaj-100x100.jpg 100w\" sizes=\"auto, (max-width: 150px) 100vw, 150px\" \/><\/a><\/figure>\n\n\n\n<p>Okre\u015blenie to us\u0142ysza\u0142em od szczeci\u0144skich stoczniowc\u00f3w, kt\u00f3rzy pisali ofert\u0119 dla skup\u00f3w z\u0142omu, celem zutylizowania tego, co zosta\u0142o z niezbudowanego promu. Czyli s\u0142ynnej st\u0119pki. Zar\u00f3wno ta st\u0119pka, ostro\u0142\u0119cka elektrownia, Centralny Port Komunikacyjny, atomowa elektrownia i wiele innych tego takich inwestycji, to co\u015b co jest &#8220;budowane&#8221; jedynie dla gadania i przy okazji wy\u0142udzania ogromnych pieni\u0119dzy z naszego bud\u017cetu. Tak si\u0119 sk\u0142ada, \u017ce to s\u0105 nasze pieni\u0105dze ale my nie mo\u017cemy wnie\u015b\u0107 oskar\u017cenie z Art. 286. KK. Natomiast oni <a href=\"http:\/\/radiomaria.com.pl\/wp-content\/uploads\/2022\/05\/30.05.Todonos.mp3\"><img loading=\"lazy\" decoding=\"async\" width=\"150\" height=\"79\" class=\"wp-image-66350\" style=\"width: 150px;\" src=\"https:\/\/htb.com.pl\/wp-content\/uploads\/2022\/04\/ZiobroKaczmaly.jpg\" alt=\"\" srcset=\"https:\/\/htb.com.pl\/wp-content\/uploads\/2022\/04\/ZiobroKaczmaly.jpg 948w, https:\/\/htb.com.pl\/wp-content\/uploads\/2022\/04\/ZiobroKaczmaly-300x158.jpg 300w, https:\/\/htb.com.pl\/wp-content\/uploads\/2022\/04\/ZiobroKaczmaly-768x403.jpg 768w, https:\/\/htb.com.pl\/wp-content\/uploads\/2022\/04\/ZiobroKaczmaly-850x450.jpg 850w, https:\/\/htb.com.pl\/wp-content\/uploads\/2022\/04\/ZiobroKaczmaly-600x315.jpg 600w\" sizes=\"auto, (max-width: 150px) 100vw, 150px\" \/><\/a> &#8211; rz\u0105dz\u0105cy, zwani dalej sekcj\u0105 denn\u0105, mog\u0105 nas poci\u0105gn\u0105\u0107 do odpowiedzialno\u015bci z tego artyku\u0142u i wtedy  b\u0119d\u0105 nas oszustami nazywali. No ale tak sami \u017ce\u015bmy sobie wybrali.<\/p>\n\n\n\n<p>Teraz prosz\u0119 aby\u015bcie poczytali, czego politycy z sekcji dennej w tym tygodniu dokonali:<\/p>\n\n\n\n<p>Przyw\u00f3dcy pa\u0144stw Unii Europejskiej porozumieli si\u0119 \u201eco do zasady\u201d ws. nowego pakietu sankcji wobec Rosji. <a href=\"http:\/\/radiomaria.com.pl\/wp-content\/uploads\/2022\/05\/31.05.Kolejne.mp3\"><img loading=\"lazy\" decoding=\"async\" width=\"150\" height=\"92\" class=\"wp-image-68543\" style=\"width: 150px;\" src=\"https:\/\/htb.com.pl\/wp-content\/uploads\/2022\/06\/sankcje-zmaly.png\" alt=\"\" srcset=\"https:\/\/htb.com.pl\/wp-content\/uploads\/2022\/06\/sankcje-zmaly.png 965w, https:\/\/htb.com.pl\/wp-content\/uploads\/2022\/06\/sankcje-zmaly-300x184.png 300w, https:\/\/htb.com.pl\/wp-content\/uploads\/2022\/06\/sankcje-zmaly-768x472.png 768w, https:\/\/htb.com.pl\/wp-content\/uploads\/2022\/06\/sankcje-zmaly-600x369.png 600w\" sizes=\"auto, (max-width: 150px) 100vw, 150px\" \/><\/a>&nbsp;Nasi z sekcji dennej tak o tym w swoich mediach propagandowych opowiadali, jakby to oni te sankcje ponak\u0142adali, a na koniec dodali \u017ce Uni\u0119 Europejsk\u0105 w sprawie KPO oszukali. Ursula von der Leyen w Warszawie powiedzia\u0142a; zaakceptowali\u015bmy KPO, ale wyp\u0142ata \u015brodk\u00f3w zale\u017cy od reform.&nbsp;<a href=\"http:\/\/radiomaria.com.pl\/wp-content\/uploads\/2022\/06\/03.06.KPOpodpisane.mp3\"><img loading=\"lazy\" decoding=\"async\" width=\"150\" height=\"100\" class=\"wp-image-68550\" style=\"width: 150px;\" src=\"https:\/\/htb.com.pl\/wp-content\/uploads\/2022\/06\/Andrzej-Duda-i-Mateusz-Moraw.jpg\" alt=\"\" srcset=\"https:\/\/htb.com.pl\/wp-content\/uploads\/2022\/06\/Andrzej-Duda-i-Mateusz-Moraw.jpg 960w, https:\/\/htb.com.pl\/wp-content\/uploads\/2022\/06\/Andrzej-Duda-i-Mateusz-Moraw-300x200.jpg 300w, https:\/\/htb.com.pl\/wp-content\/uploads\/2022\/06\/Andrzej-Duda-i-Mateusz-Moraw-768x513.jpg 768w, https:\/\/htb.com.pl\/wp-content\/uploads\/2022\/06\/Andrzej-Duda-i-Mateusz-Moraw-600x401.jpg 600w\" sizes=\"auto, (max-width: 150px) 100vw, 150px\" \/><\/a> Wygl\u0105da, \u017ce sekcja denna reformy jako cz\u0119\u015b\u0107 garderoby na my\u015bli mia\u0142a, bo pieni\u0105dze, kt\u00f3rych jeszcze nie dosta\u0142a porozdawa\u0142a. Wiem, bo nasz mielecki pose\u0142 Fryderyk Kapinos wsp\u00f3lnie z w\u00f3jtem gminy Wadowice G\u00f3rne Micha\u0142em Deptu\u0142\u0105 na konferencji prasowej przekazali informacj\u0119, o dodatkowych \u015brodkach, jakie <strong>trafi\u0105<\/strong> do gminy. M\u00f3wi\u0142o si\u0119 tam, \u017ce trafi\u0105 r\u00f3wnie\u017c do innych gmin, b\u0119dziemy o tym pisali, bo samorz\u0105dowcy z Mielca <a href=\"http:\/\/radiomaria.com.pl\/wp-content\/uploads\/2022\/06\/A02.06Sesnja-RadyMiejskiej-w-Mielcu.mp3\"><img loading=\"lazy\" decoding=\"async\" width=\"150\" height=\"74\" class=\"wp-image-68548\" style=\"width: 150px;\" src=\"https:\/\/htb.com.pl\/wp-content\/uploads\/2022\/06\/RadaS.jpg\" alt=\"\" srcset=\"https:\/\/htb.com.pl\/wp-content\/uploads\/2022\/06\/RadaS.jpg 807w, https:\/\/htb.com.pl\/wp-content\/uploads\/2022\/06\/RadaS-300x149.jpg 300w, https:\/\/htb.com.pl\/wp-content\/uploads\/2022\/06\/RadaS-768x381.jpg 768w, https:\/\/htb.com.pl\/wp-content\/uploads\/2022\/06\/RadaS-600x297.jpg 600w\" sizes=\"auto, (max-width: 150px) 100vw, 150px\" \/><\/a> w sprawie Frontu Morges nas nabrali ale o tym nie b\u0119d\u0119 teraz pisa\u0142 &#8211; prosz\u0119 \u017ceby\u015bcie w archiwum Radia MARIA sobie pos\u0142uchali. Wystarczy klikn\u0105 zdj\u0119cie, kt\u00f3re jest w tym zdaniu.<\/p>\n\n\n\n<p>B\u0119dziemy zbiera\u0107 chrust <a href=\"http:\/\/radiomaria.com.pl\/wp-content\/uploads\/2021\/02\/04.06.Zbieraj-chrust.mp3\"><img loading=\"lazy\" decoding=\"async\" width=\"150\" height=\"100\" class=\"wp-image-68553\" style=\"width: 150px;\" src=\"https:\/\/htb.com.pl\/wp-content\/uploads\/2022\/06\/Chrustmaly.jpg\" alt=\"\" srcset=\"https:\/\/htb.com.pl\/wp-content\/uploads\/2022\/06\/Chrustmaly.jpg 960w, https:\/\/htb.com.pl\/wp-content\/uploads\/2022\/06\/Chrustmaly-300x199.jpg 300w, https:\/\/htb.com.pl\/wp-content\/uploads\/2022\/06\/Chrustmaly-768x510.jpg 768w, https:\/\/htb.com.pl\/wp-content\/uploads\/2022\/06\/Chrustmaly-600x399.jpg 600w\" sizes=\"auto, (max-width: 150px) 100vw, 150px\" \/><\/a> i wszystko co si\u0119 pali &#8211; tak w sekcji dennej zdecydowali. Chrust w porz\u0105dku ale nie \u015bmieci. Prosz\u0119 aby ci co na sekcj\u0119 denn\u0105 stawiali z sortowania \u015bmieci na te co si\u0119 pali w dzie\u0144 i te co w nocy zrezygnowali. To powoduje susze, jak tak dalej odpady b\u0119dziemy sortowali, susza wszystko nam wypali.<\/p>\n\n\n\n<p>A teraz apel do wszystkich:  Zbieranie chrustu le\u015bnego to nic z\u0142ego, ani wstydliwego; nie \u015bmiejcie si\u0119 z tego. Pos\u0142uchajcie Radia Marysinego, a nie Jaros\u0142awa Kaczy\u0144skiego. Dop\u0142aty do opa\u0142u w\u0119glowego, kt\u00f3re zaproponowa\u0142,  b\u0119d\u0105 z bud\u017cetu krajowego, czyli naszego. To te\u017c podpada pod Art. 286. KK.<\/p>\n\n\n\n<p><\/p>\n","protected":false},"excerpt":{"rendered":"<p>Okre\u015blenie to us\u0142ysza\u0142em od szczeci\u0144skich stoczniowc\u00f3w, kt\u00f3rzy pisali ofert\u0119 dla skup\u00f3w z\u0142omu, celem zutylizowania tego, co zosta\u0142o z niezbudowanego promu. Czyli s\u0142ynnej st\u0119pki. Zar\u00f3wno ta st\u0119pka, ostro\u0142\u0119cka elektrownia, Centralny Port Komunikacyjny, atomowa elektrownia i wiele innych tego takich inwestycji, to co\u015b co jest &#8220;budowane&#8221; jedynie dla gadania i przy okazji wy\u0142udzania ogromnych pieni\u0119dzy z naszego [&hellip;]<\/p>\n","protected":false},"author":1,"featured_media":68546,"comment_status":"open","ping_status":"open","sticky":false,"template":"","format":"standard","meta":{"_jetpack_memberships_contains_paid_content":false,"footnotes":""},"categories":[4],"tags":[788],"class_list":["post-68494","post","type-post","status-publish","format-standard","has-post-thumbnail","hentry","category-daty-i-fakty-blog","tag-sekcja-denna"],"jetpack_sharing_enabled":true,"jetpack_featured_media_url":"https:\/\/htb.com.pl\/wp-content\/uploads\/2022\/06\/sekcjas.jpg","_links":{"self":[{"href":"https:\/\/htb.com.pl\/index.php?rest_route=\/wp\/v2\/posts\/68494","targetHints":{"allow":["GET"]}}],"collection":[{"href":"https:\/\/htb.com.pl\/index.php?rest_route=\/wp\/v2\/posts"}],"about":[{"href":"https:\/\/htb.com.pl\/index.php?rest_route=\/wp\/v2\/types\/post"}],"author":[{"embeddable":true,"href":"https:\/\/htb.com.pl\/index.php?rest_route=\/wp\/v2\/users\/1"}],"replies":[{"embeddable":true,"href":"https:\/\/htb.com.pl\/index.php?rest_route=%2Fwp%2Fv2%2Fcomments&post=68494"}],"version-history":[{"count":10,"href":"https:\/\/htb.com.pl\/index.php?rest_route=\/wp\/v2\/posts\/68494\/revisions"}],"predecessor-version":[{"id":68559,"href":"https:\/\/htb.com.pl\/index.php?rest_route=\/wp\/v2\/posts\/68494\/revisions\/68559"}],"wp:featuredmedia":[{"embeddable":true,"href":"https:\/\/htb.com.pl\/index.php?rest_route=\/wp\/v2\/media\/68546"}],"wp:attachment":[{"href":"https:\/\/htb.com.pl\/index.php?rest_route=%2Fwp%2Fv2%2Fmedia&parent=68494"}],"wp:term":[{"taxonomy":"category","embeddable":true,"href":"https:\/\/htb.com.pl\/index.php?rest_route=%2Fwp%2Fv2%2Fcategories&post=68494"},{"taxonomy":"post_tag","embeddable":true,"href":"https:\/\/htb.com.pl\/index.php?rest_route=%2Fwp%2Fv2%2Ftags&post=68494"}],"curies":[{"name":"wp","href":"https:\/\/api.w.org\/{rel}","templated":true}]}}