{"id":68989,"date":"2022-06-15T13:18:47","date_gmt":"2022-06-15T13:18:47","guid":{"rendered":"https:\/\/htb.com.pl\/?p=68989"},"modified":"2022-06-15T14:09:24","modified_gmt":"2022-06-15T14:09:24","slug":"pokonamy-inflacje-i-demokracje","status":"publish","type":"post","link":"https:\/\/htb.com.pl\/?p=68989","title":{"rendered":"Pokonamy inflacj\u0119 i  demokracj\u0119"},"content":{"rendered":"\n<p><\/p>\n\n\n\n<figure class=\"wp-block-image size-thumbnail\"><a href=\"https:\/\/htb.com.pl\/wp-content\/uploads\/2022\/06\/pokonamy-inflacj\u0119-i-demokracj\u0119.mp3\"><img loading=\"lazy\" decoding=\"async\" width=\"150\" height=\"150\" src=\"https:\/\/htb.com.pl\/wp-content\/uploads\/2018\/04\/posluchaj-150x150.jpg\" alt=\"\" class=\"wp-image-2020\" srcset=\"https:\/\/htb.com.pl\/wp-content\/uploads\/2018\/04\/posluchaj-150x150.jpg 150w, https:\/\/htb.com.pl\/wp-content\/uploads\/2018\/04\/posluchaj-300x300.jpg 300w, https:\/\/htb.com.pl\/wp-content\/uploads\/2018\/04\/posluchaj-100x100.jpg 100w\" sizes=\"auto, (max-width: 150px) 100vw, 150px\" \/><\/a><\/figure>\n\n\n\n<p>Po tym jak nasi \u017ali politycy zamachu stanu w 2015 roku dokonali, za Uni\u0119 Europejsk\u0105 si\u0119 zabrali. Uznali, \u017ce lepiej b\u0119dzie, jak wszyscy Europejczycy co\u015b takiego jak kult J\u00f3zefa Pi\u0142sudskiego b\u0119d\u0105 wyznawali i klerowi ko\u015bcio\u0142a rzymskokatolickiego w pas si\u0119 k\u0142aniali. Ot\u00f3\u017c oni tam w Europie, ju\u017c to przerabiali, z hiszpa\u0144skim genera\u0142em Francisco Franco &#8211; przyk\u0142adu niemieckiego, czy w\u0142oskiego  nie b\u0119dziemy podawali; wi\u0119c raczej Kochani nie b\u0119d\u0105 was s\u0142uchali. Mo\u017ce u Putina roboty by\u015bcie poszukali, z nim na pewno by\u015bcie si\u0119 dogadali &#8211; no i on jest niestety na fali.<\/p>\n\n\n\n<p>A oto czego nasi wyznawcy kultu jednostki w tym tygodniu dokonali:<\/p>\n\n\n\n<p>Pa\u0144stwo wyznaniowe, o kt\u00f3rym ju\u017c wspomina\u0142em budowali i uznali, \u017ce dane o ci\u0105\u017cach polskich kobiet b\u0119d\u0105 zbierali, czym spowodowali, \u017ce jeszcze szybciej jako nar\u00f3d b\u0119dziemy wymierali.<\/p>\n\n\n\n<figure class=\"wp-block-image size-large\"><a href=\"http:\/\/radiomaria.com.pl\/wp-content\/uploads\/2022\/06\/07.06.Cos-bardzo-zlego.mp3\"><img loading=\"lazy\" decoding=\"async\" width=\"983\" height=\"475\" src=\"https:\/\/htb.com.pl\/wp-content\/uploads\/2022\/06\/Przyrostmaly.jpg\" alt=\"\" class=\"wp-image-68995\" srcset=\"https:\/\/htb.com.pl\/wp-content\/uploads\/2022\/06\/Przyrostmaly.jpg 983w, https:\/\/htb.com.pl\/wp-content\/uploads\/2022\/06\/Przyrostmaly-300x145.jpg 300w, https:\/\/htb.com.pl\/wp-content\/uploads\/2022\/06\/Przyrostmaly-768x371.jpg 768w, https:\/\/htb.com.pl\/wp-content\/uploads\/2022\/06\/Przyrostmaly-600x290.jpg 600w\" sizes=\"auto, (max-width: 983px) 100vw, 983px\" \/><\/a><\/figure>\n\n\n\n<p>K\u0142amali, \u017ce b\u0119dziemy si\u0119 rozwijali &#8211; a przecie\u017c nawet teraz jak \u017ce\u015bmy si\u0119 zwijali pr\u0105d \u017ce\u015bmy importowali. Elektrowni \u017cadnej \u017ce\u015bmy nie zbudowali, wr\u0119cz przeciwnie, t\u0105 now\u0105 w Ostro\u0142\u0119ce rozwalili. No to jak te &#8220;lody&#8221; b\u0119dziemy kr\u0119cili? Be\u017c pr\u0105du, to b\u0119dziemy jedynie o nich m\u00f3wili.<\/p>\n\n\n\n<figure class=\"wp-block-image size-large\"><img loading=\"lazy\" decoding=\"async\" width=\"945\" height=\"605\" src=\"https:\/\/htb.com.pl\/wp-content\/uploads\/2022\/06\/2021_KSE-Rys_6_5.png\" alt=\"\" class=\"wp-image-68997\" srcset=\"https:\/\/htb.com.pl\/wp-content\/uploads\/2022\/06\/2021_KSE-Rys_6_5.png 945w, https:\/\/htb.com.pl\/wp-content\/uploads\/2022\/06\/2021_KSE-Rys_6_5-300x192.png 300w, https:\/\/htb.com.pl\/wp-content\/uploads\/2022\/06\/2021_KSE-Rys_6_5-768x492.png 768w, https:\/\/htb.com.pl\/wp-content\/uploads\/2022\/06\/2021_KSE-Rys_6_5-600x384.png 600w\" sizes=\"auto, (max-width: 945px) 100vw, 945px\" \/><\/figure>\n\n\n\n<p>\u201eW ubieg\u0142ym tygodniu Komisja Europejska po roku negocjacji da\u0142a zielone \u015bwiat\u0142o dla Krajowego Planu Odbudowy Polski. <a href=\"http:\/\/radiomaria.com.pl\/wp-content\/uploads\/2022\/06\/08.06.Debata-w-PE.mp3\"><img loading=\"lazy\" decoding=\"async\" width=\"150\" height=\"100\" class=\"wp-image-68998\" style=\"width: 150px;\" src=\"https:\/\/htb.com.pl\/wp-content\/uploads\/2022\/06\/Debata-w-PEmaly.png\" alt=\"\" srcset=\"https:\/\/htb.com.pl\/wp-content\/uploads\/2022\/06\/Debata-w-PEmaly.png 985w, https:\/\/htb.com.pl\/wp-content\/uploads\/2022\/06\/Debata-w-PEmaly-300x200.png 300w, https:\/\/htb.com.pl\/wp-content\/uploads\/2022\/06\/Debata-w-PEmaly-768x512.png 768w, https:\/\/htb.com.pl\/wp-content\/uploads\/2022\/06\/Debata-w-PEmaly-600x400.png 600w\" sizes=\"auto, (max-width: 150px) 100vw, 150px\" \/><\/a> Nie spodoba\u0142o si\u0105 to w PE. Przewodnicz\u0105ca KE Ursula von der Leyen, kt\u00f3ra jak si\u0119 wydawa\u0142o troch\u0119 nam odpu\u015bci\u0142a, co wi\u0119kszo\u015b\u0107 w PE jej zarzuci\u0142a, podczas debaty na temat praworz\u0105dno\u015bci i przyj\u0119cia polskiego KPO si\u0119 broni\u0142a i by\u0142a do\u015b\u0107 ostra. Europos\u0142owie m\u00f3wili o \u201estrategicznym b\u0142\u0119dzie\u201d, zarzucali przewodnicz\u0105cej, \u017ce obieca\u0142a przyznanie Polsce pieni\u0119dzy mimo, \u017ce w sprawie praworz\u0105dno\u015bci nic si\u0119 w Polsce nie zmieni\u0142o.&nbsp;Polscy parlamentarzy\u015bci te\u017c si\u0119 do\u0142o\u017cyli i by\u0142o niemi\u0142o.<\/p>\n\n\n\n<p>Rada Polityki pieni\u0119\u017cnej podnios\u0142a stopy procentowe, a rz\u0105dz\u0105cy politycy w Sejmie kr\u0119cili spoty propagandowe wychwalaj\u0105ce decyzje rz\u0105dowe. <a href=\"http:\/\/radiomaria.com.pl\/wp-content\/uploads\/2022\/06\/09.06.Narod_.mp3\"><img loading=\"lazy\" decoding=\"async\" width=\"150\" height=\"100\" class=\"wp-image-69000\" style=\"width: 150px;\" src=\"https:\/\/htb.com.pl\/wp-content\/uploads\/2022\/06\/Aktualnosci.jpg\" alt=\"\" srcset=\"https:\/\/htb.com.pl\/wp-content\/uploads\/2022\/06\/Aktualnosci.jpg 960w, https:\/\/htb.com.pl\/wp-content\/uploads\/2022\/06\/Aktualnosci-300x200.jpg 300w, https:\/\/htb.com.pl\/wp-content\/uploads\/2022\/06\/Aktualnosci-768x512.jpg 768w, https:\/\/htb.com.pl\/wp-content\/uploads\/2022\/06\/Aktualnosci-600x400.jpg 600w\" sizes=\"auto, (max-width: 150px) 100vw, 150px\" \/><\/a> By\u0142y te\u017c konkretne propozycje programowe, znaczy takie nie propagandowe. \u017beby inflacja zbytnio nam nie doskwiera\u0142a, Zjednoczona Prawica zdecydowa\u0142a, \u017ce nadal pieni\u0105dze b\u0119dzie drukowa\u0142a i rozdawa\u0142a, g\u0142\u00f3wnie swoim. <a href=\"http:\/\/radiomaria.com.pl\/wp-content\/uploads\/2022\/06\/10.06.Dosc-tego.mp3\"><img loading=\"lazy\" decoding=\"async\" width=\"150\" height=\"85\" class=\"wp-image-69003\" style=\"width: 150px;\" src=\"https:\/\/htb.com.pl\/wp-content\/uploads\/2022\/06\/Obligacje.png\" alt=\"\" srcset=\"https:\/\/htb.com.pl\/wp-content\/uploads\/2022\/06\/Obligacje.png 992w, https:\/\/htb.com.pl\/wp-content\/uploads\/2022\/06\/Obligacje-300x170.png 300w, https:\/\/htb.com.pl\/wp-content\/uploads\/2022\/06\/Obligacje-768x434.png 768w, https:\/\/htb.com.pl\/wp-content\/uploads\/2022\/06\/Obligacje-600x339.png 600w\" sizes=\"auto, (max-width: 150px) 100vw, 150px\" \/><\/a> Ale \u017ceby wilk by\u0142 syty i owca ca\u0142a, to bardzo by chcia\u0142a, \u017ceby jak co\u015b pieni\u0119dzy rodzinie zostanie, \u017cona na obligacje wyda\u0142a. <a href=\"http:\/\/radiomaria.com.pl\/wp-content\/uploads\/2022\/06\/14.06.Pokonacinflacje.mp3\"><img loading=\"lazy\" decoding=\"async\" width=\"150\" height=\"101\" class=\"wp-image-69002\" style=\"width: 150px;\" src=\"https:\/\/htb.com.pl\/wp-content\/uploads\/2022\/06\/Obligacje-ma\u0142y.png\" alt=\"\" srcset=\"https:\/\/htb.com.pl\/wp-content\/uploads\/2022\/06\/Obligacje-ma\u0142y.png 1351w, https:\/\/htb.com.pl\/wp-content\/uploads\/2022\/06\/Obligacje-ma\u0142y-300x202.png 300w, https:\/\/htb.com.pl\/wp-content\/uploads\/2022\/06\/Obligacje-ma\u0142y-1024x689.png 1024w, https:\/\/htb.com.pl\/wp-content\/uploads\/2022\/06\/Obligacje-ma\u0142y-768x517.png 768w, https:\/\/htb.com.pl\/wp-content\/uploads\/2022\/06\/Obligacje-ma\u0142y-600x404.png 600w\" sizes=\"auto, (max-width: 150px) 100vw, 150px\" \/><\/a><\/p>\n","protected":false},"excerpt":{"rendered":"<p>Po tym jak nasi \u017ali politycy zamachu stanu w 2015 roku dokonali, za Uni\u0119 Europejsk\u0105 si\u0119 zabrali. Uznali, \u017ce lepiej b\u0119dzie, jak wszyscy Europejczycy co\u015b takiego jak kult J\u00f3zefa Pi\u0142sudskiego b\u0119d\u0105 wyznawali i klerowi ko\u015bcio\u0142a rzymskokatolickiego w pas si\u0119 k\u0142aniali. Ot\u00f3\u017c oni tam w Europie, ju\u017c to przerabiali, z hiszpa\u0144skim genera\u0142em Francisco Franco &#8211; przyk\u0142adu [&hellip;]<\/p>\n","protected":false},"author":1,"featured_media":69007,"comment_status":"open","ping_status":"open","sticky":false,"template":"","format":"standard","meta":{"_jetpack_memberships_contains_paid_content":false,"footnotes":""},"categories":[4,1],"tags":[],"class_list":["post-68989","post","type-post","status-publish","format-standard","has-post-thumbnail","hentry","category-daty-i-fakty-blog","category-uncategorized"],"jetpack_sharing_enabled":true,"jetpack_featured_media_url":"https:\/\/htb.com.pl\/wp-content\/uploads\/2022\/06\/049444_r2_940.jpg","_links":{"self":[{"href":"https:\/\/htb.com.pl\/index.php?rest_route=\/wp\/v2\/posts\/68989","targetHints":{"allow":["GET"]}}],"collection":[{"href":"https:\/\/htb.com.pl\/index.php?rest_route=\/wp\/v2\/posts"}],"about":[{"href":"https:\/\/htb.com.pl\/index.php?rest_route=\/wp\/v2\/types\/post"}],"author":[{"embeddable":true,"href":"https:\/\/htb.com.pl\/index.php?rest_route=\/wp\/v2\/users\/1"}],"replies":[{"embeddable":true,"href":"https:\/\/htb.com.pl\/index.php?rest_route=%2Fwp%2Fv2%2Fcomments&post=68989"}],"version-history":[{"count":8,"href":"https:\/\/htb.com.pl\/index.php?rest_route=\/wp\/v2\/posts\/68989\/revisions"}],"predecessor-version":[{"id":69011,"href":"https:\/\/htb.com.pl\/index.php?rest_route=\/wp\/v2\/posts\/68989\/revisions\/69011"}],"wp:featuredmedia":[{"embeddable":true,"href":"https:\/\/htb.com.pl\/index.php?rest_route=\/wp\/v2\/media\/69007"}],"wp:attachment":[{"href":"https:\/\/htb.com.pl\/index.php?rest_route=%2Fwp%2Fv2%2Fmedia&parent=68989"}],"wp:term":[{"taxonomy":"category","embeddable":true,"href":"https:\/\/htb.com.pl\/index.php?rest_route=%2Fwp%2Fv2%2Fcategories&post=68989"},{"taxonomy":"post_tag","embeddable":true,"href":"https:\/\/htb.com.pl\/index.php?rest_route=%2Fwp%2Fv2%2Ftags&post=68989"}],"curies":[{"name":"wp","href":"https:\/\/api.w.org\/{rel}","templated":true}]}}