{"id":69915,"date":"2022-07-04T13:39:17","date_gmt":"2022-07-04T13:39:17","guid":{"rendered":"https:\/\/htb.com.pl\/?p=69915"},"modified":"2022-07-04T14:33:18","modified_gmt":"2022-07-04T14:33:18","slug":"pogrzeb-tomka-strzaly","status":"publish","type":"post","link":"https:\/\/htb.com.pl\/?p=69915","title":{"rendered":"Pogrzeb Tomka Strza\u0142y"},"content":{"rendered":"\n<p>Tomek Strza\u0142a odszed\u0142 z tego \u015bwiata w wieku 35 lat, to nie jest czas na umieranie. By\u0142 Bratankiem i chrze\u015bniakiem mojej&nbsp; \u017bony Dorotki oraz kuzynem naszego Syna Konradka. Mia\u0142 trzy latka jak Konradek si\u0119 urodzi\u0142 i potem wsp\u00f3lnie dorastali. Podczas rodzinnych uroczysto\u015bci \u0142\u0105czy\u0142o ich to, \u017ce jedli jedynie wybrane przez siebie potrawy i zwykle zajmowali si\u0119 bardzo konkretnymi sprawami, zamiast siedzie\u0107 przy stole. Jego pogrzeb by\u0142 \u015bwiecki &#8211; bardzo \u017ca\u0142uj\u0119, \u017ce nie uda\u0142o si\u0119 znale\u017a\u0107 tu wsp\u00f3lnego mianownika. Mo\u017cna pos\u0142ucha\u0107 modlitwy dziesi\u0105tka R\u00f3\u017ca\u0144ca \u015awi\u0119tego. Odmawiali go s\u0142uchacze Radia MARIA.<\/p>\n\n\n\n<figure class=\"wp-block-audio\"><audio controls src=\"https:\/\/htb.com.pl\/wp-content\/uploads\/2022\/07\/Modslitwa-za-Tomka1.mp3\"><\/audio><\/figure>\n\n\n\n<p>A oto po\u017cegnanie na Cmentarzu Komunalnym w Gdyni.<\/p>\n\n\n\n<figure class=\"wp-block-audio\"><audio controls src=\"https:\/\/htb.com.pl\/wp-content\/uploads\/2022\/07\/Pogrzeb-Tomka-1.mp3\"><\/audio><\/figure>\n\n\n\n<p>G\u0142os zabra\u0142 Pracodawca Tomka. Pan m\u00f3wi\u0142 o nim, jak o swoim wychowanku. Tomek by\u0142 jego studentem, dzi\u0119ki niemu 6 lat temu zrobi\u0142 aplikacj\u0119 adwokack\u0105.<\/p>\n\n\n\n<figure class=\"wp-block-audio\"><audio controls src=\"https:\/\/htb.com.pl\/wp-content\/uploads\/2022\/07\/Pogrzeb-Tomka-2.mp3\"><\/audio><\/figure>\n\n\n\n<p>\u017byciorys Tomka mo\u017cna podzieli\u0107 na dwa okresy. Tomek \u017carliwy katolik i Tomek, kt\u00f3ry zobaczy\u0142 i przesta\u0142 wierzy\u0107 w to, co stworzy\u0142 kler. Co zobaczy\u0142 \u2013 to jeszcze jest na etapie wyja\u015bniania, jak wyja\u015bnimy do sprawy wr\u00f3cimy.<\/p>\n\n\n\n<p>Powiedzie\u0107, \u017ce by\u0142 ministrantem, a potem zapu\u015bci\u0142 w\u0142osy i zacz\u0105\u0142 s\u0142ucha\u0107 ci\u0119\u017ckiego metalu, to za ma\u0142o. Zw\u0142aszcza po tym co si\u0119 sta\u0142o.<\/p>\n\n\n\n<p>Radio MARIA b\u0119dzie spraw\u0119 wyja\u015bnia\u0142o i materia\u0142y tu umieszcza\u0142o, \u017ceby ju\u017c nigdy co\u015b takiego si\u0119 nie sta\u0142o. <\/p>\n\n\n\n<figure class=\"wp-block-gallery has-nested-images columns-default is-cropped wp-block-gallery-1 is-layout-flex wp-block-gallery-is-layout-flex\">\n<figure class=\"wp-block-image size-large\"><img loading=\"lazy\" decoding=\"async\" width=\"843\" height=\"843\" data-id=\"69925\" src=\"https:\/\/htb.com.pl\/wp-content\/uploads\/2022\/07\/Tomek-1.jpg\" alt=\"\" class=\"wp-image-69925\" srcset=\"https:\/\/htb.com.pl\/wp-content\/uploads\/2022\/07\/Tomek-1.jpg 843w, https:\/\/htb.com.pl\/wp-content\/uploads\/2022\/07\/Tomek-1-300x300.jpg 300w, https:\/\/htb.com.pl\/wp-content\/uploads\/2022\/07\/Tomek-1-150x150.jpg 150w, https:\/\/htb.com.pl\/wp-content\/uploads\/2022\/07\/Tomek-1-768x768.jpg 768w, https:\/\/htb.com.pl\/wp-content\/uploads\/2022\/07\/Tomek-1-600x600.jpg 600w, https:\/\/htb.com.pl\/wp-content\/uploads\/2022\/07\/Tomek-1-100x100.jpg 100w\" sizes=\"auto, (max-width: 843px) 100vw, 843px\" \/><figcaption>Tomek z Synami<\/figcaption><\/figure>\n\n\n\n<figure class=\"wp-block-image size-large\"><img loading=\"lazy\" decoding=\"async\" width=\"1024\" height=\"1365\" data-id=\"69931\" src=\"https:\/\/htb.com.pl\/wp-content\/uploads\/2022\/07\/Tomasz3.jpg\" alt=\"\" class=\"wp-image-69931\" srcset=\"https:\/\/htb.com.pl\/wp-content\/uploads\/2022\/07\/Tomasz3.jpg 1024w, https:\/\/htb.com.pl\/wp-content\/uploads\/2022\/07\/Tomasz3-225x300.jpg 225w, https:\/\/htb.com.pl\/wp-content\/uploads\/2022\/07\/Tomasz3-768x1024.jpg 768w, https:\/\/htb.com.pl\/wp-content\/uploads\/2022\/07\/Tomasz3-600x800.jpg 600w\" sizes=\"auto, (max-width: 1024px) 100vw, 1024px\" \/><figcaption>Portret Tomka<\/figcaption><\/figure>\n\n\n\n<figure class=\"wp-block-image size-large\"><img loading=\"lazy\" decoding=\"async\" width=\"1024\" height=\"1365\" data-id=\"69939\" src=\"https:\/\/htb.com.pl\/wp-content\/uploads\/2022\/07\/Tomasz5.jpg\" alt=\"\" class=\"wp-image-69939\" srcset=\"https:\/\/htb.com.pl\/wp-content\/uploads\/2022\/07\/Tomasz5.jpg 1024w, https:\/\/htb.com.pl\/wp-content\/uploads\/2022\/07\/Tomasz5-225x300.jpg 225w, https:\/\/htb.com.pl\/wp-content\/uploads\/2022\/07\/Tomasz5-768x1024.jpg 768w, https:\/\/htb.com.pl\/wp-content\/uploads\/2022\/07\/Tomasz5-600x800.jpg 600w\" sizes=\"auto, (max-width: 1024px) 100vw, 1024px\" \/><figcaption>Ceremonia na cmentarzu<\/figcaption><\/figure>\n\n\n\n<figure class=\"wp-block-image size-large\"><img loading=\"lazy\" decoding=\"async\" width=\"1024\" height=\"1365\" data-id=\"69940\" src=\"https:\/\/htb.com.pl\/wp-content\/uploads\/2022\/07\/Tomasz6.jpg\" alt=\"\" class=\"wp-image-69940\" srcset=\"https:\/\/htb.com.pl\/wp-content\/uploads\/2022\/07\/Tomasz6.jpg 1024w, https:\/\/htb.com.pl\/wp-content\/uploads\/2022\/07\/Tomasz6-225x300.jpg 225w, https:\/\/htb.com.pl\/wp-content\/uploads\/2022\/07\/Tomasz6-768x1024.jpg 768w, https:\/\/htb.com.pl\/wp-content\/uploads\/2022\/07\/Tomasz6-600x800.jpg 600w\" sizes=\"auto, (max-width: 1024px) 100vw, 1024px\" \/><figcaption>Ceremonia na cmentarzu<\/figcaption><\/figure>\n\n\n\n<figure class=\"wp-block-image size-large\"><img loading=\"lazy\" decoding=\"async\" width=\"1024\" height=\"1365\" data-id=\"69929\" src=\"https:\/\/htb.com.pl\/wp-content\/uploads\/2022\/07\/Tomasz1.jpg\" alt=\"\" class=\"wp-image-69929\" srcset=\"https:\/\/htb.com.pl\/wp-content\/uploads\/2022\/07\/Tomasz1.jpg 1024w, https:\/\/htb.com.pl\/wp-content\/uploads\/2022\/07\/Tomasz1-225x300.jpg 225w, https:\/\/htb.com.pl\/wp-content\/uploads\/2022\/07\/Tomasz1-768x1024.jpg 768w, https:\/\/htb.com.pl\/wp-content\/uploads\/2022\/07\/Tomasz1-600x800.jpg 600w\" sizes=\"auto, (max-width: 1024px) 100vw, 1024px\" \/><figcaption>Otwarty grobowiec<\/figcaption><\/figure>\n\n\n\n<figure class=\"wp-block-image size-large\"><img loading=\"lazy\" decoding=\"async\" width=\"843\" height=\"1124\" data-id=\"69933\" src=\"https:\/\/htb.com.pl\/wp-content\/uploads\/2022\/07\/Chlopaki.jpg\" alt=\"\" class=\"wp-image-69933\" srcset=\"https:\/\/htb.com.pl\/wp-content\/uploads\/2022\/07\/Chlopaki.jpg 843w, https:\/\/htb.com.pl\/wp-content\/uploads\/2022\/07\/Chlopaki-225x300.jpg 225w, https:\/\/htb.com.pl\/wp-content\/uploads\/2022\/07\/Chlopaki-768x1024.jpg 768w, https:\/\/htb.com.pl\/wp-content\/uploads\/2022\/07\/Chlopaki-600x800.jpg 600w\" sizes=\"auto, (max-width: 843px) 100vw, 843px\" \/><figcaption>Synowie z Tomkiem<\/figcaption><\/figure>\n<\/figure>\n\n\n\n<h2 class=\"wp-block-heading\">Moje przyrzeczenie z\u0142o\u017cone nad trumn\u0105.<\/h2>\n\n\n\n<figure class=\"wp-block-audio\"><audio controls src=\"https:\/\/htb.com.pl\/wp-content\/uploads\/2022\/07\/Pozegnanie.mp3\"><\/audio><\/figure>\n","protected":false},"excerpt":{"rendered":"<p>Tomek Strza\u0142a odszed\u0142 z tego \u015bwiata w wieku 35 lat, to nie jest czas na umieranie. By\u0142 Bratankiem i chrze\u015bniakiem mojej&nbsp; \u017bony Dorotki oraz kuzynem naszego Syna Konradka. Mia\u0142 trzy latka jak Konradek si\u0119 urodzi\u0142 i potem wsp\u00f3lnie dorastali. Podczas rodzinnych uroczysto\u015bci \u0142\u0105czy\u0142o ich to, \u017ce jedli jedynie wybrane przez siebie potrawy i zwykle zajmowali [&hellip;]<\/p>\n","protected":false},"author":1,"featured_media":69934,"comment_status":"open","ping_status":"open","sticky":false,"template":"","format":"standard","meta":{"_jetpack_memberships_contains_paid_content":false,"footnotes":""},"categories":[4],"tags":[795],"class_list":["post-69915","post","type-post","status-publish","format-standard","has-post-thumbnail","hentry","category-daty-i-fakty-blog","tag-pogrzeb-tomka-strzaly"],"jetpack_sharing_enabled":true,"jetpack_featured_media_url":"https:\/\/htb.com.pl\/wp-content\/uploads\/2022\/07\/Pierwsze.jpg","_links":{"self":[{"href":"https:\/\/htb.com.pl\/index.php?rest_route=\/wp\/v2\/posts\/69915","targetHints":{"allow":["GET"]}}],"collection":[{"href":"https:\/\/htb.com.pl\/index.php?rest_route=\/wp\/v2\/posts"}],"about":[{"href":"https:\/\/htb.com.pl\/index.php?rest_route=\/wp\/v2\/types\/post"}],"author":[{"embeddable":true,"href":"https:\/\/htb.com.pl\/index.php?rest_route=\/wp\/v2\/users\/1"}],"replies":[{"embeddable":true,"href":"https:\/\/htb.com.pl\/index.php?rest_route=%2Fwp%2Fv2%2Fcomments&post=69915"}],"version-history":[{"count":10,"href":"https:\/\/htb.com.pl\/index.php?rest_route=\/wp\/v2\/posts\/69915\/revisions"}],"predecessor-version":[{"id":69946,"href":"https:\/\/htb.com.pl\/index.php?rest_route=\/wp\/v2\/posts\/69915\/revisions\/69946"}],"wp:featuredmedia":[{"embeddable":true,"href":"https:\/\/htb.com.pl\/index.php?rest_route=\/wp\/v2\/media\/69934"}],"wp:attachment":[{"href":"https:\/\/htb.com.pl\/index.php?rest_route=%2Fwp%2Fv2%2Fmedia&parent=69915"}],"wp:term":[{"taxonomy":"category","embeddable":true,"href":"https:\/\/htb.com.pl\/index.php?rest_route=%2Fwp%2Fv2%2Fcategories&post=69915"},{"taxonomy":"post_tag","embeddable":true,"href":"https:\/\/htb.com.pl\/index.php?rest_route=%2Fwp%2Fv2%2Ftags&post=69915"}],"curies":[{"name":"wp","href":"https:\/\/api.w.org\/{rel}","templated":true}]}}