{"id":70566,"date":"2022-07-17T06:17:02","date_gmt":"2022-07-17T06:17:02","guid":{"rendered":"https:\/\/htb.com.pl\/?p=70566"},"modified":"2022-07-17T15:27:20","modified_gmt":"2022-07-17T15:27:20","slug":"koniec-tego-dobrego","status":"publish","type":"post","link":"https:\/\/htb.com.pl\/?p=70566","title":{"rendered":"\u201eKoniec tego dobrego\u201d"},"content":{"rendered":"\n<figure class=\"wp-block-audio\"><audio controls src=\"https:\/\/htb.com.pl\/wp-content\/uploads\/2022\/07\/A15.07.-Dosc-tego-1.mp3\"><\/audio><\/figure>\n\n\n\n<p><strong>Rozszerzona wersja tego samego, prosz\u0119 przeczyta\u0107 lub pos\u0142ucha\u0107 i pomy\u015ble\u0107 &#8211; bo mo\u017ce to b\u0119dzie pocz\u0105tek dobrego?<\/strong><\/p>\n\n\n\n<figure class=\"wp-block-image size-thumbnail\"><a href=\"https:\/\/htb.com.pl\/wp-content\/uploads\/2022\/07\/Koniec-tego-dobrego.mp3\"><img loading=\"lazy\" decoding=\"async\" width=\"150\" height=\"150\" src=\"https:\/\/htb.com.pl\/wp-content\/uploads\/2018\/04\/posluchaj-150x150.jpg\" alt=\"\" class=\"wp-image-2020\" srcset=\"https:\/\/htb.com.pl\/wp-content\/uploads\/2018\/04\/posluchaj-150x150.jpg 150w, https:\/\/htb.com.pl\/wp-content\/uploads\/2018\/04\/posluchaj-300x300.jpg 300w, https:\/\/htb.com.pl\/wp-content\/uploads\/2018\/04\/posluchaj-100x100.jpg 100w\" sizes=\"auto, (max-width: 150px) 100vw, 150px\" \/><\/a><\/figure>\n\n\n\n<p>To powiedzenie Jaros\u0142awa Kaczy\u0144skiego podczas wiecu wyborczego. Wpisuje si\u0119 w kolejne  tragedie Narodu Polskiego po odzyskaniu niepodleg\u0142o\u015bci z roku 1918. Pierwsz\u0105 by\u0142o zmarginalizowanie Ignacego Jana Paderewskiego z roku 1919 i przej\u0119cie w\u0142adzy przez J\u00f3zefa Pi\u0142sudskiego. Napa\u015b\u0107 na Polsk\u0119 ta\u0142atajstwa rosyjskiego i ucieczka Pi\u0142sudzkiego, kt\u00f3ry udawa\u0142 wodza naczelnego mog\u0142a doprowadzi\u0107 do ko\u0144ca bytu europejskiego. Przytomno\u015b\u0107 Wincetego Witosa, kt\u00f3ry przemilcz\u0105 dymisje Pi\u0142sudskiego oraz do\u015bwiadczenie bojowe genera\u0142a Tadeusza Rozwadowskiego doprowadzi\u0142o do zwyci\u0119stwa Pa\u0144stwa Polskiego i kl\u0119ski Rosyjskiego. Nie wykorzystanego w pe\u0142ni przez J\u00f3zefa Pi\u0142sudskiego, kt\u00f3ry ponownie uzna\u0142 si\u0119 za g\u0142\u00f3wnodowodz\u0105cego i negocjowa\u0142 warunki pokoju Ryskiego z 18 marca 1921. W mi\u0119dzyczasie zamordowano nowo wybranego prezydenta Gabriela Narutowicza, w grudniu 1920. Kolejna tragedia, to zamach majowy z roku 1926. Pi\u0142sudski pokona\u0142 Rozwadowskiego, bo zastrajkowali kolejarze i wojska nie dotar\u0142y do Warszawy. \u015amier\u0107 J\u00f3zefa Pi\u0142sudskiego sprawi\u0142a, \u017ce Polska Armia si\u0119 unowocze\u015bni\u0142a, wtedy wi\u0119kszo\u015b\u0107 naszego uzbrojenia wz\u00f3r 35 lub 36 nosi\u0142a ale dow\u00f3dc\u00f3w sztabowych armia wymieni\u0107 nie zd\u0105\u017cy\u0142a. Jak nas Niemcy 1 wrze\u015bnie 1939 roku zaatakowali, sztabowcy pouciekali. Paderewski z genera\u0142em W\u0142adys\u0142awem Sikorskim chaos opanowali. W 1940 roku bitw\u0119 o Angli\u0119 \u017ce\u015bmy wygrali i drug\u0105 si\u0142\u0105 w koalicji antyhitlerowskiej si\u0119 stali. Jednak sanacyjni politycy te\u017c dzia\u0142ali, stare znajomo\u015bci z Niemcami &#8220;poodkurzali&#8221; i 4 lipca 1943 roku genera\u0142a W\u0142adys\u0142awa Sikorskiego, premiera i wodza naczelnego w Giblartarze zamordowali. I wtedy nasi Ko\u015bciuszkowcy inn\u0105 opcj\u0119 polityczn\u0105 wybrali, w bitwie pod Lenino 12 i 13 pa\u017adziernika 1943 roku  pokazali, \u017ce sanacji nie b\u0119d\u0105 s\u0142uchali &#8211; 2 maja 1945 roku na berli\u0144skiej kolumnie zwyci\u0119stwa polskie bia\u0142o czerwone flagi wieszali. Anglicy mord na Sikorskim zapami\u0119tali i Polacy w londy\u0144skiej paradzie zwyci\u0119stwa z 8 czerwca 1946 roku udzia\u0142u nie brali<\/p>\n\n\n\n<p>Dopiero w lipcu 1980 roku lubelscy kolejarze, <a href=\"http:\/\/radiomaria.com.pl\/wp-content\/uploads\/2022\/07\/wywiad-ktorego-nie-bylo.mp3\"><img loading=\"lazy\" decoding=\"async\" width=\"150\" height=\"100\" class=\"wp-image-70578\" style=\"width: 150px;\" src=\"https:\/\/htb.com.pl\/wp-content\/uploads\/2022\/07\/lubelski_lipiec.jpg\" alt=\"\" srcset=\"https:\/\/htb.com.pl\/wp-content\/uploads\/2022\/07\/lubelski_lipiec.jpg 750w, https:\/\/htb.com.pl\/wp-content\/uploads\/2022\/07\/lubelski_lipiec-300x200.jpg 300w, https:\/\/htb.com.pl\/wp-content\/uploads\/2022\/07\/lubelski_lipiec-600x400.jpg 600w\" sizes=\"auto, (max-width: 150px) 100vw, 150px\" \/><\/a> jak w 1926 roku zastrajkowali i kolejny raz sanacyjne rz\u0105dy w Polsce zapocz\u0105tkowali. Tym razem jednak, ju\u017c \u017ce\u015bmy na nich uwa\u017cali i 1 maja 2004 roku obywatelami Unii Europejskiej si\u0119 stali. Sanacyjni si\u0119 nie poddawali, my troch\u0119 \u017ce\u015bmy przyspali i w 2015 roku dzisiejsi pi\u0142sudczycy, czyli jak ich teraz nazywamy \u017ali politycy zamachu stanu dokonali, gospodark\u0119 kraju zrujnowali, <\/p>\n\n\n\n<figure class=\"wp-block-image size-full\"><img loading=\"lazy\" decoding=\"async\" width=\"945\" height=\"605\" src=\"https:\/\/htb.com.pl\/wp-content\/uploads\/2022\/06\/2021_KSE-Rys_6_5.png\" alt=\"\" class=\"wp-image-68997\" srcset=\"https:\/\/htb.com.pl\/wp-content\/uploads\/2022\/06\/2021_KSE-Rys_6_5.png 945w, https:\/\/htb.com.pl\/wp-content\/uploads\/2022\/06\/2021_KSE-Rys_6_5-300x192.png 300w, https:\/\/htb.com.pl\/wp-content\/uploads\/2022\/06\/2021_KSE-Rys_6_5-768x492.png 768w, https:\/\/htb.com.pl\/wp-content\/uploads\/2022\/06\/2021_KSE-Rys_6_5-600x384.png 600w\" sizes=\"auto, (max-width: 945px) 100vw, 945px\" \/><figcaption>Energia<\/figcaption><\/figure>\n\n\n\n<figure class=\"wp-block-gallery has-nested-images columns-default is-cropped wp-block-gallery-1 is-layout-flex wp-block-gallery-is-layout-flex\">\n<figure class=\"wp-block-image size-large\"><img loading=\"lazy\" decoding=\"async\" width=\"485\" height=\"637\" data-id=\"70570\" src=\"https:\/\/htb.com.pl\/wp-content\/uploads\/2022\/07\/Roboty.jpg\" alt=\"\" class=\"wp-image-70570\" srcset=\"https:\/\/htb.com.pl\/wp-content\/uploads\/2022\/07\/Roboty.jpg 485w, https:\/\/htb.com.pl\/wp-content\/uploads\/2022\/07\/Roboty-228x300.jpg 228w\" sizes=\"auto, (max-width: 485px) 100vw, 485px\" \/><figcaption>Roboty<\/figcaption><\/figure>\n<\/figure>\n\n\n\n<figure class=\"wp-block-audio\"><audio controls src=\"https:\/\/htb.com.pl\/wp-content\/uploads\/2022\/07\/13.07.Wolne_.mp3\"><\/audio><\/figure>\n\n\n\n<p>a teraz zdecydowali, \u017ce z unijnej pomocy nie b\u0119dziemy korzystali. Ta karuzela w kr\u00f3tce si\u0119 rozwali, o nasze miejsce w Unii Europejskiej walczy Ukraina. Ludzie Putina zdecydowali, \u017ce Polacy Ukrainie w akcesji do Unii Europejskiej b\u0119d\u0105 pomagali, bo to Uni\u0119 rozwali. Putin &#8211; twoi ludzie jak chodzi o Ukrain\u0119 ju\u017c raz ci\u0119 oszukali, a Polacy karuzel\u0119 Carycy Katarzyny <a href=\"http:\/\/radiomaria.com.pl\/wp-content\/uploads\/2021\/05\/Ostrze\u017cenieks.-prof-Tadeusza-Guza-d.mp3\"><img loading=\"lazy\" decoding=\"async\" width=\"150\" height=\"179\" class=\"wp-image-46171\" style=\"width: 150px;\" src=\"https:\/\/htb.com.pl\/wp-content\/uploads\/2021\/05\/caryca-ma\u0142y.jpg\" alt=\"\"><\/a> dzi\u0119ki Suskiemu poznali i &#8211; mam nadziej\u0119, \u017ce ju\u017c nie b\u0119d\u0105 do niej wsiadali tak jak to zawsze \u017ce\u015bcie sobie planowali i po cz\u0119\u015bci realizowali.<\/p>\n","protected":false},"excerpt":{"rendered":"<p>Rozszerzona wersja tego samego, prosz\u0119 przeczyta\u0107 lub pos\u0142ucha\u0107 i pomy\u015ble\u0107 &#8211; bo mo\u017ce to b\u0119dzie pocz\u0105tek dobrego? To powiedzenie Jaros\u0142awa Kaczy\u0144skiego podczas wiecu wyborczego. Wpisuje si\u0119 w kolejne tragedie Narodu Polskiego po odzyskaniu niepodleg\u0142o\u015bci z roku 1918. Pierwsz\u0105 by\u0142o zmarginalizowanie Ignacego Jana Paderewskiego z roku 1919 i przej\u0119cie w\u0142adzy przez J\u00f3zefa Pi\u0142sudskiego. Napa\u015b\u0107 na Polsk\u0119 [&hellip;]<\/p>\n","protected":false},"author":1,"featured_media":70576,"comment_status":"open","ping_status":"open","sticky":false,"template":"","format":"standard","meta":{"_jetpack_memberships_contains_paid_content":false,"footnotes":""},"categories":[4],"tags":[798],"class_list":["post-70566","post","type-post","status-publish","format-standard","has-post-thumbnail","hentry","category-daty-i-fakty-blog","tag-koniec-tego-dobrego"],"jetpack_sharing_enabled":true,"jetpack_featured_media_url":"https:\/\/htb.com.pl\/wp-content\/uploads\/2022\/07\/Plock.png","_links":{"self":[{"href":"https:\/\/htb.com.pl\/index.php?rest_route=\/wp\/v2\/posts\/70566","targetHints":{"allow":["GET"]}}],"collection":[{"href":"https:\/\/htb.com.pl\/index.php?rest_route=\/wp\/v2\/posts"}],"about":[{"href":"https:\/\/htb.com.pl\/index.php?rest_route=\/wp\/v2\/types\/post"}],"author":[{"embeddable":true,"href":"https:\/\/htb.com.pl\/index.php?rest_route=\/wp\/v2\/users\/1"}],"replies":[{"embeddable":true,"href":"https:\/\/htb.com.pl\/index.php?rest_route=%2Fwp%2Fv2%2Fcomments&post=70566"}],"version-history":[{"count":24,"href":"https:\/\/htb.com.pl\/index.php?rest_route=\/wp\/v2\/posts\/70566\/revisions"}],"predecessor-version":[{"id":70636,"href":"https:\/\/htb.com.pl\/index.php?rest_route=\/wp\/v2\/posts\/70566\/revisions\/70636"}],"wp:featuredmedia":[{"embeddable":true,"href":"https:\/\/htb.com.pl\/index.php?rest_route=\/wp\/v2\/media\/70576"}],"wp:attachment":[{"href":"https:\/\/htb.com.pl\/index.php?rest_route=%2Fwp%2Fv2%2Fmedia&parent=70566"}],"wp:term":[{"taxonomy":"category","embeddable":true,"href":"https:\/\/htb.com.pl\/index.php?rest_route=%2Fwp%2Fv2%2Fcategories&post=70566"},{"taxonomy":"post_tag","embeddable":true,"href":"https:\/\/htb.com.pl\/index.php?rest_route=%2Fwp%2Fv2%2Ftags&post=70566"}],"curies":[{"name":"wp","href":"https:\/\/api.w.org\/{rel}","templated":true}]}}