{"id":70965,"date":"2022-07-24T08:19:00","date_gmt":"2022-07-24T08:19:00","guid":{"rendered":"https:\/\/htb.com.pl\/?p=70965"},"modified":"2022-07-24T13:16:14","modified_gmt":"2022-07-24T13:16:14","slug":"sezon-nieogorkowy","status":"publish","type":"post","link":"https:\/\/htb.com.pl\/?p=70965","title":{"rendered":"Sezon nieog\u00f3rkowy"},"content":{"rendered":"\n<p><\/p>\n\n\n\n<figure class=\"wp-block-image size-thumbnail\"><a href=\"https:\/\/htb.com.pl\/wp-content\/uploads\/2022\/07\/Sezon-nieogorkowy.mp3\"><img loading=\"lazy\" decoding=\"async\" width=\"150\" height=\"150\" src=\"https:\/\/htb.com.pl\/wp-content\/uploads\/2018\/04\/posluchaj-150x150.jpg\" alt=\"\" class=\"wp-image-2020\" srcset=\"https:\/\/htb.com.pl\/wp-content\/uploads\/2018\/04\/posluchaj-150x150.jpg 150w, https:\/\/htb.com.pl\/wp-content\/uploads\/2018\/04\/posluchaj-300x300.jpg 300w, https:\/\/htb.com.pl\/wp-content\/uploads\/2018\/04\/posluchaj-100x100.jpg 100w\" sizes=\"auto, (max-width: 150px) 100vw, 150px\" \/><\/a><\/figure>\n\n\n\n<p>Politycy w tym roku nie maj\u0105 wakacji i \u017ceby dobrze zarobi\u0107, a przy tym si\u0119 nie narobi\u0107, postanowili nas przekona\u0107 do swoich racji. Obserwujemy pana Kaczy\u0144skiego. Nic nie rozumiej\u0105cemu ale dzia\u0142aj\u0105cego na rzecz powrotu do w\u0142adzy przedwojennej sanacji, czyli naszej degradacji w \u015bwiatowej relacji.<\/p>\n\n\n\n<p>W Wielkopolsce pan prezes jest bardzo \u017ale przyjmowany, bo tam Ignacy Jan Paderewski jest pami\u0119tany.<\/p>\n\n\n\n<p>I tych ludzi prezes postanowi\u0142 przekona\u0107, \u017ce jego nowa sanacja mo\u017ce czego\u015b dobrego w Polsce dokona\u0107. Zacz\u0105\u0142 od tego, \u017ce sam sobie odpowiedzia\u0142 dlaczego ludzie postrzegaj\u0105 go jako co\u015b z\u0142ego. Odwo\u0142a\u0142 si\u0119 do roku 2005 , kiedy to przegra\u0142 wybory, bo na scenie politycznej pojawi\u0142y si\u0119 potwory i dykurus polityczny zacz\u0105\u0142 przypomina\u0107 odg\u0142osy z obory. Nie panie Jaros\u0142awie, ja panu Marysi diagnoz\u0119 tego problemu przedstawi\u0119. To si\u0119 zacz\u0119\u0142o od ucieczki J\u00f3zefa Pi\u0142sudskiego, tej z roku 1920. Gdy z\u0142o\u017cy\u0142 dymisj\u0119 z funkcji wodza naczelnego na r\u0119ce premiera Wincentego Witosa, a po wygranej wojska polskiego w bitwie warszawskiej, powr\u00f3ci\u0142 i nadal jakby nigdy nic udawa\u0142 wodza naczelnego. Natomiast tego, co uwa\u017ca\u0142 go za szkodliwego, zamyka\u0142 w Berezie Kartuskiej i pr\u00f3bowa\u0142 przekona\u0107 do swojego. Panu nie uda\u0142o si\u0119 co\u015b takiego &#8211; i dobrze. Lepiej by by\u0142o, \u017ceby to si\u0119 wreszcie sko\u0144czy\u0142o i jak pan sam m\u00f3wi, wszystko do prawdy wr\u00f3ci\u0142o.<\/p>\n\n\n\n<p>A oto co si\u0119 jeszcze w tym tygodniu wydarzy\u0142o:<\/p>\n\n\n\n<p>Generalnie to w\u0119gla brakuje <a href=\"http:\/\/radiomaria.com.pl\/wp-content\/uploads\/2022\/07\/19.07.-Trzeba-zaczac-sprzatac.mp3\"><img loading=\"lazy\" decoding=\"async\" width=\"150\" height=\"84\" class=\"wp-image-70969\" style=\"width: 150px;\" src=\"https:\/\/htb.com.pl\/wp-content\/uploads\/2022\/07\/Wegiel.jpg\" alt=\"\" srcset=\"https:\/\/htb.com.pl\/wp-content\/uploads\/2022\/07\/Wegiel.jpg 1173w, https:\/\/htb.com.pl\/wp-content\/uploads\/2022\/07\/Wegiel-300x169.jpg 300w, https:\/\/htb.com.pl\/wp-content\/uploads\/2022\/07\/Wegiel-1024x576.jpg 1024w, https:\/\/htb.com.pl\/wp-content\/uploads\/2022\/07\/Wegiel-768x432.jpg 768w, https:\/\/htb.com.pl\/wp-content\/uploads\/2022\/07\/Wegiel-600x338.jpg 600w\" sizes=\"auto, (max-width: 150px) 100vw, 150px\" \/><\/a> i rz\u0105d oszukuje, \u017ce nad problemem pracuje. Przyczyna \u2013 afera Rywina. <a href=\"http:\/\/radiomaria.com.pl\/wp-content\/uploads\/2022\/07\/20.07.20-rocznica-Afery-Rywina.mp3\"><img loading=\"lazy\" decoding=\"async\" width=\"150\" height=\"83\" class=\"wp-image-70967\" style=\"width: 150px;\" src=\"https:\/\/htb.com.pl\/wp-content\/uploads\/2022\/07\/Rywin.jpg\" alt=\"\" srcset=\"https:\/\/htb.com.pl\/wp-content\/uploads\/2022\/07\/Rywin.jpg 500w, https:\/\/htb.com.pl\/wp-content\/uploads\/2022\/07\/Rywin-300x165.jpg 300w\" sizes=\"auto, (max-width: 150px) 100vw, 150px\" \/><\/a> 20 lat temu ruscy j\u0105 wywo\u0142ali i spowodowali, \u017ce na polityk\u00f3w z &nbsp;wyobra\u017ani\u0105 ju\u017c \u017ce\u015bmy nie g\u0142osowali, a jak si\u0119 tacy pojawiali, to ruscy ich likwidowali. Czasem samob\u00f3jstwa, jak w przypadku Andrzeja Leppera im przypisywali, a czasem po prostu ich odwo\u0142ywali i przy \u017cyciu zostawiali. Ostatnio Piotra Naimskiego <a href=\"http:\/\/radiomaria.com.pl\/wp-content\/uploads\/2022\/07\/21.07.-Naimski.mp3\"><img loading=\"lazy\" decoding=\"async\" width=\"150\" height=\"204\" class=\"wp-image-70978\" style=\"width: 150px;\" src=\"https:\/\/htb.com.pl\/wp-content\/uploads\/2022\/07\/1658360307_ersjuj.jpg\" alt=\"\" srcset=\"https:\/\/htb.com.pl\/wp-content\/uploads\/2022\/07\/1658360307_ersjuj.jpg 700w, https:\/\/htb.com.pl\/wp-content\/uploads\/2022\/07\/1658360307_ersjuj-220x300.jpg 220w, https:\/\/htb.com.pl\/wp-content\/uploads\/2022\/07\/1658360307_ersjuj-600x818.jpg 600w\" sizes=\"auto, (max-width: 150px) 100vw, 150px\" \/><\/a> &#8211; cz\u0142owieka od energetyki odwo\u0142ali, bo ruscy uznali, \u017ce si\u0119 na energetyce zna i nas ocali, a oni przecie\u017c katastrof\u0119 w energetyce dla nas zaplanowali &#8211; a dla \u015bwiata g\u0142\u00f3d&#8230; Ostatnio Turcj\u0119 i ONZ przekonywali, \u017ce Ukrai\u0144cy zbo\u017ce bez problemu b\u0119d\u0105 eksportowali, <a href=\"http:\/\/radiomaria.com.pl\/wp-content\/uploads\/2022\/07\/23.07.Porozumienie.mp3\"><img loading=\"lazy\" decoding=\"async\" width=\"150\" height=\"94\" class=\"wp-image-70982\" style=\"width: 150px;\" src=\"https:\/\/htb.com.pl\/wp-content\/uploads\/2022\/07\/Porozumienie.webp\" alt=\"\" srcset=\"https:\/\/htb.com.pl\/wp-content\/uploads\/2022\/07\/Porozumienie.webp 948w, https:\/\/htb.com.pl\/wp-content\/uploads\/2022\/07\/Porozumienie-300x187.webp 300w, https:\/\/htb.com.pl\/wp-content\/uploads\/2022\/07\/Porozumienie-768x480.webp 768w, https:\/\/htb.com.pl\/wp-content\/uploads\/2022\/07\/Porozumienie-600x375.webp 600w\" sizes=\"auto, (max-width: 150px) 100vw, 150px\" \/><\/a> a chwil\u0119 potem port w Odessie zbombardowali.<\/p>\n\n\n\n<p>Z\u0142o zawsze si\u0119 zaczyna, jak wolno\u015b\u0107 mediom si\u0119 ucina. Marysia m\u00f3wi\u0142a; wolne media to takie, gdzie nie m\u00f3wi si\u0119 \u017ale o nieobecnych.&nbsp; To by\u0142 1976 rok, Polskie Radio i Polsk\u0105 Telewizj\u0119 do Radia Wolna Europa przyr\u00f3wnywa\u0142a, <a href=\"http:\/\/radiomaria.com.pl\/wp-content\/uploads\/2021\/02\/22.07.Do-nie-moich-kolegow-dziennikarzy.mp3\"><img loading=\"lazy\" decoding=\"async\" width=\"150\" height=\"234\" class=\"wp-image-70980\" style=\"width: 150px;\" src=\"https:\/\/htb.com.pl\/wp-content\/uploads\/2022\/07\/Media.jpg\" alt=\"\" srcset=\"https:\/\/htb.com.pl\/wp-content\/uploads\/2022\/07\/Media.jpg 657w, https:\/\/htb.com.pl\/wp-content\/uploads\/2022\/07\/Media-192x300.jpg 192w, https:\/\/htb.com.pl\/wp-content\/uploads\/2022\/07\/Media-600x935.jpg 600w\" sizes=\"auto, (max-width: 150px) 100vw, 150px\" \/><\/a> bo jedna i druga propaganda podobnie dzia\u0142a\u0142a i jej definicji nie stosowa\u0142a. Ciekawe co by dzi\u015b powiedzia\u0142a, gdyby to przeczyta\u0142a. Wtedy, gdy wolne media definiowa\u0142a internetu nie by\u0142o &#8211;&nbsp; w Internecie wszyscy jeste\u015bmy ale nic si\u0119 nie zmieni\u0142o.<\/p>\n","protected":false},"excerpt":{"rendered":"<p>Politycy w tym roku nie maj\u0105 wakacji i \u017ceby dobrze zarobi\u0107, a przy tym si\u0119 nie narobi\u0107, postanowili nas przekona\u0107 do swoich racji. Obserwujemy pana Kaczy\u0144skiego. Nic nie rozumiej\u0105cemu ale dzia\u0142aj\u0105cego na rzecz powrotu do w\u0142adzy przedwojennej sanacji, czyli naszej degradacji w \u015bwiatowej relacji. W Wielkopolsce pan prezes jest bardzo \u017ale przyjmowany, bo tam Ignacy [&hellip;]<\/p>\n","protected":false},"author":1,"featured_media":70985,"comment_status":"open","ping_status":"open","sticky":false,"template":"","format":"standard","meta":{"_jetpack_memberships_contains_paid_content":false,"footnotes":""},"categories":[4],"tags":[804],"class_list":["post-70965","post","type-post","status-publish","format-standard","has-post-thumbnail","hentry","category-daty-i-fakty-blog","tag-sezon-nieogorkowy"],"jetpack_sharing_enabled":true,"jetpack_featured_media_url":"https:\/\/htb.com.pl\/wp-content\/uploads\/2022\/07\/Wegla.jpg","_links":{"self":[{"href":"https:\/\/htb.com.pl\/index.php?rest_route=\/wp\/v2\/posts\/70965","targetHints":{"allow":["GET"]}}],"collection":[{"href":"https:\/\/htb.com.pl\/index.php?rest_route=\/wp\/v2\/posts"}],"about":[{"href":"https:\/\/htb.com.pl\/index.php?rest_route=\/wp\/v2\/types\/post"}],"author":[{"embeddable":true,"href":"https:\/\/htb.com.pl\/index.php?rest_route=\/wp\/v2\/users\/1"}],"replies":[{"embeddable":true,"href":"https:\/\/htb.com.pl\/index.php?rest_route=%2Fwp%2Fv2%2Fcomments&post=70965"}],"version-history":[{"count":17,"href":"https:\/\/htb.com.pl\/index.php?rest_route=\/wp\/v2\/posts\/70965\/revisions"}],"predecessor-version":[{"id":71002,"href":"https:\/\/htb.com.pl\/index.php?rest_route=\/wp\/v2\/posts\/70965\/revisions\/71002"}],"wp:featuredmedia":[{"embeddable":true,"href":"https:\/\/htb.com.pl\/index.php?rest_route=\/wp\/v2\/media\/70985"}],"wp:attachment":[{"href":"https:\/\/htb.com.pl\/index.php?rest_route=%2Fwp%2Fv2%2Fmedia&parent=70965"}],"wp:term":[{"taxonomy":"category","embeddable":true,"href":"https:\/\/htb.com.pl\/index.php?rest_route=%2Fwp%2Fv2%2Fcategories&post=70965"},{"taxonomy":"post_tag","embeddable":true,"href":"https:\/\/htb.com.pl\/index.php?rest_route=%2Fwp%2Fv2%2Ftags&post=70965"}],"curies":[{"name":"wp","href":"https:\/\/api.w.org\/{rel}","templated":true}]}}