{"id":71283,"date":"2022-07-30T12:56:28","date_gmt":"2022-07-30T12:56:28","guid":{"rendered":"https:\/\/htb.com.pl\/?p=71283"},"modified":"2022-08-01T11:44:16","modified_gmt":"2022-08-01T11:44:16","slug":"smarfony","status":"publish","type":"post","link":"https:\/\/htb.com.pl\/?p=71283","title":{"rendered":"&#8220;Smarfony&#8221;"},"content":{"rendered":"\n<p><\/p>\n\n\n\n<figure class=\"wp-block-image size-thumbnail\"><a href=\"https:\/\/htb.com.pl\/wp-content\/uploads\/2022\/07\/Smarfony.mp3\"><img loading=\"lazy\" decoding=\"async\" width=\"150\" height=\"150\" src=\"https:\/\/htb.com.pl\/wp-content\/uploads\/2018\/04\/posluchaj-150x150.jpg\" alt=\"\" class=\"wp-image-2020\" srcset=\"https:\/\/htb.com.pl\/wp-content\/uploads\/2018\/04\/posluchaj-150x150.jpg 150w, https:\/\/htb.com.pl\/wp-content\/uploads\/2018\/04\/posluchaj-300x300.jpg 300w, https:\/\/htb.com.pl\/wp-content\/uploads\/2018\/04\/posluchaj-100x100.jpg 100w\" sizes=\"auto, (max-width: 150px) 100vw, 150px\" \/><\/a><\/figure>\n\n\n\n<p>\u201eSmarfony\u201d &#8211; s\u0142owo to w j\u0119zyku Jaros\u0142awa Kaczy\u0144skiego oznacza Smartfona, czyli co\u015b co wed\u0142ug Kaczy\u0144skiego prowadzi do z\u0142ego. M\u0142odzie\u017c Kaczy\u0144ski postanowi\u0142 sobie darowa\u0107 \u2013 Czarnek ma spowodowa\u0107, \u017ceby na PiS zacz\u0119\u0142a g\u0142osowa\u0107, natomiast \u017ceby w\u0142adz\u0119 zachowa\u0107, internet trzeba kontrolowa\u0107.<\/p>\n\n\n\n<p>W\u0119giel trzeba importowa\u0107, a nie eksportowa\u0107! <a href=\"http:\/\/radiomaria.com.pl\/wp-content\/uploads\/2022\/07\/27.07.-Eksport-polskiego-wegla.mp3\"><img loading=\"lazy\" decoding=\"async\" width=\"150\" height=\"99\" class=\"wp-image-71295\" style=\"width: 150px;\" src=\"https:\/\/htb.com.pl\/wp-content\/uploads\/2022\/07\/Zaladun.jpg\" alt=\"\" srcset=\"https:\/\/htb.com.pl\/wp-content\/uploads\/2022\/07\/Zaladun.jpg 835w, https:\/\/htb.com.pl\/wp-content\/uploads\/2022\/07\/Zaladun-300x198.jpg 300w, https:\/\/htb.com.pl\/wp-content\/uploads\/2022\/07\/Zaladun-768x506.jpg 768w, https:\/\/htb.com.pl\/wp-content\/uploads\/2022\/07\/Zaladun-600x395.jpg 600w\" sizes=\"auto, (max-width: 150px) 100vw, 150px\" \/><\/a> Pr\u0105du ju\u017c zaczyna brakowa\u0107, lini\u0119 elektroenergetyczn\u0105 Wide\u0142ka-Chmielnicka trzeba odblokowa\u0107. <a href=\"http:\/\/radiomaria.com.pl\/wp-content\/uploads\/2022\/07\/A26.07.-Posel-Wieslaw-Buz.mp3\"><img loading=\"lazy\" decoding=\"async\" width=\"150\" height=\"70\" class=\"wp-image-56943\" style=\"width: 150px;\" src=\"https:\/\/htb.com.pl\/wp-content\/uploads\/2021\/10\/Wida\u0142kama\u0142y.png\" alt=\"\" srcset=\"https:\/\/htb.com.pl\/wp-content\/uploads\/2021\/10\/Wida\u0142kama\u0142y.png 954w, https:\/\/htb.com.pl\/wp-content\/uploads\/2021\/10\/Wida\u0142kama\u0142y-300x140.png 300w, https:\/\/htb.com.pl\/wp-content\/uploads\/2021\/10\/Wida\u0142kama\u0142y-768x359.png 768w, https:\/\/htb.com.pl\/wp-content\/uploads\/2021\/10\/Wida\u0142kama\u0142y-600x281.png 600w\" sizes=\"auto, (max-width: 150px) 100vw, 150px\" \/><\/a> A najlepiej z w\u0142adzy zrezygnowa\u0107.<\/p>\n\n\n\n<p>A oto czego w tym tygodniu dokonali, ci kt\u00f3rzy tak nasz\u0105 polityk\u0119 ukszta\u0142towali, \u017ce wszystko si\u0119 wali. Ch\u0142opakami z razwietpura \u017ce\u015bmy ich nazywali, jak \u017ce\u015bmy przed nimi ostrzegali. Jak do tej pory \u017ce\u015bcie nas nie s\u0142uchali \u2013 mo\u017ce teraz jakie\u015b \u015bwiate\u0142ko si\u0119 wam zapali?<\/p>\n\n\n\n<p>Ruscy \u2013 to przed nimi \u017ce\u015bmy ostrzegali nadal pana Jaros\u0142awa Kaczy\u0144skiego o\u015bmieszali i w Poznaniu odbudow\u0119 Pomnika Wolno\u015bci zaproponowali. <a href=\"http:\/\/radiomaria.com.pl\/wp-content\/uploads\/2022\/07\/26.07.-Czarna-dziura.mp3\"><img loading=\"lazy\" decoding=\"async\" width=\"150\" height=\"84\" class=\"wp-image-71291\" style=\"width: 150px;\" src=\"https:\/\/htb.com.pl\/wp-content\/uploads\/2022\/07\/Pomnik-wdziecznosci.jpg\" alt=\"\" srcset=\"https:\/\/htb.com.pl\/wp-content\/uploads\/2022\/07\/Pomnik-wdziecznosci.jpg 900w, https:\/\/htb.com.pl\/wp-content\/uploads\/2022\/07\/Pomnik-wdziecznosci-300x169.jpg 300w, https:\/\/htb.com.pl\/wp-content\/uploads\/2022\/07\/Pomnik-wdziecznosci-768x432.jpg 768w, https:\/\/htb.com.pl\/wp-content\/uploads\/2022\/07\/Pomnik-wdziecznosci-600x337.jpg 600w\" sizes=\"auto, (max-width: 150px) 100vw, 150px\" \/><\/a> W O\u0142aniwce ukrai\u0144skich je\u0144c\u00f3w wymordowali, <a href=\"http:\/\/radiomaria.com.pl\/wp-content\/uploads\/2022\/07\/29.07.-Poczujecie-jak-umrzecie.mp3\"><img loading=\"lazy\" decoding=\"async\" width=\"150\" height=\"87\" class=\"wp-image-71299\" style=\"width: 150px;\" src=\"https:\/\/htb.com.pl\/wp-content\/uploads\/2022\/07\/Olaniwka.png\" alt=\"\" srcset=\"https:\/\/htb.com.pl\/wp-content\/uploads\/2022\/07\/Olaniwka.png 850w, https:\/\/htb.com.pl\/wp-content\/uploads\/2022\/07\/Olaniwka-300x173.png 300w, https:\/\/htb.com.pl\/wp-content\/uploads\/2022\/07\/Olaniwka-768x444.png 768w, https:\/\/htb.com.pl\/wp-content\/uploads\/2022\/07\/Olaniwka-600x347.png 600w\" sizes=\"auto, (max-width: 150px) 100vw, 150px\" \/><\/a> bo wcze\u015bniej ich torturowali i si\u0119 bali, \u017ceby o tym nie opowiadali. Poza tym ruscy z grupy Wagnera \u015brodki na ob\u00f3z dla je\u0144c\u00f3w zdefra\u0142dowali i si\u0119 bali, \u017ce wyjdzie i\u017c je\u0144cy w chlewie trzymali. <\/p>\n\n\n\n<p>Z uczestnictwa w programie Mi\u0119dzynarodowej Stacji Kosmicznej zrezygnowali <a href=\"http:\/\/radiomaria.com.pl\/wp-content\/uploads\/2022\/07\/28.07.-Rosja-wychodzi-z-ISS.mp3\"><img loading=\"lazy\" decoding=\"async\" width=\"150\" height=\"98\" class=\"wp-image-71297\" style=\"width: 150px;\" src=\"https:\/\/htb.com.pl\/wp-content\/uploads\/2022\/07\/iss2.jpg\" alt=\"\" srcset=\"https:\/\/htb.com.pl\/wp-content\/uploads\/2022\/07\/iss2.jpg 900w, https:\/\/htb.com.pl\/wp-content\/uploads\/2022\/07\/iss2-300x195.jpg 300w, https:\/\/htb.com.pl\/wp-content\/uploads\/2022\/07\/iss2-768x499.jpg 768w, https:\/\/htb.com.pl\/wp-content\/uploads\/2022\/07\/iss2-600x390.jpg 600w\" sizes=\"auto, (max-width: 150px) 100vw, 150px\" \/><\/a> i teraz swoj\u0105 b\u0119d\u0105 budowali. LOL Laughing out loud (\u015amiej\u0105c si\u0119 g\u0142o\u015bno). \u201ePutiny\u201d \u2013 wy ju\u017c niczego nie b\u0119dziecie budowali. Wolne Narody Rosji w Pradze obradowa\u0142y <a href=\"http:\/\/radiomaria.com.pl\/wp-content\/uploads\/2022\/07\/25.07.Forum-Wolnych-Narodow-Rosji.mp3\"><img loading=\"lazy\" decoding=\"async\" width=\"150\" height=\"96\" class=\"wp-image-71056\" style=\"width: 150px;\" src=\"https:\/\/htb.com.pl\/wp-content\/uploads\/2022\/07\/Czechy.png\" alt=\"\" srcset=\"https:\/\/htb.com.pl\/wp-content\/uploads\/2022\/07\/Czechy.png 923w, https:\/\/htb.com.pl\/wp-content\/uploads\/2022\/07\/Czechy-300x193.png 300w, https:\/\/htb.com.pl\/wp-content\/uploads\/2022\/07\/Czechy-768x493.png 768w, https:\/\/htb.com.pl\/wp-content\/uploads\/2022\/07\/Czechy-600x385.png 600w\" sizes=\"auto, (max-width: 150px) 100vw, 150px\" \/><\/a> i zdecydowa\u0142y, \u017ce b\u0119d\u0105 was \u201eDeputonizowa\u0142y\u201d i rekonstruowa\u0142y.<\/p>\n\n\n\n<p>Jak was zrekonstruuj\u0105, to i nasi \u017ali politycy z w\u0142adzy zrezygnuj\u0105, a wtedy politycy z wyobra\u017ani\u0105 zatryumfuj\u0105, nas poprzez autorytety, a nie propagand\u0119 ukszta\u0142tuj\u0105, a Ukrai\u0144cy sw\u00f3j kraj odbuduj\u0105.<\/p>\n","protected":false},"excerpt":{"rendered":"<p>\u201eSmarfony\u201d &#8211; s\u0142owo to w j\u0119zyku Jaros\u0142awa Kaczy\u0144skiego oznacza Smartfona, czyli co\u015b co wed\u0142ug Kaczy\u0144skiego prowadzi do z\u0142ego. M\u0142odzie\u017c Kaczy\u0144ski postanowi\u0142 sobie darowa\u0107 \u2013 Czarnek ma spowodowa\u0107, \u017ceby na PiS zacz\u0119\u0142a g\u0142osowa\u0107, natomiast \u017ceby w\u0142adz\u0119 zachowa\u0107, internet trzeba kontrolowa\u0107. W\u0119giel trzeba importowa\u0107, a nie eksportowa\u0107! Pr\u0105du ju\u017c zaczyna brakowa\u0107, lini\u0119 elektroenergetyczn\u0105 Wide\u0142ka-Chmielnicka trzeba odblokowa\u0107. A [&hellip;]<\/p>\n","protected":false},"author":1,"featured_media":71297,"comment_status":"open","ping_status":"open","sticky":false,"template":"","format":"standard","meta":{"_jetpack_memberships_contains_paid_content":false,"footnotes":""},"categories":[4],"tags":[805],"class_list":["post-71283","post","type-post","status-publish","format-standard","has-post-thumbnail","hentry","category-daty-i-fakty-blog","tag-internet-trzeba-kontrolowac"],"jetpack_sharing_enabled":true,"jetpack_featured_media_url":"https:\/\/htb.com.pl\/wp-content\/uploads\/2022\/07\/iss2.jpg","_links":{"self":[{"href":"https:\/\/htb.com.pl\/index.php?rest_route=\/wp\/v2\/posts\/71283","targetHints":{"allow":["GET"]}}],"collection":[{"href":"https:\/\/htb.com.pl\/index.php?rest_route=\/wp\/v2\/posts"}],"about":[{"href":"https:\/\/htb.com.pl\/index.php?rest_route=\/wp\/v2\/types\/post"}],"author":[{"embeddable":true,"href":"https:\/\/htb.com.pl\/index.php?rest_route=\/wp\/v2\/users\/1"}],"replies":[{"embeddable":true,"href":"https:\/\/htb.com.pl\/index.php?rest_route=%2Fwp%2Fv2%2Fcomments&post=71283"}],"version-history":[{"count":11,"href":"https:\/\/htb.com.pl\/index.php?rest_route=\/wp\/v2\/posts\/71283\/revisions"}],"predecessor-version":[{"id":71305,"href":"https:\/\/htb.com.pl\/index.php?rest_route=\/wp\/v2\/posts\/71283\/revisions\/71305"}],"wp:featuredmedia":[{"embeddable":true,"href":"https:\/\/htb.com.pl\/index.php?rest_route=\/wp\/v2\/media\/71297"}],"wp:attachment":[{"href":"https:\/\/htb.com.pl\/index.php?rest_route=%2Fwp%2Fv2%2Fmedia&parent=71283"}],"wp:term":[{"taxonomy":"category","embeddable":true,"href":"https:\/\/htb.com.pl\/index.php?rest_route=%2Fwp%2Fv2%2Fcategories&post=71283"},{"taxonomy":"post_tag","embeddable":true,"href":"https:\/\/htb.com.pl\/index.php?rest_route=%2Fwp%2Fv2%2Ftags&post=71283"}],"curies":[{"name":"wp","href":"https:\/\/api.w.org\/{rel}","templated":true}]}}