{"id":71590,"date":"2022-08-07T09:19:04","date_gmt":"2022-08-07T09:19:04","guid":{"rendered":"https:\/\/htb.com.pl\/?p=71590"},"modified":"2022-08-07T10:09:53","modified_gmt":"2022-08-07T10:09:53","slug":"78-rocznica-wybuchu-powstania-warszawskiego","status":"publish","type":"post","link":"https:\/\/htb.com.pl\/?p=71590","title":{"rendered":"78 rocznica wybuchu Powstania Warszawskiego"},"content":{"rendered":"\n<p><\/p>\n\n\n\n<figure class=\"wp-block-image size-thumbnail\"><a href=\"https:\/\/htb.com.pl\/wp-content\/uploads\/2022\/08\/78-rocznica-wybuchi-Powstania-Warszawskiegp.mp3\"><img loading=\"lazy\" decoding=\"async\" width=\"150\" height=\"150\" src=\"https:\/\/htb.com.pl\/wp-content\/uploads\/2018\/04\/posluchaj-150x150.jpg\" alt=\"\" class=\"wp-image-2020\" srcset=\"https:\/\/htb.com.pl\/wp-content\/uploads\/2018\/04\/posluchaj-150x150.jpg 150w, https:\/\/htb.com.pl\/wp-content\/uploads\/2018\/04\/posluchaj-300x300.jpg 300w, https:\/\/htb.com.pl\/wp-content\/uploads\/2018\/04\/posluchaj-100x100.jpg 100w\" sizes=\"auto, (max-width: 150px) 100vw, 150px\" \/><\/a><\/figure>\n\n\n\n<p>Jaki co roku Radio MARIA wspomina Powstanie Warszawskie. Widzimy, \u017ce co\u015b tu tracimy &#8211; je\u017celi Pa\u0144stwo tego nie widzicie, pos\u0142uchajcie lub przeczytajcie ten wpis, mo\u017ce zobaczycie.<\/p>\n\n\n\n<p>Zacz\u0119\u0142o si\u0119 od tego, \u017ce kotwic\u0119 znak Polski walcz\u0105cej przypisano do czego\u015b, co nie ma nic wsp\u00f3lnego z walk\u0105 o wolno\u015b\u0107 Narodu Polskiego. Wojska Obrony Terytorialnej, w wyniku politycznej decyzji symbol ten przej\u0119\u0142y i powagi wszystkiemu co si\u0119 z tym wi\u0105\u017ce bardzo uj\u0119\u0142y. Niewielu Powsta\u0144c\u00f3w Warszawskich zosta\u0142o. wi\u0119c towarzystwo uzna\u0142o, \u017ce nie ma znaczenia, czy b\u0119dzie si\u0119 to im podoba\u0142o &#8211; a w Warszawie, to nawet marsz narodowc\u00f3w zorganizowa\u0142o. Prosz\u0119 popatrze\u0107 jak to w Mielcu wygl\u0105da\u0142o.<\/p>\n\n\n\n<p><\/p>\n\n\n\n<figure class=\"wp-block-embed is-type-video is-provider-youtube wp-block-embed-youtube wp-embed-aspect-16-9 wp-has-aspect-ratio\"><div class=\"wp-block-embed__wrapper\">\n<iframe loading=\"lazy\" title=\"78 Rocznicz wybuchu Powstania Warszawskiego\" width=\"848\" height=\"477\" src=\"https:\/\/www.youtube.com\/embed\/BWmDAxvLILs?feature=oembed\" frameborder=\"0\" allow=\"accelerometer; autoplay; clipboard-write; encrypted-media; gyroscope; picture-in-picture\" allowfullscreen><\/iframe>\n<\/div><\/figure>\n\n\n\n<p> Tacy w\u0142a\u015bnie ludzie 8 sierpnia pod Rz\u0105bcem  radzieckich dywersant\u00f3w mordowali, a powsta\u0144cy na pomoc czekali. Gdy \u017co\u0142nierze Berlinga na praskim brzegu stan\u0119li, po drugie stronie Wis\u0142y niemieck\u0105 artyleri\u0119, gniazda karabin\u00f3w maszynowych i niemieckich snajper\u00f3w mieli. Tych co mieli ich wyeliminowa\u0107, trzeba by\u0142o pochowa\u0107. W kr\u00f3tce Ko\u015bciuszkowcy Berlinga do nich do\u0142\u0105czyli, bo jak ich Niemcy przy forsowaniu Wis\u0142y nie zastrzelili, to si\u0119 utopili. Dzi\u015b oficjalnie si\u0119 m\u00f3wi, \u017ce wcale tam nie walczyli, a pomnik Chwa\u0142a Saperom <a href=\"https:\/\/htb.com.pl\/?p=1268\"><img loading=\"lazy\" decoding=\"async\" width=\"150\" height=\"101\" class=\"wp-image-1269\" style=\"width: 150px;\" src=\"https:\/\/htb.com.pl\/wp-content\/uploads\/2018\/08\/Chwa\u0142a-Saperom.jpg\" alt=\"\"><\/a> &#8220;komuni\u015bci&#8221; dla propagandy postawili. Komuni\u015bci w cudzys\u0142owie, bo polscy komuni\u015bci je\u017celi byli. to od 1938 roku nie \u017cyli. Z Kominternem si\u0119 zderzyli i nie chodzi o ci\u0105gnik g\u0105sienicowy ale o co\u015b, co dzi\u015b rz\u0105dz\u0105cym przychodzi do g\u0142owy. Ci\u0105gle kombinuj\u0105, jak zrobi\u0107, \u017ceby zarobi\u0107 i nic nie robi\u0107? Kto\u015b powie; trzeba zosta\u0107 politykiem i wygra\u0107 wybory. Tak by\u0142o do tej pory ale si\u0119 zmieni\u0142o, bo krytyk\u00f3w przyby\u0142o. \u017beby z\u0142o kontynuowa\u0107, trzeba ich zdyskredytowa\u0107 &#8211; kiedy\u015b Stalin kaza\u0142 wymordowa\u0107. Prosz\u0119 pos\u0142ucha\u0107, jak w ostatnim tygodniu sw\u0105 wiarygodno\u015b\u0107 podwa\u017cali, ci kt\u00f3rzy innych zdyskredytowa\u0107 planowali.<\/p>\n\n\n\n<p>Pana Jaros\u0142awa Kaczy\u0144skiego z objazdu po Polsce wycofali, bo wszyscy si\u0119 z tego \u015bmiali. <a href=\"http:\/\/radiomaria.com.pl\/wp-content\/uploads\/2022\/07\/31.07.-Tyrania.mp3\"><img loading=\"lazy\" decoding=\"async\" width=\"150\" height=\"113\" class=\"wp-image-71688\" style=\"width: 150px;\" src=\"https:\/\/htb.com.pl\/wp-content\/uploads\/2022\/08\/Jajaduze.jpeg\" alt=\"\" srcset=\"https:\/\/htb.com.pl\/wp-content\/uploads\/2022\/08\/Jajaduze.jpeg 932w, https:\/\/htb.com.pl\/wp-content\/uploads\/2022\/08\/Jajaduze-300x226.jpeg 300w, https:\/\/htb.com.pl\/wp-content\/uploads\/2022\/08\/Jajaduze-768x578.jpeg 768w, https:\/\/htb.com.pl\/wp-content\/uploads\/2022\/08\/Jajaduze-600x452.jpeg 600w\" sizes=\"auto, (max-width: 150px) 100vw, 150px\" \/><\/a><\/p>\n\n\n\n<p>Piotra krawczyka szefa wywiadu te\u017c nie zastrzelili, tylko co\u015b o jego dymisji z przyczyn osobistych m\u00f3wili. <a href=\"http:\/\/radiomaria.com.pl\/wp-content\/uploads\/2022\/08\/04.08.Dymisja1.mp3\"><img loading=\"lazy\" decoding=\"async\" width=\"150\" height=\"100\" class=\"wp-image-71692\" style=\"width: 150px;\" src=\"https:\/\/htb.com.pl\/wp-content\/uploads\/2022\/08\/KrawczykPmaly.jpg\" alt=\"\" srcset=\"https:\/\/htb.com.pl\/wp-content\/uploads\/2022\/08\/KrawczykPmaly.jpg 983w, https:\/\/htb.com.pl\/wp-content\/uploads\/2022\/08\/KrawczykPmaly-300x200.jpg 300w, https:\/\/htb.com.pl\/wp-content\/uploads\/2022\/08\/KrawczykPmaly-768x513.jpg 768w, https:\/\/htb.com.pl\/wp-content\/uploads\/2022\/08\/KrawczykPmaly-600x400.jpg 600w\" sizes=\"auto, (max-width: 150px) 100vw, 150px\" \/><\/a> Mo\u017ce nasi co\u015b wykryli. Na przyk\u0142ad agenta ruskiego, podobnego do przedwojennego p.pk Tadeusza Kobyla\u0144skiego, tego co przekona\u0142 w 1939 roku wodza naczelnego, Edwarda Rydza \u015amig\u0142ego, \u017ce ze stronu .Zwi\u0105zku Radzieckiego, nie grozi nam nic z\u0142ego?<\/p>\n\n\n\n<p>Nasi \u017ali politycy, jaki\u015b czas temu zdecydowali, \u017ce Centralny Port Komunikacyjny b\u0119d\u0105 budowali &#8211; ciekawe sk\u0105d pr\u0105d b\u0119d\u0105 brali. <\/p>\n\n\n\n<figure class=\"wp-block-image size-full\"><a href=\"http:\/\/radiomaria.com.pl\/wp-content\/uploads\/2022\/08\/A05.08.Nie-CPK-tylko-KPO.mp3\"><img loading=\"lazy\" decoding=\"async\" width=\"900\" height=\"652\" src=\"https:\/\/htb.com.pl\/wp-content\/uploads\/2022\/08\/Centralny-Port-Komunikacyjny-10-gl.jpg\" alt=\"\" class=\"wp-image-71695\" srcset=\"https:\/\/htb.com.pl\/wp-content\/uploads\/2022\/08\/Centralny-Port-Komunikacyjny-10-gl.jpg 900w, https:\/\/htb.com.pl\/wp-content\/uploads\/2022\/08\/Centralny-Port-Komunikacyjny-10-gl-300x217.jpg 300w, https:\/\/htb.com.pl\/wp-content\/uploads\/2022\/08\/Centralny-Port-Komunikacyjny-10-gl-768x556.jpg 768w, https:\/\/htb.com.pl\/wp-content\/uploads\/2022\/08\/Centralny-Port-Komunikacyjny-10-gl-600x435.jpg 600w\" sizes=\"auto, (max-width: 900px) 100vw, 900px\" \/><\/a><\/figure>\n\n\n\n<p>Na koniec jest cos pozytywnego. Ukrai\u0144cy pierwszy statek ze zbo\u017cem z Odessy wys\u0142ali, <a href=\"http:\/\/radiomaria.com.pl\/wp-content\/uploads\/2022\/08\/01.08.-Kukurydza.mp3\"><img loading=\"lazy\" decoding=\"async\" width=\"150\" height=\"113\" class=\"wp-image-71690\" style=\"width: 150px;\" src=\"https:\/\/htb.com.pl\/wp-content\/uploads\/2022\/08\/Statek.jpg\" alt=\"\" srcset=\"https:\/\/htb.com.pl\/wp-content\/uploads\/2022\/08\/Statek.jpg 640w, https:\/\/htb.com.pl\/wp-content\/uploads\/2022\/08\/Statek-300x225.jpg 300w, https:\/\/htb.com.pl\/wp-content\/uploads\/2022\/08\/Statek-600x450.jpg 600w\" sizes=\"auto, (max-width: 150px) 100vw, 150px\" \/><\/a> a ruscy nie strzelali, jak obiecali. To znak, \u017ce b\u0119d\u0105 si\u0119 cofali. Z rado\u015bci\u0105 b\u0119dziemy o tym informowali<\/p>\n","protected":false},"excerpt":{"rendered":"<p>Jaki co roku Radio MARIA wspomina Powstanie Warszawskie. Widzimy, \u017ce co\u015b tu tracimy &#8211; je\u017celi Pa\u0144stwo tego nie widzicie, pos\u0142uchajcie lub przeczytajcie ten wpis, mo\u017ce zobaczycie. Zacz\u0119\u0142o si\u0119 od tego, \u017ce kotwic\u0119 znak Polski walcz\u0105cej przypisano do czego\u015b, co nie ma nic wsp\u00f3lnego z walk\u0105 o wolno\u015b\u0107 Narodu Polskiego. Wojska Obrony Terytorialnej, w wyniku politycznej [&hellip;]<\/p>\n","protected":false},"author":1,"featured_media":71701,"comment_status":"open","ping_status":"open","sticky":false,"template":"","format":"standard","meta":{"_jetpack_memberships_contains_paid_content":false,"footnotes":""},"categories":[4],"tags":[806],"class_list":["post-71590","post","type-post","status-publish","format-standard","has-post-thumbnail","hentry","category-daty-i-fakty-blog","tag-78-rocznica-wybuchu-powstania-warszawskiego"],"jetpack_sharing_enabled":true,"jetpack_featured_media_url":"https:\/\/htb.com.pl\/wp-content\/uploads\/2022\/08\/POWSTANIE-WARSZAWSKIE-300x159-1.jpg","_links":{"self":[{"href":"https:\/\/htb.com.pl\/index.php?rest_route=\/wp\/v2\/posts\/71590","targetHints":{"allow":["GET"]}}],"collection":[{"href":"https:\/\/htb.com.pl\/index.php?rest_route=\/wp\/v2\/posts"}],"about":[{"href":"https:\/\/htb.com.pl\/index.php?rest_route=\/wp\/v2\/types\/post"}],"author":[{"embeddable":true,"href":"https:\/\/htb.com.pl\/index.php?rest_route=\/wp\/v2\/users\/1"}],"replies":[{"embeddable":true,"href":"https:\/\/htb.com.pl\/index.php?rest_route=%2Fwp%2Fv2%2Fcomments&post=71590"}],"version-history":[{"count":11,"href":"https:\/\/htb.com.pl\/index.php?rest_route=\/wp\/v2\/posts\/71590\/revisions"}],"predecessor-version":[{"id":71704,"href":"https:\/\/htb.com.pl\/index.php?rest_route=\/wp\/v2\/posts\/71590\/revisions\/71704"}],"wp:featuredmedia":[{"embeddable":true,"href":"https:\/\/htb.com.pl\/index.php?rest_route=\/wp\/v2\/media\/71701"}],"wp:attachment":[{"href":"https:\/\/htb.com.pl\/index.php?rest_route=%2Fwp%2Fv2%2Fmedia&parent=71590"}],"wp:term":[{"taxonomy":"category","embeddable":true,"href":"https:\/\/htb.com.pl\/index.php?rest_route=%2Fwp%2Fv2%2Fcategories&post=71590"},{"taxonomy":"post_tag","embeddable":true,"href":"https:\/\/htb.com.pl\/index.php?rest_route=%2Fwp%2Fv2%2Ftags&post=71590"}],"curies":[{"name":"wp","href":"https:\/\/api.w.org\/{rel}","templated":true}]}}