{"id":72374,"date":"2022-08-21T09:12:39","date_gmt":"2022-08-21T09:12:39","guid":{"rendered":"https:\/\/htb.com.pl\/?p=72374"},"modified":"2022-08-21T10:45:29","modified_gmt":"2022-08-21T10:45:29","slug":"albo-sie-dogadamy-albo-na-udeptanej-ziemi-sie-spotkamy","status":"publish","type":"post","link":"https:\/\/htb.com.pl\/?p=72374","title":{"rendered":"Albo si\u0119 dogadamy &#8211; albo na udeptanej ziemi si\u0119 spotkamy."},"content":{"rendered":"\n<p><\/p>\n\n\n\n<figure class=\"wp-block-image size-thumbnail\"><a href=\"https:\/\/htb.com.pl\/wp-content\/uploads\/2022\/08\/Albo-sie-dogadamy-albo-na-udeptanej-ziemi-sie-spotkamy.mp3\"><img loading=\"lazy\" decoding=\"async\" width=\"150\" height=\"150\" src=\"https:\/\/htb.com.pl\/wp-content\/uploads\/2018\/04\/posluchaj-150x150.jpg\" alt=\"\" class=\"wp-image-2020\" srcset=\"https:\/\/htb.com.pl\/wp-content\/uploads\/2018\/04\/posluchaj-150x150.jpg 150w, https:\/\/htb.com.pl\/wp-content\/uploads\/2018\/04\/posluchaj-300x300.jpg 300w, https:\/\/htb.com.pl\/wp-content\/uploads\/2018\/04\/posluchaj-100x100.jpg 100w\" sizes=\"auto, (max-width: 150px) 100vw, 150px\" \/><\/a><\/figure>\n\n\n\n<p>\u201eWam kury szcza\u0107 prowadza\u0107, a&nbsp;nie polityk\u0119 robi\u0107\u201d \u2013&nbsp;te&nbsp;s\u0142owa J\u00f3zef Pi\u0142sudski &nbsp;skierowa\u0142 do&nbsp;cz\u0142onk\u00f3w Tymczasowego Rz\u0105du Ludowego Republiki Polskiej pod&nbsp;przewodnictwem Ignacego Daszy\u0144skiego. &nbsp;Ten rz\u0105d powsta\u0142 ju\u017c 7 listopada 1918 roku, 3 dni przed przyjazdem Pi\u0142sudskiego do&nbsp;Warszawy. Gdy Pi\u0142sudski wreszcie dotar\u0142 z Magdeburga, nikt go tu nie wita\u0142. Takie w\u0142a\u015bnie chamskie odzywki, a potem\u2026<\/p>\n\n\n\n<p>Mam m\u00f3wi\u0107 o czym\u015b innym, o tamtym, co sprawi\u0142o \u017ce wszystko \u017ale si\u0119 sko\u0144czy\u0142o, ju\u017c w Radiu MARIA by\u0142o. Teraz pr\u00f3bujemy zapobiec, aby si\u0119 nie powt\u00f3rzy\u0142o.<\/p>\n\n\n\n<p>&nbsp;Dzi\u015b opowiem, co na Placu \u201enomen omen\u201d J\u00f3zefa Pi\u0142sudskiego, w Dniu \u015awi\u0119ta Wojska Polskiego si\u0119 zdarzy\u0142o, bo to co\u015b bardzo podobnego do chamskiego powiedzenia J\u00f3zefa Pi\u0142sudskiego by\u0142o. Pan prezydent Pa\u0144stwa Polskiego Andrzej Duda, maj\u0105c nadziej\u0119 ,\u017ce i teraz si\u0119 uda &nbsp;&#8211; wierzy w cuda. Ludzi, kt\u00f3rzy uchod\u017acom na polsko-bia\u0142oruskiej granicy pomagali, bo o przykazaniu kochania bli\u017aniego pami\u0119tali, nazwa\u0142 <strong>durniami i zdrajcami<\/strong>. W czasach naczelnika na szable by\u015bmy kogo\u015b takiego wyzwali, dlatego w tamtych czasach ludzie podobni dzisiejszym z\u0142ym politykom bardziej si\u0119 hamowali i co jak co, ale od zdrajc\u00f3w i durni\u00f3w nikogo nie wyzywali.<\/p>\n\n\n\n<p>&nbsp;Sprawdzi\u0142em, jak dzi\u015b oficerowie wojska polskiego na prowokacyjne zachowanie Radia Marysinego, w kontek\u015bcie wypowiedzi prezydenta Pa\u0144stwa Polskiego b\u0119d\u0105 reagowali \u2013 mog\u0119 powiedzie\u0107 jedno, \u017ce si\u0119 bali i na wywiad si\u0119 nie zgadzali.<\/p>\n\n\n\n<figure class=\"wp-block-embed is-type-video is-provider-youtube wp-block-embed-youtube wp-embed-aspect-16-9 wp-has-aspect-ratio\"><div class=\"wp-block-embed__wrapper\">\n<iframe loading=\"lazy\" title=\"Wizyta w dawnym WKU Mielec\" width=\"848\" height=\"477\" src=\"https:\/\/www.youtube.com\/embed\/FsAnhmRiJSA?feature=oembed\" frameborder=\"0\" allow=\"accelerometer; autoplay; clipboard-write; encrypted-media; gyroscope; picture-in-picture\" allowfullscreen><\/iframe>\n<\/div><\/figure>\n\n\n\n<p><a href=\"https:\/\/htb.com.pl\/?p=72088\">Ostatnio \u017ce\u015bmy ostrzegali, \u017ceby uwa\u017ca\u0107 na tych, kt\u00f3rzy konsumpcjonizm zamiast Konfucjonizmu wybrali.<\/a> M\u00f3wi\u0105c wprost- nauk\u0119 chrze\u015bcija\u0144sk\u0105 w polityce stosowa\u0107 przestali, zamachu stanu dokonali; a \u017ce ju\u017c wcze\u015bniej ich poprzednicy polityk\u0119 Pi\u0142sudskiego za wz\u00f3r sobie obrali, dzi\u015b jako nar\u00f3d podobni do tego z 1939 \u017ce\u015bmy si\u0119 stali. Przypomn\u0119, \u017ce wtedy po kl\u0119sce wrze\u015bniowej za spraw\u0105 Paderewskiego i Sikorskiego drug\u0105 si\u0142\u0105 w koalicji antyhitlerowskiej \u017ce\u015bmy si\u0119 stali. Wielu zapyta \u2013 to dlaczego \u017ce\u015bmy przegrali? Bo 4 lipca 1943 roku Sikorskiego w Gibraltarze \u017ce\u015bmy zamordowali!<\/p>\n\n\n\n<p>&nbsp;A oto czego w ostatnim tygodniu dokonali ci, kt\u00f3rzy w \u015awi\u0119to Wojska Polskiego ani o Paderewskim, ani o Sikorskim, ani Ludowym Wojsku Polskim nie pami\u0119tali.<\/p>\n\n\n\n<p>Dynamik\u0119 wzrostu PKB zatrzymali <a href=\"http:\/\/radiomaria.com.pl\/wp-content\/uploads\/2022\/08\/18.08.-Moze-cos-z-tym-zrobumy.mp3\"><img loading=\"lazy\" decoding=\"async\" width=\"150\" height=\"84\" class=\"wp-image-72375\" style=\"width: 150px;\" src=\"https:\/\/htb.com.pl\/wp-content\/uploads\/2022\/08\/wykres-spadek.jpg\" alt=\"\" srcset=\"https:\/\/htb.com.pl\/wp-content\/uploads\/2022\/08\/wykres-spadek.jpg 753w, https:\/\/htb.com.pl\/wp-content\/uploads\/2022\/08\/wykres-spadek-300x169.jpg 300w, https:\/\/htb.com.pl\/wp-content\/uploads\/2022\/08\/wykres-spadek-600x337.jpg 600w\" sizes=\"auto, (max-width: 150px) 100vw, 150px\" \/><\/a> i to tak, \u017ce w \u017cadnym innym europejskim kraju, a\u017c tak \u017ale gospodark\u0105 nie zarz\u0105dzali. To my \u017ce\u015bmy tych ludzi wybrali, to my ich propagandzie \u017ce\u015bmy ulegali \u2013 a mo\u017ce ulegamy? No w\u0142a\u015bnie, to mo\u017ce si\u0119 zapytamy \u2013 dok\u0105d zmierzamy?<\/p>\n","protected":false},"excerpt":{"rendered":"<p>\u201eWam kury szcza\u0107 prowadza\u0107, a&nbsp;nie polityk\u0119 robi\u0107\u201d \u2013&nbsp;te&nbsp;s\u0142owa J\u00f3zef Pi\u0142sudski &nbsp;skierowa\u0142 do&nbsp;cz\u0142onk\u00f3w Tymczasowego Rz\u0105du Ludowego Republiki Polskiej pod&nbsp;przewodnictwem Ignacego Daszy\u0144skiego. &nbsp;Ten rz\u0105d powsta\u0142 ju\u017c 7 listopada 1918 roku, 3 dni przed przyjazdem Pi\u0142sudskiego do&nbsp;Warszawy. Gdy Pi\u0142sudski wreszcie dotar\u0142 z Magdeburga, nikt go tu nie wita\u0142. Takie w\u0142a\u015bnie chamskie odzywki, a potem\u2026 Mam m\u00f3wi\u0107 o czym\u015b [&hellip;]<\/p>\n","protected":false},"author":1,"featured_media":72375,"comment_status":"open","ping_status":"open","sticky":false,"template":"","format":"standard","meta":{"_jetpack_memberships_contains_paid_content":false,"footnotes":""},"categories":[4],"tags":[811],"class_list":["post-72374","post","type-post","status-publish","format-standard","has-post-thumbnail","hentry","category-daty-i-fakty-blog","tag-albo-sie-dogadamy-albo-na-udeptanej-ziemi-sie-spotkamy"],"jetpack_sharing_enabled":true,"jetpack_featured_media_url":"https:\/\/htb.com.pl\/wp-content\/uploads\/2022\/08\/wykres-spadek.jpg","_links":{"self":[{"href":"https:\/\/htb.com.pl\/index.php?rest_route=\/wp\/v2\/posts\/72374","targetHints":{"allow":["GET"]}}],"collection":[{"href":"https:\/\/htb.com.pl\/index.php?rest_route=\/wp\/v2\/posts"}],"about":[{"href":"https:\/\/htb.com.pl\/index.php?rest_route=\/wp\/v2\/types\/post"}],"author":[{"embeddable":true,"href":"https:\/\/htb.com.pl\/index.php?rest_route=\/wp\/v2\/users\/1"}],"replies":[{"embeddable":true,"href":"https:\/\/htb.com.pl\/index.php?rest_route=%2Fwp%2Fv2%2Fcomments&post=72374"}],"version-history":[{"count":7,"href":"https:\/\/htb.com.pl\/index.php?rest_route=\/wp\/v2\/posts\/72374\/revisions"}],"predecessor-version":[{"id":72389,"href":"https:\/\/htb.com.pl\/index.php?rest_route=\/wp\/v2\/posts\/72374\/revisions\/72389"}],"wp:featuredmedia":[{"embeddable":true,"href":"https:\/\/htb.com.pl\/index.php?rest_route=\/wp\/v2\/media\/72375"}],"wp:attachment":[{"href":"https:\/\/htb.com.pl\/index.php?rest_route=%2Fwp%2Fv2%2Fmedia&parent=72374"}],"wp:term":[{"taxonomy":"category","embeddable":true,"href":"https:\/\/htb.com.pl\/index.php?rest_route=%2Fwp%2Fv2%2Fcategories&post=72374"},{"taxonomy":"post_tag","embeddable":true,"href":"https:\/\/htb.com.pl\/index.php?rest_route=%2Fwp%2Fv2%2Ftags&post=72374"}],"curies":[{"name":"wp","href":"https:\/\/api.w.org\/{rel}","templated":true}]}}