{"id":72705,"date":"2022-08-28T07:28:39","date_gmt":"2022-08-28T07:28:39","guid":{"rendered":"https:\/\/htb.com.pl\/?p=72705"},"modified":"2022-08-28T08:10:09","modified_gmt":"2022-08-28T08:10:09","slug":"bez-paniki-polska-wersja","status":"publish","type":"post","link":"https:\/\/htb.com.pl\/?p=72705","title":{"rendered":"Bez paniki &#8211; polska wersja"},"content":{"rendered":"\n<figure class=\"wp-block-image size-thumbnail\"><a href=\"https:\/\/htb.com.pl\/wp-content\/uploads\/2022\/08\/Bez-paniki-wersja-polska.mp3\"><img loading=\"lazy\" decoding=\"async\" width=\"150\" height=\"150\" src=\"https:\/\/htb.com.pl\/wp-content\/uploads\/2018\/04\/posluchaj-150x150.jpg\" alt=\"\" class=\"wp-image-2020\" srcset=\"https:\/\/htb.com.pl\/wp-content\/uploads\/2018\/04\/posluchaj-150x150.jpg 150w, https:\/\/htb.com.pl\/wp-content\/uploads\/2018\/04\/posluchaj-300x300.jpg 300w, https:\/\/htb.com.pl\/wp-content\/uploads\/2018\/04\/posluchaj-100x100.jpg 100w\" sizes=\"auto, (max-width: 150px) 100vw, 150px\" \/><\/a><\/figure>\n\n\n\n<p><\/p>\n\n\n\n<p>Dwa s\u0142owa, kt\u00f3re zawsze rozpoczyna\u0142y dzia\u0142ania Marysi, gdy nagle nast\u0105pi\u0142 atak terroryst\u00f3w albo jakich\u015b innych \u201eyst\u00f3w\u201d. Ja us\u0142ysza\u0142em je tylko raz. Ko\u0144czy\u0142 si\u0119 rok 1986, szli\u015bmy \u201enar\u0105bani\u201d Nowym \u015awiatem, opr\u00f3cz mnie i Majki szed\u0142 Jura, (rusek),<a href=\"https:\/\/htb.com.pl\/?p=2793\"> ju\u017c o tym, pisa\u0142em. <\/a>\u015apiewali\u015bmy \u201eMarsz pierwszego korpusu\u201d i to si\u0119 nie spodoba\u0142o grupie m\u0142odych opozycjonist\u00f3w &#8211; czyli potencjalnym dzisiejszym politykom. Zaatakowali nas i wtedy Majka wypowiedzia\u0142a t\u0105 swoj\u0105 formu\u0142\u0119 \u2013 bez paniki! Uderza\u0142a tak strasznie, \u017ce&nbsp; panika pojawi\u0142a si\u0119 u napastnik\u00f3w. Spodziewali si\u0119, \u017ce to nas b\u0119d\u0105 ok\u0142adali, a my z Jur\u0105 jak dupki \u017ce\u015bmy stali.<\/p>\n\n\n\n<p>Nie wiem, ci ci kt\u00f3rzy nas wtedy zaatakowali politykami zostali &#8211; mo\u017cliwe. Bo dzi\u015b, gdy pojawi\u0142y si\u0119 trudno\u015bci politycy spanikowali. Ma\u0142o tego, t\u0105 panik\u0119 r\u00f3wnie\u017c nam przekazali. My nawet nie musimy walczy\u0107, jak Ukrai\u0144cy \u2013 my na razie nic nie musimy ale w panice do sklep\u00f3w ruszymy i wszystko wykupimy. Tak si\u0119 nie obronimy. Zreszt\u0105 wed\u0142ug rz\u0105dz\u0105cych to nie przed tymi co trzeba si\u0119 bronimy. Ukrai\u0144com pomagamy, a wroga za Odr\u0105 mamy.<\/p>\n\n\n\n<p>A oto czemu politycy, kt\u00f3rych \u017ce\u015bmy wybrali spanikowali.<\/p>\n\n\n\n<figure class=\"wp-block-image size-large\"><a href=\"http:\/\/radiomaria.com.pl\/wp-content\/uploads\/2022\/08\/22.08.-Oslabienie-zlotego.mp3\"><img loading=\"lazy\" decoding=\"async\" width=\"1024\" height=\"521\" src=\"https:\/\/htb.com.pl\/wp-content\/uploads\/2022\/08\/SopadekZKITEGO-1024x521.png\" alt=\"\" class=\"wp-image-72712\" srcset=\"https:\/\/htb.com.pl\/wp-content\/uploads\/2022\/08\/SopadekZKITEGO-1024x521.png 1024w, https:\/\/htb.com.pl\/wp-content\/uploads\/2022\/08\/SopadekZKITEGO-300x153.png 300w, https:\/\/htb.com.pl\/wp-content\/uploads\/2022\/08\/SopadekZKITEGO-768x391.png 768w, https:\/\/htb.com.pl\/wp-content\/uploads\/2022\/08\/SopadekZKITEGO-600x306.png 600w, https:\/\/htb.com.pl\/wp-content\/uploads\/2022\/08\/SopadekZKITEGO.png 1192w\" sizes=\"auto, (max-width: 1024px) 100vw, 1024px\" \/><\/a><\/figure>\n\n\n\n<p><\/p>\n\n\n\n<p>Zacz\u0119\u0142o si\u0119 od spadku kursu z\u0142otego, bo politycy nie potrafi\u0105 skorzysta\u0107 z unijnego programu pomocowego, a jakby tego by\u0142o ma\u0142o milion EUR dziennie kary p\u0142acimy i jak tu czego\u015b nie zrobimy &#8211; jak ci na Nowym \u015awiecie, w bramie z pi\u2026d\u0105 pod okiem sko\u0144czymy.<\/p>\n\n\n\n<p>\u201eGospodarka g\u0142upcze\u201d, has\u0142o wyborcze Bila Clintona, kt\u00f3re sprawi\u0142o, \u017ce wygra\u0142 wybory prezydenckie w Stanach Zjednoczonych w 1992 roku. Zazdro\u015bci\u0142em wtedy Amerykanom prezydenta. Trzy lata p\u00f3\u017aniej wszystko si\u0119 zmieni\u0142o, wybrali\u015bmy Aleksandra Kwa\u015bniewskiego &#8211; na pocz\u0105tku bardzo kontrowersyjnego, a potem si\u0119 okaza\u0142o, \u017ce naszego prezydenta si\u0119 wybra\u0142o. Po jego dw\u00f3ch kadencjach w 2005 roku wszystko si\u0119 poki\u0107ka\u0142o i dzi\u015b znowu powiedzie\u0107 by nale\u017ca\u0142o \u201egospodarka g\u0142upcze\u201d. Kto\u015b mo\u017ce zapyta\u0107, a na czym by to polega\u0142o? Polityki w gospodarce by\u0142oby bardzo ma\u0142o. Naszym politykom rz\u0105dzi\u0107 przedsi\u0119biorcami si\u0119 zachcia\u0142o i dlatego wszystko si\u0119 poki\u0107ka\u0142o. Nic by si\u0119 nie sta\u0142o, jakby kilka firm zbankrutowa\u0142o, tak od zawsze bywa\u0142o. Ale \u017ceby z powodu wysokich cen gazu, produkcj\u0119 piwa si\u0119 wstrzymywa\u0142o &#8211; a jakby tego by\u0142o ma\u0142o, w mediach opowiadaj\u0105, \u017ce producenci \u017cywno\u015bci ogromne problemy maj\u0105. Niech dalej polityk\u00f3w s\u0142uchaj\u0105. <a href=\"http:\/\/radiomaria.com.pl\/wp-content\/uploads\/2022\/08\/26.08.gazu-brakuje.mp3\"><img loading=\"lazy\" decoding=\"async\" width=\"150\" height=\"86\" class=\"wp-image-72708\" style=\"width: 150px;\" src=\"https:\/\/htb.com.pl\/wp-content\/uploads\/2022\/08\/Gaz-ziemny-1-800x460-1.jpg\" alt=\"\" srcset=\"https:\/\/htb.com.pl\/wp-content\/uploads\/2022\/08\/Gaz-ziemny-1-800x460-1.jpg 800w, https:\/\/htb.com.pl\/wp-content\/uploads\/2022\/08\/Gaz-ziemny-1-800x460-1-300x173.jpg 300w, https:\/\/htb.com.pl\/wp-content\/uploads\/2022\/08\/Gaz-ziemny-1-800x460-1-768x442.jpg 768w, https:\/\/htb.com.pl\/wp-content\/uploads\/2022\/08\/Gaz-ziemny-1-800x460-1-600x345.jpg 600w\" sizes=\"auto, (max-width: 150px) 100vw, 150px\" \/><\/a><\/p>\n\n\n\n<p>Na koniec mam co\u015b pozytywnego i to w\u0142a\u015bnie z tygodnia ostatniego. Politycy, kt\u00f3rych tak \u017ce\u015bmy krytykowali zdecydowali, \u017ce dla dzieci chorzy na SMA najdro\u017cszy lek \u015bwiata Zelgensm\u0119 <a href=\"http:\/\/radiomaria.com.pl\/wp-content\/uploads\/2022\/08\/23.08.-SMA.mp3\"><img loading=\"lazy\" decoding=\"async\" width=\"150\" height=\"86\" class=\"wp-image-72710\" style=\"width: 150px;\" src=\"https:\/\/htb.com.pl\/wp-content\/uploads\/2022\/08\/evrysdi-zolgensma-maly.png\" alt=\"\" srcset=\"https:\/\/htb.com.pl\/wp-content\/uploads\/2022\/08\/evrysdi-zolgensma-maly.png 885w, https:\/\/htb.com.pl\/wp-content\/uploads\/2022\/08\/evrysdi-zolgensma-maly-300x172.png 300w, https:\/\/htb.com.pl\/wp-content\/uploads\/2022\/08\/evrysdi-zolgensma-maly-768x439.png 768w, https:\/\/htb.com.pl\/wp-content\/uploads\/2022\/08\/evrysdi-zolgensma-maly-600x343.png 600w\" sizes=\"auto, (max-width: 150px) 100vw, 150px\" \/><\/a> b\u0119d\u0105 refundowali. Chc\u0119 tylko zauwa\u017cy\u0107, \u017ce gdyby nie politycy, co drugi dzie\u0144, opakowanie takiego leku by\u015bmy kupowali, kosztuje bowiem 2 miliony dolar\u00f3w, a my \u017ce\u015bmy tak wybrali, \u017ce kurs EUR i USD nasi wybra\u0144cy zr\u00f3wnali i z UE co do praworz\u0105dno\u015bci si\u0119 nie dogadali. Uwa\u017cajcie jak b\u0119dziecie wybierali.<\/p>\n","protected":false},"excerpt":{"rendered":"<p>Dwa s\u0142owa, kt\u00f3re zawsze rozpoczyna\u0142y dzia\u0142ania Marysi, gdy nagle nast\u0105pi\u0142 atak terroryst\u00f3w albo jakich\u015b innych \u201eyst\u00f3w\u201d. Ja us\u0142ysza\u0142em je tylko raz. Ko\u0144czy\u0142 si\u0119 rok 1986, szli\u015bmy \u201enar\u0105bani\u201d Nowym \u015awiatem, opr\u00f3cz mnie i Majki szed\u0142 Jura, (rusek), ju\u017c o tym, pisa\u0142em. \u015apiewali\u015bmy \u201eMarsz pierwszego korpusu\u201d i to si\u0119 nie spodoba\u0142o grupie m\u0142odych opozycjonist\u00f3w &#8211; czyli potencjalnym [&hellip;]<\/p>\n","protected":false},"author":1,"featured_media":72708,"comment_status":"open","ping_status":"open","sticky":false,"template":"","format":"standard","meta":{"_jetpack_memberships_contains_paid_content":false,"footnotes":""},"categories":[4],"tags":[812],"class_list":["post-72705","post","type-post","status-publish","format-standard","has-post-thumbnail","hentry","category-daty-i-fakty-blog","tag-bez-paniki-polska-wersja"],"jetpack_sharing_enabled":true,"jetpack_featured_media_url":"https:\/\/htb.com.pl\/wp-content\/uploads\/2022\/08\/Gaz-ziemny-1-800x460-1.jpg","_links":{"self":[{"href":"https:\/\/htb.com.pl\/index.php?rest_route=\/wp\/v2\/posts\/72705","targetHints":{"allow":["GET"]}}],"collection":[{"href":"https:\/\/htb.com.pl\/index.php?rest_route=\/wp\/v2\/posts"}],"about":[{"href":"https:\/\/htb.com.pl\/index.php?rest_route=\/wp\/v2\/types\/post"}],"author":[{"embeddable":true,"href":"https:\/\/htb.com.pl\/index.php?rest_route=\/wp\/v2\/users\/1"}],"replies":[{"embeddable":true,"href":"https:\/\/htb.com.pl\/index.php?rest_route=%2Fwp%2Fv2%2Fcomments&post=72705"}],"version-history":[{"count":7,"href":"https:\/\/htb.com.pl\/index.php?rest_route=\/wp\/v2\/posts\/72705\/revisions"}],"predecessor-version":[{"id":72722,"href":"https:\/\/htb.com.pl\/index.php?rest_route=\/wp\/v2\/posts\/72705\/revisions\/72722"}],"wp:featuredmedia":[{"embeddable":true,"href":"https:\/\/htb.com.pl\/index.php?rest_route=\/wp\/v2\/media\/72708"}],"wp:attachment":[{"href":"https:\/\/htb.com.pl\/index.php?rest_route=%2Fwp%2Fv2%2Fmedia&parent=72705"}],"wp:term":[{"taxonomy":"category","embeddable":true,"href":"https:\/\/htb.com.pl\/index.php?rest_route=%2Fwp%2Fv2%2Fcategories&post=72705"},{"taxonomy":"post_tag","embeddable":true,"href":"https:\/\/htb.com.pl\/index.php?rest_route=%2Fwp%2Fv2%2Ftags&post=72705"}],"curies":[{"name":"wp","href":"https:\/\/api.w.org\/{rel}","templated":true}]}}