{"id":73351,"date":"2022-09-10T10:17:48","date_gmt":"2022-09-10T10:17:48","guid":{"rendered":"https:\/\/htb.com.pl\/?p=73351"},"modified":"2022-09-10T14:37:35","modified_gmt":"2022-09-10T14:37:35","slug":"krolowa-elzbieta-ii-nie-zyje","status":"publish","type":"post","link":"https:\/\/htb.com.pl\/?p=73351","title":{"rendered":"Kr\u00f3lowa El\u017cbieta II nie \u017cyje"},"content":{"rendered":"\n<p><\/p>\n\n\n\n<figure class=\"wp-block-image size-thumbnail\"><a href=\"https:\/\/htb.com.pl\/wp-content\/uploads\/2022\/09\/Krolowa-Elzbieta-II-nie-zyje.mp3\"><img loading=\"lazy\" decoding=\"async\" width=\"150\" height=\"150\" src=\"https:\/\/htb.com.pl\/wp-content\/uploads\/2018\/04\/posluchaj-150x150.jpg\" alt=\"\" class=\"wp-image-2020\" srcset=\"https:\/\/htb.com.pl\/wp-content\/uploads\/2018\/04\/posluchaj-150x150.jpg 150w, https:\/\/htb.com.pl\/wp-content\/uploads\/2018\/04\/posluchaj-300x300.jpg 300w, https:\/\/htb.com.pl\/wp-content\/uploads\/2018\/04\/posluchaj-100x100.jpg 100w\" sizes=\"auto, (max-width: 150px) 100vw, 150px\" \/><\/a><\/figure>\n\n\n\n<p><a href=\"http:\/\/radiomaria.com.pl\/wp-content\/uploads\/2022\/09\/08.09.Odeszla-Krolowa.mp3\"><strong>Tak\u0105 informacj\u0119 zamie\u015bci\u0142em 08.09. 2022. roku<\/strong>.<\/a><\/p>\n\n\n\n<p>Pierwsze komentarze jakie us\u0142ysza\u0142em sprawi\u0142y, \u017ce \u015bmier\u0107 mojej Marysi sobie przypomnia\u0142em \u2013 o kt\u00f3rej ju\u017c tyle pisa\u0142em, a nawet <a href=\"http:\/\/radiomaria.com.pl\/?p=152\">Radio MARIA<\/a>,&nbsp; kt\u00f3re pokazuje \u015bwiat z jej perspektywy zorganizowa\u0142em. Zacz\u0119\u0142o si\u0119 od dziesi\u0105tka R\u00f3\u017ca\u0144ca \u015awi\u0119tego, kt\u00f3ry z jej przyjaci\u00f3\u0142mi, w dniu jej \u015bmierci 13 pa\u017adziernika 1987 roku, nad jej cia\u0142em odmawia\u0142em. Do dzi\u015b to robimy, od poniedzia\u0142ku do pi\u0105tku, w Radiu Maria, o godzinie 22. Teraz w\u0142a\u015bnie za Kr\u00f3low\u0105 El\u017cbiet\u0119 II si\u0119 pomodlimy\u2026<\/p>\n\n\n\n<p>Jej \u015bmier\u0107 bowiem sprawi\u0142a, \u017ce przekaz jaki Marysia zostawi\u0142a \u2013 o\u017cywa. Pami\u0119tam jak m\u00f3wi\u0142a, gdy za\u0142o\u017cenie do nowej Polskiej Konstytucji t\u0142umaczy\u0142a. Prezydent ma by\u0107 jak dobry kr\u00f3l. Zawsze my\u015bla\u0142em, \u017ce tu Papie\u017ca Jana Paw\u0142a II na my\u015bli mia\u0142a, ale przecie\u017c ona oficerem armii jej Kr\u00f3lewskiej Mo\u015bci by\u0142a. Wyspy Brytyjskie pod koniec lat 80 opu\u015bci\u0142a. Tam z terrorystami IRA walczy\u0142a, w jednym z zamach\u00f3w zosta\u0142a ranna. Tego dnia w innym zamach zgina\u0142 Lord Mountbatten, krewny kr\u00f3lowej.<\/p>\n\n\n\n<p>Marysia wyzdrowia\u0142a ale si\u0119 zdekonspirowa\u0142a i brytyjska armia do Hiszpanii j\u0105 wys\u0142a\u0142a. Tam przeciwko terrorystom ETA dzia\u0142a\u0142a ale r\u00f3wnie\u017c do Libanu &#8211; Hezbollah i do Ugandy, gdzie trwa\u0142a wojna domowa, ze swoimi lud\u017ami si\u0119 udawa\u0142a. W ko\u0144cu do Polski przyby\u0142a i moj\u0105 dziewczyna by\u0142a. Gdy mi o tym opowiada\u0142a &#8211; por\u00f3wna\u0142em j\u0105 do Jamesa Bonda, strasznie si\u0119 \u015bmia\u0142a.<\/p>\n\n\n\n<p>Wr\u00f3\u0107my jednak do Polskiej Konstytucji. Tu jak chodzi o prezydenta Marysi nie pos\u0142uchano i zdecydowano, \u017ce g\u0142ow\u0119 pa\u0144stwa w wyborach powszechnych b\u0119dzie si\u0119 wybiera\u0142o. Marysia proponowa\u0142a, \u017ceby Polska, jak w czasach mi\u0119dzywojennych &#8211; prezydenta w wyborach parlamentarnych wybiera\u0142a i z daleko od spor\u00f3w politycznych trzyma\u0142a. Dopiero teraz zrozumia\u0142em, \u017ce tak Brytyjska Monarchia dzia\u0142a. Szkoda, \u017ce Polska r\u00f3wnie\u017c tu Marysi nie pos\u0142ucha\u0142a i zdecydowa\u0142a, \u017ce prezydenta w wyborach powszechnych b\u0119dzie wybiera\u0142a \u2013 i to nie dzia\u0142a. Na pocz\u0105tku dzia\u0142a\u0142o, bo na prezydenta Aleksandra Kwa\u015bniewskiego si\u0119 wybra\u0142o. Ju\u017c na pocz\u0105tku kadencji nasza para prezydencka Kr\u00f3low\u0105 Brytyjsk\u0105 w Warszawie przyjmowa\u0142a. Ja zapami\u0119ta\u0142em trzeci dzie\u0144 tej wizyty, w Krakowie. Tam Kr\u00f3lowa El\u017cbieta II kwiaty na grobach genera\u0142a W\u0142adys\u0142awa Sikorskiego i J\u00f3zefa Pi\u0142sudskiego sk\u0142ada\u0142a &#8211; w tej kolejno\u015bci. Dzi\u015b Polska tego pierwszego zapomnia\u0142a &#8211; by\u0142a te\u017c rewizyta. To wszystko wspaniale zaowocowa\u0142o \u2013 nawet Papie\u017cowi Janowi Paw\u0142owi II si\u0119 podoba\u0142o. I jak prezydenta w 1995 oku si\u0119 wybiera\u0142o, w\u0142a\u015bnie wskazanie papie\u017ca zdecydowa\u0142o. Podczas po\u017cegnania na lotnisku zaprosi\u0142 Pa\u0144stwa Kwa\u015bniewskich do swojego Meleksa.<\/p>\n\n\n\n<p>Niestety, potem wszystko si\u0119 poki\u0107ka\u0142o &#8211; mo\u017ce o propozycji Marysi pomy\u015ble\u0107 by nale\u017ca\u0142o. Nie \u017ceby zaraz zmienia\u0107 Konstytucj\u0119 &#8211; wystarczy wyt\u0142umaczy\u0107 prezydentowi czym jest nominowanie, a czym mianowanie. On mianuj\u0105c o niczym nie decyduje, tylko dokument podpisuje.<\/p>\n\n\n\n<p>A oto czego w tym tygodniu dokonali, ci co nominowanie z mianowaniem zr\u00f3wnali i prezydenta w spory polityczne uwik\u0142ali.<\/p>\n\n\n\n<p>Pana Jaros\u0142awa Kaczy\u0144skiego ponownie w Polsk\u0119 wys\u0142ali. <a href=\"http:\/\/radiomaria.com.pl\/wp-content\/uploads\/2022\/09\/04.09.-Kaczynski-w-Mielcu.mp3\"><img loading=\"lazy\" decoding=\"async\" width=\"150\" height=\"160\" class=\"wp-image-73363\" style=\"width: 150px;\" src=\"https:\/\/htb.com.pl\/wp-content\/uploads\/2022\/09\/Kacz.png\" alt=\"\" srcset=\"https:\/\/htb.com.pl\/wp-content\/uploads\/2022\/09\/Kacz.png 327w, https:\/\/htb.com.pl\/wp-content\/uploads\/2022\/09\/Kacz-282x300.png 282w\" sizes=\"auto, (max-width: 150px) 100vw, 150px\" \/><\/a> Opr\u00f3cz reparacji temat przed\u0142u\u017cenia kadencji samorz\u0105d\u00f3w wa\u0142kowa\u0107 mu kazali i w zwi\u0105zku z tym, \u017ce musi to \u201eklepn\u0105\u0107\u201d prezydent, ponownie Jacka Kurskiego, szefa rz\u0105dowego pionu propagandowego odwo\u0142ali. <a href=\"http:\/\/radiomaria.com.pl\/wp-content\/uploads\/2022\/09\/06.09.-Jacek-Kurski-odwolany.mp3\"><img loading=\"lazy\" decoding=\"async\" width=\"150\" height=\"100\" class=\"wp-image-73365\" style=\"width: 150px;\" src=\"https:\/\/htb.com.pl\/wp-content\/uploads\/2022\/09\/Kurski.jpg\" alt=\"\" srcset=\"https:\/\/htb.com.pl\/wp-content\/uploads\/2022\/09\/Kurski.jpg 625w, https:\/\/htb.com.pl\/wp-content\/uploads\/2022\/09\/Kurski-300x200.jpg 300w, https:\/\/htb.com.pl\/wp-content\/uploads\/2022\/09\/Kurski-600x399.jpg 600w\" sizes=\"auto, (max-width: 150px) 100vw, 150px\" \/><\/a> Mo\u017ce by\u015bcie si\u0119 pajaca za gospodark\u0119 zabrali. Kryzys energetyczny za\u017cegnali,  <a href=\"http:\/\/radiomaria.com.pl\/wp-content\/uploads\/2022\/09\/07.09.-Portowija.mp3\"><img loading=\"lazy\" decoding=\"async\" width=\"150\" height=\"79\" class=\"wp-image-73373\" style=\"width: 150px;\" src=\"https:\/\/htb.com.pl\/wp-content\/uploads\/2022\/09\/Plonie.png\" alt=\"\" srcset=\"https:\/\/htb.com.pl\/wp-content\/uploads\/2022\/09\/Plonie.png 727w, https:\/\/htb.com.pl\/wp-content\/uploads\/2022\/09\/Plonie-300x157.png 300w, https:\/\/htb.com.pl\/wp-content\/uploads\/2022\/09\/Plonie-600x314.png 600w\" sizes=\"auto, (max-width: 150px) 100vw, 150px\" \/><\/a> pieni\u0105dze z KPO odblokowali, z Komisj\u0105 Europejska o praworz\u0105dno\u015bci porozmawiali. \u017beby chocia\u017c tego miliona EUR dziennie karty nam nie naliczyli. Wiem, \u017ce ju\u017c \u017ce\u015bcie zdecydowali, \u017ce Uni\u0119 Europejska b\u0119dziemy opuszczali. Gdyby Brytyjczycy wcze\u015bnie Liz Trass <a href=\"http:\/\/radiomaria.com.pl\/wp-content\/uploads\/2022\/09\/06.09.-Liz-Truss.mp3\"><img loading=\"lazy\" decoding=\"async\" width=\"150\" height=\"100\" class=\"wp-image-73370\" style=\"width: 150px;\" src=\"https:\/\/htb.com.pl\/wp-content\/uploads\/2022\/09\/c41d91ba3c9422885ae7525b9abb.jpeg\" alt=\"\" srcset=\"https:\/\/htb.com.pl\/wp-content\/uploads\/2022\/09\/c41d91ba3c9422885ae7525b9abb.jpeg 640w, https:\/\/htb.com.pl\/wp-content\/uploads\/2022\/09\/c41d91ba3c9422885ae7525b9abb-300x200.jpeg 300w, https:\/\/htb.com.pl\/wp-content\/uploads\/2022\/09\/c41d91ba3c9422885ae7525b9abb-600x400.jpeg 600w\" sizes=\"auto, (max-width: 150px) 100vw, 150px\" \/><\/a> &#8211; kobiet\u0119 na premiera wybrali, w Unii Europejskiej by zostali. To nie wy \u017ce\u015bcie decydowali, \u017ce do Unii Europejskiej \u017ce\u015bmy wst\u0119powali i nie wy b\u0119dziecie decydowali, \u017ce Wsp\u00f3lnot\u0119 Europejska b\u0119dziemy opuszczali.<\/p>\n","protected":false},"excerpt":{"rendered":"<p>Tak\u0105 informacj\u0119 zamie\u015bci\u0142em 08.09. 2022. roku. Pierwsze komentarze jakie us\u0142ysza\u0142em sprawi\u0142y, \u017ce \u015bmier\u0107 mojej Marysi sobie przypomnia\u0142em \u2013 o kt\u00f3rej ju\u017c tyle pisa\u0142em, a nawet Radio MARIA,&nbsp; kt\u00f3re pokazuje \u015bwiat z jej perspektywy zorganizowa\u0142em. Zacz\u0119\u0142o si\u0119 od dziesi\u0105tka R\u00f3\u017ca\u0144ca \u015awi\u0119tego, kt\u00f3ry z jej przyjaci\u00f3\u0142mi, w dniu jej \u015bmierci 13 pa\u017adziernika 1987 roku, nad jej cia\u0142em [&hellip;]<\/p>\n","protected":false},"author":1,"featured_media":73359,"comment_status":"open","ping_status":"open","sticky":false,"template":"","format":"standard","meta":{"_jetpack_memberships_contains_paid_content":false,"footnotes":""},"categories":[4],"tags":[819],"class_list":["post-73351","post","type-post","status-publish","format-standard","has-post-thumbnail","hentry","category-daty-i-fakty-blog","tag-krolowa-elzbieta-ii-nie-zyje"],"jetpack_sharing_enabled":true,"jetpack_featured_media_url":"https:\/\/htb.com.pl\/wp-content\/uploads\/2022\/09\/Krolowa.jpg","_links":{"self":[{"href":"https:\/\/htb.com.pl\/index.php?rest_route=\/wp\/v2\/posts\/73351","targetHints":{"allow":["GET"]}}],"collection":[{"href":"https:\/\/htb.com.pl\/index.php?rest_route=\/wp\/v2\/posts"}],"about":[{"href":"https:\/\/htb.com.pl\/index.php?rest_route=\/wp\/v2\/types\/post"}],"author":[{"embeddable":true,"href":"https:\/\/htb.com.pl\/index.php?rest_route=\/wp\/v2\/users\/1"}],"replies":[{"embeddable":true,"href":"https:\/\/htb.com.pl\/index.php?rest_route=%2Fwp%2Fv2%2Fcomments&post=73351"}],"version-history":[{"count":13,"href":"https:\/\/htb.com.pl\/index.php?rest_route=\/wp\/v2\/posts\/73351\/revisions"}],"predecessor-version":[{"id":73386,"href":"https:\/\/htb.com.pl\/index.php?rest_route=\/wp\/v2\/posts\/73351\/revisions\/73386"}],"wp:featuredmedia":[{"embeddable":true,"href":"https:\/\/htb.com.pl\/index.php?rest_route=\/wp\/v2\/media\/73359"}],"wp:attachment":[{"href":"https:\/\/htb.com.pl\/index.php?rest_route=%2Fwp%2Fv2%2Fmedia&parent=73351"}],"wp:term":[{"taxonomy":"category","embeddable":true,"href":"https:\/\/htb.com.pl\/index.php?rest_route=%2Fwp%2Fv2%2Fcategories&post=73351"},{"taxonomy":"post_tag","embeddable":true,"href":"https:\/\/htb.com.pl\/index.php?rest_route=%2Fwp%2Fv2%2Ftags&post=73351"}],"curies":[{"name":"wp","href":"https:\/\/api.w.org\/{rel}","templated":true}]}}