{"id":74096,"date":"2022-09-25T07:05:34","date_gmt":"2022-09-25T07:05:34","guid":{"rendered":"https:\/\/htb.com.pl\/?p=74096"},"modified":"2022-09-25T07:08:58","modified_gmt":"2022-09-25T07:08:58","slug":"panta-rhei%ef%bf%bc","status":"publish","type":"post","link":"https:\/\/htb.com.pl\/?p=74096","title":{"rendered":"\u201ePanta rhei\u201d\ufffc"},"content":{"rendered":"\n<p><\/p>\n\n\n\n<figure class=\"wp-block-image size-thumbnail\"><a href=\"https:\/\/htb.com.pl\/wp-content\/uploads\/2022\/09\/Panta-rhei.mp3\"><img loading=\"lazy\" decoding=\"async\" width=\"150\" height=\"150\" src=\"https:\/\/htb.com.pl\/wp-content\/uploads\/2018\/04\/posluchaj-150x150.jpg\" alt=\"\" class=\"wp-image-2020\" srcset=\"https:\/\/htb.com.pl\/wp-content\/uploads\/2018\/04\/posluchaj-150x150.jpg 150w, https:\/\/htb.com.pl\/wp-content\/uploads\/2018\/04\/posluchaj-300x300.jpg 300w, https:\/\/htb.com.pl\/wp-content\/uploads\/2018\/04\/posluchaj-100x100.jpg 100w\" sizes=\"auto, (max-width: 150px) 100vw, 150px\" \/><\/a><\/figure>\n\n\n\n<p><strong>\u201e<\/strong><em>Panta rhei<\/em>\u201d mawia\u0142 Heraklit z Efezu. To po Grecku znaczy \u201ezawsze leje\u201d- ale dorobiono do tego filozofi\u0119, \u017ce wszystko p\u0142ynie i nie mo\u017cna dwa razy wej\u015b\u0107 do tej samej rzeki. Mo\u017cna \u2013 Polacy ju\u017c kolejny raz \u017ale wybrali i teraz b\u0119d\u0105 si\u0119 zastanawiali, jak zim\u0105 swe domy b\u0119d\u0105 ogrzewali. <a href=\"http:\/\/radiomaria.com.pl\/wp-content\/uploads\/2022\/09\/23.09.-Wegiel-plynie.mp3\"><img loading=\"lazy\" decoding=\"async\" width=\"150\" height=\"84\" class=\"wp-image-74108\" style=\"width: 150px;\" src=\"https:\/\/htb.com.pl\/wp-content\/uploads\/2022\/09\/DJI_0012.jpg\" alt=\"\" srcset=\"https:\/\/htb.com.pl\/wp-content\/uploads\/2022\/09\/DJI_0012.jpg 1280w, https:\/\/htb.com.pl\/wp-content\/uploads\/2022\/09\/DJI_0012-300x168.jpg 300w, https:\/\/htb.com.pl\/wp-content\/uploads\/2022\/09\/DJI_0012-1024x574.jpg 1024w, https:\/\/htb.com.pl\/wp-content\/uploads\/2022\/09\/DJI_0012-768x431.jpg 768w, https:\/\/htb.com.pl\/wp-content\/uploads\/2022\/09\/DJI_0012-600x337.jpg 600w\" sizes=\"auto, (max-width: 150px) 100vw, 150px\" \/><\/a><\/p>\n\n\n\n<p>I tak mamy szcz\u0119\u015bcie, \u017ce ruscy nas, jak Ukrain\u0119 nie zaatakowali, bo wtedy zgodnie z tradycj\u0105 rz\u0105dz\u0105cy, kt\u00f3rzy sanacj\u0119 za wz\u00f3r rz\u0105dzenia sobie obrali, jak tamci by pouciekali, a nie jak prezydent Ukrainy Wo\u0142odymyr Za\u0142enski i jego ministrowie, kt\u00f3rzy w kraju zostali i tak zadzia\u0142ali, \u017ce Ukraina si\u0119 zjednoczy\u0142a, a Rosja podzieli\u0142a. <a href=\"http:\/\/radiomaria.com.pl\/wp-content\/uploads\/2022\/09\/23.09.-Apel.mp3\"><img loading=\"lazy\" decoding=\"async\" width=\"150\" height=\"84\" class=\"wp-image-74106\" style=\"width: 150px;\" src=\"https:\/\/htb.com.pl\/wp-content\/uploads\/2022\/09\/a5wy59ke51h33mc2duzwi7kzr8uwh4z1.jpg\" alt=\"\" srcset=\"https:\/\/htb.com.pl\/wp-content\/uploads\/2022\/09\/a5wy59ke51h33mc2duzwi7kzr8uwh4z1.jpg 740w, https:\/\/htb.com.pl\/wp-content\/uploads\/2022\/09\/a5wy59ke51h33mc2duzwi7kzr8uwh4z1-300x169.jpg 300w, https:\/\/htb.com.pl\/wp-content\/uploads\/2022\/09\/a5wy59ke51h33mc2duzwi7kzr8uwh4z1-600x337.jpg 600w\" sizes=\"auto, (max-width: 150px) 100vw, 150px\" \/><\/a><\/p>\n\n\n\n<p>Gdyby\u015bmy my takich polityk\u00f3w jak Ukrai\u0144cy wybrali, a raszy\u015bci nas zaatakowali, to by\u0107 mo\u017ce, \u017ce  i dzi\u015b raszyst\u00f3w, jak wtedy faszyst\u00f3w by\u015bmy pokonali. Mo\u017ce tym razem tylko do wrog\u00f3w, a nie r\u00f3wnie\u017c rodak\u00f3w by\u015bmy strzelali <a href=\"http:\/\/radiomaria.com.pl\/wp-content\/uploads\/2022\/09\/19.09.80-rocznica.mp3\"><img loading=\"lazy\" decoding=\"async\" width=\"150\" height=\"84\" class=\"wp-image-74102\" style=\"width: 150px;\" src=\"https:\/\/htb.com.pl\/wp-content\/uploads\/2022\/09\/Fc8BvrRXkAIjWsb.jpg\" alt=\"\" srcset=\"https:\/\/htb.com.pl\/wp-content\/uploads\/2022\/09\/Fc8BvrRXkAIjWsb.jpg 680w, https:\/\/htb.com.pl\/wp-content\/uploads\/2022\/09\/Fc8BvrRXkAIjWsb-300x169.jpg 300w, https:\/\/htb.com.pl\/wp-content\/uploads\/2022\/09\/Fc8BvrRXkAIjWsb-600x338.jpg 600w\" sizes=\"auto, (max-width: 150px) 100vw, 150px\" \/><\/a> \u2013 tak czy tak, czym jest wojna konwencjonalna by\u015bmy poznali <a href=\"http:\/\/radiomaria.com.pl\/wp-content\/uploads\/2022\/09\/21.09.Mobilizacja.mp3\"><img loading=\"lazy\" decoding=\"async\" width=\"150\" height=\"84\" class=\"wp-image-74104\" style=\"width: 150px;\" src=\"https:\/\/htb.com.pl\/wp-content\/uploads\/2022\/09\/TeldoMamynapis.png\" alt=\"\" srcset=\"https:\/\/htb.com.pl\/wp-content\/uploads\/2022\/09\/TeldoMamynapis.png 960w, https:\/\/htb.com.pl\/wp-content\/uploads\/2022\/09\/TeldoMamynapis-300x169.png 300w, https:\/\/htb.com.pl\/wp-content\/uploads\/2022\/09\/TeldoMamynapis-768x432.png 768w, https:\/\/htb.com.pl\/wp-content\/uploads\/2022\/09\/TeldoMamynapis-600x338.png 600w\" sizes=\"auto, (max-width: 150px) 100vw, 150px\" \/><\/a> i tym w historii \u017ale si\u0119 zapisali. Jedno jest pewne, po takich do\u015bwiadczeniach Orderu Or\u0142a Bia\u0142ego Antoniemu Macierewiczowi by\u015bmy nie dali. <a href=\"http:\/\/radiomaria.com.pl\/wp-content\/uploads\/2022\/09\/A24.09.Order-Orla-Bialego.mp3\"><img loading=\"lazy\" decoding=\"async\" width=\"150\" height=\"100\" class=\"wp-image-74110\" style=\"width: 150px;\" src=\"https:\/\/htb.com.pl\/wp-content\/uploads\/2022\/09\/Kaczynski-order.jpg\" alt=\"\" srcset=\"https:\/\/htb.com.pl\/wp-content\/uploads\/2022\/09\/Kaczynski-order.jpg 960w, https:\/\/htb.com.pl\/wp-content\/uploads\/2022\/09\/Kaczynski-order-300x200.jpg 300w, https:\/\/htb.com.pl\/wp-content\/uploads\/2022\/09\/Kaczynski-order-768x512.jpg 768w, https:\/\/htb.com.pl\/wp-content\/uploads\/2022\/09\/Kaczynski-order-600x400.jpg 600w\" sizes=\"auto, (max-width: 150px) 100vw, 150px\" \/><\/a><\/p>\n\n\n\n<p>Teraz \u017ce\u015bmy dali \u2013 tak my, bo tak \u017ce\u015bmy wybrali, \u017ce ludzie, kt\u00f3rzy niczego nie zbudowali, a jedynie wszystko rozwalali, teraz ordery b\u0119d\u0105 sobie przypinali. Pan Macierewicz zosta\u0142 odznaczony na wniosek pana Jaros\u0142awa Kaczy\u0144skiego za propagowanie k\u0142amstwa smole\u0144skiego w momencie, kiedy to, \u017ce to k\u0142amstwo dotar\u0142o praktycznie do ka\u017cdego w wyniku tego. Oto fragment reporta\u017cu Piotra \u015awierczka \u201eSi\u0142a k\u0142amstwa\u201d<\/p>\n\n\n\n<figure class=\"wp-block-embed is-type-video is-provider-youtube wp-block-embed-youtube wp-embed-aspect-16-9 wp-has-aspect-ratio\"><div class=\"wp-block-embed__wrapper\">\n<iframe loading=\"lazy\" title=\"&quot;Si\u0142a k\u0142amstwa&quot; fragment reporta\u017cu Piotra \u015awierczka [Czarno na bia\u0142ym TVN24]\" width=\"848\" height=\"477\" src=\"https:\/\/www.youtube.com\/embed\/jc1zgWyF2o0?feature=oembed\" frameborder=\"0\" allow=\"accelerometer; autoplay; clipboard-write; encrypted-media; gyroscope; picture-in-picture\" allowfullscreen title=\"\"Si\u0142a k\u0142amstwa\" fragment reporta\u017cu Piotra \u015awierczka [Czarno na bia\u0142ym TVN24]\"><\/iframe>\n<\/div><figcaption>Wywiad z Panem Piotrem \u015awierczkiem. Kim jest Antoni Macierewicz?<\/figcaption><\/figure>\n\n\n\n<figure class=\"wp-block-embed is-type-video is-provider-youtube wp-block-embed-youtube wp-embed-aspect-16-9 wp-has-aspect-ratio\"><div class=\"wp-block-embed__wrapper\">\n<iframe loading=\"lazy\" title=\"Stworzy\u0142 g\u0142o\u015bny reporta\u017c o Macierewiczu. Mocny komentarz\" width=\"848\" height=\"477\" src=\"https:\/\/www.youtube.com\/embed\/mueMyYyyX58?feature=oembed\" frameborder=\"0\" allow=\"accelerometer; autoplay; clipboard-write; encrypted-media; gyroscope; picture-in-picture\" allowfullscreen><\/iframe>\n<\/div><\/figure>\n\n\n\n<p>Jak to si sta\u0142o, \u017ce ch\u0142opakom z razwietpura, czyli rosyjskiemu wywiadowi wojskowemu GRU, to wszystko si\u0119 uda\u0142o? Radio MARIA  od lat przed nimi ostrzega\u0142o, bo Marysia, kt\u00f3ra nasze radio wymy\u015bli\u0142a, przed \u015bmierci\u0105 o to prosi\u0142a. Dzi\u015b wida\u0107, \u017ce gdyby \u017cy\u0142a, Polska inna by by\u0142a.  S\u0142uchajcie Radia MARIA,  bo w kr\u00f3tce trzeba b\u0119dzie napisa\u0107, \u017ce<strong> gdyby Marysia \u017cy\u0142a, to Polska by by\u0142a.<\/strong><\/p>\n","protected":false},"excerpt":{"rendered":"<p>\u201ePanta rhei\u201d mawia\u0142 Heraklit z Efezu. To po Grecku znaczy \u201ezawsze leje\u201d- ale dorobiono do tego filozofi\u0119, \u017ce wszystko p\u0142ynie i nie mo\u017cna dwa razy wej\u015b\u0107 do tej samej rzeki. Mo\u017cna \u2013 Polacy ju\u017c kolejny raz \u017ale wybrali i teraz b\u0119d\u0105 si\u0119 zastanawiali, jak zim\u0105 swe domy b\u0119d\u0105 ogrzewali. I tak mamy szcz\u0119\u015bcie, \u017ce ruscy [&hellip;]<\/p>\n","protected":false},"author":1,"featured_media":74110,"comment_status":"open","ping_status":"open","sticky":false,"template":"","format":"standard","meta":{"_jetpack_memberships_contains_paid_content":false,"footnotes":""},"categories":[4],"tags":[821],"class_list":["post-74096","post","type-post","status-publish","format-standard","has-post-thumbnail","hentry","category-daty-i-fakty-blog","tag-panta-rhei"],"jetpack_sharing_enabled":true,"jetpack_featured_media_url":"https:\/\/htb.com.pl\/wp-content\/uploads\/2022\/09\/Kaczynski-order.jpg","_links":{"self":[{"href":"https:\/\/htb.com.pl\/index.php?rest_route=\/wp\/v2\/posts\/74096","targetHints":{"allow":["GET"]}}],"collection":[{"href":"https:\/\/htb.com.pl\/index.php?rest_route=\/wp\/v2\/posts"}],"about":[{"href":"https:\/\/htb.com.pl\/index.php?rest_route=\/wp\/v2\/types\/post"}],"author":[{"embeddable":true,"href":"https:\/\/htb.com.pl\/index.php?rest_route=\/wp\/v2\/users\/1"}],"replies":[{"embeddable":true,"href":"https:\/\/htb.com.pl\/index.php?rest_route=%2Fwp%2Fv2%2Fcomments&post=74096"}],"version-history":[{"count":9,"href":"https:\/\/htb.com.pl\/index.php?rest_route=\/wp\/v2\/posts\/74096\/revisions"}],"predecessor-version":[{"id":74116,"href":"https:\/\/htb.com.pl\/index.php?rest_route=\/wp\/v2\/posts\/74096\/revisions\/74116"}],"wp:featuredmedia":[{"embeddable":true,"href":"https:\/\/htb.com.pl\/index.php?rest_route=\/wp\/v2\/media\/74110"}],"wp:attachment":[{"href":"https:\/\/htb.com.pl\/index.php?rest_route=%2Fwp%2Fv2%2Fmedia&parent=74096"}],"wp:term":[{"taxonomy":"category","embeddable":true,"href":"https:\/\/htb.com.pl\/index.php?rest_route=%2Fwp%2Fv2%2Fcategories&post=74096"},{"taxonomy":"post_tag","embeddable":true,"href":"https:\/\/htb.com.pl\/index.php?rest_route=%2Fwp%2Fv2%2Ftags&post=74096"}],"curies":[{"name":"wp","href":"https:\/\/api.w.org\/{rel}","templated":true}]}}