{"id":742,"date":"2018-06-10T09:29:45","date_gmt":"2018-06-10T09:29:45","guid":{"rendered":"https:\/\/htb.com.pl\/?p=742"},"modified":"2018-06-11T04:20:12","modified_gmt":"2018-06-11T04:20:12","slug":"diego-garca-sayan-i-jego-raport","status":"publish","type":"post","link":"https:\/\/htb.com.pl\/?p=742","title":{"rendered":"Diego Garca-Sayan i jego raport"},"content":{"rendered":"<p>&nbsp;<\/p>\n<p>Pod koniec 2017 roku by\u0142 w Polsce Garca-Sayan. Jako wys\u0142annik ONZ przygotowa\u0142 raport na temat reform wymiaru sprawiedliwo\u015bci w Polsce. Teraz ten raport si\u0119 ukaza\u0142. Jest dla mnie niezwyk\u0142e, \u017ce po kilkudniowej obserwacji sytuacji w naszym kraju, cz\u0142owiek ten wyda\u0142 tyle trafnych opinii.<\/p>\n<p>Pan Garca-Sayan to Peruwia\u0144czyk. Peru to kraj w Ameryce Po\u0142udniowej, inna kultura, inne uwarunkowania, a jednak s\u0105 pewne analogie, s\u0105 pewne podobie\u0144stwa do Polski. Peru by\u0142o Koloni\u0105 Hiszpa\u0144sk\u0105, mo\u017cna to por\u00f3wna\u0107 do naszych zabor\u00f3w. Burzliwa walka o niepodleg\u0142o\u015b\u0107 zawsze wygl\u0105da tak samo. Wojna domowa &#8211; to zawsze ofiary i cierpienie ludzi. W Polsce genera\u0142 Wojciech Jaruzelski uchroni\u0142 nas przed wojna domow\u0105. Nie uchroni\u0142 jednak gospodarki przed kompletnym za\u0142amaniem. System by\u0142 z\u0142y. Podatek obrotowy zamiast VAT uniemo\u017cliwia\u0142 kooperacj\u0119. Inflacja dochodzi\u0142a do 300%. W Peru Prezydent Fernando Belaunde Tery by\u0142 jeszcze \u201dlepszy\u201d. Przej\u0105\u0142\u00a0 w\u0142adz\u0119 w 1980 roku, rz\u0105dzi\u0142 troch\u0119 podobnie jak nasi \u017ali politycy \u00a0i ju\u017c w 1990 mia\u0142 inflacj\u0119 na poziomie 7650%. By\u0142y kolejne wybory, tu Wygra\u0142 Alberto Fujimorii, potomek japo\u0144skich emigrant\u00f3w, taki nasz Stan Tymi\u0144ski, kt\u00f3ry w 1990 roku przegra\u0142 wybory prezydenckie z Lechem Wa\u0142\u0119s\u0105. W Peru ich Wa\u0142\u0119sa to pisarz Mario Varges, w pierwszej turze pokona\u0142 Fugimoriiego podobnie jak Wa\u0142\u0119sa Tymi\u0144skiego ale w drugiej nieznacznie przegra\u0142. Figimorii na pocz\u0105tku mia\u0142 sukcesy, ju\u017c w 1991 roku inflacja spad\u0142a do 139%. Jednak kartele narkotykowe, co\u015b jak nasza mafia lat 90 \u2013 tych, to problem.<\/p>\n<p><a href=\"https:\/\/htb.com.pl\/?product=kobiety-mafii-ksiazka-dvd\"><img loading=\"lazy\" decoding=\"async\" class=\"size-full wp-image-749 alignleft\" src=\"https:\/\/htb.com.pl\/wp-content\/uploads\/2018\/06\/kobiety-m.jpg\" alt=\"\" width=\"200\" height=\"288\" \/><\/a><\/p>\n<p>W Polsce Wymiar Sprawiedliwo\u015bci poradzi\u0142 sobie z mafi\u0105, w Peru wygra\u0142y kartele narkotykowe. Wygra\u0142y bo s\u0105dy by\u0142y zale\u017cne od polityk\u00f3w\u2026<\/p>\n<p>To dlatego Peruwia\u0144czyk Pan Diego Garca-Sayan tak szybko zrozumia\u0142 nasze problemy. S\u0142ucha\u0142em dyskusji polityk\u00f3w o tym raporcie. Politycy PiS argumentuj\u0105, \u017ce ich reforma wymiaru sprawiedliwo\u015bci w Polsce to nic co by nie by\u0142o znane w innych krajach. Gdy Polska w 2004 roku wchodzi\u0142a do Unii Europejskiej, Minister Sprawiedliwo\u015bci, by\u0142 jednocze\u015bnie Prokuratorem Generalnym i nikt wtedy nie m\u00f3wi\u0142, \u017ce nie jeste\u015bmy pa\u0144stwem demokratycznym. Trybuna\u0142u Konstytucyjnego od kt\u00f3rego w Polsce zacz\u0105\u0142 si\u0119 pisowski zamach stan w wielu krajach po prostu nie ma.<\/p>\n<p>To wszystko prawda. My Polacy mamy jednak inny problem, kt\u00f3rego nie chcemy dostrzec. \u00a0W Polsce rz\u0105dy przej\u0119\u0142a Sanacja. Ta kt\u00f3r\u0105 opisywa\u0142em ju\u017c wielokrotnie.\u00a0 To martwi inne narody. Dlatego z tak\u0105 trosk\u0105 wypowiadaj\u0105 si\u0119 o naszych sprawach na arenie mi\u0119dzynarodowej. Komisja Wenecka, Unia Europejska a teraz ONZ martwi\u0105 si\u0119, \u017ce Polska staje si\u0119 zagro\u017ceniem. Nikt nie chce \u017ceby w \u015brodku Europy dzia\u0142y si\u0119 rzeczy, kt\u00f3rych skutki trudno przewidzie\u0107. Rz\u0105dzenie polega na przewidywaniu, to sztuka, trudna sztuka. Jak patrz\u0119 na naszych z\u0142ych polityk\u00f3w, kt\u00f3rzy swe przem\u00f3wienia, a cz\u0119sto nawet wyst\u0105pienia telewizyjne odczytuj\u0105 z kartki, to wiem, \u017ce ludzie ci nie maja poj\u0119cia o przewidywaniu, a tym bardziej \u00a0o rz\u0105dzeniu. Mo\u017cna mie\u0107 system totalitarny i szcz\u0119\u015bliwy Nar\u00f3d, a mo\u017cna mie\u0107 demokracj\u0119 i by\u0107 sk\u0142\u00f3conym z ca\u0142ym \u015bwiatem i sk\u0142\u00f3conym wewn\u0119trznie. Tak jest w Polsce. To jest \u017ale \u2013 naprawd\u0119 \u017ale.<\/p>\n<p>Moja dziewczyna <a href=\"https:\/\/htb.com.pl\/?p=246\">Tancerka <\/a>umieraj\u0105c w 1987 roku na bia\u0142aczk\u0119 w jednej z ostatnich naszych rozm\u00f3w, gdy rozmawiali\u015bmy \u00a0o wolnej Polsce, \u00a0powiedzia\u0142a. \u201eChcia\u0142am takiej Polski, a teraz sama nie wiem\u201d Wiedzia\u0142a\u015b \u2013 wiedzia\u0142a\u015b anio\u0142ku, nie chcia\u0142a\u015b mnie martwi\u0107. Wiedzia\u0142a\u015b, \u017ce <a href=\"https:\/\/htb.com.pl\/?p=264\">Sanacja wraca<\/a>, m\u00f3wi\u0142a\u015b mi jakie to z\u0142o. Brakuje mi Ciebie anio\u0142ku, teraz to ju\u017c nie jako dziewczyny, brakuje mi Ciebie jako Polityka.<\/p>\n","protected":false},"excerpt":{"rendered":"<p>&nbsp; Pod koniec 2017 roku by\u0142 w Polsce Garca-Sayan. Jako wys\u0142annik ONZ przygotowa\u0142 raport na temat reform wymiaru sprawiedliwo\u015bci w Polsce. Teraz ten raport si\u0119 ukaza\u0142. Jest dla mnie niezwyk\u0142e, \u017ce po kilkudniowej obserwacji sytuacji w naszym kraju, cz\u0142owiek ten wyda\u0142 tyle trafnych opinii. Pan Garca-Sayan to Peruwia\u0144czyk. Peru to kraj w Ameryce Po\u0142udniowej, inna [&hellip;]<\/p>\n","protected":false},"author":1,"featured_media":743,"comment_status":"open","ping_status":"open","sticky":false,"template":"","format":"standard","meta":{"_jetpack_memberships_contains_paid_content":false,"footnotes":""},"categories":[4],"tags":[90],"class_list":["post-742","post","type-post","status-publish","format-standard","has-post-thumbnail","hentry","category-daty-i-fakty-blog","tag-reformy-pis"],"jetpack_sharing_enabled":true,"jetpack_featured_media_url":"https:\/\/htb.com.pl\/wp-content\/uploads\/2018\/06\/Sayan.jpg","_links":{"self":[{"href":"https:\/\/htb.com.pl\/index.php?rest_route=\/wp\/v2\/posts\/742","targetHints":{"allow":["GET"]}}],"collection":[{"href":"https:\/\/htb.com.pl\/index.php?rest_route=\/wp\/v2\/posts"}],"about":[{"href":"https:\/\/htb.com.pl\/index.php?rest_route=\/wp\/v2\/types\/post"}],"author":[{"embeddable":true,"href":"https:\/\/htb.com.pl\/index.php?rest_route=\/wp\/v2\/users\/1"}],"replies":[{"embeddable":true,"href":"https:\/\/htb.com.pl\/index.php?rest_route=%2Fwp%2Fv2%2Fcomments&post=742"}],"version-history":[{"count":19,"href":"https:\/\/htb.com.pl\/index.php?rest_route=\/wp\/v2\/posts\/742\/revisions"}],"predecessor-version":[{"id":783,"href":"https:\/\/htb.com.pl\/index.php?rest_route=\/wp\/v2\/posts\/742\/revisions\/783"}],"wp:featuredmedia":[{"embeddable":true,"href":"https:\/\/htb.com.pl\/index.php?rest_route=\/wp\/v2\/media\/743"}],"wp:attachment":[{"href":"https:\/\/htb.com.pl\/index.php?rest_route=%2Fwp%2Fv2%2Fmedia&parent=742"}],"wp:term":[{"taxonomy":"category","embeddable":true,"href":"https:\/\/htb.com.pl\/index.php?rest_route=%2Fwp%2Fv2%2Fcategories&post=742"},{"taxonomy":"post_tag","embeddable":true,"href":"https:\/\/htb.com.pl\/index.php?rest_route=%2Fwp%2Fv2%2Ftags&post=742"}],"curies":[{"name":"wp","href":"https:\/\/api.w.org\/{rel}","templated":true}]}}