{"id":74418,"date":"2022-10-01T17:56:40","date_gmt":"2022-10-01T17:56:40","guid":{"rendered":"https:\/\/htb.com.pl\/?p=74418"},"modified":"2022-10-01T18:35:20","modified_gmt":"2022-10-01T18:35:20","slug":"auto-reglamentacja","status":"publish","type":"post","link":"https:\/\/htb.com.pl\/?p=74418","title":{"rendered":"Auto-reglamentacja"},"content":{"rendered":"\n<p><\/p>\n\n\n\n<figure class=\"wp-block-image size-thumbnail\"><a href=\"https:\/\/htb.com.pl\/wp-content\/uploads\/2022\/10\/Autoreglamentacja.mp3\"><img loading=\"lazy\" decoding=\"async\" width=\"150\" height=\"150\" src=\"https:\/\/htb.com.pl\/wp-content\/uploads\/2018\/04\/posluchaj-150x150.jpg\" alt=\"\" class=\"wp-image-2020\" srcset=\"https:\/\/htb.com.pl\/wp-content\/uploads\/2018\/04\/posluchaj-150x150.jpg 150w, https:\/\/htb.com.pl\/wp-content\/uploads\/2018\/04\/posluchaj-300x300.jpg 300w, https:\/\/htb.com.pl\/wp-content\/uploads\/2018\/04\/posluchaj-100x100.jpg 100w\" sizes=\"auto, (max-width: 150px) 100vw, 150px\" \/><\/a><\/figure>\n\n\n\n<p>Premier Morawiecki wreszcie dokona\u0142 czego\u015b konkretnego, wprowadzi\u0142 nowe okre\u015blenie do j\u0119zyka polskiego, auto-reglamentacja. Zrobi\u0142 to podczas zorganizowanego w Belwederze posiedzenia Rady do spraw \u015arodowiska, Energii i Zasob\u00f3w Naturalnych Narodowej Rady Rozwoju, a chodzi\u0142o o usprawiedliwienie brak\u00f3w w\u0119gla opa\u0142owego.<\/p>\n\n\n\n<p>Kiedy\u015b taka rada to by\u0142o plenum KC PZPR. Tamci przynajmniej&nbsp;nie udawali, \u017ce z narodem, czyli z nami rozmawiali, a ci bez przerwy opowiadaj\u0105, \u017ce nas s\u0142uchaj\u0105 i wszystko co postanawiaj\u0105, jako narodowe okre\u015blaj\u0105. Tamtych dzi\u015b potocznie komunistami nazywamy, cho\u0107 je\u017celi ju\u017c jakimi\u015b tam politykami byli, to raczej socjalistami. Pami\u0119tam jak w 1973 roku harcerstwo niszczyli. Wymy\u015blili, \u017ce&nbsp;\u017ceby harcerze kiedy\u015b jak oni socjalizm budowli, to Harcerska S\u0142u\u017cba Polsce Socjalistycznej b\u0119d\u0105 si\u0119 nazywali. W mundurki na wz\u00f3r Hitler-Jugend, czyli m\u0142odzie\u017cy Hitlera ich ubrali i im pokazywali, \u017ce jak b\u0119d\u0105 ich s\u0142uchali, to nic nie b\u0119d\u0105 robili tylko politykowali, czyli balowali. Dzi\u015b m\u00f3wi si\u0119 imprezowali.<\/p>\n\n\n\n<p>Wtedy \u017ce\u015bmy si\u0119 zorientowali i w 1980 roku na zje\u017adzie ZHP Harcersk\u0105 S\u0142u\u017cb\u0119 Polsce zlikwidowali. Nie wszyscy jednak tamten sierpie\u0144 tak zapami\u0119tali. Dzi\u015b wielu polityk\u00f3w \u201ePorozumienia Sierpniowe\u201d chwali i w\u0142a\u015bnie s\u0142owem auto-reglamentacja do jednego z punkt\u00f3w Porozumie\u0144 Sierpniowych nawi\u0105zali. Punkt 11 brzmia\u0142 tak: Wprowadzi\u0107 na mi\u0119so i przetwory kartki \u2013 bony \u017cywno\u015bciowe ( do czasu opanowania sytuacji na rynku). T\u0105 sytuacj\u0119 dopiero w 1989 roku opanowano, jak ju\u017c wtedy nie \u017cyj\u0105cej Marysi pos\u0142uchano i wp\u0142yw polityk\u00f3w na gospodark\u0119 zlikwidowano. Ustawa Mieczys\u0142awa Wilczka, ministra przemys\u0142u w rz\u0105dzie Mieczys\u0142awa Rakowskiego \u201dO wolno\u015bci gospodarczej\u201d obowi\u0105zywa\u0142a a\u017c do ko\u0144ca roku 2000. Wtedy j\u0105 zmieniono i wp\u0142yw polityk\u00f3w na gospodark\u0119 przywr\u00f3cono. Politycy z natury poj\u0119cia o gospodarce nie maj\u0105 i jak ekspert\u00f3w nie s\u0142uchaj\u0105, w okropne k\u0142opoty nas wpychaj\u0105.&nbsp; To specjalny gatunek &#8211; <em>homo &nbsp;politikus<\/em>. Nie zna si\u0119 na niczym, ale wie co nale\u017cy m\u00f3wi\u0107 o wszystkim. &nbsp;To do czego Polsk\u0119 doprowadzili, to dziura w jakiej ju\u017c dawno \u017ce\u015bmy nie byli. A oto co ostatnio w tym celu robili:<\/p>\n\n\n\n<p>Termin wybor\u00f3w samorz\u0105dowych zmienili i wymy\u015blili, \u017ce ludzi w czasie g\u0142osowa\u0144 b\u0119d\u0105 straszyli. Napisa\u0142em wymy\u015blili, bez przesady, u Putina podpatrzyli. <a href=\"http:\/\/radiomaria.com.pl\/wp-content\/uploads\/2022\/09\/26.09.Schowac-bron.mp3\"><img loading=\"lazy\" decoding=\"async\" width=\"150\" height=\"85\" class=\"wp-image-74424\" style=\"width: 150px;\" src=\"https:\/\/htb.com.pl\/wp-content\/uploads\/2022\/10\/referendumaly.jpg\" alt=\"\" srcset=\"https:\/\/htb.com.pl\/wp-content\/uploads\/2022\/10\/referendumaly.jpg 967w, https:\/\/htb.com.pl\/wp-content\/uploads\/2022\/10\/referendumaly-300x169.jpg 300w, https:\/\/htb.com.pl\/wp-content\/uploads\/2022\/10\/referendumaly-768x434.jpg 768w, https:\/\/htb.com.pl\/wp-content\/uploads\/2022\/10\/referendumaly-600x339.jpg 600w\" sizes=\"auto, (max-width: 150px) 100vw, 150px\" \/><\/a><\/p>\n\n\n\n<p>&nbsp;K\u00f3\u0142kiem na rurze pokr\u0119cili i m\u00f3wili, \u017ce Baltic Pipe uruchomili. <a href=\"http:\/\/radiomaria.com.pl\/wp-content\/uploads\/2022\/09\/A2709-Baqtycka-rura.mp3\"><img loading=\"lazy\" decoding=\"async\" width=\"150\" height=\"108\" class=\"wp-image-74426\" style=\"width: 150px;\" src=\"https:\/\/htb.com.pl\/wp-content\/uploads\/2022\/10\/Pipe.jpg\" alt=\"\" srcset=\"https:\/\/htb.com.pl\/wp-content\/uploads\/2022\/10\/Pipe.jpg 637w, https:\/\/htb.com.pl\/wp-content\/uploads\/2022\/10\/Pipe-300x217.jpg 300w, https:\/\/htb.com.pl\/wp-content\/uploads\/2022\/10\/Pipe-600x433.jpg 600w\" sizes=\"auto, (max-width: 150px) 100vw, 150px\" \/><\/a> Ta ba\u0142tycka rura jest jak czarna dziura, o kt\u00f3rej ju\u017c \u017ce\u015bmy m\u00f3wili \u2013 cho\u0107 okresu kiedy w takiej sytuacji \u017ce\u015bmy byli, nie okre\u015blili. Jeszcze nigdy \u017caden rz\u0105d w Polsce, w\u0142\u0105czaj\u0105c w to czasy zabor\u00f3w nie doprowadzi\u0142 do tego, \u017ce brakuje czego\u015b podstawowego, co jest warunkiem bytu pa\u0144stwa polskiego. Teraz brakuje pr\u0105du elektrycznego, <a href=\"http:\/\/radiomaria.com.pl\/wp-content\/uploads\/2022\/09\/28.09.-Orlen-Plock.mp3\"><img loading=\"lazy\" decoding=\"async\" width=\"150\" height=\"82\" class=\"wp-image-74428\" style=\"width: 150px;\" src=\"https:\/\/htb.com.pl\/wp-content\/uploads\/2022\/10\/434675_r2_940.jpg\" alt=\"\" srcset=\"https:\/\/htb.com.pl\/wp-content\/uploads\/2022\/10\/434675_r2_940.jpg 940w, https:\/\/htb.com.pl\/wp-content\/uploads\/2022\/10\/434675_r2_940-300x165.jpg 300w, https:\/\/htb.com.pl\/wp-content\/uploads\/2022\/10\/434675_r2_940-768x422.jpg 768w, https:\/\/htb.com.pl\/wp-content\/uploads\/2022\/10\/434675_r2_940-600x329.jpg 600w\" sizes=\"auto, (max-width: 150px) 100vw, 150px\" \/><\/a> a je\u017celi ju\u017c jest, to jego cena powoduje ogromn\u0105 inflacj\u0119 i dewaluacj\u0119 z\u0142otego. <a href=\"http:\/\/radiomaria.com.pl\/wp-content\/uploads\/2021\/02\/30.09.Inflacja.mp3\"><img loading=\"lazy\" decoding=\"async\" width=\"150\" height=\"100\" class=\"wp-image-57721\" style=\"width: 150px;\" src=\"https:\/\/htb.com.pl\/wp-content\/uploads\/2021\/10\/zdj\u0119cie-inflacja.jpg\" alt=\"\" srcset=\"https:\/\/htb.com.pl\/wp-content\/uploads\/2021\/10\/zdj\u0119cie-inflacja.jpg 612w, https:\/\/htb.com.pl\/wp-content\/uploads\/2021\/10\/zdj\u0119cie-inflacja-300x200.jpg 300w, https:\/\/htb.com.pl\/wp-content\/uploads\/2021\/10\/zdj\u0119cie-inflacja-600x399.jpg 600w\" sizes=\"auto, (max-width: 150px) 100vw, 150px\" \/><\/a> Nie trzeba by\u0142o likwidowa\u0107 \u017barnowca i ca\u0142ego naszego programu j\u0105drowego. To by\u0142y reaktory RBMK, umo\u017cliwiaj\u0105ce wzbogacanie plutonu. Dzi\u015b nie stare czo\u0142gi by\u015bmy Ukrai\u0144com wysy\u0142ali, tylko g\u0142owice j\u0105drowe na Kaliningrad skierowali i z pozycji si\u0142y z Putinem rozmawiali. <a href=\"http:\/\/radiomaria.com.pl\/wp-content\/uploads\/2022\/09\/30.09.-Bedzie-cud.mp3\"><img loading=\"lazy\" decoding=\"async\" width=\"150\" height=\"84\" class=\"wp-image-74431\" style=\"width: 150px;\" src=\"https:\/\/htb.com.pl\/wp-content\/uploads\/2022\/10\/Taktycznad.jpg\" alt=\"\" srcset=\"https:\/\/htb.com.pl\/wp-content\/uploads\/2022\/10\/Taktycznad.jpg 948w, https:\/\/htb.com.pl\/wp-content\/uploads\/2022\/10\/Taktycznad-300x169.jpg 300w, https:\/\/htb.com.pl\/wp-content\/uploads\/2022\/10\/Taktycznad-768x432.jpg 768w, https:\/\/htb.com.pl\/wp-content\/uploads\/2022\/10\/Taktycznad-600x337.jpg 600w\" sizes=\"auto, (max-width: 150px) 100vw, 150px\" \/><\/a> Pami\u0119tam, \u017ce ruscy tylko wtedy Marysi s\u0142uchali, jak po mordzie dostali.<\/p>\n","protected":false},"excerpt":{"rendered":"<p>Premier Morawiecki wreszcie dokona\u0142 czego\u015b konkretnego, wprowadzi\u0142 nowe okre\u015blenie do j\u0119zyka polskiego, auto-reglamentacja. Zrobi\u0142 to podczas zorganizowanego w Belwederze posiedzenia Rady do spraw \u015arodowiska, Energii i Zasob\u00f3w Naturalnych Narodowej Rady Rozwoju, a chodzi\u0142o o usprawiedliwienie brak\u00f3w w\u0119gla opa\u0142owego. Kiedy\u015b taka rada to by\u0142o plenum KC PZPR. Tamci przynajmniej&nbsp;nie udawali, \u017ce z narodem, czyli z nami [&hellip;]<\/p>\n","protected":false},"author":1,"featured_media":74419,"comment_status":"open","ping_status":"open","sticky":false,"template":"","format":"standard","meta":{"_jetpack_memberships_contains_paid_content":false,"footnotes":""},"categories":[4],"tags":[822],"class_list":["post-74418","post","type-post","status-publish","format-standard","has-post-thumbnail","hentry","category-daty-i-fakty-blog","tag-auto-reglamentacja"],"jetpack_sharing_enabled":true,"jetpack_featured_media_url":"https:\/\/htb.com.pl\/wp-content\/uploads\/2022\/10\/Autoreglaqmentacja.webp","_links":{"self":[{"href":"https:\/\/htb.com.pl\/index.php?rest_route=\/wp\/v2\/posts\/74418","targetHints":{"allow":["GET"]}}],"collection":[{"href":"https:\/\/htb.com.pl\/index.php?rest_route=\/wp\/v2\/posts"}],"about":[{"href":"https:\/\/htb.com.pl\/index.php?rest_route=\/wp\/v2\/types\/post"}],"author":[{"embeddable":true,"href":"https:\/\/htb.com.pl\/index.php?rest_route=\/wp\/v2\/users\/1"}],"replies":[{"embeddable":true,"href":"https:\/\/htb.com.pl\/index.php?rest_route=%2Fwp%2Fv2%2Fcomments&post=74418"}],"version-history":[{"count":10,"href":"https:\/\/htb.com.pl\/index.php?rest_route=\/wp\/v2\/posts\/74418\/revisions"}],"predecessor-version":[{"id":74437,"href":"https:\/\/htb.com.pl\/index.php?rest_route=\/wp\/v2\/posts\/74418\/revisions\/74437"}],"wp:featuredmedia":[{"embeddable":true,"href":"https:\/\/htb.com.pl\/index.php?rest_route=\/wp\/v2\/media\/74419"}],"wp:attachment":[{"href":"https:\/\/htb.com.pl\/index.php?rest_route=%2Fwp%2Fv2%2Fmedia&parent=74418"}],"wp:term":[{"taxonomy":"category","embeddable":true,"href":"https:\/\/htb.com.pl\/index.php?rest_route=%2Fwp%2Fv2%2Fcategories&post=74418"},{"taxonomy":"post_tag","embeddable":true,"href":"https:\/\/htb.com.pl\/index.php?rest_route=%2Fwp%2Fv2%2Ftags&post=74418"}],"curies":[{"name":"wp","href":"https:\/\/api.w.org\/{rel}","templated":true}]}}